{"id":2435,"date":"2023-02-23T18:14:00","date_gmt":"2023-02-23T17:14:00","guid":{"rendered":"https:\/\/www.confagricoltura.org\/parma\/?p=2435"},"modified":"2023-03-01T18:20:01","modified_gmt":"2023-03-01T17:20:01","slug":"pericolo-siccita","status":"publish","type":"post","link":"https:\/\/www.confagricoltura.org\/parma\/pericolo-siccita\/","title":{"rendered":"Pericolo siccit\u00e0"},"content":{"rendered":"\n<p>\u201cIl quadro climatico \u00e8 molto preoccupante. Siamo in allarme siccit\u00e0 gi\u00e0 oggi e, per questo, chiediamo alla politica provvedimenti efficaci per affrontare la situazione\u201d. Ha parlato anche della crisi idrica <strong>Roberto Gelfi<\/strong>, presidente di <strong>Confagricoltura Parma<\/strong>, in occasione dell\u2019incontro con i soci nella sede centrale di via Magani a Parma, l\u2019ultimo appuntamento di una serie di confronti con gli associati in tutto il territorio.\u00a0<\/p>\n\n\n\n<p>\u201cAlla politica &#8211; ha sottolineato Gelfi &#8211; chiediamo, in particolare, regole chiare sulla ripartizione della risorsa idrica che consentano all\u2019agricoltura di non fermare la propria attivit\u00e0 e di continuare a produrre nelle quantit\u00e0 necessarie alla comunit\u00e0 nazionale. Questo, come provvedimento immediato, in attesa che trovino attuazione quei processi di <strong>rinnovamento delle infrastrutture<\/strong> per <strong>ridurre le perdite d\u2019acqua<\/strong> e in attesa che si dia operativit\u00e0 ai progetti di <strong>realizzazione di invasi<\/strong>, ad uso plurimo, e <strong>dighe<\/strong>, come quella di Vetto, che consentano di immagazzinare acqua da utilizzare poi nel momento del bisogno. Infine occorre <strong>insistere sull\u2019innovazione<\/strong>, strettamente connessa alla produttivit\u00e0. La siccit\u00e0 ha cambiato i parametri colturali con conseguenze economiche importanti sulle imprese e sul tessuto produttivo\u201d.&nbsp;<\/p>\n\n\n\n<p>Altra questione centrale sulla quale si \u00e8 soffermato il presidente Gelfi \u00e8 stata quella della <strong>proliferazione della fauna selvatica<\/strong>: \u201cOggi ci sono situazioni che impediscono l\u2019attivit\u00e0 agricola, soprattutto nei territori montani. Chiediamo che gli agricoltori non siano costretti a sospendere l\u2019attivit\u00e0 o chiudere le loro aziende a causa della diffusione incontrollata della fauna selvatica che, specie nel caso dei cinghiali, pu\u00f2 favorire la diffusione della peste suina africana, provocare gravi danni alle coltivazioni e al cotico erboso dei prati-pascoli, con rischi anche per l&#8217;assetto idrogeologico\u201d.&nbsp;<\/p>\n\n\n\n<p>E sul sentito tema della <strong>proliferazione del lupo<\/strong> ha aggiunto: \u201cA fronte di una presenza sempre pi\u00f9 significativa del lupo, soprattutto nei territori montani, penso ci si possa iniziare a chiedere se, verificata scientificamente questa presenza, si possa iniziare a riconsiderare il fatto che quella del lupo sia una specie protetta per la quale \u00e8 vietata la caccia\u201d.&nbsp;<\/p>\n\n\n\n<p>Trattato anche il tema delle <strong>emissioni in atmosfera<\/strong>, per il quale l\u2019agricoltura viene spesso attaccata. \u201cRibadiamo che il settore agricolo &#8211; ha dichiarato Gelfi &#8211; \u00e8 una realt\u00e0 virtuosa essendo uno dei pochi settori produttivi in grado di sequestrare l\u2019anidride carbonica presente in atmosfera, trasformandola in carbonio organico\u201d.&nbsp;<\/p>\n\n\n\n<p>Le riflessioni del presidente Gelfi sono giunte al termine del tour nel territorio Parmense che ha visto Confagricoltura Parma incontrare i soci a Busseto, San Secondo, Fidenza, Fornovo, Langhirano e Borgotaro. Si \u00e8 parlato, in particolare, di Pac, Psr e Finanziaria con l\u2019intervento del direttore <strong>Eugenio Zedda<\/strong> e gli approfondimenti di <strong>Andrea Corradi<\/strong>; <strong>Carlo Paini<\/strong> e <strong>Chiara Emanuelli<\/strong>.&nbsp;<\/p>\n","protected":false},"excerpt":{"rendered":"<p>Gelfi: \u201cServono regole chiare per la ripartizione dell\u2019acqua\u201d<\/p>\n","protected":false},"author":5,"featured_media":2436,"comment_status":"closed","ping_status":"closed","sticky":true,"template":"","format":"standard","meta":{"wp_mapbox_gl_js_media":[],"footnotes":""},"categories":[21,4],"tags":[],"class_list":["post-2435","post","type-post","status-publish","format-standard","has-post-thumbnail","hentry","category-eventi","category-news"],"yoast_head":"<!-- This site is optimized with the Yoast SEO plugin v26.8 - https:\/\/yoast.com\/product\/yoast-seo-wordpress\/ -->\n<title>Pericolo siccit\u00e0 - Confagricoltura Parma<\/title>\n<meta name=\"robots\" content=\"index, follow, max-snippet:-1, max-image-preview:large, max-video-preview:-1\" \/>\n<link rel=\"canonical\" href=\"https:\/\/www.confagricoltura.org\/parma\/pericolo-siccita\/\" \/>\n<meta property=\"og:locale\" content=\"it_IT\" \/>\n<meta property=\"og:type\" content=\"article\" \/>\n<meta property=\"og:title\" content=\"Pericolo siccit\u00e0 - Confagricoltura Parma\" \/>\n<meta property=\"og:description\" content=\"Gelfi: \u201cServono regole chiare per la ripartizione dell\u2019acqua\u201d\" \/>\n<meta property=\"og:url\" content=\"https:\/\/www.confagricoltura.org\/parma\/pericolo-siccita\/\" \/>\n<meta property=\"og:site_name\" content=\"Confagricoltura Parma\" \/>\n<meta property=\"article:published_time\" content=\"2023-02-23T17:14:00+00:00\" \/>\n<meta property=\"article:modified_time\" content=\"2023-03-01T17:20:01+00:00\" \/>\n<meta property=\"og:image\" content=\"https:\/\/www.confagricoltura.org\/parma\/wp-content\/uploads\/sites\/10\/2023\/03\/001-PAGINA-1-001-INCONTRI-ZONA-Siccita-Fauna-selvatica-ed-emissioni-agricoltura-002-Foto-prima-pagina-Borgotaro.jpg\" \/>\n\t<meta property=\"og:image:width\" content=\"1600\" \/>\n\t<meta property=\"og:image:height\" content=\"1200\" \/>\n\t<meta property=\"og:image:type\" content=\"image\/jpeg\" \/>\n<meta name=\"author\" content=\"confagricolturaparma\" \/>\n<meta name=\"twitter:card\" content=\"summary_large_image\" \/>\n<meta name=\"twitter:label1\" content=\"Scritto da\" \/>\n\t<meta name=\"twitter:data1\" content=\"confagricolturaparma\" \/>\n\t<meta name=\"twitter:label2\" content=\"Tempo di lettura stimato\" \/>\n\t<meta name=\"twitter:data2\" content=\"2 minuti\" \/>\n<script type=\"application\/ld+json\" class=\"yoast-schema-graph\">{\"@context\":\"https:\/\/schema.org\",\"@graph\":[{\"@type\":\"Article\",\"@id\":\"https:\/\/www.confagricoltura.org\/parma\/pericolo-siccita\/#article\",\"isPartOf\":{\"@id\":\"https:\/\/www.confagricoltura.org\/parma\/pericolo-siccita\/\"},\"author\":{\"name\":\"confagricolturaparma\",\"@id\":\"https:\/\/www.confagricoltura.org\/parma\/#\/schema\/person\/3cd4548d78b676877beb0651a1b885a7\"},\"headline\":\"Pericolo siccit\u00e0\",\"datePublished\":\"2023-02-23T17:14:00+00:00\",\"dateModified\":\"2023-03-01T17:20:01+00:00\",\"mainEntityOfPage\":{\"@id\":\"https:\/\/www.confagricoltura.org\/parma\/pericolo-siccita\/\"},\"wordCount\":441,\"image\":{\"@id\":\"https:\/\/www.confagricoltura.org\/parma\/pericolo-siccita\/#primaryimage\"},\"thumbnailUrl\":\"https:\/\/www.confagricoltura.org\/parma\/wp-content\/uploads\/sites\/10\/2023\/03\/001-PAGINA-1-001-INCONTRI-ZONA-Siccita-Fauna-selvatica-ed-emissioni-agricoltura-002-Foto-prima-pagina-Borgotaro.jpg\",\"articleSection\":[\"Eventi\",\"News\"],\"inLanguage\":\"it-IT\"},{\"@type\":\"WebPage\",\"@id\":\"https:\/\/www.confagricoltura.org\/parma\/pericolo-siccita\/\",\"url\":\"https:\/\/www.confagricoltura.org\/parma\/pericolo-siccita\/\",\"name\":\"Pericolo siccit\u00e0 - Confagricoltura Parma\",\"isPartOf\":{\"@id\":\"https:\/\/www.confagricoltura.org\/parma\/#website\"},\"primaryImageOfPage\":{\"@id\":\"https:\/\/www.confagricoltura.org\/parma\/pericolo-siccita\/#primaryimage\"},\"image\":{\"@id\":\"https:\/\/www.confagricoltura.org\/parma\/pericolo-siccita\/#primaryimage\"},\"thumbnailUrl\":\"https:\/\/www.confagricoltura.org\/parma\/wp-content\/uploads\/sites\/10\/2023\/03\/001-PAGINA-1-001-INCONTRI-ZONA-Siccita-Fauna-selvatica-ed-emissioni-agricoltura-002-Foto-prima-pagina-Borgotaro.jpg\",\"datePublished\":\"2023-02-23T17:14:00+00:00\",\"dateModified\":\"2023-03-01T17:20:01+00:00\",\"author\":{\"@id\":\"https:\/\/www.confagricoltura.org\/parma\/#\/schema\/person\/3cd4548d78b676877beb0651a1b885a7\"},\"breadcrumb\":{\"@id\":\"https:\/\/www.confagricoltura.org\/parma\/pericolo-siccita\/#breadcrumb\"},\"inLanguage\":\"it-IT\",\"potentialAction\":[{\"@type\":\"ReadAction\",\"target\":[\"https:\/\/www.confagricoltura.org\/parma\/pericolo-siccita\/\"]}]},{\"@type\":\"ImageObject\",\"inLanguage\":\"it-IT\",\"@id\":\"https:\/\/www.confagricoltura.org\/parma\/pericolo-siccita\/#primaryimage\",\"url\":\"https:\/\/www.confagricoltura.org\/parma\/wp-content\/uploads\/sites\/10\/2023\/03\/001-PAGINA-1-001-INCONTRI-ZONA-Siccita-Fauna-selvatica-ed-emissioni-agricoltura-002-Foto-prima-pagina-Borgotaro.jpg\",\"contentUrl\":\"https:\/\/www.confagricoltura.org\/parma\/wp-content\/uploads\/sites\/10\/2023\/03\/001-PAGINA-1-001-INCONTRI-ZONA-Siccita-Fauna-selvatica-ed-emissioni-agricoltura-002-Foto-prima-pagina-Borgotaro.jpg\",\"width\":1600,\"height\":1200,\"caption\":\"Incontro di zona di Borgotaro.\"},{\"@type\":\"BreadcrumbList\",\"@id\":\"https:\/\/www.confagricoltura.org\/parma\/pericolo-siccita\/#breadcrumb\",\"itemListElement\":[{\"@type\":\"ListItem\",\"position\":1,\"name\":\"Home\",\"item\":\"https:\/\/www.confagricoltura.org\/parma\/\"},{\"@type\":\"ListItem\",\"position\":2,\"name\":\"Pericolo siccit\u00e0\"}]},{\"@type\":\"WebSite\",\"@id\":\"https:\/\/www.confagricoltura.org\/parma\/#website\",\"url\":\"https:\/\/www.confagricoltura.org\/parma\/\",\"name\":\"Confagricoltura Parma\",\"description\":\"Dalla parte degli Agricoltori\",\"potentialAction\":[{\"@type\":\"SearchAction\",\"target\":{\"@type\":\"EntryPoint\",\"urlTemplate\":\"https:\/\/www.confagricoltura.org\/parma\/?s={search_term_string}\"},\"query-input\":{\"@type\":\"PropertyValueSpecification\",\"valueRequired\":true,\"valueName\":\"search_term_string\"}}],\"inLanguage\":\"it-IT\"},{\"@type\":\"Person\",\"@id\":\"https:\/\/www.confagricoltura.org\/parma\/#\/schema\/person\/3cd4548d78b676877beb0651a1b885a7\",\"name\":\"confagricolturaparma\",\"image\":{\"@type\":\"ImageObject\",\"inLanguage\":\"it-IT\",\"@id\":\"https:\/\/www.confagricoltura.org\/parma\/#\/schema\/person\/image\/\",\"url\":\"https:\/\/secure.gravatar.com\/avatar\/b5b08888682650e8feabb958d1a675c2?s=96&d=mm&r=g\",\"contentUrl\":\"https:\/\/secure.gravatar.com\/avatar\/b5b08888682650e8feabb958d1a675c2?s=96&d=mm&r=g\",\"caption\":\"confagricolturaparma\"},\"url\":\"https:\/\/www.confagricoltura.org\/parma\/author\/confagricolturaparma\/\"}]}<\/script>\n<!-- \/ Yoast SEO plugin. -->","yoast_head_json":{"title":"Pericolo siccit\u00e0 - Confagricoltura Parma","robots":{"index":"index","follow":"follow","max-snippet":"max-snippet:-1","max-image-preview":"max-image-preview:large","max-video-preview":"max-video-preview:-1"},"canonical":"https:\/\/www.confagricoltura.org\/parma\/pericolo-siccita\/","og_locale":"it_IT","og_type":"article","og_title":"Pericolo siccit\u00e0 - Confagricoltura Parma","og_description":"Gelfi: \u201cServono regole chiare per la ripartizione dell\u2019acqua\u201d","og_url":"https:\/\/www.confagricoltura.org\/parma\/pericolo-siccita\/","og_site_name":"Confagricoltura Parma","article_published_time":"2023-02-23T17:14:00+00:00","article_modified_time":"2023-03-01T17:20:01+00:00","og_image":[{"width":1600,"height":1200,"url":"https:\/\/www.confagricoltura.org\/parma\/wp-content\/uploads\/sites\/10\/2023\/03\/001-PAGINA-1-001-INCONTRI-ZONA-Siccita-Fauna-selvatica-ed-emissioni-agricoltura-002-Foto-prima-pagina-Borgotaro.jpg","type":"image\/jpeg"}],"author":"confagricolturaparma","twitter_card":"summary_large_image","twitter_misc":{"Scritto da":"confagricolturaparma","Tempo di lettura stimato":"2 minuti"},"schema":{"@context":"https:\/\/schema.org","@graph":[{"@type":"Article","@id":"https:\/\/www.confagricoltura.org\/parma\/pericolo-siccita\/#article","isPartOf":{"@id":"https:\/\/www.confagricoltura.org\/parma\/pericolo-siccita\/"},"author":{"name":"confagricolturaparma","@id":"https:\/\/www.confagricoltura.org\/parma\/#\/schema\/person\/3cd4548d78b676877beb0651a1b885a7"},"headline":"Pericolo siccit\u00e0","datePublished":"2023-02-23T17:14:00+00:00","dateModified":"2023-03-01T17:20:01+00:00","mainEntityOfPage":{"@id":"https:\/\/www.confagricoltura.org\/parma\/pericolo-siccita\/"},"wordCount":441,"image":{"@id":"https:\/\/www.confagricoltura.org\/parma\/pericolo-siccita\/#primaryimage"},"thumbnailUrl":"https:\/\/www.confagricoltura.org\/parma\/wp-content\/uploads\/sites\/10\/2023\/03\/001-PAGINA-1-001-INCONTRI-ZONA-Siccita-Fauna-selvatica-ed-emissioni-agricoltura-002-Foto-prima-pagina-Borgotaro.jpg","articleSection":["Eventi","News"],"inLanguage":"it-IT"},{"@type":"WebPage","@id":"https:\/\/www.confagricoltura.org\/parma\/pericolo-siccita\/","url":"https:\/\/www.confagricoltura.org\/parma\/pericolo-siccita\/","name":"Pericolo siccit\u00e0 - Confagricoltura Parma","isPartOf":{"@id":"https:\/\/www.confagricoltura.org\/parma\/#website"},"primaryImageOfPage":{"@id":"https:\/\/www.confagricoltura.org\/parma\/pericolo-siccita\/#primaryimage"},"image":{"@id":"https:\/\/www.confagricoltura.org\/parma\/pericolo-siccita\/#primaryimage"},"thumbnailUrl":"https:\/\/www.confagricoltura.org\/parma\/wp-content\/uploads\/sites\/10\/2023\/03\/001-PAGINA-1-001-INCONTRI-ZONA-Siccita-Fauna-selvatica-ed-emissioni-agricoltura-002-Foto-prima-pagina-Borgotaro.jpg","datePublished":"2023-02-23T17:14:00+00:00","dateModified":"2023-03-01T17:20:01+00:00","author":{"@id":"https:\/\/www.confagricoltura.org\/parma\/#\/schema\/person\/3cd4548d78b676877beb0651a1b885a7"},"breadcrumb":{"@id":"https:\/\/www.confagricoltura.org\/parma\/pericolo-siccita\/#breadcrumb"},"inLanguage":"it-IT","potentialAction":[{"@type":"ReadAction","target":["https:\/\/www.confagricoltura.org\/parma\/pericolo-siccita\/"]}]},{"@type":"ImageObject","inLanguage":"it-IT","@id":"https:\/\/www.confagricoltura.org\/parma\/pericolo-siccita\/#primaryimage","url":"https:\/\/www.confagricoltura.org\/parma\/wp-content\/uploads\/sites\/10\/2023\/03\/001-PAGINA-1-001-INCONTRI-ZONA-Siccita-Fauna-selvatica-ed-emissioni-agricoltura-002-Foto-prima-pagina-Borgotaro.jpg","contentUrl":"https:\/\/www.confagricoltura.org\/parma\/wp-content\/uploads\/sites\/10\/2023\/03\/001-PAGINA-1-001-INCONTRI-ZONA-Siccita-Fauna-selvatica-ed-emissioni-agricoltura-002-Foto-prima-pagina-Borgotaro.jpg","width":1600,"height":1200,"caption":"Incontro di zona di Borgotaro."},{"@type":"BreadcrumbList","@id":"https:\/\/www.confagricoltura.org\/parma\/pericolo-siccita\/#breadcrumb","itemListElement":[{"@type":"ListItem","position":1,"name":"Home","item":"https:\/\/www.confagricoltura.org\/parma\/"},{"@type":"ListItem","position":2,"name":"Pericolo siccit\u00e0"}]},{"@type":"WebSite","@id":"https:\/\/www.confagricoltura.org\/parma\/#website","url":"https:\/\/www.confagricoltura.org\/parma\/","name":"Confagricoltura Parma","description":"Dalla parte degli Agricoltori","potentialAction":[{"@type":"SearchAction","target":{"@type":"EntryPoint","urlTemplate":"https:\/\/www.confagricoltura.org\/parma\/?s={search_term_string}"},"query-input":{"@type":"PropertyValueSpecification","valueRequired":true,"valueName":"search_term_string"}}],"inLanguage":"it-IT"},{"@type":"Person","@id":"https:\/\/www.confagricoltura.org\/parma\/#\/schema\/person\/3cd4548d78b676877beb0651a1b885a7","name":"confagricolturaparma","image":{"@type":"ImageObject","inLanguage":"it-IT","@id":"https:\/\/www.confagricoltura.org\/parma\/#\/schema\/person\/image\/","url":"https:\/\/secure.gravatar.com\/avatar\/b5b08888682650e8feabb958d1a675c2?s=96&d=mm&r=g","contentUrl":"https:\/\/secure.gravatar.com\/avatar\/b5b08888682650e8feabb958d1a675c2?s=96&d=mm&r=g","caption":"confagricolturaparma"},"url":"https:\/\/www.confagricoltura.org\/parma\/author\/confagricolturaparma\/"}]}},"_links":{"self":[{"href":"https:\/\/www.confagricoltura.org\/parma\/wp-json\/wp\/v2\/posts\/2435","targetHints":{"allow":["GET"]}}],"collection":[{"href":"https:\/\/www.confagricoltura.org\/parma\/wp-json\/wp\/v2\/posts"}],"about":[{"href":"https:\/\/www.confagricoltura.org\/parma\/wp-json\/wp\/v2\/types\/post"}],"author":[{"embeddable":true,"href":"https:\/\/www.confagricoltura.org\/parma\/wp-json\/wp\/v2\/users\/5"}],"replies":[{"embeddable":true,"href":"https:\/\/www.confagricoltura.org\/parma\/wp-json\/wp\/v2\/comments?post=2435"}],"version-history":[{"count":1,"href":"https:\/\/www.confagricoltura.org\/parma\/wp-json\/wp\/v2\/posts\/2435\/revisions"}],"predecessor-version":[{"id":2437,"href":"https:\/\/www.confagricoltura.org\/parma\/wp-json\/wp\/v2\/posts\/2435\/revisions\/2437"}],"wp:featuredmedia":[{"embeddable":true,"href":"https:\/\/www.confagricoltura.org\/parma\/wp-json\/wp\/v2\/media\/2436"}],"wp:attachment":[{"href":"https:\/\/www.confagricoltura.org\/parma\/wp-json\/wp\/v2\/media?parent=2435"}],"wp:term":[{"taxonomy":"category","embeddable":true,"href":"https:\/\/www.confagricoltura.org\/parma\/wp-json\/wp\/v2\/categories?post=2435"},{"taxonomy":"post_tag","embeddable":true,"href":"https:\/\/www.confagricoltura.org\/parma\/wp-json\/wp\/v2\/tags?post=2435"}],"curies":[{"name":"wp","href":"https:\/\/api.w.org\/{rel}","templated":true}]}}