{"id":2340,"date":"2023-01-13T18:20:00","date_gmt":"2023-01-13T17:20:00","guid":{"rendered":"https:\/\/www.confagricoltura.org\/parma\/?p=2340"},"modified":"2023-01-18T18:24:34","modified_gmt":"2023-01-18T17:24:34","slug":"nuovi-bandi-per-interventi-agro-climatico-ambientali","status":"publish","type":"post","link":"https:\/\/www.confagricoltura.org\/parma\/nuovi-bandi-per-interventi-agro-climatico-ambientali\/","title":{"rendered":"Nuovi bandi per interventi agro-climatico ambientali"},"content":{"rendered":"\n<p>Con delibera della giunta regionale numero 2375 del 27 dicembre 2022 sono stati approvati undici bandi per interventi agro-climatici-ambientali, che prevedono l&#8217;adesione a partire dal primo gennaio 2023, che hanno una dotazione complessiva di circa 150 milioni di euro.&nbsp;<\/p>\n\n\n\n<p>Gli interventi di Sviluppo Rurale Ambiente (SRA) finanziati sono i seguenti:&nbsp;<\/p>\n\n\n\n<p><strong>SRA001-ACA 1<\/strong> &#8211; <strong>Produzione integrata. <\/strong>L\u2019intervento prevede un sostegno per ettaro di SAU a favore dei beneficiari che si impegnano ad adottare le disposizioni tecniche indicate nei Disciplinari di Produzione Integrata (DPI) stabiliti per la fase di coltivazione, aderendo al Sistema di Qualit\u00e0 Nazionale Produzione integrata (SQNPI). L\u2019intervento mette a disposizione 10 milioni di euro all\u2019anno per gli imprenditori agricoli, sia in forma singola che associata (incluse le cooperative) che gi\u00e0 praticano l\u2019agricoltura integrata o che intendono avviare l\u2019agricoltura integrata. Una delle principali novit\u00e0 riguarda l\u2019obbligo di adesione a SQNPI per la fase di coltivazione (\u201cConformit\u00e0 ACA\u201d o \u201cMarchio\u201d), in forma singola o associata. Rispetto alla programmazione precedente non \u00e8 pi\u00f9 prevista l&#8217;applicazione di Impegni aggiuntivi Facoltativi (possibili per\u00f2 con la applicazione della SRA19 Az 3). Per quanto riguarda gli interventi a superfice a favore della produzione integrata (codificati come SRA01) viene stabilito &#8211; ai fini della ammissibilit\u00e0 all\u2019aiuto a superfice &#8211; l\u2019obbligo di iscrizione al Sistema di Qualit\u00e0 Nazione Produzione Integrata (SQNPI) e quindi il pagamento di un Organismo di certificazione da parte della azienda. Tale iscrizione dovr\u00e0 avere luogo probabilmente entro il 15\/5\/2023, prevedendo comunque il rispetto dei disciplinari di produzione integrata a partire dal 1\/1\/2023. Nelle passate programmazioni non era richiesta alcuna iscrizione a sistemi di certificazione.&nbsp;<\/p>\n\n\n\n<p><strong>SRA003-ACA 3<\/strong> &#8211; <strong>Tecniche lavorazione ridotta dei suoli<\/strong>, mette a disposizione 1,3 milioni di euro all\u2019anno per favorire la conservazione del suolo attraverso la diffusione di tecniche di coltivazione che ne minimizzano il disturbo e favoriscono il miglioramento della sua fertilit\u00e0.<\/p>\n\n\n\n<p><strong>SRA004-ACA 4<\/strong> &#8211; <strong>Apporto di sostanza organica nei suoli<\/strong>, stanzia per l\u2019annualit\u00e0 2023 circa 900 mila euro all\u2019anno per i beneficiari che si impegnano a migliorare le caratteristiche strutturali e chimico-fisiche dei suoli agricoli mediante l\u2019apporto e il mantenimento diretto di sostanza organica.&nbsp;<\/p>\n\n\n\n<p><strong>SRA007-ACA 7 &#8211; Conversione seminativi a prati e pascoli<\/strong>; L\u2019intervento prevede un sostegno per ettaro di SAU a favore dei beneficiari che convertono le superfici a seminativo in prati polifita avvicendati che devono essere mantenuti durante tutta la durata degli impegni. Le risorse disponibili per la prima annualit\u00e0 di impegno (2023) ammontano a 100 mila euro.&nbsp;<\/p>\n\n\n\n<p><strong>SRA008-ACA 8 &#8211; Gestione prati e pascoli permanenti<\/strong>, L\u2019intervento prevede un pagamento annuale per ettaro di SAU a favore dei beneficiari che si impegnano volontariamente ad aderire all\u2019azione 8.1 Gestione sostenibile dei prati permanenti, per un periodo di cinque anni. Le risorse disponibili per la prima annualit\u00e0 di impegno (2023) ammontano a 800 mila euro.&nbsp;<\/p>\n\n\n\n<p><strong>SRA013-ACA 13 &#8211; Impegni per la riduzione delle emissioni di ammoniaca di origine zootecnica e agricola.<\/strong> L\u2019intervento prevede un pagamento annuale per ettaro di SAU a favore dei beneficiari che si impegnano volontariamente ad adottare tecniche agronomiche di concimazione a bassa emissivit\u00e0 di ammoniaca per la distribuzione in campo di materiali organici di origine agricola e zootecnica, nel rispetto della specifica regolamentazione (Direttiva Nitrati). Le risorse disponibili per la prima annualit\u00e0 di impegno (2023) ammontano ad oltre 220 mila euro.&nbsp;<\/p>\n\n\n\n<p><strong>SRA014-ACA 14 &#8211; Allevatori custodi dell\u2019agrobiodiversit\u00e0<\/strong>. L\u2019intervento ha la finalit\u00e0 di tutelare la biodiversit\u00e0 animale, sostenendo l\u2019allevamento di animali appartenenti ad una o pi\u00f9 razze locali riconosciute a rischio di estinzione\/erosione genetica e iscritte all&#8217;Anagrafe nazionale della biodiversit\u00e0 di interesse agricolo e alimentare o ai Repertori\/Registri Regionali\/Provinciali o ad Elenchi di risorse genetiche regionali\/provinciali. Le risorse disponibili per la prima annualit\u00e0 di impegno (2023) ammontano a circa 260.000 euro.<\/p>\n\n\n\n<p><strong>SRA015-ACA 15 &#8211; Agricoltori custodi dell\u2019agrobiodiversit\u00e0.<\/strong> L\u2019intervento prevede un sostegno a superficie e\/o a pianta isolata a favore dei beneficiari che si impegnano volontariamente nella conservazione delle risorse genetiche di interesse locale soggette a rischio estinzione\/erosione genetica, meno produttive rispetto ad altre specie vegetali e destinate ad essere abbandonate se non si garantisce a questi un adeguato livello di reddito e il mantenimento vitale di un modello di agricoltura sostenibile. Le risorse disponibili per la prima annualit\u00e0 di impegno (2023) ammontano a 70 mila euro.<\/p>\n\n\n\n<p><strong>SRA019-ACA 19 &#8211; Riduzione dell&#8217;impatto dell&#8217;uso di prodotti fitosanitari<\/strong>. L\u2019intervento \u201cRiduzione dell\u2019impatto dell\u2019uso di prodotti fitosanitari\u201d prevede un sostegno per ettaro di SAU a favore dei beneficiari che si impegnano ad applicare tecniche di gestione agronomica volte alla riduzione della deriva dei prodotti fitosanitari a ridurre l\u2019impiego di sostanze attive classificate come candidate alla sostituzione ai sensi del Reg (CE) n. 1107\/2009 ed altre sostanze individuate ai sensi dell\u2019art 15 della Direttiva 2009\/128\/CE, nonch\u00e9 ad introdurre metodi di difesa pi\u00f9 evoluti, che vanno oltre il mero aspetto limitativo nell\u2019utilizzo dei prodotti fitosanitari. L\u2019intervento \u00e8 composto da tre specifiche azioni; le risorse disponibili per la prima annualit\u00e0 di impegno (2023) ammontano ad oltre 1 milione di euro suddiviso tra le seguenti azioni: Azione 1: Riduzione del 50% della deriva dei prodotti fitosanitari con circa 280 mila euro di risorse stanziate per l\u2019adozione di tecniche di riduzione della deriva dei prodotti fitosanitari di almeno il 50% rispetto alla tecnica irrorazione ordinaria utilizzando sistemi di trattamento e\/o macchine\/attrezzature specifici. Azione 2: Riduzione dell\u2019impiego dei fitofarmaci contenenti sostanze attive individuate come pi\u00f9 pericolose in quanto contribuiscono all\u2019inquinamento ambientale, classificate come candidate alla sostituzione, le risorse stanziate per l\u2019azione 2 ammontano a 300 mila euro. Azione 3: Adozione di strategie avanzate di difesa delle colture basate sui metodi biotecnologici e biologici, con una disponibilit\u00e0 di risorse pari a circa 500 mila euro all\u2019anno.&nbsp;<\/p>\n\n\n\n<p><strong>SRA026-ACA 26 &#8211; Ritiro seminativi dalla produzione.<\/strong> L\u2019intervento prevede un periodo di impegno di durata pari a venti anni, l\u2019applicazione \u00e8 attuabile limitatamente alle superfici che hanno gi\u00e0 concluso un precedente periodo ventennale di impegno indipendentemente dalle fasce altimetriche ed \u00e8 prioritariamente applicato nelle aree della Rete Natura 2000, anche a supporto delle misure previste dal Quadro di Azioni Prioritarie per Natura 2000 2021-27 (PAF) e nelle altre aree protette. Le risorse disponibili per la prima annualit\u00e0 di impegno (2023) ammontano a 800 mila euro.&nbsp;<\/p>\n\n\n\n<p><strong>SRA029 &#8211; Agricoltura biologica.<\/strong> L\u2019intervento prevede un pagamento annuale per ettaro di SAU a favore degli agricoltori o delle associazioni di agricoltori che si impegnano volontariamente a convertire e a mantenere le superfici coltivate ad agricoltura biologica nel rispetto del Regolamento (UE) n. 2018\/848 e dei relativi regolamenti attuativi, mediante la compensazione dei minori ricavi e\/o maggiori costi dei processi produttivi collegati al rispetto del metodo di agricoltura biologica. Con 15,6 milioni di euro di risorse stanziate per l\u2019annualit\u00e0 2023; i tipi di azione finanziati sono <strong>SRA29.1 \u201cConversione all\u2019agricoltura biologica\u201d<\/strong> e <strong>29.2 \u2013 \u201cMantenimento dell\u2019agricoltura biologica\u201d<\/strong> basato sullo status delle singole parcelle. L\u2019intervento prevede un periodo di impegno di durata pari a cinque anni. Alle aziende aderenti, si riconoscono premi a superfice diversificati per le diverse tipologie di colture e allevamenti; per la conversione i premi sono superiori durante gli anni di adesione per agevolare la conversione delle aziende a questa pratica. Come gi\u00e0 nel precedente periodo di programmazione non \u00e8 previsto l\u2019obbligo di adesione con l\u2019intera SAU e non \u00e8 prevista una dimensione minima aziendale (neppure come numero di UBA per l\u2019accesso all\u2019aiuto maggiorato zootecnico).<\/p>\n\n\n\n<p>Si ricorda inoltre che in merito agli interventi a superfice a favore della agricoltura biologica (codificati come SRA29) per potere essere ammesse all\u2019aiuto le superfici dovranno essere state notificate entro il 31\/12\/2022 (a differenza di quanto accaduto in passato, quando il termine per la notifica era il 30\/1 del primo anno di adesione).&nbsp;<\/p>\n\n\n\n<p>Dal punto di vista pi\u00f9 generale del rispetto del periodo di impegno di 5 anni, per tutti gli interventi a superfice agro-clima-ambientali e per il biologico, a partire dal 2023 verr\u00e0 applicata una tolleranza massima in riduzione della Superfice oggetto di impegno (SOI) del 20%, oltre la quale si determina la revoca della concessione ed il recupero delle annualit\u00e0 precedentemente pagate. All\u2019interno di questa % verranno conteggiate sia le riduzioni di SOI dovute a rinuncia volontaria, sia le riduzioni di SOI causate da non rinnovo dei contratti di affitto. Non vengono invece computate nel 20% le superfici perdute per cessione di propriet\u00e0. Si tratta di una modifica sostanziale rispetto all\u2019applicazione dell\u2019art.47 del Reg. 1305\/2013 durante il PSR 2014-22 che equiparava il non rinnovo degli affitti alla perdita di propriet\u00e0 per vendita senza applicare sanzioni in entrambi i casi. Ne consegue la esigenza di possedere titoli di affitto che coprano interamente il periodo di impegno oppure la verosimile certezza del rinnovo dei contratti che scadono durante il periodo di impegno se la incidenza delle superfici a rischio di mancato rinnovo superasse il 20% della SOI.&nbsp;<\/p>\n\n\n\n<p>Si ricorda inoltre che la norma di condizionalit\u00e0 BCAA7 (rotazione delle colture) non si applica per l\u2019intera programmazione 2023-27 alle superfici soggette agli impegni PSR per produzione biologica o integrata. Su tali superfici dovranno quindi essere rispettate le specifiche norme di rotazione\/successione colturale previste dai rispettivi disciplinari. La deroga prevista dal Reg. UE 1317\/2022 sulla non applicazione della BCAA7 e BCAA8 nel 2023 non avr\u00e0 quindi sugli interventi PSR per produzione biologica e integrata alcun effetto.&nbsp;<\/p>\n\n\n\n<p>Le domande di sostegno potranno essere presentate successivamente all\u2019apertura del piano colturale grafico. <\/p>\n\n\n\n<p>L\u2019apertura del piano colturale grafico avverr\u00e0 indicativamente ad inizio febbraio.\u00a0<\/p>\n\n\n\n<p><strong>GLI UFFICI DI CONFAGRICOLTURA PARMA SONO A DISPOSIZIONE PER OGNI CHIARIMENTO. <\/strong><\/p>\n","protected":false},"excerpt":{"rendered":"<p>Con adesione dal 1\u00b0 gennaio 2023<\/p>\n","protected":false},"author":5,"featured_media":1777,"comment_status":"closed","ping_status":"closed","sticky":false,"template":"","format":"standard","meta":{"wp_mapbox_gl_js_media":[],"footnotes":""},"categories":[4],"tags":[],"class_list":["post-2340","post","type-post","status-publish","format-standard","has-post-thumbnail","hentry","category-news"],"yoast_head":"<!-- This site is optimized with the Yoast SEO plugin v26.8 - https:\/\/yoast.com\/product\/yoast-seo-wordpress\/ -->\n<title>Nuovi bandi per interventi agro-climatico ambientali - Confagricoltura Parma<\/title>\n<meta name=\"robots\" content=\"index, follow, max-snippet:-1, max-image-preview:large, max-video-preview:-1\" \/>\n<link rel=\"canonical\" href=\"https:\/\/www.confagricoltura.org\/parma\/nuovi-bandi-per-interventi-agro-climatico-ambientali\/\" \/>\n<meta property=\"og:locale\" content=\"it_IT\" \/>\n<meta property=\"og:type\" content=\"article\" \/>\n<meta property=\"og:title\" content=\"Nuovi bandi per interventi agro-climatico ambientali - Confagricoltura Parma\" \/>\n<meta property=\"og:description\" content=\"Con adesione dal 1\u00b0 gennaio 2023\" \/>\n<meta property=\"og:url\" content=\"https:\/\/www.confagricoltura.org\/parma\/nuovi-bandi-per-interventi-agro-climatico-ambientali\/\" \/>\n<meta property=\"og:site_name\" content=\"Confagricoltura Parma\" \/>\n<meta property=\"article:published_time\" content=\"2023-01-13T17:20:00+00:00\" \/>\n<meta property=\"article:modified_time\" content=\"2023-01-18T17:24:34+00:00\" \/>\n<meta property=\"og:image\" content=\"https:\/\/www.confagricoltura.org\/parma\/wp-content\/uploads\/sites\/10\/2022\/04\/002-UFFICIO-TECNICO-Deroga-set-aside.jpg\" \/>\n\t<meta property=\"og:image:width\" content=\"1000\" \/>\n\t<meta property=\"og:image:height\" content=\"723\" \/>\n\t<meta property=\"og:image:type\" content=\"image\/jpeg\" \/>\n<meta name=\"author\" content=\"confagricolturaparma\" \/>\n<meta name=\"twitter:card\" content=\"summary_large_image\" \/>\n<meta name=\"twitter:label1\" content=\"Scritto da\" \/>\n\t<meta name=\"twitter:data1\" content=\"confagricolturaparma\" \/>\n\t<meta name=\"twitter:label2\" content=\"Tempo di lettura stimato\" \/>\n\t<meta name=\"twitter:data2\" content=\"7 minuti\" \/>\n<script type=\"application\/ld+json\" class=\"yoast-schema-graph\">{\"@context\":\"https:\/\/schema.org\",\"@graph\":[{\"@type\":\"Article\",\"@id\":\"https:\/\/www.confagricoltura.org\/parma\/nuovi-bandi-per-interventi-agro-climatico-ambientali\/#article\",\"isPartOf\":{\"@id\":\"https:\/\/www.confagricoltura.org\/parma\/nuovi-bandi-per-interventi-agro-climatico-ambientali\/\"},\"author\":{\"name\":\"confagricolturaparma\",\"@id\":\"https:\/\/www.confagricoltura.org\/parma\/#\/schema\/person\/3cd4548d78b676877beb0651a1b885a7\"},\"headline\":\"Nuovi bandi per interventi agro-climatico ambientali\",\"datePublished\":\"2023-01-13T17:20:00+00:00\",\"dateModified\":\"2023-01-18T17:24:34+00:00\",\"mainEntityOfPage\":{\"@id\":\"https:\/\/www.confagricoltura.org\/parma\/nuovi-bandi-per-interventi-agro-climatico-ambientali\/\"},\"wordCount\":1557,\"image\":{\"@id\":\"https:\/\/www.confagricoltura.org\/parma\/nuovi-bandi-per-interventi-agro-climatico-ambientali\/#primaryimage\"},\"thumbnailUrl\":\"https:\/\/www.confagricoltura.org\/parma\/wp-content\/uploads\/sites\/10\/2022\/04\/002-UFFICIO-TECNICO-Deroga-set-aside.jpg\",\"articleSection\":[\"News\"],\"inLanguage\":\"it-IT\"},{\"@type\":\"WebPage\",\"@id\":\"https:\/\/www.confagricoltura.org\/parma\/nuovi-bandi-per-interventi-agro-climatico-ambientali\/\",\"url\":\"https:\/\/www.confagricoltura.org\/parma\/nuovi-bandi-per-interventi-agro-climatico-ambientali\/\",\"name\":\"Nuovi bandi per interventi agro-climatico ambientali - Confagricoltura Parma\",\"isPartOf\":{\"@id\":\"https:\/\/www.confagricoltura.org\/parma\/#website\"},\"primaryImageOfPage\":{\"@id\":\"https:\/\/www.confagricoltura.org\/parma\/nuovi-bandi-per-interventi-agro-climatico-ambientali\/#primaryimage\"},\"image\":{\"@id\":\"https:\/\/www.confagricoltura.org\/parma\/nuovi-bandi-per-interventi-agro-climatico-ambientali\/#primaryimage\"},\"thumbnailUrl\":\"https:\/\/www.confagricoltura.org\/parma\/wp-content\/uploads\/sites\/10\/2022\/04\/002-UFFICIO-TECNICO-Deroga-set-aside.jpg\",\"datePublished\":\"2023-01-13T17:20:00+00:00\",\"dateModified\":\"2023-01-18T17:24:34+00:00\",\"author\":{\"@id\":\"https:\/\/www.confagricoltura.org\/parma\/#\/schema\/person\/3cd4548d78b676877beb0651a1b885a7\"},\"breadcrumb\":{\"@id\":\"https:\/\/www.confagricoltura.org\/parma\/nuovi-bandi-per-interventi-agro-climatico-ambientali\/#breadcrumb\"},\"inLanguage\":\"it-IT\",\"potentialAction\":[{\"@type\":\"ReadAction\",\"target\":[\"https:\/\/www.confagricoltura.org\/parma\/nuovi-bandi-per-interventi-agro-climatico-ambientali\/\"]}]},{\"@type\":\"ImageObject\",\"inLanguage\":\"it-IT\",\"@id\":\"https:\/\/www.confagricoltura.org\/parma\/nuovi-bandi-per-interventi-agro-climatico-ambientali\/#primaryimage\",\"url\":\"https:\/\/www.confagricoltura.org\/parma\/wp-content\/uploads\/sites\/10\/2022\/04\/002-UFFICIO-TECNICO-Deroga-set-aside.jpg\",\"contentUrl\":\"https:\/\/www.confagricoltura.org\/parma\/wp-content\/uploads\/sites\/10\/2022\/04\/002-UFFICIO-TECNICO-Deroga-set-aside.jpg\",\"width\":1000,\"height\":723,\"caption\":\"Cultivated land in a rural landscape at sunset\"},{\"@type\":\"BreadcrumbList\",\"@id\":\"https:\/\/www.confagricoltura.org\/parma\/nuovi-bandi-per-interventi-agro-climatico-ambientali\/#breadcrumb\",\"itemListElement\":[{\"@type\":\"ListItem\",\"position\":1,\"name\":\"Home\",\"item\":\"https:\/\/www.confagricoltura.org\/parma\/\"},{\"@type\":\"ListItem\",\"position\":2,\"name\":\"Nuovi bandi per interventi agro-climatico ambientali\"}]},{\"@type\":\"WebSite\",\"@id\":\"https:\/\/www.confagricoltura.org\/parma\/#website\",\"url\":\"https:\/\/www.confagricoltura.org\/parma\/\",\"name\":\"Confagricoltura Parma\",\"description\":\"Dalla parte degli Agricoltori\",\"potentialAction\":[{\"@type\":\"SearchAction\",\"target\":{\"@type\":\"EntryPoint\",\"urlTemplate\":\"https:\/\/www.confagricoltura.org\/parma\/?s={search_term_string}\"},\"query-input\":{\"@type\":\"PropertyValueSpecification\",\"valueRequired\":true,\"valueName\":\"search_term_string\"}}],\"inLanguage\":\"it-IT\"},{\"@type\":\"Person\",\"@id\":\"https:\/\/www.confagricoltura.org\/parma\/#\/schema\/person\/3cd4548d78b676877beb0651a1b885a7\",\"name\":\"confagricolturaparma\",\"image\":{\"@type\":\"ImageObject\",\"inLanguage\":\"it-IT\",\"@id\":\"https:\/\/www.confagricoltura.org\/parma\/#\/schema\/person\/image\/\",\"url\":\"https:\/\/secure.gravatar.com\/avatar\/b5b08888682650e8feabb958d1a675c2?s=96&d=mm&r=g\",\"contentUrl\":\"https:\/\/secure.gravatar.com\/avatar\/b5b08888682650e8feabb958d1a675c2?s=96&d=mm&r=g\",\"caption\":\"confagricolturaparma\"},\"url\":\"https:\/\/www.confagricoltura.org\/parma\/author\/confagricolturaparma\/\"}]}<\/script>\n<!-- \/ Yoast SEO plugin. -->","yoast_head_json":{"title":"Nuovi bandi per interventi agro-climatico ambientali - Confagricoltura Parma","robots":{"index":"index","follow":"follow","max-snippet":"max-snippet:-1","max-image-preview":"max-image-preview:large","max-video-preview":"max-video-preview:-1"},"canonical":"https:\/\/www.confagricoltura.org\/parma\/nuovi-bandi-per-interventi-agro-climatico-ambientali\/","og_locale":"it_IT","og_type":"article","og_title":"Nuovi bandi per interventi agro-climatico ambientali - Confagricoltura Parma","og_description":"Con adesione dal 1\u00b0 gennaio 2023","og_url":"https:\/\/www.confagricoltura.org\/parma\/nuovi-bandi-per-interventi-agro-climatico-ambientali\/","og_site_name":"Confagricoltura Parma","article_published_time":"2023-01-13T17:20:00+00:00","article_modified_time":"2023-01-18T17:24:34+00:00","og_image":[{"width":1000,"height":723,"url":"https:\/\/www.confagricoltura.org\/parma\/wp-content\/uploads\/sites\/10\/2022\/04\/002-UFFICIO-TECNICO-Deroga-set-aside.jpg","type":"image\/jpeg"}],"author":"confagricolturaparma","twitter_card":"summary_large_image","twitter_misc":{"Scritto da":"confagricolturaparma","Tempo di lettura stimato":"7 minuti"},"schema":{"@context":"https:\/\/schema.org","@graph":[{"@type":"Article","@id":"https:\/\/www.confagricoltura.org\/parma\/nuovi-bandi-per-interventi-agro-climatico-ambientali\/#article","isPartOf":{"@id":"https:\/\/www.confagricoltura.org\/parma\/nuovi-bandi-per-interventi-agro-climatico-ambientali\/"},"author":{"name":"confagricolturaparma","@id":"https:\/\/www.confagricoltura.org\/parma\/#\/schema\/person\/3cd4548d78b676877beb0651a1b885a7"},"headline":"Nuovi bandi per interventi agro-climatico ambientali","datePublished":"2023-01-13T17:20:00+00:00","dateModified":"2023-01-18T17:24:34+00:00","mainEntityOfPage":{"@id":"https:\/\/www.confagricoltura.org\/parma\/nuovi-bandi-per-interventi-agro-climatico-ambientali\/"},"wordCount":1557,"image":{"@id":"https:\/\/www.confagricoltura.org\/parma\/nuovi-bandi-per-interventi-agro-climatico-ambientali\/#primaryimage"},"thumbnailUrl":"https:\/\/www.confagricoltura.org\/parma\/wp-content\/uploads\/sites\/10\/2022\/04\/002-UFFICIO-TECNICO-Deroga-set-aside.jpg","articleSection":["News"],"inLanguage":"it-IT"},{"@type":"WebPage","@id":"https:\/\/www.confagricoltura.org\/parma\/nuovi-bandi-per-interventi-agro-climatico-ambientali\/","url":"https:\/\/www.confagricoltura.org\/parma\/nuovi-bandi-per-interventi-agro-climatico-ambientali\/","name":"Nuovi bandi per interventi agro-climatico ambientali - Confagricoltura Parma","isPartOf":{"@id":"https:\/\/www.confagricoltura.org\/parma\/#website"},"primaryImageOfPage":{"@id":"https:\/\/www.confagricoltura.org\/parma\/nuovi-bandi-per-interventi-agro-climatico-ambientali\/#primaryimage"},"image":{"@id":"https:\/\/www.confagricoltura.org\/parma\/nuovi-bandi-per-interventi-agro-climatico-ambientali\/#primaryimage"},"thumbnailUrl":"https:\/\/www.confagricoltura.org\/parma\/wp-content\/uploads\/sites\/10\/2022\/04\/002-UFFICIO-TECNICO-Deroga-set-aside.jpg","datePublished":"2023-01-13T17:20:00+00:00","dateModified":"2023-01-18T17:24:34+00:00","author":{"@id":"https:\/\/www.confagricoltura.org\/parma\/#\/schema\/person\/3cd4548d78b676877beb0651a1b885a7"},"breadcrumb":{"@id":"https:\/\/www.confagricoltura.org\/parma\/nuovi-bandi-per-interventi-agro-climatico-ambientali\/#breadcrumb"},"inLanguage":"it-IT","potentialAction":[{"@type":"ReadAction","target":["https:\/\/www.confagricoltura.org\/parma\/nuovi-bandi-per-interventi-agro-climatico-ambientali\/"]}]},{"@type":"ImageObject","inLanguage":"it-IT","@id":"https:\/\/www.confagricoltura.org\/parma\/nuovi-bandi-per-interventi-agro-climatico-ambientali\/#primaryimage","url":"https:\/\/www.confagricoltura.org\/parma\/wp-content\/uploads\/sites\/10\/2022\/04\/002-UFFICIO-TECNICO-Deroga-set-aside.jpg","contentUrl":"https:\/\/www.confagricoltura.org\/parma\/wp-content\/uploads\/sites\/10\/2022\/04\/002-UFFICIO-TECNICO-Deroga-set-aside.jpg","width":1000,"height":723,"caption":"Cultivated land in a rural landscape at sunset"},{"@type":"BreadcrumbList","@id":"https:\/\/www.confagricoltura.org\/parma\/nuovi-bandi-per-interventi-agro-climatico-ambientali\/#breadcrumb","itemListElement":[{"@type":"ListItem","position":1,"name":"Home","item":"https:\/\/www.confagricoltura.org\/parma\/"},{"@type":"ListItem","position":2,"name":"Nuovi bandi per interventi agro-climatico ambientali"}]},{"@type":"WebSite","@id":"https:\/\/www.confagricoltura.org\/parma\/#website","url":"https:\/\/www.confagricoltura.org\/parma\/","name":"Confagricoltura Parma","description":"Dalla parte degli Agricoltori","potentialAction":[{"@type":"SearchAction","target":{"@type":"EntryPoint","urlTemplate":"https:\/\/www.confagricoltura.org\/parma\/?s={search_term_string}"},"query-input":{"@type":"PropertyValueSpecification","valueRequired":true,"valueName":"search_term_string"}}],"inLanguage":"it-IT"},{"@type":"Person","@id":"https:\/\/www.confagricoltura.org\/parma\/#\/schema\/person\/3cd4548d78b676877beb0651a1b885a7","name":"confagricolturaparma","image":{"@type":"ImageObject","inLanguage":"it-IT","@id":"https:\/\/www.confagricoltura.org\/parma\/#\/schema\/person\/image\/","url":"https:\/\/secure.gravatar.com\/avatar\/b5b08888682650e8feabb958d1a675c2?s=96&d=mm&r=g","contentUrl":"https:\/\/secure.gravatar.com\/avatar\/b5b08888682650e8feabb958d1a675c2?s=96&d=mm&r=g","caption":"confagricolturaparma"},"url":"https:\/\/www.confagricoltura.org\/parma\/author\/confagricolturaparma\/"}]}},"_links":{"self":[{"href":"https:\/\/www.confagricoltura.org\/parma\/wp-json\/wp\/v2\/posts\/2340","targetHints":{"allow":["GET"]}}],"collection":[{"href":"https:\/\/www.confagricoltura.org\/parma\/wp-json\/wp\/v2\/posts"}],"about":[{"href":"https:\/\/www.confagricoltura.org\/parma\/wp-json\/wp\/v2\/types\/post"}],"author":[{"embeddable":true,"href":"https:\/\/www.confagricoltura.org\/parma\/wp-json\/wp\/v2\/users\/5"}],"replies":[{"embeddable":true,"href":"https:\/\/www.confagricoltura.org\/parma\/wp-json\/wp\/v2\/comments?post=2340"}],"version-history":[{"count":2,"href":"https:\/\/www.confagricoltura.org\/parma\/wp-json\/wp\/v2\/posts\/2340\/revisions"}],"predecessor-version":[{"id":2342,"href":"https:\/\/www.confagricoltura.org\/parma\/wp-json\/wp\/v2\/posts\/2340\/revisions\/2342"}],"wp:featuredmedia":[{"embeddable":true,"href":"https:\/\/www.confagricoltura.org\/parma\/wp-json\/wp\/v2\/media\/1777"}],"wp:attachment":[{"href":"https:\/\/www.confagricoltura.org\/parma\/wp-json\/wp\/v2\/media?parent=2340"}],"wp:term":[{"taxonomy":"category","embeddable":true,"href":"https:\/\/www.confagricoltura.org\/parma\/wp-json\/wp\/v2\/categories?post=2340"},{"taxonomy":"post_tag","embeddable":true,"href":"https:\/\/www.confagricoltura.org\/parma\/wp-json\/wp\/v2\/tags?post=2340"}],"curies":[{"name":"wp","href":"https:\/\/api.w.org\/{rel}","templated":true}]}}