{"id":2320,"date":"2023-01-06T17:43:00","date_gmt":"2023-01-06T16:43:00","guid":{"rendered":"https:\/\/www.confagricoltura.org\/parma\/?p=2320"},"modified":"2023-01-18T17:59:08","modified_gmt":"2023-01-18T16:59:08","slug":"peste-suina-africana-contributi-regionali","status":"publish","type":"post","link":"https:\/\/www.confagricoltura.org\/parma\/peste-suina-africana-contributi-regionali\/","title":{"rendered":"Peste suina africana: contributi regionali"},"content":{"rendered":"\n<p>Confagricoltura Parma informa che \u00e8 stata avviata la procedura per la presentazione delle domande a valere sul bando relativo alla Delibera Giunta Regionale n. 2199 \u201cApprovazione del programma regionale per <strong>interventi di biosicurezza finalizzati a prevenire i rischi di contagio connessi alla diffusione della peste suina africana<\/strong> da parte della fauna selvatica negli allevamenti di suini, ai sensi dell\u2019art. 14 del REG. (UE) n. 702\/2014\u201d.&nbsp;<\/p>\n\n\n\n<p>Le domande, che devono essere presentate sull\u2019applicativo SIAG, prevedono <strong>contributi all\u201980% per l\u2019acquisto e la posa in opera di recinzioni perimetrali in allevamenti suini<\/strong>. <strong>L\u2019investimento minimo \u00e8 pari a 2.000 euro e l\u2019importo massimo finanziabile \u00e8 pari a 30.000 euro <\/strong>per singolo allevamento (\u00e8 possibile presentare pi\u00f9 domande per la stessa azienda in caso di conduzione di pi\u00f9 allevamenti non adiacenti).<\/p>\n\n\n\n<p><strong>Le domande devono essere presentate entro le ore 13:00 del 20 febbraio 2023.<\/strong><\/p>\n\n\n\n<p>La dotazione finanziaria \u00e8 piuttosto scarsa (1.000.000 di euro per tutta la Regione) cos\u00ec come il massimale di spesa, che comunque \u00e8 stato aumentato su richiesta di Confagricoltura (inizialmente era di 20.000 euro).<\/p>\n","protected":false},"excerpt":{"rendered":"<p>Per recinzioni perimetrali negli allevamenti. Domande entro le 13 del 20 febbraio 2023. <\/p>\n","protected":false},"author":5,"featured_media":2321,"comment_status":"closed","ping_status":"closed","sticky":false,"template":"","format":"standard","meta":{"wp_mapbox_gl_js_media":[],"footnotes":""},"categories":[11,4,14],"tags":[],"class_list":["post-2320","post","type-post","status-publish","format-standard","has-post-thumbnail","hentry","category-finanziamenti-bandi","category-news","category-settore-suinicolo"],"yoast_head":"<!-- This site is optimized with the Yoast SEO plugin v26.8 - https:\/\/yoast.com\/product\/yoast-seo-wordpress\/ -->\n<title>Peste suina africana: contributi regionali - Confagricoltura Parma<\/title>\n<meta name=\"robots\" content=\"index, follow, max-snippet:-1, max-image-preview:large, max-video-preview:-1\" \/>\n<link rel=\"canonical\" href=\"https:\/\/www.confagricoltura.org\/parma\/peste-suina-africana-contributi-regionali\/\" \/>\n<meta property=\"og:locale\" content=\"it_IT\" \/>\n<meta property=\"og:type\" content=\"article\" \/>\n<meta property=\"og:title\" content=\"Peste suina africana: contributi regionali - Confagricoltura Parma\" \/>\n<meta property=\"og:description\" content=\"Per recinzioni perimetrali negli allevamenti. Domande entro le 13 del 20 febbraio 2023.\" \/>\n<meta property=\"og:url\" content=\"https:\/\/www.confagricoltura.org\/parma\/peste-suina-africana-contributi-regionali\/\" \/>\n<meta property=\"og:site_name\" content=\"Confagricoltura Parma\" \/>\n<meta property=\"article:published_time\" content=\"2023-01-06T16:43:00+00:00\" \/>\n<meta property=\"article:modified_time\" content=\"2023-01-18T16:59:08+00:00\" \/>\n<meta property=\"og:image\" content=\"https:\/\/www.confagricoltura.org\/parma\/wp-content\/uploads\/sites\/10\/2023\/01\/006-PAGINA-6-001-PESTE-SUINA-AFRICANA-Contributi-regionali.jpg\" \/>\n\t<meta property=\"og:image:width\" content=\"1080\" \/>\n\t<meta property=\"og:image:height\" content=\"720\" \/>\n\t<meta property=\"og:image:type\" content=\"image\/jpeg\" \/>\n<meta name=\"author\" content=\"confagricolturaparma\" \/>\n<meta name=\"twitter:card\" content=\"summary_large_image\" \/>\n<meta name=\"twitter:label1\" content=\"Scritto da\" \/>\n\t<meta name=\"twitter:data1\" content=\"confagricolturaparma\" \/>\n\t<meta name=\"twitter:label2\" content=\"Tempo di lettura stimato\" \/>\n\t<meta name=\"twitter:data2\" content=\"1 minuto\" \/>\n<script type=\"application\/ld+json\" class=\"yoast-schema-graph\">{\"@context\":\"https:\/\/schema.org\",\"@graph\":[{\"@type\":\"Article\",\"@id\":\"https:\/\/www.confagricoltura.org\/parma\/peste-suina-africana-contributi-regionali\/#article\",\"isPartOf\":{\"@id\":\"https:\/\/www.confagricoltura.org\/parma\/peste-suina-africana-contributi-regionali\/\"},\"author\":{\"name\":\"confagricolturaparma\",\"@id\":\"https:\/\/www.confagricoltura.org\/parma\/#\/schema\/person\/3cd4548d78b676877beb0651a1b885a7\"},\"headline\":\"Peste suina africana: contributi regionali\",\"datePublished\":\"2023-01-06T16:43:00+00:00\",\"dateModified\":\"2023-01-18T16:59:08+00:00\",\"mainEntityOfPage\":{\"@id\":\"https:\/\/www.confagricoltura.org\/parma\/peste-suina-africana-contributi-regionali\/\"},\"wordCount\":167,\"image\":{\"@id\":\"https:\/\/www.confagricoltura.org\/parma\/peste-suina-africana-contributi-regionali\/#primaryimage\"},\"thumbnailUrl\":\"https:\/\/www.confagricoltura.org\/parma\/wp-content\/uploads\/sites\/10\/2023\/01\/006-PAGINA-6-001-PESTE-SUINA-AFRICANA-Contributi-regionali.jpg\",\"articleSection\":[\"Finanziamenti e bandi\",\"News\",\"Settore suinicolo\"],\"inLanguage\":\"it-IT\"},{\"@type\":\"WebPage\",\"@id\":\"https:\/\/www.confagricoltura.org\/parma\/peste-suina-africana-contributi-regionali\/\",\"url\":\"https:\/\/www.confagricoltura.org\/parma\/peste-suina-africana-contributi-regionali\/\",\"name\":\"Peste suina africana: contributi regionali - Confagricoltura Parma\",\"isPartOf\":{\"@id\":\"https:\/\/www.confagricoltura.org\/parma\/#website\"},\"primaryImageOfPage\":{\"@id\":\"https:\/\/www.confagricoltura.org\/parma\/peste-suina-africana-contributi-regionali\/#primaryimage\"},\"image\":{\"@id\":\"https:\/\/www.confagricoltura.org\/parma\/peste-suina-africana-contributi-regionali\/#primaryimage\"},\"thumbnailUrl\":\"https:\/\/www.confagricoltura.org\/parma\/wp-content\/uploads\/sites\/10\/2023\/01\/006-PAGINA-6-001-PESTE-SUINA-AFRICANA-Contributi-regionali.jpg\",\"datePublished\":\"2023-01-06T16:43:00+00:00\",\"dateModified\":\"2023-01-18T16:59:08+00:00\",\"author\":{\"@id\":\"https:\/\/www.confagricoltura.org\/parma\/#\/schema\/person\/3cd4548d78b676877beb0651a1b885a7\"},\"breadcrumb\":{\"@id\":\"https:\/\/www.confagricoltura.org\/parma\/peste-suina-africana-contributi-regionali\/#breadcrumb\"},\"inLanguage\":\"it-IT\",\"potentialAction\":[{\"@type\":\"ReadAction\",\"target\":[\"https:\/\/www.confagricoltura.org\/parma\/peste-suina-africana-contributi-regionali\/\"]}]},{\"@type\":\"ImageObject\",\"inLanguage\":\"it-IT\",\"@id\":\"https:\/\/www.confagricoltura.org\/parma\/peste-suina-africana-contributi-regionali\/#primaryimage\",\"url\":\"https:\/\/www.confagricoltura.org\/parma\/wp-content\/uploads\/sites\/10\/2023\/01\/006-PAGINA-6-001-PESTE-SUINA-AFRICANA-Contributi-regionali.jpg\",\"contentUrl\":\"https:\/\/www.confagricoltura.org\/parma\/wp-content\/uploads\/sites\/10\/2023\/01\/006-PAGINA-6-001-PESTE-SUINA-AFRICANA-Contributi-regionali.jpg\",\"width\":1080,\"height\":720},{\"@type\":\"BreadcrumbList\",\"@id\":\"https:\/\/www.confagricoltura.org\/parma\/peste-suina-africana-contributi-regionali\/#breadcrumb\",\"itemListElement\":[{\"@type\":\"ListItem\",\"position\":1,\"name\":\"Home\",\"item\":\"https:\/\/www.confagricoltura.org\/parma\/\"},{\"@type\":\"ListItem\",\"position\":2,\"name\":\"Peste suina africana: contributi regionali\"}]},{\"@type\":\"WebSite\",\"@id\":\"https:\/\/www.confagricoltura.org\/parma\/#website\",\"url\":\"https:\/\/www.confagricoltura.org\/parma\/\",\"name\":\"Confagricoltura Parma\",\"description\":\"Dalla parte degli Agricoltori\",\"potentialAction\":[{\"@type\":\"SearchAction\",\"target\":{\"@type\":\"EntryPoint\",\"urlTemplate\":\"https:\/\/www.confagricoltura.org\/parma\/?s={search_term_string}\"},\"query-input\":{\"@type\":\"PropertyValueSpecification\",\"valueRequired\":true,\"valueName\":\"search_term_string\"}}],\"inLanguage\":\"it-IT\"},{\"@type\":\"Person\",\"@id\":\"https:\/\/www.confagricoltura.org\/parma\/#\/schema\/person\/3cd4548d78b676877beb0651a1b885a7\",\"name\":\"confagricolturaparma\",\"image\":{\"@type\":\"ImageObject\",\"inLanguage\":\"it-IT\",\"@id\":\"https:\/\/www.confagricoltura.org\/parma\/#\/schema\/person\/image\/\",\"url\":\"https:\/\/secure.gravatar.com\/avatar\/b5b08888682650e8feabb958d1a675c2?s=96&d=mm&r=g\",\"contentUrl\":\"https:\/\/secure.gravatar.com\/avatar\/b5b08888682650e8feabb958d1a675c2?s=96&d=mm&r=g\",\"caption\":\"confagricolturaparma\"},\"url\":\"https:\/\/www.confagricoltura.org\/parma\/author\/confagricolturaparma\/\"}]}<\/script>\n<!-- \/ Yoast SEO plugin. -->","yoast_head_json":{"title":"Peste suina africana: contributi regionali - Confagricoltura Parma","robots":{"index":"index","follow":"follow","max-snippet":"max-snippet:-1","max-image-preview":"max-image-preview:large","max-video-preview":"max-video-preview:-1"},"canonical":"https:\/\/www.confagricoltura.org\/parma\/peste-suina-africana-contributi-regionali\/","og_locale":"it_IT","og_type":"article","og_title":"Peste suina africana: contributi regionali - Confagricoltura Parma","og_description":"Per recinzioni perimetrali negli allevamenti. Domande entro le 13 del 20 febbraio 2023.","og_url":"https:\/\/www.confagricoltura.org\/parma\/peste-suina-africana-contributi-regionali\/","og_site_name":"Confagricoltura Parma","article_published_time":"2023-01-06T16:43:00+00:00","article_modified_time":"2023-01-18T16:59:08+00:00","og_image":[{"width":1080,"height":720,"url":"https:\/\/www.confagricoltura.org\/parma\/wp-content\/uploads\/sites\/10\/2023\/01\/006-PAGINA-6-001-PESTE-SUINA-AFRICANA-Contributi-regionali.jpg","type":"image\/jpeg"}],"author":"confagricolturaparma","twitter_card":"summary_large_image","twitter_misc":{"Scritto da":"confagricolturaparma","Tempo di lettura stimato":"1 minuto"},"schema":{"@context":"https:\/\/schema.org","@graph":[{"@type":"Article","@id":"https:\/\/www.confagricoltura.org\/parma\/peste-suina-africana-contributi-regionali\/#article","isPartOf":{"@id":"https:\/\/www.confagricoltura.org\/parma\/peste-suina-africana-contributi-regionali\/"},"author":{"name":"confagricolturaparma","@id":"https:\/\/www.confagricoltura.org\/parma\/#\/schema\/person\/3cd4548d78b676877beb0651a1b885a7"},"headline":"Peste suina africana: contributi regionali","datePublished":"2023-01-06T16:43:00+00:00","dateModified":"2023-01-18T16:59:08+00:00","mainEntityOfPage":{"@id":"https:\/\/www.confagricoltura.org\/parma\/peste-suina-africana-contributi-regionali\/"},"wordCount":167,"image":{"@id":"https:\/\/www.confagricoltura.org\/parma\/peste-suina-africana-contributi-regionali\/#primaryimage"},"thumbnailUrl":"https:\/\/www.confagricoltura.org\/parma\/wp-content\/uploads\/sites\/10\/2023\/01\/006-PAGINA-6-001-PESTE-SUINA-AFRICANA-Contributi-regionali.jpg","articleSection":["Finanziamenti e bandi","News","Settore suinicolo"],"inLanguage":"it-IT"},{"@type":"WebPage","@id":"https:\/\/www.confagricoltura.org\/parma\/peste-suina-africana-contributi-regionali\/","url":"https:\/\/www.confagricoltura.org\/parma\/peste-suina-africana-contributi-regionali\/","name":"Peste suina africana: contributi regionali - Confagricoltura Parma","isPartOf":{"@id":"https:\/\/www.confagricoltura.org\/parma\/#website"},"primaryImageOfPage":{"@id":"https:\/\/www.confagricoltura.org\/parma\/peste-suina-africana-contributi-regionali\/#primaryimage"},"image":{"@id":"https:\/\/www.confagricoltura.org\/parma\/peste-suina-africana-contributi-regionali\/#primaryimage"},"thumbnailUrl":"https:\/\/www.confagricoltura.org\/parma\/wp-content\/uploads\/sites\/10\/2023\/01\/006-PAGINA-6-001-PESTE-SUINA-AFRICANA-Contributi-regionali.jpg","datePublished":"2023-01-06T16:43:00+00:00","dateModified":"2023-01-18T16:59:08+00:00","author":{"@id":"https:\/\/www.confagricoltura.org\/parma\/#\/schema\/person\/3cd4548d78b676877beb0651a1b885a7"},"breadcrumb":{"@id":"https:\/\/www.confagricoltura.org\/parma\/peste-suina-africana-contributi-regionali\/#breadcrumb"},"inLanguage":"it-IT","potentialAction":[{"@type":"ReadAction","target":["https:\/\/www.confagricoltura.org\/parma\/peste-suina-africana-contributi-regionali\/"]}]},{"@type":"ImageObject","inLanguage":"it-IT","@id":"https:\/\/www.confagricoltura.org\/parma\/peste-suina-africana-contributi-regionali\/#primaryimage","url":"https:\/\/www.confagricoltura.org\/parma\/wp-content\/uploads\/sites\/10\/2023\/01\/006-PAGINA-6-001-PESTE-SUINA-AFRICANA-Contributi-regionali.jpg","contentUrl":"https:\/\/www.confagricoltura.org\/parma\/wp-content\/uploads\/sites\/10\/2023\/01\/006-PAGINA-6-001-PESTE-SUINA-AFRICANA-Contributi-regionali.jpg","width":1080,"height":720},{"@type":"BreadcrumbList","@id":"https:\/\/www.confagricoltura.org\/parma\/peste-suina-africana-contributi-regionali\/#breadcrumb","itemListElement":[{"@type":"ListItem","position":1,"name":"Home","item":"https:\/\/www.confagricoltura.org\/parma\/"},{"@type":"ListItem","position":2,"name":"Peste suina africana: contributi regionali"}]},{"@type":"WebSite","@id":"https:\/\/www.confagricoltura.org\/parma\/#website","url":"https:\/\/www.confagricoltura.org\/parma\/","name":"Confagricoltura Parma","description":"Dalla parte degli Agricoltori","potentialAction":[{"@type":"SearchAction","target":{"@type":"EntryPoint","urlTemplate":"https:\/\/www.confagricoltura.org\/parma\/?s={search_term_string}"},"query-input":{"@type":"PropertyValueSpecification","valueRequired":true,"valueName":"search_term_string"}}],"inLanguage":"it-IT"},{"@type":"Person","@id":"https:\/\/www.confagricoltura.org\/parma\/#\/schema\/person\/3cd4548d78b676877beb0651a1b885a7","name":"confagricolturaparma","image":{"@type":"ImageObject","inLanguage":"it-IT","@id":"https:\/\/www.confagricoltura.org\/parma\/#\/schema\/person\/image\/","url":"https:\/\/secure.gravatar.com\/avatar\/b5b08888682650e8feabb958d1a675c2?s=96&d=mm&r=g","contentUrl":"https:\/\/secure.gravatar.com\/avatar\/b5b08888682650e8feabb958d1a675c2?s=96&d=mm&r=g","caption":"confagricolturaparma"},"url":"https:\/\/www.confagricoltura.org\/parma\/author\/confagricolturaparma\/"}]}},"_links":{"self":[{"href":"https:\/\/www.confagricoltura.org\/parma\/wp-json\/wp\/v2\/posts\/2320","targetHints":{"allow":["GET"]}}],"collection":[{"href":"https:\/\/www.confagricoltura.org\/parma\/wp-json\/wp\/v2\/posts"}],"about":[{"href":"https:\/\/www.confagricoltura.org\/parma\/wp-json\/wp\/v2\/types\/post"}],"author":[{"embeddable":true,"href":"https:\/\/www.confagricoltura.org\/parma\/wp-json\/wp\/v2\/users\/5"}],"replies":[{"embeddable":true,"href":"https:\/\/www.confagricoltura.org\/parma\/wp-json\/wp\/v2\/comments?post=2320"}],"version-history":[{"count":1,"href":"https:\/\/www.confagricoltura.org\/parma\/wp-json\/wp\/v2\/posts\/2320\/revisions"}],"predecessor-version":[{"id":2322,"href":"https:\/\/www.confagricoltura.org\/parma\/wp-json\/wp\/v2\/posts\/2320\/revisions\/2322"}],"wp:featuredmedia":[{"embeddable":true,"href":"https:\/\/www.confagricoltura.org\/parma\/wp-json\/wp\/v2\/media\/2321"}],"wp:attachment":[{"href":"https:\/\/www.confagricoltura.org\/parma\/wp-json\/wp\/v2\/media?parent=2320"}],"wp:term":[{"taxonomy":"category","embeddable":true,"href":"https:\/\/www.confagricoltura.org\/parma\/wp-json\/wp\/v2\/categories?post=2320"},{"taxonomy":"post_tag","embeddable":true,"href":"https:\/\/www.confagricoltura.org\/parma\/wp-json\/wp\/v2\/tags?post=2320"}],"curies":[{"name":"wp","href":"https:\/\/api.w.org\/{rel}","templated":true}]}}