{"id":2185,"date":"2022-11-10T17:16:37","date_gmt":"2022-11-10T16:16:37","guid":{"rendered":"https:\/\/www.confagricoltura.org\/parma\/?p=2185"},"modified":"2022-11-10T17:23:29","modified_gmt":"2022-11-10T16:23:29","slug":"ecomondo-confagricoltura-parma-presente","status":"publish","type":"post","link":"https:\/\/www.confagricoltura.org\/parma\/ecomondo-confagricoltura-parma-presente\/","title":{"rendered":"Ecomondo: Confagricoltura Parma presente"},"content":{"rendered":"\n<p>Sicurezza alimentare e transizione ecologica sono un binomio possibile grazie al ruolo delle tecnologie, che hanno fatto ingresso nel settore primario e della trasformazione con una visione innovativa e sostenibile.&nbsp;<\/p>\n\n\n\n<p>E\u2019 quanto \u00e8 emerso nella tavola rotonda  a Ecomondo <em>\u201cFarm to Fork 2.0: filiere agroalimentari rigenerative, food security, competitivit\u00e0 economica\u201d<\/em> con i presidenti di Confagricoltura, Massimiliano Giansanti; di Federalimentare, Ivano Vacondio, di Federchimica Assofertilizzanti, Giovanni Toffoli; di Federchimica Agrofarma, Riccardo Vanelli, e la vicepresidente di Federchimica Assobiotec, Elena Sgaravatti.<\/p>\n\n\n\n<p>Una tavola rotonda alla quale ha assistito anche una delegazione di Confagricoltura Parma guidata dal vicepresidente Fabio Borella, dal direttore Eugenio Zedda e dal consigliere di presidenza Alessandro Botti. <\/p>\n\n\n\n<p>L\u2019Italia, rispetto agli obiettivi della Farm to Fork, ha fatto molto, tuttavia &#8211; come \u00e8 emerso nella relazione di Denis Pantini di Nomisma, che ha introdotto i temi della tavola rotonda &#8211; le recenti proposte normative, quali il regolamento sull\u2019uso sostenibile dei fitofarmaci e la direttiva emissioni, potrebbero penalizzare pesantemente il nostro sistema agroalimentare e di conseguenza mettere a rischio la nostra \u201cfood security\u201d.<\/p>\n\n\n\n<p>\u201cNel dibattito relativo alla transizione ecologica \u2013 ha detto Massimiliano Giansanti \u2013 il settore primario \u00e8 spesso sul banco degli accusati, tuttavia gli agricoltori stanno pagando duramente gli effetti della crisi climatica. L\u2019interesse a intraprendere il percorso della sostenibilit\u00e0 \u00e8, quindi, vivo e reale, guidato dalla necessit\u00e0 di coniugare la salvaguardia dell\u2019ambiente e della competitivit\u00e0 aziendale. Purtroppo, nel dibattito in corso si tende ancora a contrapporre la sostenibilit\u00e0 ambientale con quella economica. La sicurezza alimentare, per il momento, \u00e8 garantita ma non \u00e8 scontata per sempre, ha bisogno di attenzione, di cure e di rinnovate strategie che la preservino. La strada prefigurata dalla commissione, fatta di divieti, tagli e burocrazia, mette a rischio il potenziale produttivo delle aziende e la sicurezza dei rifornimenti\u201d.<\/p>\n\n\n\n<p><br>\u201cIn merito al Farm to fork&nbsp; &#8211; ha affermato Ivano Vacondio &#8211; da subito ci siamo ripromessi&nbsp; di lottare per affermare il principio per il quale la sostenibilit\u00e0 va sempre vista in tutte le sue componenti (sociale, ambientale ed economica) ed evitare che si trasformi esclusivamente in uno strumento di politica commerciale tendente a compromettere interi settori e mettendo fuori mercato molti prodotti del Made in Italy alimentare, che rappresenta il fiore all\u2019occhiello del nostro Paese. Fortunatamente qualche segnale positivo lo stiamo registrando. \u00c8 il caso dell\u2019etichettatura fronte pacco (FOP) &#8211; una proposta fortunatamente ancora in gioco. La Commissione sembra essersi resa conto della complessit\u00e0 del tema e delle ricadute di una eventuale scelta inadeguata sulla stabilit\u00e0 del mercato unico\u201d.<\/p>\n\n\n\n<p>\u201cLa sfida della sostenibilit\u00e0&nbsp; &#8211; ha detto&nbsp; Elena Sgaravatti &#8211; corre parallela a quella della produttivit\u00e0 e il sistema agroalimentare italiano deve affrontarle entrambe. Come conciliarle? Certamente una gestione oculata di tutte le risorse e le prospettive della digitalizzazione vanno in questo senso. Ma le scienze della vita, le biotecnologie avanzate, continueranno ad avere un ruolo determinante. La possibilit\u00e0 di intervenire con i metodi precisi del genome editing, per noi Tecniche di Evoluzione Assistita (TEA), capaci di valorizzare la straordinaria biodiversit\u00e0 del patrimonio varietale italiano, apre strade che dobbiamo percorrere con determinazione. Produrre cibo abbondante e sicuro per tutti e difendere la competitivit\u00e0 del \u201cmade in Italy\u201d su tutti i mercati \u00e8 quello che dobbiamo porci come obiettivo, disponendo di nuove variet\u00e0 resistenti alle avversit\u00e0 e adeguate alle nuove condizioni climatiche. Questo pu\u00f2 avvenire solo se disporremo di un quadro normativo adeguato e di investimenti sull\u2019innovazione orientati a sostenere le eccellenze della nostra ricerca, che consentano di trasferire rapidamente al campo coltivato i successi ottenuti in &nbsp;laboratorio.\u201d<\/p>\n\n\n\n<p><br>\u201cLa nostra industria &#8211; ha affermato Riccardo Vanelli &#8211; condivide l\u2019obiettivo di un sistema agroalimentare pi\u00f9 sostenibile e ha assunto degli impegni volontari nelle aree dell\u2019innovazione, della formazione e dell\u2019economia circolare che vanno proprio in questa direzione. Ma abbiamo bisogno di un contesto normativo che valorizzi l\u2019introduzione di nuove soluzioni e che, al contempo, tuteli la competitivit\u00e0 del Made in Italy, e non di limiti quantitativi fissati senza un\u2019adeguata valutazione d\u2019impatto complessiva\u201d.&nbsp;<\/p>\n\n\n\n<p>\u201cGrazie anche al nuovo Regolamento fertilizzanti \u2013 ha commentato Giovanni Toffoli&nbsp; &#8211; le imprese del settore stanno portando avanti attivit\u00e0 di ricerca per prodotti sempre pi\u00f9 sostenibili ed efficaci. Non possiamo, per\u00f2, non considerare le criticit\u00e0 che stiamo vivendo in questo periodo storico, tra crisi energetica e conflitto in Ucraina. Per questo motivo&nbsp; &#8211; ha concluso &#8211; auspichiamo un sostegno concreto da parte delle istituzioni per garantire la capacit\u00e0 produttiva europea, ribadendo l\u2019importanza della fertilizzazione per la sicurezza alimentare\u201d.<\/p>\n","protected":false},"excerpt":{"rendered":"<p>Trattati i temi della food security, della transizione ecologica e della competitivit\u00e0. <\/p>\n","protected":false},"author":5,"featured_media":2186,"comment_status":"closed","ping_status":"closed","sticky":false,"template":"","format":"standard","meta":{"wp_mapbox_gl_js_media":[],"footnotes":""},"categories":[4],"tags":[],"class_list":["post-2185","post","type-post","status-publish","format-standard","has-post-thumbnail","hentry","category-news"],"yoast_head":"<!-- This site is optimized with the Yoast SEO plugin v26.8 - https:\/\/yoast.com\/product\/yoast-seo-wordpress\/ -->\n<title>Ecomondo: Confagricoltura Parma presente - Confagricoltura Parma<\/title>\n<meta name=\"robots\" content=\"index, follow, max-snippet:-1, max-image-preview:large, max-video-preview:-1\" \/>\n<link rel=\"canonical\" href=\"https:\/\/www.confagricoltura.org\/parma\/ecomondo-confagricoltura-parma-presente\/\" \/>\n<meta property=\"og:locale\" content=\"it_IT\" \/>\n<meta property=\"og:type\" content=\"article\" \/>\n<meta property=\"og:title\" content=\"Ecomondo: Confagricoltura Parma presente - Confagricoltura Parma\" \/>\n<meta property=\"og:description\" content=\"Trattati i temi della food security, della transizione ecologica e della competitivit\u00e0.\" \/>\n<meta property=\"og:url\" content=\"https:\/\/www.confagricoltura.org\/parma\/ecomondo-confagricoltura-parma-presente\/\" \/>\n<meta property=\"og:site_name\" content=\"Confagricoltura Parma\" \/>\n<meta property=\"article:published_time\" content=\"2022-11-10T16:16:37+00:00\" \/>\n<meta property=\"article:modified_time\" content=\"2022-11-10T16:23:29+00:00\" \/>\n<meta property=\"og:image\" content=\"https:\/\/www.confagricoltura.org\/parma\/wp-content\/uploads\/sites\/10\/2022\/11\/PHOTO-2022-11-10-16-08-54.jpg\" \/>\n\t<meta property=\"og:image:width\" content=\"2048\" \/>\n\t<meta property=\"og:image:height\" content=\"1536\" \/>\n\t<meta property=\"og:image:type\" content=\"image\/jpeg\" \/>\n<meta name=\"author\" content=\"confagricolturaparma\" \/>\n<meta name=\"twitter:card\" content=\"summary_large_image\" \/>\n<meta name=\"twitter:label1\" content=\"Scritto da\" \/>\n\t<meta name=\"twitter:data1\" content=\"confagricolturaparma\" \/>\n\t<meta name=\"twitter:label2\" content=\"Tempo di lettura stimato\" \/>\n\t<meta name=\"twitter:data2\" content=\"4 minuti\" \/>\n<script type=\"application\/ld+json\" class=\"yoast-schema-graph\">{\"@context\":\"https:\/\/schema.org\",\"@graph\":[{\"@type\":\"Article\",\"@id\":\"https:\/\/www.confagricoltura.org\/parma\/ecomondo-confagricoltura-parma-presente\/#article\",\"isPartOf\":{\"@id\":\"https:\/\/www.confagricoltura.org\/parma\/ecomondo-confagricoltura-parma-presente\/\"},\"author\":{\"name\":\"confagricolturaparma\",\"@id\":\"https:\/\/www.confagricoltura.org\/parma\/#\/schema\/person\/3cd4548d78b676877beb0651a1b885a7\"},\"headline\":\"Ecomondo: Confagricoltura Parma presente\",\"datePublished\":\"2022-11-10T16:16:37+00:00\",\"dateModified\":\"2022-11-10T16:23:29+00:00\",\"mainEntityOfPage\":{\"@id\":\"https:\/\/www.confagricoltura.org\/parma\/ecomondo-confagricoltura-parma-presente\/\"},\"wordCount\":748,\"image\":{\"@id\":\"https:\/\/www.confagricoltura.org\/parma\/ecomondo-confagricoltura-parma-presente\/#primaryimage\"},\"thumbnailUrl\":\"https:\/\/www.confagricoltura.org\/parma\/wp-content\/uploads\/sites\/10\/2022\/11\/PHOTO-2022-11-10-16-08-54.jpg\",\"articleSection\":[\"News\"],\"inLanguage\":\"it-IT\"},{\"@type\":\"WebPage\",\"@id\":\"https:\/\/www.confagricoltura.org\/parma\/ecomondo-confagricoltura-parma-presente\/\",\"url\":\"https:\/\/www.confagricoltura.org\/parma\/ecomondo-confagricoltura-parma-presente\/\",\"name\":\"Ecomondo: Confagricoltura Parma presente - Confagricoltura Parma\",\"isPartOf\":{\"@id\":\"https:\/\/www.confagricoltura.org\/parma\/#website\"},\"primaryImageOfPage\":{\"@id\":\"https:\/\/www.confagricoltura.org\/parma\/ecomondo-confagricoltura-parma-presente\/#primaryimage\"},\"image\":{\"@id\":\"https:\/\/www.confagricoltura.org\/parma\/ecomondo-confagricoltura-parma-presente\/#primaryimage\"},\"thumbnailUrl\":\"https:\/\/www.confagricoltura.org\/parma\/wp-content\/uploads\/sites\/10\/2022\/11\/PHOTO-2022-11-10-16-08-54.jpg\",\"datePublished\":\"2022-11-10T16:16:37+00:00\",\"dateModified\":\"2022-11-10T16:23:29+00:00\",\"author\":{\"@id\":\"https:\/\/www.confagricoltura.org\/parma\/#\/schema\/person\/3cd4548d78b676877beb0651a1b885a7\"},\"breadcrumb\":{\"@id\":\"https:\/\/www.confagricoltura.org\/parma\/ecomondo-confagricoltura-parma-presente\/#breadcrumb\"},\"inLanguage\":\"it-IT\",\"potentialAction\":[{\"@type\":\"ReadAction\",\"target\":[\"https:\/\/www.confagricoltura.org\/parma\/ecomondo-confagricoltura-parma-presente\/\"]}]},{\"@type\":\"ImageObject\",\"inLanguage\":\"it-IT\",\"@id\":\"https:\/\/www.confagricoltura.org\/parma\/ecomondo-confagricoltura-parma-presente\/#primaryimage\",\"url\":\"https:\/\/www.confagricoltura.org\/parma\/wp-content\/uploads\/sites\/10\/2022\/11\/PHOTO-2022-11-10-16-08-54.jpg\",\"contentUrl\":\"https:\/\/www.confagricoltura.org\/parma\/wp-content\/uploads\/sites\/10\/2022\/11\/PHOTO-2022-11-10-16-08-54.jpg\",\"width\":2048,\"height\":1536},{\"@type\":\"BreadcrumbList\",\"@id\":\"https:\/\/www.confagricoltura.org\/parma\/ecomondo-confagricoltura-parma-presente\/#breadcrumb\",\"itemListElement\":[{\"@type\":\"ListItem\",\"position\":1,\"name\":\"Home\",\"item\":\"https:\/\/www.confagricoltura.org\/parma\/\"},{\"@type\":\"ListItem\",\"position\":2,\"name\":\"Ecomondo: Confagricoltura Parma presente\"}]},{\"@type\":\"WebSite\",\"@id\":\"https:\/\/www.confagricoltura.org\/parma\/#website\",\"url\":\"https:\/\/www.confagricoltura.org\/parma\/\",\"name\":\"Confagricoltura Parma\",\"description\":\"Dalla parte degli Agricoltori\",\"potentialAction\":[{\"@type\":\"SearchAction\",\"target\":{\"@type\":\"EntryPoint\",\"urlTemplate\":\"https:\/\/www.confagricoltura.org\/parma\/?s={search_term_string}\"},\"query-input\":{\"@type\":\"PropertyValueSpecification\",\"valueRequired\":true,\"valueName\":\"search_term_string\"}}],\"inLanguage\":\"it-IT\"},{\"@type\":\"Person\",\"@id\":\"https:\/\/www.confagricoltura.org\/parma\/#\/schema\/person\/3cd4548d78b676877beb0651a1b885a7\",\"name\":\"confagricolturaparma\",\"image\":{\"@type\":\"ImageObject\",\"inLanguage\":\"it-IT\",\"@id\":\"https:\/\/www.confagricoltura.org\/parma\/#\/schema\/person\/image\/\",\"url\":\"https:\/\/secure.gravatar.com\/avatar\/b5b08888682650e8feabb958d1a675c2?s=96&d=mm&r=g\",\"contentUrl\":\"https:\/\/secure.gravatar.com\/avatar\/b5b08888682650e8feabb958d1a675c2?s=96&d=mm&r=g\",\"caption\":\"confagricolturaparma\"},\"url\":\"https:\/\/www.confagricoltura.org\/parma\/author\/confagricolturaparma\/\"}]}<\/script>\n<!-- \/ Yoast SEO plugin. -->","yoast_head_json":{"title":"Ecomondo: Confagricoltura Parma presente - Confagricoltura Parma","robots":{"index":"index","follow":"follow","max-snippet":"max-snippet:-1","max-image-preview":"max-image-preview:large","max-video-preview":"max-video-preview:-1"},"canonical":"https:\/\/www.confagricoltura.org\/parma\/ecomondo-confagricoltura-parma-presente\/","og_locale":"it_IT","og_type":"article","og_title":"Ecomondo: Confagricoltura Parma presente - Confagricoltura Parma","og_description":"Trattati i temi della food security, della transizione ecologica e della competitivit\u00e0.","og_url":"https:\/\/www.confagricoltura.org\/parma\/ecomondo-confagricoltura-parma-presente\/","og_site_name":"Confagricoltura Parma","article_published_time":"2022-11-10T16:16:37+00:00","article_modified_time":"2022-11-10T16:23:29+00:00","og_image":[{"width":2048,"height":1536,"url":"https:\/\/www.confagricoltura.org\/parma\/wp-content\/uploads\/sites\/10\/2022\/11\/PHOTO-2022-11-10-16-08-54.jpg","type":"image\/jpeg"}],"author":"confagricolturaparma","twitter_card":"summary_large_image","twitter_misc":{"Scritto da":"confagricolturaparma","Tempo di lettura stimato":"4 minuti"},"schema":{"@context":"https:\/\/schema.org","@graph":[{"@type":"Article","@id":"https:\/\/www.confagricoltura.org\/parma\/ecomondo-confagricoltura-parma-presente\/#article","isPartOf":{"@id":"https:\/\/www.confagricoltura.org\/parma\/ecomondo-confagricoltura-parma-presente\/"},"author":{"name":"confagricolturaparma","@id":"https:\/\/www.confagricoltura.org\/parma\/#\/schema\/person\/3cd4548d78b676877beb0651a1b885a7"},"headline":"Ecomondo: Confagricoltura Parma presente","datePublished":"2022-11-10T16:16:37+00:00","dateModified":"2022-11-10T16:23:29+00:00","mainEntityOfPage":{"@id":"https:\/\/www.confagricoltura.org\/parma\/ecomondo-confagricoltura-parma-presente\/"},"wordCount":748,"image":{"@id":"https:\/\/www.confagricoltura.org\/parma\/ecomondo-confagricoltura-parma-presente\/#primaryimage"},"thumbnailUrl":"https:\/\/www.confagricoltura.org\/parma\/wp-content\/uploads\/sites\/10\/2022\/11\/PHOTO-2022-11-10-16-08-54.jpg","articleSection":["News"],"inLanguage":"it-IT"},{"@type":"WebPage","@id":"https:\/\/www.confagricoltura.org\/parma\/ecomondo-confagricoltura-parma-presente\/","url":"https:\/\/www.confagricoltura.org\/parma\/ecomondo-confagricoltura-parma-presente\/","name":"Ecomondo: Confagricoltura Parma presente - Confagricoltura Parma","isPartOf":{"@id":"https:\/\/www.confagricoltura.org\/parma\/#website"},"primaryImageOfPage":{"@id":"https:\/\/www.confagricoltura.org\/parma\/ecomondo-confagricoltura-parma-presente\/#primaryimage"},"image":{"@id":"https:\/\/www.confagricoltura.org\/parma\/ecomondo-confagricoltura-parma-presente\/#primaryimage"},"thumbnailUrl":"https:\/\/www.confagricoltura.org\/parma\/wp-content\/uploads\/sites\/10\/2022\/11\/PHOTO-2022-11-10-16-08-54.jpg","datePublished":"2022-11-10T16:16:37+00:00","dateModified":"2022-11-10T16:23:29+00:00","author":{"@id":"https:\/\/www.confagricoltura.org\/parma\/#\/schema\/person\/3cd4548d78b676877beb0651a1b885a7"},"breadcrumb":{"@id":"https:\/\/www.confagricoltura.org\/parma\/ecomondo-confagricoltura-parma-presente\/#breadcrumb"},"inLanguage":"it-IT","potentialAction":[{"@type":"ReadAction","target":["https:\/\/www.confagricoltura.org\/parma\/ecomondo-confagricoltura-parma-presente\/"]}]},{"@type":"ImageObject","inLanguage":"it-IT","@id":"https:\/\/www.confagricoltura.org\/parma\/ecomondo-confagricoltura-parma-presente\/#primaryimage","url":"https:\/\/www.confagricoltura.org\/parma\/wp-content\/uploads\/sites\/10\/2022\/11\/PHOTO-2022-11-10-16-08-54.jpg","contentUrl":"https:\/\/www.confagricoltura.org\/parma\/wp-content\/uploads\/sites\/10\/2022\/11\/PHOTO-2022-11-10-16-08-54.jpg","width":2048,"height":1536},{"@type":"BreadcrumbList","@id":"https:\/\/www.confagricoltura.org\/parma\/ecomondo-confagricoltura-parma-presente\/#breadcrumb","itemListElement":[{"@type":"ListItem","position":1,"name":"Home","item":"https:\/\/www.confagricoltura.org\/parma\/"},{"@type":"ListItem","position":2,"name":"Ecomondo: Confagricoltura Parma presente"}]},{"@type":"WebSite","@id":"https:\/\/www.confagricoltura.org\/parma\/#website","url":"https:\/\/www.confagricoltura.org\/parma\/","name":"Confagricoltura Parma","description":"Dalla parte degli Agricoltori","potentialAction":[{"@type":"SearchAction","target":{"@type":"EntryPoint","urlTemplate":"https:\/\/www.confagricoltura.org\/parma\/?s={search_term_string}"},"query-input":{"@type":"PropertyValueSpecification","valueRequired":true,"valueName":"search_term_string"}}],"inLanguage":"it-IT"},{"@type":"Person","@id":"https:\/\/www.confagricoltura.org\/parma\/#\/schema\/person\/3cd4548d78b676877beb0651a1b885a7","name":"confagricolturaparma","image":{"@type":"ImageObject","inLanguage":"it-IT","@id":"https:\/\/www.confagricoltura.org\/parma\/#\/schema\/person\/image\/","url":"https:\/\/secure.gravatar.com\/avatar\/b5b08888682650e8feabb958d1a675c2?s=96&d=mm&r=g","contentUrl":"https:\/\/secure.gravatar.com\/avatar\/b5b08888682650e8feabb958d1a675c2?s=96&d=mm&r=g","caption":"confagricolturaparma"},"url":"https:\/\/www.confagricoltura.org\/parma\/author\/confagricolturaparma\/"}]}},"_links":{"self":[{"href":"https:\/\/www.confagricoltura.org\/parma\/wp-json\/wp\/v2\/posts\/2185","targetHints":{"allow":["GET"]}}],"collection":[{"href":"https:\/\/www.confagricoltura.org\/parma\/wp-json\/wp\/v2\/posts"}],"about":[{"href":"https:\/\/www.confagricoltura.org\/parma\/wp-json\/wp\/v2\/types\/post"}],"author":[{"embeddable":true,"href":"https:\/\/www.confagricoltura.org\/parma\/wp-json\/wp\/v2\/users\/5"}],"replies":[{"embeddable":true,"href":"https:\/\/www.confagricoltura.org\/parma\/wp-json\/wp\/v2\/comments?post=2185"}],"version-history":[{"count":2,"href":"https:\/\/www.confagricoltura.org\/parma\/wp-json\/wp\/v2\/posts\/2185\/revisions"}],"predecessor-version":[{"id":2188,"href":"https:\/\/www.confagricoltura.org\/parma\/wp-json\/wp\/v2\/posts\/2185\/revisions\/2188"}],"wp:featuredmedia":[{"embeddable":true,"href":"https:\/\/www.confagricoltura.org\/parma\/wp-json\/wp\/v2\/media\/2186"}],"wp:attachment":[{"href":"https:\/\/www.confagricoltura.org\/parma\/wp-json\/wp\/v2\/media?parent=2185"}],"wp:term":[{"taxonomy":"category","embeddable":true,"href":"https:\/\/www.confagricoltura.org\/parma\/wp-json\/wp\/v2\/categories?post=2185"},{"taxonomy":"post_tag","embeddable":true,"href":"https:\/\/www.confagricoltura.org\/parma\/wp-json\/wp\/v2\/tags?post=2185"}],"curies":[{"name":"wp","href":"https:\/\/api.w.org\/{rel}","templated":true}]}}