{"id":1966,"date":"2022-08-01T16:26:16","date_gmt":"2022-08-01T14:26:16","guid":{"rendered":"https:\/\/www.confagricoltura.org\/parma\/?p=1966"},"modified":"2022-08-01T16:27:12","modified_gmt":"2022-08-01T14:27:12","slug":"spighe-verdi-parma-confermata","status":"publish","type":"post","link":"https:\/\/www.confagricoltura.org\/parma\/spighe-verdi-parma-confermata\/","title":{"rendered":"Spighe Verdi: riconoscimento confermato per Parma"},"content":{"rendered":"\n<p>E\u2019 stato conferito da FEE Italia \u2013 Foundation of Environmental Education &#8211; al Comune di Parma il riconoscimento nazionale \u201cSpighe Verdi\u201d 2022. <\/p>\n\n\n\n<p>La Bandiera blu \u201cSpighe Verdi\u201d \u00e8 assegnata ai Comuni rurali che si prodigano per lo sviluppo sostenibile del territorio, la cura dell\u2019ambiente, la difesa del paesaggio. I Comuni rurali, e Parma \u00e8 fra questi, hanno la \u201cSpiga Verde\u201d, come le localit\u00e0 turistiche balneari hanno la \u201cBandiera blu\u201d. Il programma \u201cSpighe Verdi\u201d \u00e8 sviluppato da FEE Italia \u2013 Foundation for Environmental Education, in collaborazione con Confagricoltura, ed ha lo scopo di favorire lo sviluppo sostenibile e la tutela dell\u2019ambiente nei Comuni rurali, attraverso un sistema di certificazione volontario, collaudato in 30 anni di esperienza internazionale, con il programma \u201cBandiera Blu\u201d.<\/p>\n\n\n\n<p>Sono 63 i Comuni Italiani che, quest\u2019anno, potranno far sventolare la Bandiera blu \u201cSpighe Verdi\u201d che attesta questo premio; tra questi Parma \u00e8 stata confermata, unico Comune dell\u2019Emilia-Romagna, anche nel 2022, dopo la prima assegnazione avvenuta lo scorso anno.<\/p>\n\n\n\n<p>Il riconoscimento \u00e8 stato assegnato, oggi, nel corso di una diretta Facebook che \u00e8 stata aperta da Claudio Mazza, Presidente di FEE Italia, assieme a Andrea Rinelli di FEE Italia &#8211; Spighe Verdi, ed ha visto la partecipazione di Massimiliano Giansanti, Presidente Nazionale di Confagricoltura.<\/p>\n\n\n\n<p>Nato nel 2016, il riconoscimento \u00e8 legato alla valutazione delle proposte di candidatura da parte di una commissione nazionale formata da esperti del Ministero delle Politiche Agricole, del Turismo, dei Beni e delle attivit\u00e0 culturali, del Corpo Forestale dello Stato, dell\u2019Istituto Superiore per la protezione e ricerca ambientale, Consiglio Nazionale delle Ricerche e FEE Italia.<\/p>\n\n\n\n<p>Il presidente di FEE Italia, Claudio Mazza, ha spiegato che il riconoscimento attesta l\u2019impegno dei Comuni in favore della transizione ecologica, della cultura ed educazione ambientale. Si tratta di realt\u00e0 che fungono anche da modello a livello nazionale, proprio per l\u2019impegno profuso in percorsi che riguardano il miglioramento della qualit\u00e0 della vita dei propri cittadini, ma anche dei turisti.<\/p>\n\n\n\n<p>Soddisfazione \u00e8 stata espressa dal Sindaco, Michele Guerra e dall\u2019Assessore all\u2019Ambiente Gianluca Borghi. \u201cAccogliamo la riconferma di questo prestigioso riconoscimento \u2013 hanno sottolineato il Sindaco Guerra e l\u2019Assessore Borghi \u2013 con soddisfazione a testimonianza dell\u2019impegno profuso in questi anni per favorire e sostenere la diffusione di una cultura della sostenibilit\u00e0 ambientale, economica e sociale. Parma potr\u00e0 fregiarsi anche nel 2022 della Bandiera blu di \u201cSpighe Verdi, uno stimolo per affrontare le sfide del futuro, legate alla sostenibilit\u00e0 ambientale ed alla transizione green, con slancio, consapevolezza e determinazione\u201d.<\/p>\n\n\n\n<p>Mario Marini, Presidente di Confagricoltura Parma, ha dichiarato: \u201c\u201cLa conferma del riconoscimento Spighe Verdi alla Citt\u00e0 di Parma per il secondo anno consecutivo certifica il buon lavoro che si sta svolgendo, a pi\u00f9 livelli, nella nostra Citt\u00e0. Un territorio amico dell\u2019ambiente e cos\u00ec attento alle pratiche green \u00e8 certamente il miglior alleato per un\u2019agricoltura d\u2019eccellenza come quella Parmense che sta affrontando tante difficolt\u00e0 &#8211; dalla crisi idrica all\u2019aumento del costo dell\u2019energia e delle materie prime -, ma che si pone in prima fila nella ricerca di soluzioni sempre pi\u00f9 sostenibili sul piano ambientale perseguendo obiettivi come l\u2019uso efficiente della risorsa idrica, il benessere animale e la tutela dell\u2019ambiente del quale gli agricoltori sono i primi custodi.<br>Il riconoscimento Spighe Verdi dimostra il grande impegno della nostra Citt\u00e0 a scegliere strategie di gestione del territorio in un percorso virtuoso che giovi all\u2019ambiente e alla qualit\u00e0 della vita dell\u2019intera comunit\u00e0, sposando in pieno quelli che sono, da sempre, i valori che ogni giorno guidano gli agricoltori che qui realizzano prodotti straordinari ed inimitabili come Parmigiano e Prosciutto. L\u2019auspicio, ora, \u00e8 che anche i comuni della provincia inizino questo percorso di valorizzazione , partecipando al bando Spighe Verdi del prossimo anno, perch\u00e9 l\u2019assegnazione della bandiera \u201cSpighe Verdi\u201d pu\u00f2 essere un valore aggiunto per un territorio che punta sullo sviluppo del turismo lento, focalizzato sull\u2019enogastronomia, come quello del Parmense\u201d.<\/p>\n","protected":false},"excerpt":{"rendered":"<p>Marini: &#8220;Certificato un ottimo lavoro a pi\u00f9 livelli&#8221;. <\/p>\n","protected":false},"author":5,"featured_media":1967,"comment_status":"closed","ping_status":"closed","sticky":true,"template":"","format":"standard","meta":{"wp_mapbox_gl_js_media":[],"footnotes":""},"categories":[23],"tags":[],"class_list":["post-1966","post","type-post","status-publish","format-standard","has-post-thumbnail","hentry","category-gazzettino-agricolo"],"yoast_head":"<!-- This site is optimized with the Yoast SEO plugin v26.8 - https:\/\/yoast.com\/product\/yoast-seo-wordpress\/ -->\n<title>Spighe Verdi: riconoscimento confermato per Parma - Confagricoltura Parma<\/title>\n<meta name=\"robots\" content=\"index, follow, max-snippet:-1, max-image-preview:large, max-video-preview:-1\" \/>\n<link rel=\"canonical\" href=\"https:\/\/www.confagricoltura.org\/parma\/spighe-verdi-parma-confermata\/\" \/>\n<meta property=\"og:locale\" content=\"it_IT\" \/>\n<meta property=\"og:type\" content=\"article\" \/>\n<meta property=\"og:title\" content=\"Spighe Verdi: riconoscimento confermato per Parma - Confagricoltura Parma\" \/>\n<meta property=\"og:description\" content=\"Marini: &quot;Certificato un ottimo lavoro a pi\u00f9 livelli&quot;.\" \/>\n<meta property=\"og:url\" content=\"https:\/\/www.confagricoltura.org\/parma\/spighe-verdi-parma-confermata\/\" \/>\n<meta property=\"og:site_name\" content=\"Confagricoltura Parma\" \/>\n<meta property=\"article:published_time\" content=\"2022-08-01T14:26:16+00:00\" \/>\n<meta property=\"article:modified_time\" content=\"2022-08-01T14:27:12+00:00\" \/>\n<meta property=\"og:image\" content=\"https:\/\/www.confagricoltura.org\/parma\/wp-content\/uploads\/sites\/10\/2022\/08\/spighe-verdi-bandiera-con-paesaggio-dietro-kwRB-1020x533@IlSole24Ore-Web.jpg\" \/>\n\t<meta property=\"og:image:width\" content=\"1018\" \/>\n\t<meta property=\"og:image:height\" content=\"533\" \/>\n\t<meta property=\"og:image:type\" content=\"image\/jpeg\" \/>\n<meta name=\"author\" content=\"confagricolturaparma\" \/>\n<meta name=\"twitter:card\" content=\"summary_large_image\" \/>\n<meta name=\"twitter:label1\" content=\"Scritto da\" \/>\n\t<meta name=\"twitter:data1\" content=\"confagricolturaparma\" \/>\n\t<meta name=\"twitter:label2\" content=\"Tempo di lettura stimato\" \/>\n\t<meta name=\"twitter:data2\" content=\"3 minuti\" \/>\n<script type=\"application\/ld+json\" class=\"yoast-schema-graph\">{\"@context\":\"https:\/\/schema.org\",\"@graph\":[{\"@type\":\"Article\",\"@id\":\"https:\/\/www.confagricoltura.org\/parma\/spighe-verdi-parma-confermata\/#article\",\"isPartOf\":{\"@id\":\"https:\/\/www.confagricoltura.org\/parma\/spighe-verdi-parma-confermata\/\"},\"author\":{\"name\":\"confagricolturaparma\",\"@id\":\"https:\/\/www.confagricoltura.org\/parma\/#\/schema\/person\/3cd4548d78b676877beb0651a1b885a7\"},\"headline\":\"Spighe Verdi: riconoscimento confermato per Parma\",\"datePublished\":\"2022-08-01T14:26:16+00:00\",\"dateModified\":\"2022-08-01T14:27:12+00:00\",\"mainEntityOfPage\":{\"@id\":\"https:\/\/www.confagricoltura.org\/parma\/spighe-verdi-parma-confermata\/\"},\"wordCount\":639,\"image\":{\"@id\":\"https:\/\/www.confagricoltura.org\/parma\/spighe-verdi-parma-confermata\/#primaryimage\"},\"thumbnailUrl\":\"https:\/\/www.confagricoltura.org\/parma\/wp-content\/uploads\/sites\/10\/2022\/08\/spighe-verdi-bandiera-con-paesaggio-dietro-kwRB-1020x533@IlSole24Ore-Web.jpg\",\"articleSection\":[\"Gazzettino Agricolo\"],\"inLanguage\":\"it-IT\"},{\"@type\":\"WebPage\",\"@id\":\"https:\/\/www.confagricoltura.org\/parma\/spighe-verdi-parma-confermata\/\",\"url\":\"https:\/\/www.confagricoltura.org\/parma\/spighe-verdi-parma-confermata\/\",\"name\":\"Spighe Verdi: riconoscimento confermato per Parma - Confagricoltura Parma\",\"isPartOf\":{\"@id\":\"https:\/\/www.confagricoltura.org\/parma\/#website\"},\"primaryImageOfPage\":{\"@id\":\"https:\/\/www.confagricoltura.org\/parma\/spighe-verdi-parma-confermata\/#primaryimage\"},\"image\":{\"@id\":\"https:\/\/www.confagricoltura.org\/parma\/spighe-verdi-parma-confermata\/#primaryimage\"},\"thumbnailUrl\":\"https:\/\/www.confagricoltura.org\/parma\/wp-content\/uploads\/sites\/10\/2022\/08\/spighe-verdi-bandiera-con-paesaggio-dietro-kwRB-1020x533@IlSole24Ore-Web.jpg\",\"datePublished\":\"2022-08-01T14:26:16+00:00\",\"dateModified\":\"2022-08-01T14:27:12+00:00\",\"author\":{\"@id\":\"https:\/\/www.confagricoltura.org\/parma\/#\/schema\/person\/3cd4548d78b676877beb0651a1b885a7\"},\"breadcrumb\":{\"@id\":\"https:\/\/www.confagricoltura.org\/parma\/spighe-verdi-parma-confermata\/#breadcrumb\"},\"inLanguage\":\"it-IT\",\"potentialAction\":[{\"@type\":\"ReadAction\",\"target\":[\"https:\/\/www.confagricoltura.org\/parma\/spighe-verdi-parma-confermata\/\"]}]},{\"@type\":\"ImageObject\",\"inLanguage\":\"it-IT\",\"@id\":\"https:\/\/www.confagricoltura.org\/parma\/spighe-verdi-parma-confermata\/#primaryimage\",\"url\":\"https:\/\/www.confagricoltura.org\/parma\/wp-content\/uploads\/sites\/10\/2022\/08\/spighe-verdi-bandiera-con-paesaggio-dietro-kwRB-1020x533@IlSole24Ore-Web.jpg\",\"contentUrl\":\"https:\/\/www.confagricoltura.org\/parma\/wp-content\/uploads\/sites\/10\/2022\/08\/spighe-verdi-bandiera-con-paesaggio-dietro-kwRB-1020x533@IlSole24Ore-Web.jpg\",\"width\":1018,\"height\":533},{\"@type\":\"BreadcrumbList\",\"@id\":\"https:\/\/www.confagricoltura.org\/parma\/spighe-verdi-parma-confermata\/#breadcrumb\",\"itemListElement\":[{\"@type\":\"ListItem\",\"position\":1,\"name\":\"Home\",\"item\":\"https:\/\/www.confagricoltura.org\/parma\/\"},{\"@type\":\"ListItem\",\"position\":2,\"name\":\"Spighe Verdi: riconoscimento confermato per Parma\"}]},{\"@type\":\"WebSite\",\"@id\":\"https:\/\/www.confagricoltura.org\/parma\/#website\",\"url\":\"https:\/\/www.confagricoltura.org\/parma\/\",\"name\":\"Confagricoltura Parma\",\"description\":\"Dalla parte degli Agricoltori\",\"potentialAction\":[{\"@type\":\"SearchAction\",\"target\":{\"@type\":\"EntryPoint\",\"urlTemplate\":\"https:\/\/www.confagricoltura.org\/parma\/?s={search_term_string}\"},\"query-input\":{\"@type\":\"PropertyValueSpecification\",\"valueRequired\":true,\"valueName\":\"search_term_string\"}}],\"inLanguage\":\"it-IT\"},{\"@type\":\"Person\",\"@id\":\"https:\/\/www.confagricoltura.org\/parma\/#\/schema\/person\/3cd4548d78b676877beb0651a1b885a7\",\"name\":\"confagricolturaparma\",\"image\":{\"@type\":\"ImageObject\",\"inLanguage\":\"it-IT\",\"@id\":\"https:\/\/www.confagricoltura.org\/parma\/#\/schema\/person\/image\/\",\"url\":\"https:\/\/secure.gravatar.com\/avatar\/b5b08888682650e8feabb958d1a675c2?s=96&d=mm&r=g\",\"contentUrl\":\"https:\/\/secure.gravatar.com\/avatar\/b5b08888682650e8feabb958d1a675c2?s=96&d=mm&r=g\",\"caption\":\"confagricolturaparma\"},\"url\":\"https:\/\/www.confagricoltura.org\/parma\/author\/confagricolturaparma\/\"}]}<\/script>\n<!-- \/ Yoast SEO plugin. -->","yoast_head_json":{"title":"Spighe Verdi: riconoscimento confermato per Parma - Confagricoltura Parma","robots":{"index":"index","follow":"follow","max-snippet":"max-snippet:-1","max-image-preview":"max-image-preview:large","max-video-preview":"max-video-preview:-1"},"canonical":"https:\/\/www.confagricoltura.org\/parma\/spighe-verdi-parma-confermata\/","og_locale":"it_IT","og_type":"article","og_title":"Spighe Verdi: riconoscimento confermato per Parma - Confagricoltura Parma","og_description":"Marini: \"Certificato un ottimo lavoro a pi\u00f9 livelli\".","og_url":"https:\/\/www.confagricoltura.org\/parma\/spighe-verdi-parma-confermata\/","og_site_name":"Confagricoltura Parma","article_published_time":"2022-08-01T14:26:16+00:00","article_modified_time":"2022-08-01T14:27:12+00:00","og_image":[{"width":1018,"height":533,"url":"https:\/\/www.confagricoltura.org\/parma\/wp-content\/uploads\/sites\/10\/2022\/08\/spighe-verdi-bandiera-con-paesaggio-dietro-kwRB-1020x533@IlSole24Ore-Web.jpg","type":"image\/jpeg"}],"author":"confagricolturaparma","twitter_card":"summary_large_image","twitter_misc":{"Scritto da":"confagricolturaparma","Tempo di lettura stimato":"3 minuti"},"schema":{"@context":"https:\/\/schema.org","@graph":[{"@type":"Article","@id":"https:\/\/www.confagricoltura.org\/parma\/spighe-verdi-parma-confermata\/#article","isPartOf":{"@id":"https:\/\/www.confagricoltura.org\/parma\/spighe-verdi-parma-confermata\/"},"author":{"name":"confagricolturaparma","@id":"https:\/\/www.confagricoltura.org\/parma\/#\/schema\/person\/3cd4548d78b676877beb0651a1b885a7"},"headline":"Spighe Verdi: riconoscimento confermato per Parma","datePublished":"2022-08-01T14:26:16+00:00","dateModified":"2022-08-01T14:27:12+00:00","mainEntityOfPage":{"@id":"https:\/\/www.confagricoltura.org\/parma\/spighe-verdi-parma-confermata\/"},"wordCount":639,"image":{"@id":"https:\/\/www.confagricoltura.org\/parma\/spighe-verdi-parma-confermata\/#primaryimage"},"thumbnailUrl":"https:\/\/www.confagricoltura.org\/parma\/wp-content\/uploads\/sites\/10\/2022\/08\/spighe-verdi-bandiera-con-paesaggio-dietro-kwRB-1020x533@IlSole24Ore-Web.jpg","articleSection":["Gazzettino Agricolo"],"inLanguage":"it-IT"},{"@type":"WebPage","@id":"https:\/\/www.confagricoltura.org\/parma\/spighe-verdi-parma-confermata\/","url":"https:\/\/www.confagricoltura.org\/parma\/spighe-verdi-parma-confermata\/","name":"Spighe Verdi: riconoscimento confermato per Parma - Confagricoltura Parma","isPartOf":{"@id":"https:\/\/www.confagricoltura.org\/parma\/#website"},"primaryImageOfPage":{"@id":"https:\/\/www.confagricoltura.org\/parma\/spighe-verdi-parma-confermata\/#primaryimage"},"image":{"@id":"https:\/\/www.confagricoltura.org\/parma\/spighe-verdi-parma-confermata\/#primaryimage"},"thumbnailUrl":"https:\/\/www.confagricoltura.org\/parma\/wp-content\/uploads\/sites\/10\/2022\/08\/spighe-verdi-bandiera-con-paesaggio-dietro-kwRB-1020x533@IlSole24Ore-Web.jpg","datePublished":"2022-08-01T14:26:16+00:00","dateModified":"2022-08-01T14:27:12+00:00","author":{"@id":"https:\/\/www.confagricoltura.org\/parma\/#\/schema\/person\/3cd4548d78b676877beb0651a1b885a7"},"breadcrumb":{"@id":"https:\/\/www.confagricoltura.org\/parma\/spighe-verdi-parma-confermata\/#breadcrumb"},"inLanguage":"it-IT","potentialAction":[{"@type":"ReadAction","target":["https:\/\/www.confagricoltura.org\/parma\/spighe-verdi-parma-confermata\/"]}]},{"@type":"ImageObject","inLanguage":"it-IT","@id":"https:\/\/www.confagricoltura.org\/parma\/spighe-verdi-parma-confermata\/#primaryimage","url":"https:\/\/www.confagricoltura.org\/parma\/wp-content\/uploads\/sites\/10\/2022\/08\/spighe-verdi-bandiera-con-paesaggio-dietro-kwRB-1020x533@IlSole24Ore-Web.jpg","contentUrl":"https:\/\/www.confagricoltura.org\/parma\/wp-content\/uploads\/sites\/10\/2022\/08\/spighe-verdi-bandiera-con-paesaggio-dietro-kwRB-1020x533@IlSole24Ore-Web.jpg","width":1018,"height":533},{"@type":"BreadcrumbList","@id":"https:\/\/www.confagricoltura.org\/parma\/spighe-verdi-parma-confermata\/#breadcrumb","itemListElement":[{"@type":"ListItem","position":1,"name":"Home","item":"https:\/\/www.confagricoltura.org\/parma\/"},{"@type":"ListItem","position":2,"name":"Spighe Verdi: riconoscimento confermato per Parma"}]},{"@type":"WebSite","@id":"https:\/\/www.confagricoltura.org\/parma\/#website","url":"https:\/\/www.confagricoltura.org\/parma\/","name":"Confagricoltura Parma","description":"Dalla parte degli Agricoltori","potentialAction":[{"@type":"SearchAction","target":{"@type":"EntryPoint","urlTemplate":"https:\/\/www.confagricoltura.org\/parma\/?s={search_term_string}"},"query-input":{"@type":"PropertyValueSpecification","valueRequired":true,"valueName":"search_term_string"}}],"inLanguage":"it-IT"},{"@type":"Person","@id":"https:\/\/www.confagricoltura.org\/parma\/#\/schema\/person\/3cd4548d78b676877beb0651a1b885a7","name":"confagricolturaparma","image":{"@type":"ImageObject","inLanguage":"it-IT","@id":"https:\/\/www.confagricoltura.org\/parma\/#\/schema\/person\/image\/","url":"https:\/\/secure.gravatar.com\/avatar\/b5b08888682650e8feabb958d1a675c2?s=96&d=mm&r=g","contentUrl":"https:\/\/secure.gravatar.com\/avatar\/b5b08888682650e8feabb958d1a675c2?s=96&d=mm&r=g","caption":"confagricolturaparma"},"url":"https:\/\/www.confagricoltura.org\/parma\/author\/confagricolturaparma\/"}]}},"_links":{"self":[{"href":"https:\/\/www.confagricoltura.org\/parma\/wp-json\/wp\/v2\/posts\/1966","targetHints":{"allow":["GET"]}}],"collection":[{"href":"https:\/\/www.confagricoltura.org\/parma\/wp-json\/wp\/v2\/posts"}],"about":[{"href":"https:\/\/www.confagricoltura.org\/parma\/wp-json\/wp\/v2\/types\/post"}],"author":[{"embeddable":true,"href":"https:\/\/www.confagricoltura.org\/parma\/wp-json\/wp\/v2\/users\/5"}],"replies":[{"embeddable":true,"href":"https:\/\/www.confagricoltura.org\/parma\/wp-json\/wp\/v2\/comments?post=1966"}],"version-history":[{"count":2,"href":"https:\/\/www.confagricoltura.org\/parma\/wp-json\/wp\/v2\/posts\/1966\/revisions"}],"predecessor-version":[{"id":1969,"href":"https:\/\/www.confagricoltura.org\/parma\/wp-json\/wp\/v2\/posts\/1966\/revisions\/1969"}],"wp:featuredmedia":[{"embeddable":true,"href":"https:\/\/www.confagricoltura.org\/parma\/wp-json\/wp\/v2\/media\/1967"}],"wp:attachment":[{"href":"https:\/\/www.confagricoltura.org\/parma\/wp-json\/wp\/v2\/media?parent=1966"}],"wp:term":[{"taxonomy":"category","embeddable":true,"href":"https:\/\/www.confagricoltura.org\/parma\/wp-json\/wp\/v2\/categories?post=1966"},{"taxonomy":"post_tag","embeddable":true,"href":"https:\/\/www.confagricoltura.org\/parma\/wp-json\/wp\/v2\/tags?post=1966"}],"curies":[{"name":"wp","href":"https:\/\/api.w.org\/{rel}","templated":true}]}}