{"id":1955,"date":"2022-07-22T16:05:00","date_gmt":"2022-07-22T14:05:00","guid":{"rendered":"https:\/\/www.confagricoltura.org\/parma\/?p=1955"},"modified":"2022-08-01T16:08:12","modified_gmt":"2022-08-01T14:08:12","slug":"acquedotto-colabrodo","status":"publish","type":"post","link":"https:\/\/www.confagricoltura.org\/parma\/acquedotto-colabrodo\/","title":{"rendered":"Acquedotto colabrodo"},"content":{"rendered":"\n<p>Un\u2019inchiesta della Gazzetta di Parma, pubblicata nei giorni scorsi, ha messo in evidenza come <strong>la rete acquedottistica della sola Citt\u00e0 di Parma perda, ogni giorno, qualcosa come 11mila litri di acqua al giorno<\/strong>. Un disastro se si pensa a tutte le difficolt\u00e0 che il mondo agricolo sta affrontando in questi mesi a causa della siccit\u00e0.&nbsp;<\/p>\n\n\n\n<p>\u201c<strong>L\u201984% di ci\u00f2 che mangiamo arriva dall\u2019agricoltura irrigata<\/strong> &#8211; ha dichiarato in merito <strong>Mario Marini, presidente di Confagricoltura Parma<\/strong>, commentando i dati dell\u2019inchiesta della Gazzetta -. Un dato significativo di quanto l\u2019acqua sia vitale per il comparto agricolo. Sapere che ogni giorno nella sola rete idrica pubblica di Parma si perdano 11mila litri \u00e8 un vero e proprio dramma per un settore come il nostro che, da tempo, ha piena consapevolezza di quanto l\u2019acqua sia vitale ed investe per avere impianti di irrigazione sempre pi\u00f9 efficienti. Siamo in un momento storico al quale all\u2019agricoltura viene chiesto, in continuazione, di produrre di pi\u00f9, a livello mondiale. Di contro per\u00f2 dobbiamo fronteggiare la scarsit\u00e0 d\u2019acqua. <strong>Auspichiamo che questa grave situazione abbia tolto ogni dubbio sulla necessit\u00e0 di superare la politica dell\u2019emergenza per avviare un piano per la modernizzazione del sistema idrico che il Paese aspetta da oltre vent\u2019anni e per realizzare invasi ad uso plurimo.<\/strong> Alcuni strumenti sono gi\u00e0 a disposizione. \u00c8 possibile procedere, da subito, con i lavori di efficientamento della rete nazionale previsti e finanziati nel Pnrr con 190 milioni di euro, ma siamo convinti anche che sia necessario rimodulare la destinazione di una parte delle risorse dello stesso Pnrr, dedicando una quota a nuove infrastrutture strategiche per la raccolta dell\u2019acqua piovana e per la gestione e il riutilizzo dei reflui a scopi irrigui. Il settore primario italiano, inoltre, aspetta da tempo incentivi che rendano pi\u00f9 accessibili alle imprese gli investimenti in tecnologie per il risparmio idrico, come \u00e8 stato fatto in Francia e Spagna\u201d.&nbsp;<\/p>\n","protected":false},"excerpt":{"rendered":"<p>A Parma si perdono 11mila litri di acqua al giorno. <\/p>\n","protected":false},"author":5,"featured_media":1956,"comment_status":"closed","ping_status":"closed","sticky":false,"template":"","format":"standard","meta":{"wp_mapbox_gl_js_media":[],"footnotes":""},"categories":[4],"tags":[],"class_list":["post-1955","post","type-post","status-publish","format-standard","has-post-thumbnail","hentry","category-news"],"yoast_head":"<!-- This site is optimized with the Yoast SEO plugin v26.8 - https:\/\/yoast.com\/product\/yoast-seo-wordpress\/ -->\n<title>Acquedotto colabrodo - Confagricoltura Parma<\/title>\n<meta name=\"robots\" content=\"index, follow, max-snippet:-1, max-image-preview:large, max-video-preview:-1\" \/>\n<link rel=\"canonical\" href=\"https:\/\/www.confagricoltura.org\/parma\/acquedotto-colabrodo\/\" \/>\n<meta property=\"og:locale\" content=\"it_IT\" \/>\n<meta property=\"og:type\" content=\"article\" \/>\n<meta property=\"og:title\" content=\"Acquedotto colabrodo - Confagricoltura Parma\" \/>\n<meta property=\"og:description\" content=\"A Parma si perdono 11mila litri di acqua al giorno.\" \/>\n<meta property=\"og:url\" content=\"https:\/\/www.confagricoltura.org\/parma\/acquedotto-colabrodo\/\" \/>\n<meta property=\"og:site_name\" content=\"Confagricoltura Parma\" \/>\n<meta property=\"article:published_time\" content=\"2022-07-22T14:05:00+00:00\" \/>\n<meta property=\"article:modified_time\" content=\"2022-08-01T14:08:12+00:00\" \/>\n<meta property=\"og:image\" content=\"https:\/\/www.confagricoltura.org\/parma\/wp-content\/uploads\/sites\/10\/2022\/08\/PAGINA-2-CRISI-IDRICA-ED-ACQUEDOTTO-COLABRODO-Commento-di-Mario-Marini.jpg\" \/>\n\t<meta property=\"og:image:width\" content=\"1050\" \/>\n\t<meta property=\"og:image:height\" content=\"590\" \/>\n\t<meta property=\"og:image:type\" content=\"image\/jpeg\" \/>\n<meta name=\"author\" content=\"confagricolturaparma\" \/>\n<meta name=\"twitter:card\" content=\"summary_large_image\" \/>\n<meta name=\"twitter:label1\" content=\"Scritto da\" \/>\n\t<meta name=\"twitter:data1\" content=\"confagricolturaparma\" \/>\n\t<meta name=\"twitter:label2\" content=\"Tempo di lettura stimato\" \/>\n\t<meta name=\"twitter:data2\" content=\"2 minuti\" \/>\n<script type=\"application\/ld+json\" class=\"yoast-schema-graph\">{\"@context\":\"https:\/\/schema.org\",\"@graph\":[{\"@type\":\"Article\",\"@id\":\"https:\/\/www.confagricoltura.org\/parma\/acquedotto-colabrodo\/#article\",\"isPartOf\":{\"@id\":\"https:\/\/www.confagricoltura.org\/parma\/acquedotto-colabrodo\/\"},\"author\":{\"name\":\"confagricolturaparma\",\"@id\":\"https:\/\/www.confagricoltura.org\/parma\/#\/schema\/person\/3cd4548d78b676877beb0651a1b885a7\"},\"headline\":\"Acquedotto colabrodo\",\"datePublished\":\"2022-07-22T14:05:00+00:00\",\"dateModified\":\"2022-08-01T14:08:12+00:00\",\"mainEntityOfPage\":{\"@id\":\"https:\/\/www.confagricoltura.org\/parma\/acquedotto-colabrodo\/\"},\"wordCount\":320,\"image\":{\"@id\":\"https:\/\/www.confagricoltura.org\/parma\/acquedotto-colabrodo\/#primaryimage\"},\"thumbnailUrl\":\"https:\/\/www.confagricoltura.org\/parma\/wp-content\/uploads\/sites\/10\/2022\/08\/PAGINA-2-CRISI-IDRICA-ED-ACQUEDOTTO-COLABRODO-Commento-di-Mario-Marini.jpg\",\"articleSection\":[\"News\"],\"inLanguage\":\"it-IT\"},{\"@type\":\"WebPage\",\"@id\":\"https:\/\/www.confagricoltura.org\/parma\/acquedotto-colabrodo\/\",\"url\":\"https:\/\/www.confagricoltura.org\/parma\/acquedotto-colabrodo\/\",\"name\":\"Acquedotto colabrodo - Confagricoltura Parma\",\"isPartOf\":{\"@id\":\"https:\/\/www.confagricoltura.org\/parma\/#website\"},\"primaryImageOfPage\":{\"@id\":\"https:\/\/www.confagricoltura.org\/parma\/acquedotto-colabrodo\/#primaryimage\"},\"image\":{\"@id\":\"https:\/\/www.confagricoltura.org\/parma\/acquedotto-colabrodo\/#primaryimage\"},\"thumbnailUrl\":\"https:\/\/www.confagricoltura.org\/parma\/wp-content\/uploads\/sites\/10\/2022\/08\/PAGINA-2-CRISI-IDRICA-ED-ACQUEDOTTO-COLABRODO-Commento-di-Mario-Marini.jpg\",\"datePublished\":\"2022-07-22T14:05:00+00:00\",\"dateModified\":\"2022-08-01T14:08:12+00:00\",\"author\":{\"@id\":\"https:\/\/www.confagricoltura.org\/parma\/#\/schema\/person\/3cd4548d78b676877beb0651a1b885a7\"},\"breadcrumb\":{\"@id\":\"https:\/\/www.confagricoltura.org\/parma\/acquedotto-colabrodo\/#breadcrumb\"},\"inLanguage\":\"it-IT\",\"potentialAction\":[{\"@type\":\"ReadAction\",\"target\":[\"https:\/\/www.confagricoltura.org\/parma\/acquedotto-colabrodo\/\"]}]},{\"@type\":\"ImageObject\",\"inLanguage\":\"it-IT\",\"@id\":\"https:\/\/www.confagricoltura.org\/parma\/acquedotto-colabrodo\/#primaryimage\",\"url\":\"https:\/\/www.confagricoltura.org\/parma\/wp-content\/uploads\/sites\/10\/2022\/08\/PAGINA-2-CRISI-IDRICA-ED-ACQUEDOTTO-COLABRODO-Commento-di-Mario-Marini.jpg\",\"contentUrl\":\"https:\/\/www.confagricoltura.org\/parma\/wp-content\/uploads\/sites\/10\/2022\/08\/PAGINA-2-CRISI-IDRICA-ED-ACQUEDOTTO-COLABRODO-Commento-di-Mario-Marini.jpg\",\"width\":1050,\"height\":590},{\"@type\":\"BreadcrumbList\",\"@id\":\"https:\/\/www.confagricoltura.org\/parma\/acquedotto-colabrodo\/#breadcrumb\",\"itemListElement\":[{\"@type\":\"ListItem\",\"position\":1,\"name\":\"Home\",\"item\":\"https:\/\/www.confagricoltura.org\/parma\/\"},{\"@type\":\"ListItem\",\"position\":2,\"name\":\"Acquedotto colabrodo\"}]},{\"@type\":\"WebSite\",\"@id\":\"https:\/\/www.confagricoltura.org\/parma\/#website\",\"url\":\"https:\/\/www.confagricoltura.org\/parma\/\",\"name\":\"Confagricoltura Parma\",\"description\":\"Dalla parte degli Agricoltori\",\"potentialAction\":[{\"@type\":\"SearchAction\",\"target\":{\"@type\":\"EntryPoint\",\"urlTemplate\":\"https:\/\/www.confagricoltura.org\/parma\/?s={search_term_string}\"},\"query-input\":{\"@type\":\"PropertyValueSpecification\",\"valueRequired\":true,\"valueName\":\"search_term_string\"}}],\"inLanguage\":\"it-IT\"},{\"@type\":\"Person\",\"@id\":\"https:\/\/www.confagricoltura.org\/parma\/#\/schema\/person\/3cd4548d78b676877beb0651a1b885a7\",\"name\":\"confagricolturaparma\",\"image\":{\"@type\":\"ImageObject\",\"inLanguage\":\"it-IT\",\"@id\":\"https:\/\/www.confagricoltura.org\/parma\/#\/schema\/person\/image\/\",\"url\":\"https:\/\/secure.gravatar.com\/avatar\/b5b08888682650e8feabb958d1a675c2?s=96&d=mm&r=g\",\"contentUrl\":\"https:\/\/secure.gravatar.com\/avatar\/b5b08888682650e8feabb958d1a675c2?s=96&d=mm&r=g\",\"caption\":\"confagricolturaparma\"},\"url\":\"https:\/\/www.confagricoltura.org\/parma\/author\/confagricolturaparma\/\"}]}<\/script>\n<!-- \/ Yoast SEO plugin. -->","yoast_head_json":{"title":"Acquedotto colabrodo - Confagricoltura Parma","robots":{"index":"index","follow":"follow","max-snippet":"max-snippet:-1","max-image-preview":"max-image-preview:large","max-video-preview":"max-video-preview:-1"},"canonical":"https:\/\/www.confagricoltura.org\/parma\/acquedotto-colabrodo\/","og_locale":"it_IT","og_type":"article","og_title":"Acquedotto colabrodo - Confagricoltura Parma","og_description":"A Parma si perdono 11mila litri di acqua al giorno.","og_url":"https:\/\/www.confagricoltura.org\/parma\/acquedotto-colabrodo\/","og_site_name":"Confagricoltura Parma","article_published_time":"2022-07-22T14:05:00+00:00","article_modified_time":"2022-08-01T14:08:12+00:00","og_image":[{"width":1050,"height":590,"url":"https:\/\/www.confagricoltura.org\/parma\/wp-content\/uploads\/sites\/10\/2022\/08\/PAGINA-2-CRISI-IDRICA-ED-ACQUEDOTTO-COLABRODO-Commento-di-Mario-Marini.jpg","type":"image\/jpeg"}],"author":"confagricolturaparma","twitter_card":"summary_large_image","twitter_misc":{"Scritto da":"confagricolturaparma","Tempo di lettura stimato":"2 minuti"},"schema":{"@context":"https:\/\/schema.org","@graph":[{"@type":"Article","@id":"https:\/\/www.confagricoltura.org\/parma\/acquedotto-colabrodo\/#article","isPartOf":{"@id":"https:\/\/www.confagricoltura.org\/parma\/acquedotto-colabrodo\/"},"author":{"name":"confagricolturaparma","@id":"https:\/\/www.confagricoltura.org\/parma\/#\/schema\/person\/3cd4548d78b676877beb0651a1b885a7"},"headline":"Acquedotto colabrodo","datePublished":"2022-07-22T14:05:00+00:00","dateModified":"2022-08-01T14:08:12+00:00","mainEntityOfPage":{"@id":"https:\/\/www.confagricoltura.org\/parma\/acquedotto-colabrodo\/"},"wordCount":320,"image":{"@id":"https:\/\/www.confagricoltura.org\/parma\/acquedotto-colabrodo\/#primaryimage"},"thumbnailUrl":"https:\/\/www.confagricoltura.org\/parma\/wp-content\/uploads\/sites\/10\/2022\/08\/PAGINA-2-CRISI-IDRICA-ED-ACQUEDOTTO-COLABRODO-Commento-di-Mario-Marini.jpg","articleSection":["News"],"inLanguage":"it-IT"},{"@type":"WebPage","@id":"https:\/\/www.confagricoltura.org\/parma\/acquedotto-colabrodo\/","url":"https:\/\/www.confagricoltura.org\/parma\/acquedotto-colabrodo\/","name":"Acquedotto colabrodo - Confagricoltura Parma","isPartOf":{"@id":"https:\/\/www.confagricoltura.org\/parma\/#website"},"primaryImageOfPage":{"@id":"https:\/\/www.confagricoltura.org\/parma\/acquedotto-colabrodo\/#primaryimage"},"image":{"@id":"https:\/\/www.confagricoltura.org\/parma\/acquedotto-colabrodo\/#primaryimage"},"thumbnailUrl":"https:\/\/www.confagricoltura.org\/parma\/wp-content\/uploads\/sites\/10\/2022\/08\/PAGINA-2-CRISI-IDRICA-ED-ACQUEDOTTO-COLABRODO-Commento-di-Mario-Marini.jpg","datePublished":"2022-07-22T14:05:00+00:00","dateModified":"2022-08-01T14:08:12+00:00","author":{"@id":"https:\/\/www.confagricoltura.org\/parma\/#\/schema\/person\/3cd4548d78b676877beb0651a1b885a7"},"breadcrumb":{"@id":"https:\/\/www.confagricoltura.org\/parma\/acquedotto-colabrodo\/#breadcrumb"},"inLanguage":"it-IT","potentialAction":[{"@type":"ReadAction","target":["https:\/\/www.confagricoltura.org\/parma\/acquedotto-colabrodo\/"]}]},{"@type":"ImageObject","inLanguage":"it-IT","@id":"https:\/\/www.confagricoltura.org\/parma\/acquedotto-colabrodo\/#primaryimage","url":"https:\/\/www.confagricoltura.org\/parma\/wp-content\/uploads\/sites\/10\/2022\/08\/PAGINA-2-CRISI-IDRICA-ED-ACQUEDOTTO-COLABRODO-Commento-di-Mario-Marini.jpg","contentUrl":"https:\/\/www.confagricoltura.org\/parma\/wp-content\/uploads\/sites\/10\/2022\/08\/PAGINA-2-CRISI-IDRICA-ED-ACQUEDOTTO-COLABRODO-Commento-di-Mario-Marini.jpg","width":1050,"height":590},{"@type":"BreadcrumbList","@id":"https:\/\/www.confagricoltura.org\/parma\/acquedotto-colabrodo\/#breadcrumb","itemListElement":[{"@type":"ListItem","position":1,"name":"Home","item":"https:\/\/www.confagricoltura.org\/parma\/"},{"@type":"ListItem","position":2,"name":"Acquedotto colabrodo"}]},{"@type":"WebSite","@id":"https:\/\/www.confagricoltura.org\/parma\/#website","url":"https:\/\/www.confagricoltura.org\/parma\/","name":"Confagricoltura Parma","description":"Dalla parte degli Agricoltori","potentialAction":[{"@type":"SearchAction","target":{"@type":"EntryPoint","urlTemplate":"https:\/\/www.confagricoltura.org\/parma\/?s={search_term_string}"},"query-input":{"@type":"PropertyValueSpecification","valueRequired":true,"valueName":"search_term_string"}}],"inLanguage":"it-IT"},{"@type":"Person","@id":"https:\/\/www.confagricoltura.org\/parma\/#\/schema\/person\/3cd4548d78b676877beb0651a1b885a7","name":"confagricolturaparma","image":{"@type":"ImageObject","inLanguage":"it-IT","@id":"https:\/\/www.confagricoltura.org\/parma\/#\/schema\/person\/image\/","url":"https:\/\/secure.gravatar.com\/avatar\/b5b08888682650e8feabb958d1a675c2?s=96&d=mm&r=g","contentUrl":"https:\/\/secure.gravatar.com\/avatar\/b5b08888682650e8feabb958d1a675c2?s=96&d=mm&r=g","caption":"confagricolturaparma"},"url":"https:\/\/www.confagricoltura.org\/parma\/author\/confagricolturaparma\/"}]}},"_links":{"self":[{"href":"https:\/\/www.confagricoltura.org\/parma\/wp-json\/wp\/v2\/posts\/1955","targetHints":{"allow":["GET"]}}],"collection":[{"href":"https:\/\/www.confagricoltura.org\/parma\/wp-json\/wp\/v2\/posts"}],"about":[{"href":"https:\/\/www.confagricoltura.org\/parma\/wp-json\/wp\/v2\/types\/post"}],"author":[{"embeddable":true,"href":"https:\/\/www.confagricoltura.org\/parma\/wp-json\/wp\/v2\/users\/5"}],"replies":[{"embeddable":true,"href":"https:\/\/www.confagricoltura.org\/parma\/wp-json\/wp\/v2\/comments?post=1955"}],"version-history":[{"count":1,"href":"https:\/\/www.confagricoltura.org\/parma\/wp-json\/wp\/v2\/posts\/1955\/revisions"}],"predecessor-version":[{"id":1957,"href":"https:\/\/www.confagricoltura.org\/parma\/wp-json\/wp\/v2\/posts\/1955\/revisions\/1957"}],"wp:featuredmedia":[{"embeddable":true,"href":"https:\/\/www.confagricoltura.org\/parma\/wp-json\/wp\/v2\/media\/1956"}],"wp:attachment":[{"href":"https:\/\/www.confagricoltura.org\/parma\/wp-json\/wp\/v2\/media?parent=1955"}],"wp:term":[{"taxonomy":"category","embeddable":true,"href":"https:\/\/www.confagricoltura.org\/parma\/wp-json\/wp\/v2\/categories?post=1955"},{"taxonomy":"post_tag","embeddable":true,"href":"https:\/\/www.confagricoltura.org\/parma\/wp-json\/wp\/v2\/tags?post=1955"}],"curies":[{"name":"wp","href":"https:\/\/api.w.org\/{rel}","templated":true}]}}