{"id":1919,"date":"2022-07-04T22:11:00","date_gmt":"2022-07-04T20:11:00","guid":{"rendered":"https:\/\/www.confagricoltura.org\/parma\/?p=1919"},"modified":"2022-07-15T22:16:39","modified_gmt":"2022-07-15T20:16:39","slug":"crisi-idrica-dichiarato-lo-stato-di-emergenza-in-emilia-romagna","status":"publish","type":"post","link":"https:\/\/www.confagricoltura.org\/parma\/crisi-idrica-dichiarato-lo-stato-di-emergenza-in-emilia-romagna\/","title":{"rendered":"Crisi idrica: dichiarato lo stato di emergenza in Emilia-Romagna"},"content":{"rendered":"\n<p>\u00c8 stato dichiarato dal Governo oggi (4 luglio) lo stato di emergenza per la crisi idrica in Emilia-Romagna. Un provvedimento &#8211; stabilito anche per Friuli Venezia Giulia, Lombardia, Veneto e Piemonte &#8211; che ha consentito lo stanziamento dei primi 10,9 milioni di euro per gli interventi pi\u00f9 urgenti contro la grave siccit\u00e0 nella nostra regione.\u00a0<\/p>\n\n\n\n<p>\u201cLa dichiarazione dello stato di emergenza &#8211; commenta <strong>Mario Marini, presidente di Confagricoltura Parma<\/strong> &#8211; \u00e8 un provvedimento molto importante per garantire, nell\u2019immediato, un aiuto concreto al comparto agricolo. <strong>Lo stanziamento di 10,9 milioni di euro a favore dell\u2019Emilia-Romagna<\/strong> \u00e8 un primo importante passo per l\u2019adozione di atti urgenti e per accelerare l\u2019iter procedurale di interventi necessario alla realizzazione di invasi, laghetti e bacini di captazione ad uso plurimo che consentano, come ribadiamo sempre, di immagazzinare acqua nei periodi in cui \u00e8 presente per poi utilizzarla nei momenti di siccit\u00e0 come quello attuale per un utilizzo a favore dell\u2019agricoltura, oltre che a fini idropotabili. La dichiarazione dello stato di emergenza &#8211; prosegue Marini &#8211; \u00e8 il frutto di un lavoro coordinato che ha visto collaborare la Regione, gli enti del settore e le organizzazioni agricole, Confagricoltura in primis, per individuare insieme le priorit\u00e0 sulle quali intervenire. <strong>Ci\u00f2 che resta fondamentale, come Confagricoltura ribadisce da anni, \u00e8 la programmazione sul lungo periodo perch\u00e9 la crisi idrica non \u00e8 un\u2019emergenza del momento, ma un problema di lungo corso che, come tale, va gestito adottando provvedimenti strutturali. <\/strong>L\u2019agricoltura, che in questi mesi ha gi\u00e0 affrontato difficolt\u00e0 per l\u2019aumento dei fattori di produzioni e dell\u2019energia, non \u00e8 in grado di fronteggiare ulteriori problematiche dovute alla scarsit\u00e0 idrica. Servono, dunque, interventi efficaci e lungimiranti per non mettere a rischio il futuro del Made in Italy. <strong>Non \u00e8 pi\u00f9 il tempo delle promesse e dei tavoli di progettazione, lo ribadiamo, ma quello dei fatti concreti, dell\u2019inizio dei lavori con operai e ruspe in azione<\/strong>\u201d.&nbsp;<\/p>\n\n\n\n<p>Subito dopo la dichiarazione dello stato di emergenza \u00e8 stata convocata la cabina di regia, presieduta dall\u2019assessora regionale alla Protezione Civile e all\u2019Ambiente,&nbsp;Irene Priolo, per definire il Piano delle opere da mettere in atto per il contrasto alla siccit\u00e0. <strong>In agenda ci sono la&nbsp;realizzazione di nuovi pozzi e la rigenerazione di quelli esistenti; la&nbsp;sostituzione di condotte, l\u2019installazione&nbsp;di pompe idrovore&nbsp;e di sistemi di potabilizzazione mobili. Tra le proposte avanzate , nello specifico, anche quelle del Consorzio di bonifica parmense che ha parlato della posa di un impianto di sollevamento mobile per attingere acqua dall\u2019ex-Cave di Medesano e di due pompe di pressollevamento mobili per il prelievo dell\u2019acqua dal Po.&nbsp;<\/strong><\/p>\n\n\n\n<p>A confermare il quadro drammatico della situazione anche l\u2019ultimo bollettino dell\u2019Osservatorio sugli utilizzi idrici che riporta: \u201cI livelli del fiume Po stabilizzati al ribasso rimangono ben al di sotto del minimo per poter allontanare lo spettro del danno ambientale nel delta e di quello colturale nel resto del distretto. Piogge assenti e temperature ancora in rialzo per giorni. Sull\u2019acqua serve, in tempi rapidi, maggior considerazione e capacit\u00e0 di intervento strutturale, prima che sia troppo tardi\u201d.&nbsp;<\/p>\n","protected":false},"excerpt":{"rendered":"<p>Il presidente Marini: &#8220;Bene lo stanziamento di 10,9 milioni di euro. Ora i fatti concreti&#8221;. <\/p>\n","protected":false},"author":5,"featured_media":1920,"comment_status":"closed","ping_status":"closed","sticky":true,"template":"","format":"standard","meta":{"wp_mapbox_gl_js_media":[],"footnotes":""},"categories":[4],"tags":[],"class_list":["post-1919","post","type-post","status-publish","format-standard","has-post-thumbnail","hentry","category-news"],"yoast_head":"<!-- This site is optimized with the Yoast SEO plugin v26.8 - https:\/\/yoast.com\/product\/yoast-seo-wordpress\/ -->\n<title>Crisi idrica: dichiarato lo stato di emergenza in Emilia-Romagna - Confagricoltura Parma<\/title>\n<meta name=\"robots\" content=\"index, follow, max-snippet:-1, max-image-preview:large, max-video-preview:-1\" \/>\n<link rel=\"canonical\" href=\"https:\/\/www.confagricoltura.org\/parma\/crisi-idrica-dichiarato-lo-stato-di-emergenza-in-emilia-romagna\/\" \/>\n<meta property=\"og:locale\" content=\"it_IT\" \/>\n<meta property=\"og:type\" content=\"article\" \/>\n<meta property=\"og:title\" content=\"Crisi idrica: dichiarato lo stato di emergenza in Emilia-Romagna - Confagricoltura Parma\" \/>\n<meta property=\"og:description\" content=\"Il presidente Marini: &quot;Bene lo stanziamento di 10,9 milioni di euro. Ora i fatti concreti&quot;.\" \/>\n<meta property=\"og:url\" content=\"https:\/\/www.confagricoltura.org\/parma\/crisi-idrica-dichiarato-lo-stato-di-emergenza-in-emilia-romagna\/\" \/>\n<meta property=\"og:site_name\" content=\"Confagricoltura Parma\" \/>\n<meta property=\"article:published_time\" content=\"2022-07-04T20:11:00+00:00\" \/>\n<meta property=\"article:modified_time\" content=\"2022-07-15T20:16:39+00:00\" \/>\n<meta property=\"og:image\" content=\"https:\/\/www.confagricoltura.org\/parma\/wp-content\/uploads\/sites\/10\/2022\/07\/PAGINA-1-001-CRISI-IDRICA-Dichiarato-lo-stato-di-emergenza.jpg\" \/>\n\t<meta property=\"og:image:width\" content=\"1655\" \/>\n\t<meta property=\"og:image:height\" content=\"852\" \/>\n\t<meta property=\"og:image:type\" content=\"image\/jpeg\" \/>\n<meta name=\"author\" content=\"confagricolturaparma\" \/>\n<meta name=\"twitter:card\" content=\"summary_large_image\" \/>\n<meta name=\"twitter:label1\" content=\"Scritto da\" \/>\n\t<meta name=\"twitter:data1\" content=\"confagricolturaparma\" \/>\n\t<meta name=\"twitter:label2\" content=\"Tempo di lettura stimato\" \/>\n\t<meta name=\"twitter:data2\" content=\"3 minuti\" \/>\n<script type=\"application\/ld+json\" class=\"yoast-schema-graph\">{\"@context\":\"https:\/\/schema.org\",\"@graph\":[{\"@type\":\"Article\",\"@id\":\"https:\/\/www.confagricoltura.org\/parma\/crisi-idrica-dichiarato-lo-stato-di-emergenza-in-emilia-romagna\/#article\",\"isPartOf\":{\"@id\":\"https:\/\/www.confagricoltura.org\/parma\/crisi-idrica-dichiarato-lo-stato-di-emergenza-in-emilia-romagna\/\"},\"author\":{\"name\":\"confagricolturaparma\",\"@id\":\"https:\/\/www.confagricoltura.org\/parma\/#\/schema\/person\/3cd4548d78b676877beb0651a1b885a7\"},\"headline\":\"Crisi idrica: dichiarato lo stato di emergenza in Emilia-Romagna\",\"datePublished\":\"2022-07-04T20:11:00+00:00\",\"dateModified\":\"2022-07-15T20:16:39+00:00\",\"mainEntityOfPage\":{\"@id\":\"https:\/\/www.confagricoltura.org\/parma\/crisi-idrica-dichiarato-lo-stato-di-emergenza-in-emilia-romagna\/\"},\"wordCount\":522,\"image\":{\"@id\":\"https:\/\/www.confagricoltura.org\/parma\/crisi-idrica-dichiarato-lo-stato-di-emergenza-in-emilia-romagna\/#primaryimage\"},\"thumbnailUrl\":\"https:\/\/www.confagricoltura.org\/parma\/wp-content\/uploads\/sites\/10\/2022\/07\/PAGINA-1-001-CRISI-IDRICA-Dichiarato-lo-stato-di-emergenza.jpg\",\"articleSection\":[\"News\"],\"inLanguage\":\"it-IT\"},{\"@type\":\"WebPage\",\"@id\":\"https:\/\/www.confagricoltura.org\/parma\/crisi-idrica-dichiarato-lo-stato-di-emergenza-in-emilia-romagna\/\",\"url\":\"https:\/\/www.confagricoltura.org\/parma\/crisi-idrica-dichiarato-lo-stato-di-emergenza-in-emilia-romagna\/\",\"name\":\"Crisi idrica: dichiarato lo stato di emergenza in Emilia-Romagna - Confagricoltura Parma\",\"isPartOf\":{\"@id\":\"https:\/\/www.confagricoltura.org\/parma\/#website\"},\"primaryImageOfPage\":{\"@id\":\"https:\/\/www.confagricoltura.org\/parma\/crisi-idrica-dichiarato-lo-stato-di-emergenza-in-emilia-romagna\/#primaryimage\"},\"image\":{\"@id\":\"https:\/\/www.confagricoltura.org\/parma\/crisi-idrica-dichiarato-lo-stato-di-emergenza-in-emilia-romagna\/#primaryimage\"},\"thumbnailUrl\":\"https:\/\/www.confagricoltura.org\/parma\/wp-content\/uploads\/sites\/10\/2022\/07\/PAGINA-1-001-CRISI-IDRICA-Dichiarato-lo-stato-di-emergenza.jpg\",\"datePublished\":\"2022-07-04T20:11:00+00:00\",\"dateModified\":\"2022-07-15T20:16:39+00:00\",\"author\":{\"@id\":\"https:\/\/www.confagricoltura.org\/parma\/#\/schema\/person\/3cd4548d78b676877beb0651a1b885a7\"},\"breadcrumb\":{\"@id\":\"https:\/\/www.confagricoltura.org\/parma\/crisi-idrica-dichiarato-lo-stato-di-emergenza-in-emilia-romagna\/#breadcrumb\"},\"inLanguage\":\"it-IT\",\"potentialAction\":[{\"@type\":\"ReadAction\",\"target\":[\"https:\/\/www.confagricoltura.org\/parma\/crisi-idrica-dichiarato-lo-stato-di-emergenza-in-emilia-romagna\/\"]}]},{\"@type\":\"ImageObject\",\"inLanguage\":\"it-IT\",\"@id\":\"https:\/\/www.confagricoltura.org\/parma\/crisi-idrica-dichiarato-lo-stato-di-emergenza-in-emilia-romagna\/#primaryimage\",\"url\":\"https:\/\/www.confagricoltura.org\/parma\/wp-content\/uploads\/sites\/10\/2022\/07\/PAGINA-1-001-CRISI-IDRICA-Dichiarato-lo-stato-di-emergenza.jpg\",\"contentUrl\":\"https:\/\/www.confagricoltura.org\/parma\/wp-content\/uploads\/sites\/10\/2022\/07\/PAGINA-1-001-CRISI-IDRICA-Dichiarato-lo-stato-di-emergenza.jpg\",\"width\":1655,\"height\":852,\"caption\":\"Il fiume Po con una portata molto ridotta nella zona di Boretto.\"},{\"@type\":\"BreadcrumbList\",\"@id\":\"https:\/\/www.confagricoltura.org\/parma\/crisi-idrica-dichiarato-lo-stato-di-emergenza-in-emilia-romagna\/#breadcrumb\",\"itemListElement\":[{\"@type\":\"ListItem\",\"position\":1,\"name\":\"Home\",\"item\":\"https:\/\/www.confagricoltura.org\/parma\/\"},{\"@type\":\"ListItem\",\"position\":2,\"name\":\"Crisi idrica: dichiarato lo stato di emergenza in Emilia-Romagna\"}]},{\"@type\":\"WebSite\",\"@id\":\"https:\/\/www.confagricoltura.org\/parma\/#website\",\"url\":\"https:\/\/www.confagricoltura.org\/parma\/\",\"name\":\"Confagricoltura Parma\",\"description\":\"Dalla parte degli Agricoltori\",\"potentialAction\":[{\"@type\":\"SearchAction\",\"target\":{\"@type\":\"EntryPoint\",\"urlTemplate\":\"https:\/\/www.confagricoltura.org\/parma\/?s={search_term_string}\"},\"query-input\":{\"@type\":\"PropertyValueSpecification\",\"valueRequired\":true,\"valueName\":\"search_term_string\"}}],\"inLanguage\":\"it-IT\"},{\"@type\":\"Person\",\"@id\":\"https:\/\/www.confagricoltura.org\/parma\/#\/schema\/person\/3cd4548d78b676877beb0651a1b885a7\",\"name\":\"confagricolturaparma\",\"image\":{\"@type\":\"ImageObject\",\"inLanguage\":\"it-IT\",\"@id\":\"https:\/\/www.confagricoltura.org\/parma\/#\/schema\/person\/image\/\",\"url\":\"https:\/\/secure.gravatar.com\/avatar\/b5b08888682650e8feabb958d1a675c2?s=96&d=mm&r=g\",\"contentUrl\":\"https:\/\/secure.gravatar.com\/avatar\/b5b08888682650e8feabb958d1a675c2?s=96&d=mm&r=g\",\"caption\":\"confagricolturaparma\"},\"url\":\"https:\/\/www.confagricoltura.org\/parma\/author\/confagricolturaparma\/\"}]}<\/script>\n<!-- \/ Yoast SEO plugin. -->","yoast_head_json":{"title":"Crisi idrica: dichiarato lo stato di emergenza in Emilia-Romagna - Confagricoltura Parma","robots":{"index":"index","follow":"follow","max-snippet":"max-snippet:-1","max-image-preview":"max-image-preview:large","max-video-preview":"max-video-preview:-1"},"canonical":"https:\/\/www.confagricoltura.org\/parma\/crisi-idrica-dichiarato-lo-stato-di-emergenza-in-emilia-romagna\/","og_locale":"it_IT","og_type":"article","og_title":"Crisi idrica: dichiarato lo stato di emergenza in Emilia-Romagna - Confagricoltura Parma","og_description":"Il presidente Marini: \"Bene lo stanziamento di 10,9 milioni di euro. Ora i fatti concreti\".","og_url":"https:\/\/www.confagricoltura.org\/parma\/crisi-idrica-dichiarato-lo-stato-di-emergenza-in-emilia-romagna\/","og_site_name":"Confagricoltura Parma","article_published_time":"2022-07-04T20:11:00+00:00","article_modified_time":"2022-07-15T20:16:39+00:00","og_image":[{"width":1655,"height":852,"url":"https:\/\/www.confagricoltura.org\/parma\/wp-content\/uploads\/sites\/10\/2022\/07\/PAGINA-1-001-CRISI-IDRICA-Dichiarato-lo-stato-di-emergenza.jpg","type":"image\/jpeg"}],"author":"confagricolturaparma","twitter_card":"summary_large_image","twitter_misc":{"Scritto da":"confagricolturaparma","Tempo di lettura stimato":"3 minuti"},"schema":{"@context":"https:\/\/schema.org","@graph":[{"@type":"Article","@id":"https:\/\/www.confagricoltura.org\/parma\/crisi-idrica-dichiarato-lo-stato-di-emergenza-in-emilia-romagna\/#article","isPartOf":{"@id":"https:\/\/www.confagricoltura.org\/parma\/crisi-idrica-dichiarato-lo-stato-di-emergenza-in-emilia-romagna\/"},"author":{"name":"confagricolturaparma","@id":"https:\/\/www.confagricoltura.org\/parma\/#\/schema\/person\/3cd4548d78b676877beb0651a1b885a7"},"headline":"Crisi idrica: dichiarato lo stato di emergenza in Emilia-Romagna","datePublished":"2022-07-04T20:11:00+00:00","dateModified":"2022-07-15T20:16:39+00:00","mainEntityOfPage":{"@id":"https:\/\/www.confagricoltura.org\/parma\/crisi-idrica-dichiarato-lo-stato-di-emergenza-in-emilia-romagna\/"},"wordCount":522,"image":{"@id":"https:\/\/www.confagricoltura.org\/parma\/crisi-idrica-dichiarato-lo-stato-di-emergenza-in-emilia-romagna\/#primaryimage"},"thumbnailUrl":"https:\/\/www.confagricoltura.org\/parma\/wp-content\/uploads\/sites\/10\/2022\/07\/PAGINA-1-001-CRISI-IDRICA-Dichiarato-lo-stato-di-emergenza.jpg","articleSection":["News"],"inLanguage":"it-IT"},{"@type":"WebPage","@id":"https:\/\/www.confagricoltura.org\/parma\/crisi-idrica-dichiarato-lo-stato-di-emergenza-in-emilia-romagna\/","url":"https:\/\/www.confagricoltura.org\/parma\/crisi-idrica-dichiarato-lo-stato-di-emergenza-in-emilia-romagna\/","name":"Crisi idrica: dichiarato lo stato di emergenza in Emilia-Romagna - Confagricoltura Parma","isPartOf":{"@id":"https:\/\/www.confagricoltura.org\/parma\/#website"},"primaryImageOfPage":{"@id":"https:\/\/www.confagricoltura.org\/parma\/crisi-idrica-dichiarato-lo-stato-di-emergenza-in-emilia-romagna\/#primaryimage"},"image":{"@id":"https:\/\/www.confagricoltura.org\/parma\/crisi-idrica-dichiarato-lo-stato-di-emergenza-in-emilia-romagna\/#primaryimage"},"thumbnailUrl":"https:\/\/www.confagricoltura.org\/parma\/wp-content\/uploads\/sites\/10\/2022\/07\/PAGINA-1-001-CRISI-IDRICA-Dichiarato-lo-stato-di-emergenza.jpg","datePublished":"2022-07-04T20:11:00+00:00","dateModified":"2022-07-15T20:16:39+00:00","author":{"@id":"https:\/\/www.confagricoltura.org\/parma\/#\/schema\/person\/3cd4548d78b676877beb0651a1b885a7"},"breadcrumb":{"@id":"https:\/\/www.confagricoltura.org\/parma\/crisi-idrica-dichiarato-lo-stato-di-emergenza-in-emilia-romagna\/#breadcrumb"},"inLanguage":"it-IT","potentialAction":[{"@type":"ReadAction","target":["https:\/\/www.confagricoltura.org\/parma\/crisi-idrica-dichiarato-lo-stato-di-emergenza-in-emilia-romagna\/"]}]},{"@type":"ImageObject","inLanguage":"it-IT","@id":"https:\/\/www.confagricoltura.org\/parma\/crisi-idrica-dichiarato-lo-stato-di-emergenza-in-emilia-romagna\/#primaryimage","url":"https:\/\/www.confagricoltura.org\/parma\/wp-content\/uploads\/sites\/10\/2022\/07\/PAGINA-1-001-CRISI-IDRICA-Dichiarato-lo-stato-di-emergenza.jpg","contentUrl":"https:\/\/www.confagricoltura.org\/parma\/wp-content\/uploads\/sites\/10\/2022\/07\/PAGINA-1-001-CRISI-IDRICA-Dichiarato-lo-stato-di-emergenza.jpg","width":1655,"height":852,"caption":"Il fiume Po con una portata molto ridotta nella zona di Boretto."},{"@type":"BreadcrumbList","@id":"https:\/\/www.confagricoltura.org\/parma\/crisi-idrica-dichiarato-lo-stato-di-emergenza-in-emilia-romagna\/#breadcrumb","itemListElement":[{"@type":"ListItem","position":1,"name":"Home","item":"https:\/\/www.confagricoltura.org\/parma\/"},{"@type":"ListItem","position":2,"name":"Crisi idrica: dichiarato lo stato di emergenza in Emilia-Romagna"}]},{"@type":"WebSite","@id":"https:\/\/www.confagricoltura.org\/parma\/#website","url":"https:\/\/www.confagricoltura.org\/parma\/","name":"Confagricoltura Parma","description":"Dalla parte degli Agricoltori","potentialAction":[{"@type":"SearchAction","target":{"@type":"EntryPoint","urlTemplate":"https:\/\/www.confagricoltura.org\/parma\/?s={search_term_string}"},"query-input":{"@type":"PropertyValueSpecification","valueRequired":true,"valueName":"search_term_string"}}],"inLanguage":"it-IT"},{"@type":"Person","@id":"https:\/\/www.confagricoltura.org\/parma\/#\/schema\/person\/3cd4548d78b676877beb0651a1b885a7","name":"confagricolturaparma","image":{"@type":"ImageObject","inLanguage":"it-IT","@id":"https:\/\/www.confagricoltura.org\/parma\/#\/schema\/person\/image\/","url":"https:\/\/secure.gravatar.com\/avatar\/b5b08888682650e8feabb958d1a675c2?s=96&d=mm&r=g","contentUrl":"https:\/\/secure.gravatar.com\/avatar\/b5b08888682650e8feabb958d1a675c2?s=96&d=mm&r=g","caption":"confagricolturaparma"},"url":"https:\/\/www.confagricoltura.org\/parma\/author\/confagricolturaparma\/"}]}},"_links":{"self":[{"href":"https:\/\/www.confagricoltura.org\/parma\/wp-json\/wp\/v2\/posts\/1919","targetHints":{"allow":["GET"]}}],"collection":[{"href":"https:\/\/www.confagricoltura.org\/parma\/wp-json\/wp\/v2\/posts"}],"about":[{"href":"https:\/\/www.confagricoltura.org\/parma\/wp-json\/wp\/v2\/types\/post"}],"author":[{"embeddable":true,"href":"https:\/\/www.confagricoltura.org\/parma\/wp-json\/wp\/v2\/users\/5"}],"replies":[{"embeddable":true,"href":"https:\/\/www.confagricoltura.org\/parma\/wp-json\/wp\/v2\/comments?post=1919"}],"version-history":[{"count":1,"href":"https:\/\/www.confagricoltura.org\/parma\/wp-json\/wp\/v2\/posts\/1919\/revisions"}],"predecessor-version":[{"id":1921,"href":"https:\/\/www.confagricoltura.org\/parma\/wp-json\/wp\/v2\/posts\/1919\/revisions\/1921"}],"wp:featuredmedia":[{"embeddable":true,"href":"https:\/\/www.confagricoltura.org\/parma\/wp-json\/wp\/v2\/media\/1920"}],"wp:attachment":[{"href":"https:\/\/www.confagricoltura.org\/parma\/wp-json\/wp\/v2\/media?parent=1919"}],"wp:term":[{"taxonomy":"category","embeddable":true,"href":"https:\/\/www.confagricoltura.org\/parma\/wp-json\/wp\/v2\/categories?post=1919"},{"taxonomy":"post_tag","embeddable":true,"href":"https:\/\/www.confagricoltura.org\/parma\/wp-json\/wp\/v2\/tags?post=1919"}],"curies":[{"name":"wp","href":"https:\/\/api.w.org\/{rel}","templated":true}]}}