{"id":1903,"date":"2022-07-02T18:11:00","date_gmt":"2022-07-02T16:11:00","guid":{"rendered":"https:\/\/www.confagricoltura.org\/parma\/?p=1903"},"modified":"2022-07-14T18:17:32","modified_gmt":"2022-07-14T16:17:32","slug":"la-terra-ha-sete","status":"publish","type":"post","link":"https:\/\/www.confagricoltura.org\/parma\/la-terra-ha-sete\/","title":{"rendered":"La terra ha sete"},"content":{"rendered":"\n<p>La nostra Terra ha sete. Un\u2019emergenza che, nelle ultime settimane, \u00e8 balzata agli onori delle cronache occupando le prime pagine dei quotidiani nazionali e monopolizzando i servizi di apertura dei tg. Un problema, quello della crisi idrica, che Confagricoltura Parma evidenzia da anni senza che, sino ad oggi, ai tanti proclami del mondo istituzionale abbiano poi fatto seguito atti concreti.&nbsp;<\/p>\n\n\n\n<p>Il quadro generale tracciato dall\u2019Autorit\u00e0 di bacino del fiume Po, nei giorni scorsi, \u00e8 di quelli molto preoccupanti tanto da essere definito lo scenario peggiore degli ultimi settant\u2019anni per la portata del Po con neve sulle Alpi totalmente esaurita in Piemonte e Lombardia; laghi, a partire dal Maggiore, ai minimi storici del periodo e temperature pi\u00f9 alte fino a due gradi sopra la media. Le precipitazioni cadute nel mese di maggio sono state principalmente dovute ad eventi temporaleschi localizzati, anche violenti, ma non sufficienti a colmare il deficit maturato da inizio anno. Uno scenario, gi\u00e0 molto critico, a cui si aggiunge la previsione di mancanza di piogge e il persistere di alte temperature sopra la media.&nbsp;<\/p>\n\n\n\n<p>A tutto questo si sommano i problemi legati all\u2019incremento dei costi energetici per le aziende. Citiamo, ad esempio, il rischio del raddoppio delle spese per l\u2019irrigazione del pomodoro da industria passando dai 176 euro messi a bilancio nel 2021 ai 393 euro stimati per il 2022 a seguito dell\u2019aumento vertiginoso del prezzo del gasolio agricolo, necessario per far funzionare i sistemi irrigui, passato dagli 0,66 euro al litro di un anno fa agli attuali 1,474 euro al litro.\u00a0<\/p>\n\n\n\n<p>Siamo all\u2019inizio della stagione irrigua con il livello del Po al minimo storico (quindi senza scorte), il 25% di precipitazioni in meno rispetto alla media dell\u2019ultimo ventennio e un tasso di evaporazione alle stelle, che si traduce di fatto in una perdita d\u2019acqua fino a 8 litri per ogni metro quadro. Diverse sono le colture emiliano-romagnole in piena fase di crescita che necessitano d\u2019acqua: al mais serve ancora il 74% del volume annuo richiesto; alla soia, l\u201984%.&nbsp;<\/p>\n\n\n\n<p>\u201cAbbiamo sollecitato l\u2019Esecutivo &#8211; commenta Mario Marini, presidente di Confagricoltura Parma &#8211; affinch\u00e9 dia attuazione agli interventi infrastrutturali, gi\u00e0 finanziati e in avanzato iter procedurale, capaci di aumentare la resilienza dei territori a far fronte a una situazione climatica che non si prevede migliore nei prossimi anni. L\u2019emergenza non \u00e8 solo italiana: in Francia e in Europa centrale ci sono analoghe segnalazioni. Confagricoltura \u00e8 in contatto con le organizzazioni professionali degli altri Paesi per valutare eventuali iniziative in sede europea. A Parma, lo ribadiamo da tempo, serve un\u2019efficace politica di realizzazione, da parte delle istituzioni, di invasi, laghetti e bacini di captazione ad uso plurimo che consentano di immagazzinare acqua nei periodi in cui \u00e8 presente per poi utilizzarla nel momento in cui ne emerge la necessit\u00e0. L\u2019agricoltura sta gi\u00e0 affrontando difficolt\u00e0 per l\u2019aumento dei fattori di produzioni e dell\u2019energia e non \u00e8 in grado di fronteggiare ulteriori problematiche dovute alla scarsit\u00e0 idrica. Senza interventi efficaci \u00e8 a rischio il futuro del Made in Italy\u201d.<\/p>\n","protected":false},"excerpt":{"rendered":"<p>Marini: &#8220;Servono invasi per trattenere l&#8217;acqua quando c&#8217;\u00e8. Basta parole, ora i fatti&#8221;. <\/p>\n","protected":false},"author":5,"featured_media":1904,"comment_status":"closed","ping_status":"closed","sticky":false,"template":"","format":"standard","meta":{"wp_mapbox_gl_js_media":[],"footnotes":""},"categories":[4],"tags":[],"class_list":["post-1903","post","type-post","status-publish","format-standard","has-post-thumbnail","hentry","category-news"],"yoast_head":"<!-- This site is optimized with the Yoast SEO plugin v26.8 - https:\/\/yoast.com\/product\/yoast-seo-wordpress\/ -->\n<title>La terra ha sete - Confagricoltura Parma<\/title>\n<meta name=\"robots\" content=\"index, follow, max-snippet:-1, max-image-preview:large, max-video-preview:-1\" \/>\n<link rel=\"canonical\" href=\"https:\/\/www.confagricoltura.org\/parma\/la-terra-ha-sete\/\" \/>\n<meta property=\"og:locale\" content=\"it_IT\" \/>\n<meta property=\"og:type\" content=\"article\" \/>\n<meta property=\"og:title\" content=\"La terra ha sete - Confagricoltura Parma\" \/>\n<meta property=\"og:description\" content=\"Marini: &quot;Servono invasi per trattenere l&#039;acqua quando c&#039;\u00e8. Basta parole, ora i fatti&quot;.\" \/>\n<meta property=\"og:url\" content=\"https:\/\/www.confagricoltura.org\/parma\/la-terra-ha-sete\/\" \/>\n<meta property=\"og:site_name\" content=\"Confagricoltura Parma\" \/>\n<meta property=\"article:published_time\" content=\"2022-07-02T16:11:00+00:00\" \/>\n<meta property=\"article:modified_time\" content=\"2022-07-14T16:17:32+00:00\" \/>\n<meta property=\"og:image\" content=\"https:\/\/www.confagricoltura.org\/parma\/wp-content\/uploads\/sites\/10\/2022\/07\/PAGINA-1-La-terra-ha-sete.jpg\" \/>\n\t<meta property=\"og:image:width\" content=\"1600\" \/>\n\t<meta property=\"og:image:height\" content=\"900\" \/>\n\t<meta property=\"og:image:type\" content=\"image\/jpeg\" \/>\n<meta name=\"author\" content=\"confagricolturaparma\" \/>\n<meta name=\"twitter:card\" content=\"summary_large_image\" \/>\n<meta name=\"twitter:label1\" content=\"Scritto da\" \/>\n\t<meta name=\"twitter:data1\" content=\"confagricolturaparma\" \/>\n\t<meta name=\"twitter:label2\" content=\"Tempo di lettura stimato\" \/>\n\t<meta name=\"twitter:data2\" content=\"3 minuti\" \/>\n<script type=\"application\/ld+json\" class=\"yoast-schema-graph\">{\"@context\":\"https:\/\/schema.org\",\"@graph\":[{\"@type\":\"Article\",\"@id\":\"https:\/\/www.confagricoltura.org\/parma\/la-terra-ha-sete\/#article\",\"isPartOf\":{\"@id\":\"https:\/\/www.confagricoltura.org\/parma\/la-terra-ha-sete\/\"},\"author\":{\"name\":\"confagricolturaparma\",\"@id\":\"https:\/\/www.confagricoltura.org\/parma\/#\/schema\/person\/3cd4548d78b676877beb0651a1b885a7\"},\"headline\":\"La terra ha sete\",\"datePublished\":\"2022-07-02T16:11:00+00:00\",\"dateModified\":\"2022-07-14T16:17:32+00:00\",\"mainEntityOfPage\":{\"@id\":\"https:\/\/www.confagricoltura.org\/parma\/la-terra-ha-sete\/\"},\"wordCount\":503,\"image\":{\"@id\":\"https:\/\/www.confagricoltura.org\/parma\/la-terra-ha-sete\/#primaryimage\"},\"thumbnailUrl\":\"https:\/\/www.confagricoltura.org\/parma\/wp-content\/uploads\/sites\/10\/2022\/07\/PAGINA-1-La-terra-ha-sete.jpg\",\"articleSection\":[\"News\"],\"inLanguage\":\"it-IT\"},{\"@type\":\"WebPage\",\"@id\":\"https:\/\/www.confagricoltura.org\/parma\/la-terra-ha-sete\/\",\"url\":\"https:\/\/www.confagricoltura.org\/parma\/la-terra-ha-sete\/\",\"name\":\"La terra ha sete - Confagricoltura Parma\",\"isPartOf\":{\"@id\":\"https:\/\/www.confagricoltura.org\/parma\/#website\"},\"primaryImageOfPage\":{\"@id\":\"https:\/\/www.confagricoltura.org\/parma\/la-terra-ha-sete\/#primaryimage\"},\"image\":{\"@id\":\"https:\/\/www.confagricoltura.org\/parma\/la-terra-ha-sete\/#primaryimage\"},\"thumbnailUrl\":\"https:\/\/www.confagricoltura.org\/parma\/wp-content\/uploads\/sites\/10\/2022\/07\/PAGINA-1-La-terra-ha-sete.jpg\",\"datePublished\":\"2022-07-02T16:11:00+00:00\",\"dateModified\":\"2022-07-14T16:17:32+00:00\",\"author\":{\"@id\":\"https:\/\/www.confagricoltura.org\/parma\/#\/schema\/person\/3cd4548d78b676877beb0651a1b885a7\"},\"breadcrumb\":{\"@id\":\"https:\/\/www.confagricoltura.org\/parma\/la-terra-ha-sete\/#breadcrumb\"},\"inLanguage\":\"it-IT\",\"potentialAction\":[{\"@type\":\"ReadAction\",\"target\":[\"https:\/\/www.confagricoltura.org\/parma\/la-terra-ha-sete\/\"]}]},{\"@type\":\"ImageObject\",\"inLanguage\":\"it-IT\",\"@id\":\"https:\/\/www.confagricoltura.org\/parma\/la-terra-ha-sete\/#primaryimage\",\"url\":\"https:\/\/www.confagricoltura.org\/parma\/wp-content\/uploads\/sites\/10\/2022\/07\/PAGINA-1-La-terra-ha-sete.jpg\",\"contentUrl\":\"https:\/\/www.confagricoltura.org\/parma\/wp-content\/uploads\/sites\/10\/2022\/07\/PAGINA-1-La-terra-ha-sete.jpg\",\"width\":1600,\"height\":900},{\"@type\":\"BreadcrumbList\",\"@id\":\"https:\/\/www.confagricoltura.org\/parma\/la-terra-ha-sete\/#breadcrumb\",\"itemListElement\":[{\"@type\":\"ListItem\",\"position\":1,\"name\":\"Home\",\"item\":\"https:\/\/www.confagricoltura.org\/parma\/\"},{\"@type\":\"ListItem\",\"position\":2,\"name\":\"La terra ha sete\"}]},{\"@type\":\"WebSite\",\"@id\":\"https:\/\/www.confagricoltura.org\/parma\/#website\",\"url\":\"https:\/\/www.confagricoltura.org\/parma\/\",\"name\":\"Confagricoltura Parma\",\"description\":\"Dalla parte degli Agricoltori\",\"potentialAction\":[{\"@type\":\"SearchAction\",\"target\":{\"@type\":\"EntryPoint\",\"urlTemplate\":\"https:\/\/www.confagricoltura.org\/parma\/?s={search_term_string}\"},\"query-input\":{\"@type\":\"PropertyValueSpecification\",\"valueRequired\":true,\"valueName\":\"search_term_string\"}}],\"inLanguage\":\"it-IT\"},{\"@type\":\"Person\",\"@id\":\"https:\/\/www.confagricoltura.org\/parma\/#\/schema\/person\/3cd4548d78b676877beb0651a1b885a7\",\"name\":\"confagricolturaparma\",\"image\":{\"@type\":\"ImageObject\",\"inLanguage\":\"it-IT\",\"@id\":\"https:\/\/www.confagricoltura.org\/parma\/#\/schema\/person\/image\/\",\"url\":\"https:\/\/secure.gravatar.com\/avatar\/b5b08888682650e8feabb958d1a675c2?s=96&d=mm&r=g\",\"contentUrl\":\"https:\/\/secure.gravatar.com\/avatar\/b5b08888682650e8feabb958d1a675c2?s=96&d=mm&r=g\",\"caption\":\"confagricolturaparma\"},\"url\":\"https:\/\/www.confagricoltura.org\/parma\/author\/confagricolturaparma\/\"}]}<\/script>\n<!-- \/ Yoast SEO plugin. -->","yoast_head_json":{"title":"La terra ha sete - Confagricoltura Parma","robots":{"index":"index","follow":"follow","max-snippet":"max-snippet:-1","max-image-preview":"max-image-preview:large","max-video-preview":"max-video-preview:-1"},"canonical":"https:\/\/www.confagricoltura.org\/parma\/la-terra-ha-sete\/","og_locale":"it_IT","og_type":"article","og_title":"La terra ha sete - Confagricoltura Parma","og_description":"Marini: \"Servono invasi per trattenere l'acqua quando c'\u00e8. Basta parole, ora i fatti\".","og_url":"https:\/\/www.confagricoltura.org\/parma\/la-terra-ha-sete\/","og_site_name":"Confagricoltura Parma","article_published_time":"2022-07-02T16:11:00+00:00","article_modified_time":"2022-07-14T16:17:32+00:00","og_image":[{"width":1600,"height":900,"url":"https:\/\/www.confagricoltura.org\/parma\/wp-content\/uploads\/sites\/10\/2022\/07\/PAGINA-1-La-terra-ha-sete.jpg","type":"image\/jpeg"}],"author":"confagricolturaparma","twitter_card":"summary_large_image","twitter_misc":{"Scritto da":"confagricolturaparma","Tempo di lettura stimato":"3 minuti"},"schema":{"@context":"https:\/\/schema.org","@graph":[{"@type":"Article","@id":"https:\/\/www.confagricoltura.org\/parma\/la-terra-ha-sete\/#article","isPartOf":{"@id":"https:\/\/www.confagricoltura.org\/parma\/la-terra-ha-sete\/"},"author":{"name":"confagricolturaparma","@id":"https:\/\/www.confagricoltura.org\/parma\/#\/schema\/person\/3cd4548d78b676877beb0651a1b885a7"},"headline":"La terra ha sete","datePublished":"2022-07-02T16:11:00+00:00","dateModified":"2022-07-14T16:17:32+00:00","mainEntityOfPage":{"@id":"https:\/\/www.confagricoltura.org\/parma\/la-terra-ha-sete\/"},"wordCount":503,"image":{"@id":"https:\/\/www.confagricoltura.org\/parma\/la-terra-ha-sete\/#primaryimage"},"thumbnailUrl":"https:\/\/www.confagricoltura.org\/parma\/wp-content\/uploads\/sites\/10\/2022\/07\/PAGINA-1-La-terra-ha-sete.jpg","articleSection":["News"],"inLanguage":"it-IT"},{"@type":"WebPage","@id":"https:\/\/www.confagricoltura.org\/parma\/la-terra-ha-sete\/","url":"https:\/\/www.confagricoltura.org\/parma\/la-terra-ha-sete\/","name":"La terra ha sete - Confagricoltura Parma","isPartOf":{"@id":"https:\/\/www.confagricoltura.org\/parma\/#website"},"primaryImageOfPage":{"@id":"https:\/\/www.confagricoltura.org\/parma\/la-terra-ha-sete\/#primaryimage"},"image":{"@id":"https:\/\/www.confagricoltura.org\/parma\/la-terra-ha-sete\/#primaryimage"},"thumbnailUrl":"https:\/\/www.confagricoltura.org\/parma\/wp-content\/uploads\/sites\/10\/2022\/07\/PAGINA-1-La-terra-ha-sete.jpg","datePublished":"2022-07-02T16:11:00+00:00","dateModified":"2022-07-14T16:17:32+00:00","author":{"@id":"https:\/\/www.confagricoltura.org\/parma\/#\/schema\/person\/3cd4548d78b676877beb0651a1b885a7"},"breadcrumb":{"@id":"https:\/\/www.confagricoltura.org\/parma\/la-terra-ha-sete\/#breadcrumb"},"inLanguage":"it-IT","potentialAction":[{"@type":"ReadAction","target":["https:\/\/www.confagricoltura.org\/parma\/la-terra-ha-sete\/"]}]},{"@type":"ImageObject","inLanguage":"it-IT","@id":"https:\/\/www.confagricoltura.org\/parma\/la-terra-ha-sete\/#primaryimage","url":"https:\/\/www.confagricoltura.org\/parma\/wp-content\/uploads\/sites\/10\/2022\/07\/PAGINA-1-La-terra-ha-sete.jpg","contentUrl":"https:\/\/www.confagricoltura.org\/parma\/wp-content\/uploads\/sites\/10\/2022\/07\/PAGINA-1-La-terra-ha-sete.jpg","width":1600,"height":900},{"@type":"BreadcrumbList","@id":"https:\/\/www.confagricoltura.org\/parma\/la-terra-ha-sete\/#breadcrumb","itemListElement":[{"@type":"ListItem","position":1,"name":"Home","item":"https:\/\/www.confagricoltura.org\/parma\/"},{"@type":"ListItem","position":2,"name":"La terra ha sete"}]},{"@type":"WebSite","@id":"https:\/\/www.confagricoltura.org\/parma\/#website","url":"https:\/\/www.confagricoltura.org\/parma\/","name":"Confagricoltura Parma","description":"Dalla parte degli Agricoltori","potentialAction":[{"@type":"SearchAction","target":{"@type":"EntryPoint","urlTemplate":"https:\/\/www.confagricoltura.org\/parma\/?s={search_term_string}"},"query-input":{"@type":"PropertyValueSpecification","valueRequired":true,"valueName":"search_term_string"}}],"inLanguage":"it-IT"},{"@type":"Person","@id":"https:\/\/www.confagricoltura.org\/parma\/#\/schema\/person\/3cd4548d78b676877beb0651a1b885a7","name":"confagricolturaparma","image":{"@type":"ImageObject","inLanguage":"it-IT","@id":"https:\/\/www.confagricoltura.org\/parma\/#\/schema\/person\/image\/","url":"https:\/\/secure.gravatar.com\/avatar\/b5b08888682650e8feabb958d1a675c2?s=96&d=mm&r=g","contentUrl":"https:\/\/secure.gravatar.com\/avatar\/b5b08888682650e8feabb958d1a675c2?s=96&d=mm&r=g","caption":"confagricolturaparma"},"url":"https:\/\/www.confagricoltura.org\/parma\/author\/confagricolturaparma\/"}]}},"_links":{"self":[{"href":"https:\/\/www.confagricoltura.org\/parma\/wp-json\/wp\/v2\/posts\/1903","targetHints":{"allow":["GET"]}}],"collection":[{"href":"https:\/\/www.confagricoltura.org\/parma\/wp-json\/wp\/v2\/posts"}],"about":[{"href":"https:\/\/www.confagricoltura.org\/parma\/wp-json\/wp\/v2\/types\/post"}],"author":[{"embeddable":true,"href":"https:\/\/www.confagricoltura.org\/parma\/wp-json\/wp\/v2\/users\/5"}],"replies":[{"embeddable":true,"href":"https:\/\/www.confagricoltura.org\/parma\/wp-json\/wp\/v2\/comments?post=1903"}],"version-history":[{"count":1,"href":"https:\/\/www.confagricoltura.org\/parma\/wp-json\/wp\/v2\/posts\/1903\/revisions"}],"predecessor-version":[{"id":1905,"href":"https:\/\/www.confagricoltura.org\/parma\/wp-json\/wp\/v2\/posts\/1903\/revisions\/1905"}],"wp:featuredmedia":[{"embeddable":true,"href":"https:\/\/www.confagricoltura.org\/parma\/wp-json\/wp\/v2\/media\/1904"}],"wp:attachment":[{"href":"https:\/\/www.confagricoltura.org\/parma\/wp-json\/wp\/v2\/media?parent=1903"}],"wp:term":[{"taxonomy":"category","embeddable":true,"href":"https:\/\/www.confagricoltura.org\/parma\/wp-json\/wp\/v2\/categories?post=1903"},{"taxonomy":"post_tag","embeddable":true,"href":"https:\/\/www.confagricoltura.org\/parma\/wp-json\/wp\/v2\/tags?post=1903"}],"curies":[{"name":"wp","href":"https:\/\/api.w.org\/{rel}","templated":true}]}}