{"id":1559,"date":"2022-01-05T15:01:00","date_gmt":"2022-01-05T14:01:00","guid":{"rendered":"https:\/\/www.confagricoltura.org\/parma\/?p=1559"},"modified":"2022-01-10T17:23:51","modified_gmt":"2022-01-10T16:23:51","slug":"bandi-psr","status":"publish","type":"post","link":"https:\/\/www.confagricoltura.org\/parma\/bandi-psr\/","title":{"rendered":"Bandi Psr"},"content":{"rendered":"\n<p>Sono stati pubblicati due importanti bandi della programmazione 2014\/2020, gi\u00e0 pubblicati negli scorsi anni e che nella provincia di Parma hanno interessato numerose aziende. Si tratta di:\u00a0<strong>\u201cInsediamento giovani agricoltori\u201d e \u201cinvestimenti per la riduzione dei gas serra e ammoniaca\u201d.<\/strong><\/p>\n\n\n\n<p>Le risorse disponibili sul bando giovani ammontano a:<br>\u2022 14.000.000 di euro sul tipo di operazione 6.1.01 \u201cinsediamento dei giovani agricoltori\u201d;<\/p>\n\n\n\n<p>\u2022 16.310.858 di euro sul tipo di operazione 4.1.02 \u201cInvestimenti in azienda agricola per giovani agricoltori beneficiari del premio di primo insediamento\u201d.<\/p>\n\n\n\n<p>Il tipo di operazione \u201cinsediamento dei giovani agricoltori\u201d persegue l\u2019obiettivo di incentivare il primo insediamento in agricoltura di giovani imprenditori, under 40, professionalizzati, in grado di gestire responsabilmente la propria attivit\u00e0 e svilupparne la crescita.<\/p>\n\n\n\n<p>Il premio viene assegnato al giovane che assume\u00a0<strong>la piena responsabilit\u00e0 civile e fiscale dell\u2019azienda\u00a0<\/strong>e all\u2019interno della stessa sviluppa un proprio progetto.<\/p>\n\n\n\n<p>L\u2019entit\u00e0 dell\u2019aiuto varia tra i 30.000 euro e i 50.000 euro in zona con vincoli naturali o altri vincoli spe- cifici.<\/p>\n\n\n\n<p>Il premio al giovane, pu\u00f2 essere sostenuto dal tipo di operazione 4.1.02, che fornisce un contributo afondoperdutotra il 40 e il 50% per la realizzazione del Piano di sviluppo Aziendale sostenuto dal beneficiario.<\/p>\n\n\n\n<p><strong><em>Le domande di sostegno su questo bando potranno essere presentate fino alle ore 13.00 del 27 maggio 2022.<\/em><\/strong><\/p>\n\n\n\n<p><em>Il tipo di operazione 4.1.04 si col- loca come azione di supporto, per favorire l\u2019applicazione di tecniche pi\u00f9 efficaci per il miglioramento ambientale, in termini di inquinanti azotati, principalmente ossidi di azoto e ammoniaca, derivanti da allevamenti zootecnici esistenti.<\/em><\/p>\n\n\n\n<p>Possono beneficiare del contributo imprese agricole, ai sensi del dell\u2019art, 2135 de c.c. in forma sin- gola o associata, che utilizzano effluenti di allevamento.<\/p>\n\n\n\n<p>La dotazione finanziaria prevista \u00e8 pari a 10.119.855 euro, l\u2019importo minimo del progetto deve essere almeno di 20.000 \u20ac e l\u2019importo massimo finanziabile \u00e8 pari 180.000 euro per i progetti singoli e 500.000 euro per i progetti collettivi.<\/p>\n\n\n\n<p>Le imprese devono definire progetti per la riduzione delle emissioni di ammonica e gas serra nei processi produttivi, che possono riguardare singole fasi o pi\u00f9 fasi indipendenti tra loro.<\/p>\n\n\n\n<p>I principali investimenti riguardano:<br>\u2022 Contenitori coperti dei reflui di allevamento e digestato;<\/p>\n\n\n\n<p>\u2022 Modalit\u00e0 di distribuzione degli effluenti di allevamento e digestato. Rispetto alle pubblicazioni degli scorsi anni, una delle novit\u00e0 pi\u00f9 importanti di questo bando \u00e8 la percentuale di contributo a fondo perduto, che ammonta al 75 % della spesa ammissibile a finanzia- mento.<\/p>\n\n\n\n<p><strong><em>Le domande di sostegno sul pre- sente bando potranno essere pre- sentate fino alle ore 13.00 del 1\u00b0 Aprile 2022.<\/em><\/strong><\/p>\n\n\n\n<p>\u00c8 inoltre prevista per Marzo 2022 l\u2019apertura del bando \u201cammodernamento delle aziende agricole\u201d sul tipo di operazione 4.1.01, un finanziamento a fondo perduto per l\u2019acquisto di attrezzature nuove, ristrutturazioni e nuove costruzioni di edifici produttivi, al fine di ammodernare e migliore il processo produttivo delle aziende agricole. Vista la complessit\u00e0 dei bandi e la necessit\u00e0 di studiare con accura- tezza ogni singolo progetto affin- ch\u00e9 possano risultare pienamente rispondenti alle priorit\u00e0 dei singoli bandi, \u00e8 necessario che le aziende manifestino il proprio interesse, tramite mail, ai propri uffici zona di riferimento entro il 29\/01\/2022.<\/p>\n","protected":false},"excerpt":{"rendered":"<p>&#8220;Insediamento giovani agricoltori&#8221; e &#8220;Investimenti per la riduzione di gas serra e ammoniaca&#8221;.  <\/p>\n","protected":false},"author":5,"featured_media":1560,"comment_status":"closed","ping_status":"closed","sticky":false,"template":"","format":"standard","meta":{"wp_mapbox_gl_js_media":[],"footnotes":""},"categories":[4],"tags":[],"class_list":["post-1559","post","type-post","status-publish","format-standard","has-post-thumbnail","hentry","category-news"],"yoast_head":"<!-- This site is optimized with the Yoast SEO plugin v26.8 - https:\/\/yoast.com\/product\/yoast-seo-wordpress\/ -->\n<title>Bandi Psr - Confagricoltura Parma<\/title>\n<meta name=\"robots\" content=\"index, follow, max-snippet:-1, max-image-preview:large, max-video-preview:-1\" \/>\n<link rel=\"canonical\" href=\"https:\/\/www.confagricoltura.org\/parma\/bandi-psr\/\" \/>\n<meta property=\"og:locale\" content=\"it_IT\" \/>\n<meta property=\"og:type\" content=\"article\" \/>\n<meta property=\"og:title\" content=\"Bandi Psr - Confagricoltura Parma\" \/>\n<meta property=\"og:description\" content=\"&quot;Insediamento giovani agricoltori&quot; e &quot;Investimenti per la riduzione di gas serra e ammoniaca&quot;.\" \/>\n<meta property=\"og:url\" content=\"https:\/\/www.confagricoltura.org\/parma\/bandi-psr\/\" \/>\n<meta property=\"og:site_name\" content=\"Confagricoltura Parma\" \/>\n<meta property=\"article:published_time\" content=\"2022-01-05T14:01:00+00:00\" \/>\n<meta property=\"article:modified_time\" content=\"2022-01-10T16:23:51+00:00\" \/>\n<meta property=\"og:image\" content=\"https:\/\/www.confagricoltura.org\/parma\/wp-content\/uploads\/sites\/10\/2022\/01\/002-PAGINA-4-Foto-per-i-bandi-Psr-per-i-giovani.png\" \/>\n\t<meta property=\"og:image:width\" content=\"940\" \/>\n\t<meta property=\"og:image:height\" content=\"788\" \/>\n\t<meta property=\"og:image:type\" content=\"image\/png\" \/>\n<meta name=\"author\" content=\"confagricolturaparma\" \/>\n<meta name=\"twitter:card\" content=\"summary_large_image\" \/>\n<meta name=\"twitter:label1\" content=\"Scritto da\" \/>\n\t<meta name=\"twitter:data1\" content=\"confagricolturaparma\" \/>\n\t<meta name=\"twitter:label2\" content=\"Tempo di lettura stimato\" \/>\n\t<meta name=\"twitter:data2\" content=\"3 minuti\" \/>\n<script type=\"application\/ld+json\" class=\"yoast-schema-graph\">{\"@context\":\"https:\/\/schema.org\",\"@graph\":[{\"@type\":\"Article\",\"@id\":\"https:\/\/www.confagricoltura.org\/parma\/bandi-psr\/#article\",\"isPartOf\":{\"@id\":\"https:\/\/www.confagricoltura.org\/parma\/bandi-psr\/\"},\"author\":{\"name\":\"confagricolturaparma\",\"@id\":\"https:\/\/www.confagricoltura.org\/parma\/#\/schema\/person\/3cd4548d78b676877beb0651a1b885a7\"},\"headline\":\"Bandi Psr\",\"datePublished\":\"2022-01-05T14:01:00+00:00\",\"dateModified\":\"2022-01-10T16:23:51+00:00\",\"mainEntityOfPage\":{\"@id\":\"https:\/\/www.confagricoltura.org\/parma\/bandi-psr\/\"},\"wordCount\":489,\"image\":{\"@id\":\"https:\/\/www.confagricoltura.org\/parma\/bandi-psr\/#primaryimage\"},\"thumbnailUrl\":\"https:\/\/www.confagricoltura.org\/parma\/wp-content\/uploads\/sites\/10\/2022\/01\/002-PAGINA-4-Foto-per-i-bandi-Psr-per-i-giovani.png\",\"articleSection\":[\"News\"],\"inLanguage\":\"it-IT\"},{\"@type\":\"WebPage\",\"@id\":\"https:\/\/www.confagricoltura.org\/parma\/bandi-psr\/\",\"url\":\"https:\/\/www.confagricoltura.org\/parma\/bandi-psr\/\",\"name\":\"Bandi Psr - Confagricoltura Parma\",\"isPartOf\":{\"@id\":\"https:\/\/www.confagricoltura.org\/parma\/#website\"},\"primaryImageOfPage\":{\"@id\":\"https:\/\/www.confagricoltura.org\/parma\/bandi-psr\/#primaryimage\"},\"image\":{\"@id\":\"https:\/\/www.confagricoltura.org\/parma\/bandi-psr\/#primaryimage\"},\"thumbnailUrl\":\"https:\/\/www.confagricoltura.org\/parma\/wp-content\/uploads\/sites\/10\/2022\/01\/002-PAGINA-4-Foto-per-i-bandi-Psr-per-i-giovani.png\",\"datePublished\":\"2022-01-05T14:01:00+00:00\",\"dateModified\":\"2022-01-10T16:23:51+00:00\",\"author\":{\"@id\":\"https:\/\/www.confagricoltura.org\/parma\/#\/schema\/person\/3cd4548d78b676877beb0651a1b885a7\"},\"breadcrumb\":{\"@id\":\"https:\/\/www.confagricoltura.org\/parma\/bandi-psr\/#breadcrumb\"},\"inLanguage\":\"it-IT\",\"potentialAction\":[{\"@type\":\"ReadAction\",\"target\":[\"https:\/\/www.confagricoltura.org\/parma\/bandi-psr\/\"]}]},{\"@type\":\"ImageObject\",\"inLanguage\":\"it-IT\",\"@id\":\"https:\/\/www.confagricoltura.org\/parma\/bandi-psr\/#primaryimage\",\"url\":\"https:\/\/www.confagricoltura.org\/parma\/wp-content\/uploads\/sites\/10\/2022\/01\/002-PAGINA-4-Foto-per-i-bandi-Psr-per-i-giovani.png\",\"contentUrl\":\"https:\/\/www.confagricoltura.org\/parma\/wp-content\/uploads\/sites\/10\/2022\/01\/002-PAGINA-4-Foto-per-i-bandi-Psr-per-i-giovani.png\",\"width\":940,\"height\":788},{\"@type\":\"BreadcrumbList\",\"@id\":\"https:\/\/www.confagricoltura.org\/parma\/bandi-psr\/#breadcrumb\",\"itemListElement\":[{\"@type\":\"ListItem\",\"position\":1,\"name\":\"Home\",\"item\":\"https:\/\/www.confagricoltura.org\/parma\/\"},{\"@type\":\"ListItem\",\"position\":2,\"name\":\"Bandi Psr\"}]},{\"@type\":\"WebSite\",\"@id\":\"https:\/\/www.confagricoltura.org\/parma\/#website\",\"url\":\"https:\/\/www.confagricoltura.org\/parma\/\",\"name\":\"Confagricoltura Parma\",\"description\":\"Dalla parte degli Agricoltori\",\"potentialAction\":[{\"@type\":\"SearchAction\",\"target\":{\"@type\":\"EntryPoint\",\"urlTemplate\":\"https:\/\/www.confagricoltura.org\/parma\/?s={search_term_string}\"},\"query-input\":{\"@type\":\"PropertyValueSpecification\",\"valueRequired\":true,\"valueName\":\"search_term_string\"}}],\"inLanguage\":\"it-IT\"},{\"@type\":\"Person\",\"@id\":\"https:\/\/www.confagricoltura.org\/parma\/#\/schema\/person\/3cd4548d78b676877beb0651a1b885a7\",\"name\":\"confagricolturaparma\",\"image\":{\"@type\":\"ImageObject\",\"inLanguage\":\"it-IT\",\"@id\":\"https:\/\/www.confagricoltura.org\/parma\/#\/schema\/person\/image\/\",\"url\":\"https:\/\/secure.gravatar.com\/avatar\/b5b08888682650e8feabb958d1a675c2?s=96&d=mm&r=g\",\"contentUrl\":\"https:\/\/secure.gravatar.com\/avatar\/b5b08888682650e8feabb958d1a675c2?s=96&d=mm&r=g\",\"caption\":\"confagricolturaparma\"},\"url\":\"https:\/\/www.confagricoltura.org\/parma\/author\/confagricolturaparma\/\"}]}<\/script>\n<!-- \/ Yoast SEO plugin. -->","yoast_head_json":{"title":"Bandi Psr - Confagricoltura Parma","robots":{"index":"index","follow":"follow","max-snippet":"max-snippet:-1","max-image-preview":"max-image-preview:large","max-video-preview":"max-video-preview:-1"},"canonical":"https:\/\/www.confagricoltura.org\/parma\/bandi-psr\/","og_locale":"it_IT","og_type":"article","og_title":"Bandi Psr - Confagricoltura Parma","og_description":"\"Insediamento giovani agricoltori\" e \"Investimenti per la riduzione di gas serra e ammoniaca\".","og_url":"https:\/\/www.confagricoltura.org\/parma\/bandi-psr\/","og_site_name":"Confagricoltura Parma","article_published_time":"2022-01-05T14:01:00+00:00","article_modified_time":"2022-01-10T16:23:51+00:00","og_image":[{"width":940,"height":788,"url":"https:\/\/www.confagricoltura.org\/parma\/wp-content\/uploads\/sites\/10\/2022\/01\/002-PAGINA-4-Foto-per-i-bandi-Psr-per-i-giovani.png","type":"image\/png"}],"author":"confagricolturaparma","twitter_card":"summary_large_image","twitter_misc":{"Scritto da":"confagricolturaparma","Tempo di lettura stimato":"3 minuti"},"schema":{"@context":"https:\/\/schema.org","@graph":[{"@type":"Article","@id":"https:\/\/www.confagricoltura.org\/parma\/bandi-psr\/#article","isPartOf":{"@id":"https:\/\/www.confagricoltura.org\/parma\/bandi-psr\/"},"author":{"name":"confagricolturaparma","@id":"https:\/\/www.confagricoltura.org\/parma\/#\/schema\/person\/3cd4548d78b676877beb0651a1b885a7"},"headline":"Bandi Psr","datePublished":"2022-01-05T14:01:00+00:00","dateModified":"2022-01-10T16:23:51+00:00","mainEntityOfPage":{"@id":"https:\/\/www.confagricoltura.org\/parma\/bandi-psr\/"},"wordCount":489,"image":{"@id":"https:\/\/www.confagricoltura.org\/parma\/bandi-psr\/#primaryimage"},"thumbnailUrl":"https:\/\/www.confagricoltura.org\/parma\/wp-content\/uploads\/sites\/10\/2022\/01\/002-PAGINA-4-Foto-per-i-bandi-Psr-per-i-giovani.png","articleSection":["News"],"inLanguage":"it-IT"},{"@type":"WebPage","@id":"https:\/\/www.confagricoltura.org\/parma\/bandi-psr\/","url":"https:\/\/www.confagricoltura.org\/parma\/bandi-psr\/","name":"Bandi Psr - Confagricoltura Parma","isPartOf":{"@id":"https:\/\/www.confagricoltura.org\/parma\/#website"},"primaryImageOfPage":{"@id":"https:\/\/www.confagricoltura.org\/parma\/bandi-psr\/#primaryimage"},"image":{"@id":"https:\/\/www.confagricoltura.org\/parma\/bandi-psr\/#primaryimage"},"thumbnailUrl":"https:\/\/www.confagricoltura.org\/parma\/wp-content\/uploads\/sites\/10\/2022\/01\/002-PAGINA-4-Foto-per-i-bandi-Psr-per-i-giovani.png","datePublished":"2022-01-05T14:01:00+00:00","dateModified":"2022-01-10T16:23:51+00:00","author":{"@id":"https:\/\/www.confagricoltura.org\/parma\/#\/schema\/person\/3cd4548d78b676877beb0651a1b885a7"},"breadcrumb":{"@id":"https:\/\/www.confagricoltura.org\/parma\/bandi-psr\/#breadcrumb"},"inLanguage":"it-IT","potentialAction":[{"@type":"ReadAction","target":["https:\/\/www.confagricoltura.org\/parma\/bandi-psr\/"]}]},{"@type":"ImageObject","inLanguage":"it-IT","@id":"https:\/\/www.confagricoltura.org\/parma\/bandi-psr\/#primaryimage","url":"https:\/\/www.confagricoltura.org\/parma\/wp-content\/uploads\/sites\/10\/2022\/01\/002-PAGINA-4-Foto-per-i-bandi-Psr-per-i-giovani.png","contentUrl":"https:\/\/www.confagricoltura.org\/parma\/wp-content\/uploads\/sites\/10\/2022\/01\/002-PAGINA-4-Foto-per-i-bandi-Psr-per-i-giovani.png","width":940,"height":788},{"@type":"BreadcrumbList","@id":"https:\/\/www.confagricoltura.org\/parma\/bandi-psr\/#breadcrumb","itemListElement":[{"@type":"ListItem","position":1,"name":"Home","item":"https:\/\/www.confagricoltura.org\/parma\/"},{"@type":"ListItem","position":2,"name":"Bandi Psr"}]},{"@type":"WebSite","@id":"https:\/\/www.confagricoltura.org\/parma\/#website","url":"https:\/\/www.confagricoltura.org\/parma\/","name":"Confagricoltura Parma","description":"Dalla parte degli Agricoltori","potentialAction":[{"@type":"SearchAction","target":{"@type":"EntryPoint","urlTemplate":"https:\/\/www.confagricoltura.org\/parma\/?s={search_term_string}"},"query-input":{"@type":"PropertyValueSpecification","valueRequired":true,"valueName":"search_term_string"}}],"inLanguage":"it-IT"},{"@type":"Person","@id":"https:\/\/www.confagricoltura.org\/parma\/#\/schema\/person\/3cd4548d78b676877beb0651a1b885a7","name":"confagricolturaparma","image":{"@type":"ImageObject","inLanguage":"it-IT","@id":"https:\/\/www.confagricoltura.org\/parma\/#\/schema\/person\/image\/","url":"https:\/\/secure.gravatar.com\/avatar\/b5b08888682650e8feabb958d1a675c2?s=96&d=mm&r=g","contentUrl":"https:\/\/secure.gravatar.com\/avatar\/b5b08888682650e8feabb958d1a675c2?s=96&d=mm&r=g","caption":"confagricolturaparma"},"url":"https:\/\/www.confagricoltura.org\/parma\/author\/confagricolturaparma\/"}]}},"_links":{"self":[{"href":"https:\/\/www.confagricoltura.org\/parma\/wp-json\/wp\/v2\/posts\/1559","targetHints":{"allow":["GET"]}}],"collection":[{"href":"https:\/\/www.confagricoltura.org\/parma\/wp-json\/wp\/v2\/posts"}],"about":[{"href":"https:\/\/www.confagricoltura.org\/parma\/wp-json\/wp\/v2\/types\/post"}],"author":[{"embeddable":true,"href":"https:\/\/www.confagricoltura.org\/parma\/wp-json\/wp\/v2\/users\/5"}],"replies":[{"embeddable":true,"href":"https:\/\/www.confagricoltura.org\/parma\/wp-json\/wp\/v2\/comments?post=1559"}],"version-history":[{"count":2,"href":"https:\/\/www.confagricoltura.org\/parma\/wp-json\/wp\/v2\/posts\/1559\/revisions"}],"predecessor-version":[{"id":1576,"href":"https:\/\/www.confagricoltura.org\/parma\/wp-json\/wp\/v2\/posts\/1559\/revisions\/1576"}],"wp:featuredmedia":[{"embeddable":true,"href":"https:\/\/www.confagricoltura.org\/parma\/wp-json\/wp\/v2\/media\/1560"}],"wp:attachment":[{"href":"https:\/\/www.confagricoltura.org\/parma\/wp-json\/wp\/v2\/media?parent=1559"}],"wp:term":[{"taxonomy":"category","embeddable":true,"href":"https:\/\/www.confagricoltura.org\/parma\/wp-json\/wp\/v2\/categories?post=1559"},{"taxonomy":"post_tag","embeddable":true,"href":"https:\/\/www.confagricoltura.org\/parma\/wp-json\/wp\/v2\/tags?post=1559"}],"curies":[{"name":"wp","href":"https:\/\/api.w.org\/{rel}","templated":true}]}}