{"id":1552,"date":"2022-01-01T14:51:00","date_gmt":"2022-01-01T13:51:00","guid":{"rendered":"https:\/\/www.confagricoltura.org\/parma\/?p=1552"},"modified":"2022-01-10T15:04:33","modified_gmt":"2022-01-10T14:04:33","slug":"dal-1-gennaio-2022-il-libretto-uma-e-digitale","status":"publish","type":"post","link":"https:\/\/www.confagricoltura.org\/parma\/dal-1-gennaio-2022-il-libretto-uma-e-digitale\/","title":{"rendered":"Dal 1\u00b0 gennaio 2022 il libretto UMA \u00e8 digitale."},"content":{"rendered":"\n<p>Dal 1\u00b0 gennaio il libretto UMA \u00e8 esclusivamente in formato digitale, ma per le aziende agricole non cambier\u00e0 nulla rispetto al passato, le aziende dovranno rivolgersi all\u2019ufficio dell\u2019associazione come avvenuto per le scorse campagne, ma a differenza degli anni passati&nbsp;non verr\u00e0 pi\u00f9&nbsp;consegnato&nbsp;il&nbsp;libretto&nbsp;cartaceo,&nbsp;ma&nbsp;una&nbsp;ricevuta&nbsp;che verr\u00e0&nbsp;inviata&nbsp;anche&nbsp;tramite&nbsp;Pec&nbsp;dall\u2019applicativo regionale,&nbsp;riportante&nbsp;le seguenti informazioni:<\/p>\n\n\n\n<ol class=\"wp-block-list\" type=\"1\"><li>identificativi&nbsp;dell\u2019azienda\u00b8<\/li><li>quantit\u00e0&nbsp;di&nbsp;carburante assegnato&nbsp;diviso per&nbsp;tipologia;&nbsp;<\/li><li>data&nbsp;del&nbsp;rilascio;<\/li><li>numero&nbsp;di&nbsp;protocollo&nbsp;relativo alla&nbsp;pratica&nbsp;di&nbsp;assegnazione: questo&nbsp;numero sar\u00e0&nbsp;centrale&nbsp;e&nbsp;a caratteri&nbsp;grandiin&nbsp;quanto&nbsp;\u00e8&nbsp;il&nbsp;dato&nbsp;da&nbsp;comunicare&nbsp;sempre&nbsp;al&nbsp;distributore&nbsp;in&nbsp;fase&nbsp;di&nbsp;prenotazione&nbsp;di&nbsp;carburante;<\/li><li>link&nbsp;a&nbsp;cui l\u2019azienda&nbsp;potr\u00e0&nbsp;collegarsi per&nbsp;visualizzare,&nbsp;tramite&nbsp;credenziali&nbsp;SPID,&nbsp;in&nbsp;qualsiasi&nbsp;momento, ilproprio&nbsp;libretto<\/li><li>qr&nbsp;code&nbsp;che una&nbsp;volta inquadrato&nbsp;tramite&nbsp;smartphone&nbsp;rimander\u00e0&nbsp;alla pagina&nbsp;di&nbsp;cui sopra.&nbsp;<\/li><\/ol>\n\n\n\n<p>I distributori di carburante si dovranno accreditare presso la Regione Emilia Romagna e attraverso un sistema informatico&nbsp;(tramite&nbsp;App&nbsp;Distributori) procederanno alle consegne&nbsp;e&nbsp;alle&nbsp;relative&nbsp;registrazioni&nbsp;del&nbsp;carburante consegnato.<\/p>\n\n\n\n<p>L\u2019azienda al momento del fabbisogno dovr\u00e0 contattare il distributore comunicando Cuaa, il numero di protocollodel&nbsp;libretto&nbsp;riportato&nbsp;sulla ricevuta&nbsp;rilasciata&nbsp;dall\u2019ufficio&nbsp;dell\u2019associazione&nbsp;e&nbsp;il&nbsp;nome&nbsp;dell\u2019azienda.<\/p>\n\n\n\n<p>Il&nbsp;processo&nbsp;di consegna&nbsp;sar\u00e0 il&nbsp;seguente:<\/p>\n\n\n\n<ol class=\"wp-block-list\" type=\"1\"><li>il&nbsp;distributore&nbsp;prenota&nbsp;e&nbsp;consegna&nbsp;il&nbsp;quantitativo&nbsp;di&nbsp;carburante&nbsp;richiesto;&nbsp;<\/li><li>il&nbsp;distributore&nbsp;registra&nbsp;l\u2019avvenuta&nbsp;consegna&nbsp;tramite&nbsp;accesso&nbsp;al&nbsp;sistema&nbsp;ed&nbsp;indicando&nbsp;i&nbsp;dati&nbsp;della fornitura:&nbsp;Cuaa&nbsp;azienda,&nbsp;numero di&nbsp;protocollo del&nbsp;libretto e&nbsp;quantit\u00e0&nbsp;consegnata<\/li><li>al&nbsp;momento&nbsp;dell\u2019inserimento&nbsp;l\u2019applicazione&nbsp;avvier\u00e0&nbsp;i&nbsp;controlli&nbsp;relativi&nbsp;alla&nbsp;disponibilit\u00e0&nbsp;da&nbsp;parte dell\u2019azienda agricola&nbsp;di&nbsp;ricevere&nbsp;la&nbsp;quota carburante&nbsp;inserita&nbsp;dal&nbsp;distributore,&nbsp;pertanto&nbsp;l\u2019applicazione:<ol><li>registra&nbsp;la&nbsp;consegna di&nbsp;carburante;&nbsp;<\/li><\/ol><ol><li>la&nbsp;data&nbsp;di&nbsp;consegna&nbsp;coincide&nbsp;con&nbsp;quella&nbsp;di&nbsp;registrazione;<\/li><\/ol><ol><li>all\u2019agricoltore&nbsp;viene inviata&nbsp;una&nbsp;PEC&nbsp;con&nbsp;i dati&nbsp;del&nbsp;prelievo.&nbsp;<\/li><\/ol><\/li><\/ol>\n\n\n\n<p>Con la nuova procedura in modalit\u00e0 digitale il distributore, al momento della prenotazione, vedr\u00e0&nbsp;direttamente la disponibilit\u00e0 dell\u2019azienda e sar\u00e0 quindi impossibile consegnare un quantitativo maggiore&nbsp;della&nbsp;disponibilit\u00e0&nbsp;residua aziendale.<\/p>\n\n\n\n<p>Gli uffici Uma di Confagricoltura&nbsp;potranno&nbsp;visualizzare&nbsp;in&nbsp;qualsiasi&nbsp;momento&nbsp;il&nbsp;libretto&nbsp;digitale&nbsp;dell\u2019azienda, costantemente aggiornato con tutti i prelievi effettuati ed inoltre sar\u00e0 sempre a disposizione la&nbsp;ricevuta&nbsp;rilasciata e in caso di smarrimento sar\u00f2 sempre possibile fornirne copia all\u2019azienda.<\/p>\n\n\n\n<p>La modalit\u00e0 digitale fornisce la possibilit\u00e0 di offrire una migliore e pi\u00f9 specifica assistenza all\u2019agricoltore, masoprattutto riduce gli errori di prelievo del carburante in eccesso evitando cos\u00ec segnalazioni all\u2019ufficio dogane e relative sanzioni.<\/p>\n\n\n\n<p>Gli uffici di Confagricoltura sono a disposizione dei soci per la redazione e inoltro delle pratiche relative alla richiesta di carburante e per fornire qualsiasi informazione a riguardo.<\/p>\n","protected":false},"excerpt":{"rendered":"<p>Ma per le aziende agricole non cambier\u00e0 nulla rispetto al passato, le aziende dovranno rivolgersi all\u2019ufficio dell\u2019associazione come avvenuto per le scorse campagne, ma a differenza degli anni passati non verr\u00e0 pi\u00f9 consegnato il libretto cartaceo, ma una ricevuta<\/p>\n","protected":false},"author":5,"featured_media":1562,"comment_status":"closed","ping_status":"closed","sticky":false,"template":"","format":"standard","meta":{"wp_mapbox_gl_js_media":[],"footnotes":""},"categories":[4],"tags":[],"class_list":["post-1552","post","type-post","status-publish","format-standard","has-post-thumbnail","hentry","category-news"],"yoast_head":"<!-- This site is optimized with the Yoast SEO plugin v26.8 - https:\/\/yoast.com\/product\/yoast-seo-wordpress\/ -->\n<title>Dal 1\u00b0 gennaio 2022 il libretto UMA \u00e8 digitale. - Confagricoltura Parma<\/title>\n<meta name=\"robots\" content=\"index, follow, max-snippet:-1, max-image-preview:large, max-video-preview:-1\" \/>\n<link rel=\"canonical\" href=\"https:\/\/www.confagricoltura.org\/parma\/dal-1-gennaio-2022-il-libretto-uma-e-digitale\/\" \/>\n<meta property=\"og:locale\" content=\"it_IT\" \/>\n<meta property=\"og:type\" content=\"article\" \/>\n<meta property=\"og:title\" content=\"Dal 1\u00b0 gennaio 2022 il libretto UMA \u00e8 digitale. - Confagricoltura Parma\" \/>\n<meta property=\"og:description\" content=\"Ma per le aziende agricole non cambier\u00e0 nulla rispetto al passato, le aziende dovranno rivolgersi all\u2019ufficio dell\u2019associazione come avvenuto per le scorse campagne, ma a differenza degli anni passati non verr\u00e0 pi\u00f9 consegnato il libretto cartaceo, ma una ricevuta\" \/>\n<meta property=\"og:url\" content=\"https:\/\/www.confagricoltura.org\/parma\/dal-1-gennaio-2022-il-libretto-uma-e-digitale\/\" \/>\n<meta property=\"og:site_name\" content=\"Confagricoltura Parma\" \/>\n<meta property=\"article:published_time\" content=\"2022-01-01T13:51:00+00:00\" \/>\n<meta property=\"article:modified_time\" content=\"2022-01-10T14:04:33+00:00\" \/>\n<meta property=\"og:image\" content=\"https:\/\/www.confagricoltura.org\/parma\/wp-content\/uploads\/sites\/10\/2022\/01\/001-PAGINA-4-Foto-per-Dal-1-gennaio-2022-il-libretto-Uma.png\" \/>\n\t<meta property=\"og:image:width\" content=\"940\" \/>\n\t<meta property=\"og:image:height\" content=\"788\" \/>\n\t<meta property=\"og:image:type\" content=\"image\/png\" \/>\n<meta name=\"author\" content=\"confagricolturaparma\" \/>\n<meta name=\"twitter:card\" content=\"summary_large_image\" \/>\n<meta name=\"twitter:label1\" content=\"Scritto da\" \/>\n\t<meta name=\"twitter:data1\" content=\"confagricolturaparma\" \/>\n\t<meta name=\"twitter:label2\" content=\"Tempo di lettura stimato\" \/>\n\t<meta name=\"twitter:data2\" content=\"2 minuti\" \/>\n<script type=\"application\/ld+json\" class=\"yoast-schema-graph\">{\"@context\":\"https:\/\/schema.org\",\"@graph\":[{\"@type\":\"Article\",\"@id\":\"https:\/\/www.confagricoltura.org\/parma\/dal-1-gennaio-2022-il-libretto-uma-e-digitale\/#article\",\"isPartOf\":{\"@id\":\"https:\/\/www.confagricoltura.org\/parma\/dal-1-gennaio-2022-il-libretto-uma-e-digitale\/\"},\"author\":{\"name\":\"confagricolturaparma\",\"@id\":\"https:\/\/www.confagricoltura.org\/parma\/#\/schema\/person\/3cd4548d78b676877beb0651a1b885a7\"},\"headline\":\"Dal 1\u00b0 gennaio 2022 il libretto UMA \u00e8 digitale.\",\"datePublished\":\"2022-01-01T13:51:00+00:00\",\"dateModified\":\"2022-01-10T14:04:33+00:00\",\"mainEntityOfPage\":{\"@id\":\"https:\/\/www.confagricoltura.org\/parma\/dal-1-gennaio-2022-il-libretto-uma-e-digitale\/\"},\"wordCount\":616,\"image\":{\"@id\":\"https:\/\/www.confagricoltura.org\/parma\/dal-1-gennaio-2022-il-libretto-uma-e-digitale\/#primaryimage\"},\"thumbnailUrl\":\"https:\/\/www.confagricoltura.org\/parma\/wp-content\/uploads\/sites\/10\/2022\/01\/001-PAGINA-4-Foto-per-Dal-1-gennaio-2022-il-libretto-Uma.png\",\"articleSection\":[\"News\"],\"inLanguage\":\"it-IT\"},{\"@type\":\"WebPage\",\"@id\":\"https:\/\/www.confagricoltura.org\/parma\/dal-1-gennaio-2022-il-libretto-uma-e-digitale\/\",\"url\":\"https:\/\/www.confagricoltura.org\/parma\/dal-1-gennaio-2022-il-libretto-uma-e-digitale\/\",\"name\":\"Dal 1\u00b0 gennaio 2022 il libretto UMA \u00e8 digitale. - Confagricoltura Parma\",\"isPartOf\":{\"@id\":\"https:\/\/www.confagricoltura.org\/parma\/#website\"},\"primaryImageOfPage\":{\"@id\":\"https:\/\/www.confagricoltura.org\/parma\/dal-1-gennaio-2022-il-libretto-uma-e-digitale\/#primaryimage\"},\"image\":{\"@id\":\"https:\/\/www.confagricoltura.org\/parma\/dal-1-gennaio-2022-il-libretto-uma-e-digitale\/#primaryimage\"},\"thumbnailUrl\":\"https:\/\/www.confagricoltura.org\/parma\/wp-content\/uploads\/sites\/10\/2022\/01\/001-PAGINA-4-Foto-per-Dal-1-gennaio-2022-il-libretto-Uma.png\",\"datePublished\":\"2022-01-01T13:51:00+00:00\",\"dateModified\":\"2022-01-10T14:04:33+00:00\",\"author\":{\"@id\":\"https:\/\/www.confagricoltura.org\/parma\/#\/schema\/person\/3cd4548d78b676877beb0651a1b885a7\"},\"breadcrumb\":{\"@id\":\"https:\/\/www.confagricoltura.org\/parma\/dal-1-gennaio-2022-il-libretto-uma-e-digitale\/#breadcrumb\"},\"inLanguage\":\"it-IT\",\"potentialAction\":[{\"@type\":\"ReadAction\",\"target\":[\"https:\/\/www.confagricoltura.org\/parma\/dal-1-gennaio-2022-il-libretto-uma-e-digitale\/\"]}]},{\"@type\":\"ImageObject\",\"inLanguage\":\"it-IT\",\"@id\":\"https:\/\/www.confagricoltura.org\/parma\/dal-1-gennaio-2022-il-libretto-uma-e-digitale\/#primaryimage\",\"url\":\"https:\/\/www.confagricoltura.org\/parma\/wp-content\/uploads\/sites\/10\/2022\/01\/001-PAGINA-4-Foto-per-Dal-1-gennaio-2022-il-libretto-Uma.png\",\"contentUrl\":\"https:\/\/www.confagricoltura.org\/parma\/wp-content\/uploads\/sites\/10\/2022\/01\/001-PAGINA-4-Foto-per-Dal-1-gennaio-2022-il-libretto-Uma.png\",\"width\":940,\"height\":788},{\"@type\":\"BreadcrumbList\",\"@id\":\"https:\/\/www.confagricoltura.org\/parma\/dal-1-gennaio-2022-il-libretto-uma-e-digitale\/#breadcrumb\",\"itemListElement\":[{\"@type\":\"ListItem\",\"position\":1,\"name\":\"Home\",\"item\":\"https:\/\/www.confagricoltura.org\/parma\/\"},{\"@type\":\"ListItem\",\"position\":2,\"name\":\"Dal 1\u00b0 gennaio 2022 il libretto UMA \u00e8 digitale.\"}]},{\"@type\":\"WebSite\",\"@id\":\"https:\/\/www.confagricoltura.org\/parma\/#website\",\"url\":\"https:\/\/www.confagricoltura.org\/parma\/\",\"name\":\"Confagricoltura Parma\",\"description\":\"Dalla parte degli Agricoltori\",\"potentialAction\":[{\"@type\":\"SearchAction\",\"target\":{\"@type\":\"EntryPoint\",\"urlTemplate\":\"https:\/\/www.confagricoltura.org\/parma\/?s={search_term_string}\"},\"query-input\":{\"@type\":\"PropertyValueSpecification\",\"valueRequired\":true,\"valueName\":\"search_term_string\"}}],\"inLanguage\":\"it-IT\"},{\"@type\":\"Person\",\"@id\":\"https:\/\/www.confagricoltura.org\/parma\/#\/schema\/person\/3cd4548d78b676877beb0651a1b885a7\",\"name\":\"confagricolturaparma\",\"image\":{\"@type\":\"ImageObject\",\"inLanguage\":\"it-IT\",\"@id\":\"https:\/\/www.confagricoltura.org\/parma\/#\/schema\/person\/image\/\",\"url\":\"https:\/\/secure.gravatar.com\/avatar\/b5b08888682650e8feabb958d1a675c2?s=96&d=mm&r=g\",\"contentUrl\":\"https:\/\/secure.gravatar.com\/avatar\/b5b08888682650e8feabb958d1a675c2?s=96&d=mm&r=g\",\"caption\":\"confagricolturaparma\"},\"url\":\"https:\/\/www.confagricoltura.org\/parma\/author\/confagricolturaparma\/\"}]}<\/script>\n<!-- \/ Yoast SEO plugin. -->","yoast_head_json":{"title":"Dal 1\u00b0 gennaio 2022 il libretto UMA \u00e8 digitale. - Confagricoltura Parma","robots":{"index":"index","follow":"follow","max-snippet":"max-snippet:-1","max-image-preview":"max-image-preview:large","max-video-preview":"max-video-preview:-1"},"canonical":"https:\/\/www.confagricoltura.org\/parma\/dal-1-gennaio-2022-il-libretto-uma-e-digitale\/","og_locale":"it_IT","og_type":"article","og_title":"Dal 1\u00b0 gennaio 2022 il libretto UMA \u00e8 digitale. - Confagricoltura Parma","og_description":"Ma per le aziende agricole non cambier\u00e0 nulla rispetto al passato, le aziende dovranno rivolgersi all\u2019ufficio dell\u2019associazione come avvenuto per le scorse campagne, ma a differenza degli anni passati non verr\u00e0 pi\u00f9 consegnato il libretto cartaceo, ma una ricevuta","og_url":"https:\/\/www.confagricoltura.org\/parma\/dal-1-gennaio-2022-il-libretto-uma-e-digitale\/","og_site_name":"Confagricoltura Parma","article_published_time":"2022-01-01T13:51:00+00:00","article_modified_time":"2022-01-10T14:04:33+00:00","og_image":[{"width":940,"height":788,"url":"https:\/\/www.confagricoltura.org\/parma\/wp-content\/uploads\/sites\/10\/2022\/01\/001-PAGINA-4-Foto-per-Dal-1-gennaio-2022-il-libretto-Uma.png","type":"image\/png"}],"author":"confagricolturaparma","twitter_card":"summary_large_image","twitter_misc":{"Scritto da":"confagricolturaparma","Tempo di lettura stimato":"2 minuti"},"schema":{"@context":"https:\/\/schema.org","@graph":[{"@type":"Article","@id":"https:\/\/www.confagricoltura.org\/parma\/dal-1-gennaio-2022-il-libretto-uma-e-digitale\/#article","isPartOf":{"@id":"https:\/\/www.confagricoltura.org\/parma\/dal-1-gennaio-2022-il-libretto-uma-e-digitale\/"},"author":{"name":"confagricolturaparma","@id":"https:\/\/www.confagricoltura.org\/parma\/#\/schema\/person\/3cd4548d78b676877beb0651a1b885a7"},"headline":"Dal 1\u00b0 gennaio 2022 il libretto UMA \u00e8 digitale.","datePublished":"2022-01-01T13:51:00+00:00","dateModified":"2022-01-10T14:04:33+00:00","mainEntityOfPage":{"@id":"https:\/\/www.confagricoltura.org\/parma\/dal-1-gennaio-2022-il-libretto-uma-e-digitale\/"},"wordCount":616,"image":{"@id":"https:\/\/www.confagricoltura.org\/parma\/dal-1-gennaio-2022-il-libretto-uma-e-digitale\/#primaryimage"},"thumbnailUrl":"https:\/\/www.confagricoltura.org\/parma\/wp-content\/uploads\/sites\/10\/2022\/01\/001-PAGINA-4-Foto-per-Dal-1-gennaio-2022-il-libretto-Uma.png","articleSection":["News"],"inLanguage":"it-IT"},{"@type":"WebPage","@id":"https:\/\/www.confagricoltura.org\/parma\/dal-1-gennaio-2022-il-libretto-uma-e-digitale\/","url":"https:\/\/www.confagricoltura.org\/parma\/dal-1-gennaio-2022-il-libretto-uma-e-digitale\/","name":"Dal 1\u00b0 gennaio 2022 il libretto UMA \u00e8 digitale. - Confagricoltura Parma","isPartOf":{"@id":"https:\/\/www.confagricoltura.org\/parma\/#website"},"primaryImageOfPage":{"@id":"https:\/\/www.confagricoltura.org\/parma\/dal-1-gennaio-2022-il-libretto-uma-e-digitale\/#primaryimage"},"image":{"@id":"https:\/\/www.confagricoltura.org\/parma\/dal-1-gennaio-2022-il-libretto-uma-e-digitale\/#primaryimage"},"thumbnailUrl":"https:\/\/www.confagricoltura.org\/parma\/wp-content\/uploads\/sites\/10\/2022\/01\/001-PAGINA-4-Foto-per-Dal-1-gennaio-2022-il-libretto-Uma.png","datePublished":"2022-01-01T13:51:00+00:00","dateModified":"2022-01-10T14:04:33+00:00","author":{"@id":"https:\/\/www.confagricoltura.org\/parma\/#\/schema\/person\/3cd4548d78b676877beb0651a1b885a7"},"breadcrumb":{"@id":"https:\/\/www.confagricoltura.org\/parma\/dal-1-gennaio-2022-il-libretto-uma-e-digitale\/#breadcrumb"},"inLanguage":"it-IT","potentialAction":[{"@type":"ReadAction","target":["https:\/\/www.confagricoltura.org\/parma\/dal-1-gennaio-2022-il-libretto-uma-e-digitale\/"]}]},{"@type":"ImageObject","inLanguage":"it-IT","@id":"https:\/\/www.confagricoltura.org\/parma\/dal-1-gennaio-2022-il-libretto-uma-e-digitale\/#primaryimage","url":"https:\/\/www.confagricoltura.org\/parma\/wp-content\/uploads\/sites\/10\/2022\/01\/001-PAGINA-4-Foto-per-Dal-1-gennaio-2022-il-libretto-Uma.png","contentUrl":"https:\/\/www.confagricoltura.org\/parma\/wp-content\/uploads\/sites\/10\/2022\/01\/001-PAGINA-4-Foto-per-Dal-1-gennaio-2022-il-libretto-Uma.png","width":940,"height":788},{"@type":"BreadcrumbList","@id":"https:\/\/www.confagricoltura.org\/parma\/dal-1-gennaio-2022-il-libretto-uma-e-digitale\/#breadcrumb","itemListElement":[{"@type":"ListItem","position":1,"name":"Home","item":"https:\/\/www.confagricoltura.org\/parma\/"},{"@type":"ListItem","position":2,"name":"Dal 1\u00b0 gennaio 2022 il libretto UMA \u00e8 digitale."}]},{"@type":"WebSite","@id":"https:\/\/www.confagricoltura.org\/parma\/#website","url":"https:\/\/www.confagricoltura.org\/parma\/","name":"Confagricoltura Parma","description":"Dalla parte degli Agricoltori","potentialAction":[{"@type":"SearchAction","target":{"@type":"EntryPoint","urlTemplate":"https:\/\/www.confagricoltura.org\/parma\/?s={search_term_string}"},"query-input":{"@type":"PropertyValueSpecification","valueRequired":true,"valueName":"search_term_string"}}],"inLanguage":"it-IT"},{"@type":"Person","@id":"https:\/\/www.confagricoltura.org\/parma\/#\/schema\/person\/3cd4548d78b676877beb0651a1b885a7","name":"confagricolturaparma","image":{"@type":"ImageObject","inLanguage":"it-IT","@id":"https:\/\/www.confagricoltura.org\/parma\/#\/schema\/person\/image\/","url":"https:\/\/secure.gravatar.com\/avatar\/b5b08888682650e8feabb958d1a675c2?s=96&d=mm&r=g","contentUrl":"https:\/\/secure.gravatar.com\/avatar\/b5b08888682650e8feabb958d1a675c2?s=96&d=mm&r=g","caption":"confagricolturaparma"},"url":"https:\/\/www.confagricoltura.org\/parma\/author\/confagricolturaparma\/"}]}},"_links":{"self":[{"href":"https:\/\/www.confagricoltura.org\/parma\/wp-json\/wp\/v2\/posts\/1552","targetHints":{"allow":["GET"]}}],"collection":[{"href":"https:\/\/www.confagricoltura.org\/parma\/wp-json\/wp\/v2\/posts"}],"about":[{"href":"https:\/\/www.confagricoltura.org\/parma\/wp-json\/wp\/v2\/types\/post"}],"author":[{"embeddable":true,"href":"https:\/\/www.confagricoltura.org\/parma\/wp-json\/wp\/v2\/users\/5"}],"replies":[{"embeddable":true,"href":"https:\/\/www.confagricoltura.org\/parma\/wp-json\/wp\/v2\/comments?post=1552"}],"version-history":[{"count":2,"href":"https:\/\/www.confagricoltura.org\/parma\/wp-json\/wp\/v2\/posts\/1552\/revisions"}],"predecessor-version":[{"id":1554,"href":"https:\/\/www.confagricoltura.org\/parma\/wp-json\/wp\/v2\/posts\/1552\/revisions\/1554"}],"wp:featuredmedia":[{"embeddable":true,"href":"https:\/\/www.confagricoltura.org\/parma\/wp-json\/wp\/v2\/media\/1562"}],"wp:attachment":[{"href":"https:\/\/www.confagricoltura.org\/parma\/wp-json\/wp\/v2\/media?parent=1552"}],"wp:term":[{"taxonomy":"category","embeddable":true,"href":"https:\/\/www.confagricoltura.org\/parma\/wp-json\/wp\/v2\/categories?post=1552"},{"taxonomy":"post_tag","embeddable":true,"href":"https:\/\/www.confagricoltura.org\/parma\/wp-json\/wp\/v2\/tags?post=1552"}],"curies":[{"name":"wp","href":"https:\/\/api.w.org\/{rel}","templated":true}]}}