{"id":1440,"date":"2021-09-01T13:53:00","date_gmt":"2021-09-01T11:53:00","guid":{"rendered":"https:\/\/www.confagricoltura.org\/parma\/?p=1440"},"modified":"2021-09-05T14:08:57","modified_gmt":"2021-09-05T12:08:57","slug":"no-al-nutriscore-a-difesa-dellagricoltura","status":"publish","type":"post","link":"https:\/\/www.confagricoltura.org\/parma\/no-al-nutriscore-a-difesa-dellagricoltura\/","title":{"rendered":"No al Nutriscore, a difesa dell&#8217;agricoltura"},"content":{"rendered":"\n<p><\/p>\n\n\n\n<p>\u201cLa posizione sul Nutriscore a livello europeo sta cambiando e va dato atto al ministro <strong>Stefano Patuanelli<\/strong> di aver contribuito in modo determinante a cambiare il sentiment sul tema etichettatura fronte pacco. Prima la posizione era contro l\u2019Italia: insieme a tutta la filiera possiamo vincere la battaglia a difesa della corretta informazione, dell\u2019agricoltura e di tutto il comparto agroalimentare\u201d.<\/p>\n\n\n\n<p>Questo il messaggio lanciato dal presidente di Confagricoltura, <strong>Massimiliano Giansanti<\/strong>, al convegno organizzato a Cibus da Confagricoltura, dedicato alla presentazione della ricerca sui sistemi di etichettatura agroalimentari e il loro utilizzo da parte dei consumatori.\u00a0<\/p>\n\n\n\n<p>Opinione condivisa e ribadita anche dal presidente di Federalimentare, <strong>Ivano Vacondio<\/strong>: \u201cL\u2019impegno contro il Nutriscore \u2013 ha detto \u2013 non \u00e8 una battaglia di lobby, ma per l\u2019Italia\u201d.<\/p>\n\n\n\n<p>Sala gremita e grande attenzione ai risultati dello studio, commissionato da Confagricoltura e Agronetwork a Format Research, illustrato ufficialmente al ministro delle Politiche Agricole Patuanelli il quale ha evidenziato l\u2019importanza del lavoro di squadra necessario a portare avanti la battaglia a favore del sistema di etichettatura proposto dall\u2019Italia, il Nutrinform Battery.<\/p>\n\n\n\n<p>\u201cIl Nutriscore non d\u00e0 informazioni \u2013 ha detto il ministro \u2013 ma \u00e8 un metodo intelligente di condizionamento del consumatore. Il grande lavoro che abbiamo fatto e stiamo portando avanti in Europa sta dando i primi risultati: la strada \u00e8 ancora in salita, ma le posizioni stanno cambiando, perch\u00e9 anche gli altri Paesi si sono resi conto che il consumatore, che \u00e8 sempre pi\u00f9 consapevole, vuole essere informato e non condizionato\u201d.<\/p>\n","protected":false},"excerpt":{"rendered":"<p>Convegno a Cibus con la partecipazione del ministro delle Politiche agricole Stefano Patuanelli. <\/p>\n","protected":false},"author":5,"featured_media":1441,"comment_status":"closed","ping_status":"closed","sticky":true,"template":"","format":"standard","meta":{"wp_mapbox_gl_js_media":[],"footnotes":""},"categories":[4,1],"tags":[],"class_list":["post-1440","post","type-post","status-publish","format-standard","has-post-thumbnail","hentry","category-news","category-uncategorized"],"yoast_head":"<!-- This site is optimized with the Yoast SEO plugin v26.8 - https:\/\/yoast.com\/product\/yoast-seo-wordpress\/ -->\n<title>No al Nutriscore, a difesa dell&#039;agricoltura - Confagricoltura Parma<\/title>\n<meta name=\"robots\" content=\"index, follow, max-snippet:-1, max-image-preview:large, max-video-preview:-1\" \/>\n<link rel=\"canonical\" href=\"https:\/\/www.confagricoltura.org\/parma\/no-al-nutriscore-a-difesa-dellagricoltura\/\" \/>\n<meta property=\"og:locale\" content=\"it_IT\" \/>\n<meta property=\"og:type\" content=\"article\" \/>\n<meta property=\"og:title\" content=\"No al Nutriscore, a difesa dell&#039;agricoltura - Confagricoltura Parma\" \/>\n<meta property=\"og:description\" content=\"Convegno a Cibus con la partecipazione del ministro delle Politiche agricole Stefano Patuanelli.\" \/>\n<meta property=\"og:url\" content=\"https:\/\/www.confagricoltura.org\/parma\/no-al-nutriscore-a-difesa-dellagricoltura\/\" \/>\n<meta property=\"og:site_name\" content=\"Confagricoltura Parma\" \/>\n<meta property=\"article:published_time\" content=\"2021-09-01T11:53:00+00:00\" \/>\n<meta property=\"article:modified_time\" content=\"2021-09-05T12:08:57+00:00\" \/>\n<meta property=\"og:image\" content=\"https:\/\/www.confagricoltura.org\/parma\/wp-content\/uploads\/sites\/10\/2021\/09\/002-INSIEME-CONTRO-IL-NUTRISCORE-Resoconto-convegno-sulle-etichette-con-ministro-Patuanelli-002-scaled.jpg\" \/>\n\t<meta property=\"og:image:width\" content=\"2560\" \/>\n\t<meta property=\"og:image:height\" content=\"1920\" \/>\n\t<meta property=\"og:image:type\" content=\"image\/jpeg\" \/>\n<meta name=\"author\" content=\"confagricolturaparma\" \/>\n<meta name=\"twitter:card\" content=\"summary_large_image\" \/>\n<meta name=\"twitter:label1\" content=\"Scritto da\" \/>\n\t<meta name=\"twitter:data1\" content=\"confagricolturaparma\" \/>\n\t<meta name=\"twitter:label2\" content=\"Tempo di lettura stimato\" \/>\n\t<meta name=\"twitter:data2\" content=\"2 minuti\" \/>\n<script type=\"application\/ld+json\" class=\"yoast-schema-graph\">{\"@context\":\"https:\/\/schema.org\",\"@graph\":[{\"@type\":\"Article\",\"@id\":\"https:\/\/www.confagricoltura.org\/parma\/no-al-nutriscore-a-difesa-dellagricoltura\/#article\",\"isPartOf\":{\"@id\":\"https:\/\/www.confagricoltura.org\/parma\/no-al-nutriscore-a-difesa-dellagricoltura\/\"},\"author\":{\"name\":\"confagricolturaparma\",\"@id\":\"https:\/\/www.confagricoltura.org\/parma\/#\/schema\/person\/3cd4548d78b676877beb0651a1b885a7\"},\"headline\":\"No al Nutriscore, a difesa dell&#8217;agricoltura\",\"datePublished\":\"2021-09-01T11:53:00+00:00\",\"dateModified\":\"2021-09-05T12:08:57+00:00\",\"mainEntityOfPage\":{\"@id\":\"https:\/\/www.confagricoltura.org\/parma\/no-al-nutriscore-a-difesa-dellagricoltura\/\"},\"wordCount\":249,\"image\":{\"@id\":\"https:\/\/www.confagricoltura.org\/parma\/no-al-nutriscore-a-difesa-dellagricoltura\/#primaryimage\"},\"thumbnailUrl\":\"https:\/\/www.confagricoltura.org\/parma\/wp-content\/uploads\/sites\/10\/2021\/09\/002-INSIEME-CONTRO-IL-NUTRISCORE-Resoconto-convegno-sulle-etichette-con-ministro-Patuanelli-002-scaled.jpg\",\"articleSection\":[\"News\",\"Uncategorized\"],\"inLanguage\":\"it-IT\"},{\"@type\":\"WebPage\",\"@id\":\"https:\/\/www.confagricoltura.org\/parma\/no-al-nutriscore-a-difesa-dellagricoltura\/\",\"url\":\"https:\/\/www.confagricoltura.org\/parma\/no-al-nutriscore-a-difesa-dellagricoltura\/\",\"name\":\"No al Nutriscore, a difesa dell'agricoltura - Confagricoltura Parma\",\"isPartOf\":{\"@id\":\"https:\/\/www.confagricoltura.org\/parma\/#website\"},\"primaryImageOfPage\":{\"@id\":\"https:\/\/www.confagricoltura.org\/parma\/no-al-nutriscore-a-difesa-dellagricoltura\/#primaryimage\"},\"image\":{\"@id\":\"https:\/\/www.confagricoltura.org\/parma\/no-al-nutriscore-a-difesa-dellagricoltura\/#primaryimage\"},\"thumbnailUrl\":\"https:\/\/www.confagricoltura.org\/parma\/wp-content\/uploads\/sites\/10\/2021\/09\/002-INSIEME-CONTRO-IL-NUTRISCORE-Resoconto-convegno-sulle-etichette-con-ministro-Patuanelli-002-scaled.jpg\",\"datePublished\":\"2021-09-01T11:53:00+00:00\",\"dateModified\":\"2021-09-05T12:08:57+00:00\",\"author\":{\"@id\":\"https:\/\/www.confagricoltura.org\/parma\/#\/schema\/person\/3cd4548d78b676877beb0651a1b885a7\"},\"breadcrumb\":{\"@id\":\"https:\/\/www.confagricoltura.org\/parma\/no-al-nutriscore-a-difesa-dellagricoltura\/#breadcrumb\"},\"inLanguage\":\"it-IT\",\"potentialAction\":[{\"@type\":\"ReadAction\",\"target\":[\"https:\/\/www.confagricoltura.org\/parma\/no-al-nutriscore-a-difesa-dellagricoltura\/\"]}]},{\"@type\":\"ImageObject\",\"inLanguage\":\"it-IT\",\"@id\":\"https:\/\/www.confagricoltura.org\/parma\/no-al-nutriscore-a-difesa-dellagricoltura\/#primaryimage\",\"url\":\"https:\/\/www.confagricoltura.org\/parma\/wp-content\/uploads\/sites\/10\/2021\/09\/002-INSIEME-CONTRO-IL-NUTRISCORE-Resoconto-convegno-sulle-etichette-con-ministro-Patuanelli-002-scaled.jpg\",\"contentUrl\":\"https:\/\/www.confagricoltura.org\/parma\/wp-content\/uploads\/sites\/10\/2021\/09\/002-INSIEME-CONTRO-IL-NUTRISCORE-Resoconto-convegno-sulle-etichette-con-ministro-Patuanelli-002-scaled.jpg\",\"width\":2560,\"height\":1920,\"caption\":\"In convegno a Cibus il ministro Stefano Patuanelli con il presidente di Confagricoltura Massimiliano Giansanti.\"},{\"@type\":\"BreadcrumbList\",\"@id\":\"https:\/\/www.confagricoltura.org\/parma\/no-al-nutriscore-a-difesa-dellagricoltura\/#breadcrumb\",\"itemListElement\":[{\"@type\":\"ListItem\",\"position\":1,\"name\":\"Home\",\"item\":\"https:\/\/www.confagricoltura.org\/parma\/\"},{\"@type\":\"ListItem\",\"position\":2,\"name\":\"No al Nutriscore, a difesa dell&#8217;agricoltura\"}]},{\"@type\":\"WebSite\",\"@id\":\"https:\/\/www.confagricoltura.org\/parma\/#website\",\"url\":\"https:\/\/www.confagricoltura.org\/parma\/\",\"name\":\"Confagricoltura Parma\",\"description\":\"Dalla parte degli Agricoltori\",\"potentialAction\":[{\"@type\":\"SearchAction\",\"target\":{\"@type\":\"EntryPoint\",\"urlTemplate\":\"https:\/\/www.confagricoltura.org\/parma\/?s={search_term_string}\"},\"query-input\":{\"@type\":\"PropertyValueSpecification\",\"valueRequired\":true,\"valueName\":\"search_term_string\"}}],\"inLanguage\":\"it-IT\"},{\"@type\":\"Person\",\"@id\":\"https:\/\/www.confagricoltura.org\/parma\/#\/schema\/person\/3cd4548d78b676877beb0651a1b885a7\",\"name\":\"confagricolturaparma\",\"image\":{\"@type\":\"ImageObject\",\"inLanguage\":\"it-IT\",\"@id\":\"https:\/\/www.confagricoltura.org\/parma\/#\/schema\/person\/image\/\",\"url\":\"https:\/\/secure.gravatar.com\/avatar\/b5b08888682650e8feabb958d1a675c2?s=96&d=mm&r=g\",\"contentUrl\":\"https:\/\/secure.gravatar.com\/avatar\/b5b08888682650e8feabb958d1a675c2?s=96&d=mm&r=g\",\"caption\":\"confagricolturaparma\"},\"url\":\"https:\/\/www.confagricoltura.org\/parma\/author\/confagricolturaparma\/\"}]}<\/script>\n<!-- \/ Yoast SEO plugin. -->","yoast_head_json":{"title":"No al Nutriscore, a difesa dell'agricoltura - Confagricoltura Parma","robots":{"index":"index","follow":"follow","max-snippet":"max-snippet:-1","max-image-preview":"max-image-preview:large","max-video-preview":"max-video-preview:-1"},"canonical":"https:\/\/www.confagricoltura.org\/parma\/no-al-nutriscore-a-difesa-dellagricoltura\/","og_locale":"it_IT","og_type":"article","og_title":"No al Nutriscore, a difesa dell'agricoltura - Confagricoltura Parma","og_description":"Convegno a Cibus con la partecipazione del ministro delle Politiche agricole Stefano Patuanelli.","og_url":"https:\/\/www.confagricoltura.org\/parma\/no-al-nutriscore-a-difesa-dellagricoltura\/","og_site_name":"Confagricoltura Parma","article_published_time":"2021-09-01T11:53:00+00:00","article_modified_time":"2021-09-05T12:08:57+00:00","og_image":[{"width":2560,"height":1920,"url":"https:\/\/www.confagricoltura.org\/parma\/wp-content\/uploads\/sites\/10\/2021\/09\/002-INSIEME-CONTRO-IL-NUTRISCORE-Resoconto-convegno-sulle-etichette-con-ministro-Patuanelli-002-scaled.jpg","type":"image\/jpeg"}],"author":"confagricolturaparma","twitter_card":"summary_large_image","twitter_misc":{"Scritto da":"confagricolturaparma","Tempo di lettura stimato":"2 minuti"},"schema":{"@context":"https:\/\/schema.org","@graph":[{"@type":"Article","@id":"https:\/\/www.confagricoltura.org\/parma\/no-al-nutriscore-a-difesa-dellagricoltura\/#article","isPartOf":{"@id":"https:\/\/www.confagricoltura.org\/parma\/no-al-nutriscore-a-difesa-dellagricoltura\/"},"author":{"name":"confagricolturaparma","@id":"https:\/\/www.confagricoltura.org\/parma\/#\/schema\/person\/3cd4548d78b676877beb0651a1b885a7"},"headline":"No al Nutriscore, a difesa dell&#8217;agricoltura","datePublished":"2021-09-01T11:53:00+00:00","dateModified":"2021-09-05T12:08:57+00:00","mainEntityOfPage":{"@id":"https:\/\/www.confagricoltura.org\/parma\/no-al-nutriscore-a-difesa-dellagricoltura\/"},"wordCount":249,"image":{"@id":"https:\/\/www.confagricoltura.org\/parma\/no-al-nutriscore-a-difesa-dellagricoltura\/#primaryimage"},"thumbnailUrl":"https:\/\/www.confagricoltura.org\/parma\/wp-content\/uploads\/sites\/10\/2021\/09\/002-INSIEME-CONTRO-IL-NUTRISCORE-Resoconto-convegno-sulle-etichette-con-ministro-Patuanelli-002-scaled.jpg","articleSection":["News","Uncategorized"],"inLanguage":"it-IT"},{"@type":"WebPage","@id":"https:\/\/www.confagricoltura.org\/parma\/no-al-nutriscore-a-difesa-dellagricoltura\/","url":"https:\/\/www.confagricoltura.org\/parma\/no-al-nutriscore-a-difesa-dellagricoltura\/","name":"No al Nutriscore, a difesa dell'agricoltura - Confagricoltura Parma","isPartOf":{"@id":"https:\/\/www.confagricoltura.org\/parma\/#website"},"primaryImageOfPage":{"@id":"https:\/\/www.confagricoltura.org\/parma\/no-al-nutriscore-a-difesa-dellagricoltura\/#primaryimage"},"image":{"@id":"https:\/\/www.confagricoltura.org\/parma\/no-al-nutriscore-a-difesa-dellagricoltura\/#primaryimage"},"thumbnailUrl":"https:\/\/www.confagricoltura.org\/parma\/wp-content\/uploads\/sites\/10\/2021\/09\/002-INSIEME-CONTRO-IL-NUTRISCORE-Resoconto-convegno-sulle-etichette-con-ministro-Patuanelli-002-scaled.jpg","datePublished":"2021-09-01T11:53:00+00:00","dateModified":"2021-09-05T12:08:57+00:00","author":{"@id":"https:\/\/www.confagricoltura.org\/parma\/#\/schema\/person\/3cd4548d78b676877beb0651a1b885a7"},"breadcrumb":{"@id":"https:\/\/www.confagricoltura.org\/parma\/no-al-nutriscore-a-difesa-dellagricoltura\/#breadcrumb"},"inLanguage":"it-IT","potentialAction":[{"@type":"ReadAction","target":["https:\/\/www.confagricoltura.org\/parma\/no-al-nutriscore-a-difesa-dellagricoltura\/"]}]},{"@type":"ImageObject","inLanguage":"it-IT","@id":"https:\/\/www.confagricoltura.org\/parma\/no-al-nutriscore-a-difesa-dellagricoltura\/#primaryimage","url":"https:\/\/www.confagricoltura.org\/parma\/wp-content\/uploads\/sites\/10\/2021\/09\/002-INSIEME-CONTRO-IL-NUTRISCORE-Resoconto-convegno-sulle-etichette-con-ministro-Patuanelli-002-scaled.jpg","contentUrl":"https:\/\/www.confagricoltura.org\/parma\/wp-content\/uploads\/sites\/10\/2021\/09\/002-INSIEME-CONTRO-IL-NUTRISCORE-Resoconto-convegno-sulle-etichette-con-ministro-Patuanelli-002-scaled.jpg","width":2560,"height":1920,"caption":"In convegno a Cibus il ministro Stefano Patuanelli con il presidente di Confagricoltura Massimiliano Giansanti."},{"@type":"BreadcrumbList","@id":"https:\/\/www.confagricoltura.org\/parma\/no-al-nutriscore-a-difesa-dellagricoltura\/#breadcrumb","itemListElement":[{"@type":"ListItem","position":1,"name":"Home","item":"https:\/\/www.confagricoltura.org\/parma\/"},{"@type":"ListItem","position":2,"name":"No al Nutriscore, a difesa dell&#8217;agricoltura"}]},{"@type":"WebSite","@id":"https:\/\/www.confagricoltura.org\/parma\/#website","url":"https:\/\/www.confagricoltura.org\/parma\/","name":"Confagricoltura Parma","description":"Dalla parte degli Agricoltori","potentialAction":[{"@type":"SearchAction","target":{"@type":"EntryPoint","urlTemplate":"https:\/\/www.confagricoltura.org\/parma\/?s={search_term_string}"},"query-input":{"@type":"PropertyValueSpecification","valueRequired":true,"valueName":"search_term_string"}}],"inLanguage":"it-IT"},{"@type":"Person","@id":"https:\/\/www.confagricoltura.org\/parma\/#\/schema\/person\/3cd4548d78b676877beb0651a1b885a7","name":"confagricolturaparma","image":{"@type":"ImageObject","inLanguage":"it-IT","@id":"https:\/\/www.confagricoltura.org\/parma\/#\/schema\/person\/image\/","url":"https:\/\/secure.gravatar.com\/avatar\/b5b08888682650e8feabb958d1a675c2?s=96&d=mm&r=g","contentUrl":"https:\/\/secure.gravatar.com\/avatar\/b5b08888682650e8feabb958d1a675c2?s=96&d=mm&r=g","caption":"confagricolturaparma"},"url":"https:\/\/www.confagricoltura.org\/parma\/author\/confagricolturaparma\/"}]}},"_links":{"self":[{"href":"https:\/\/www.confagricoltura.org\/parma\/wp-json\/wp\/v2\/posts\/1440","targetHints":{"allow":["GET"]}}],"collection":[{"href":"https:\/\/www.confagricoltura.org\/parma\/wp-json\/wp\/v2\/posts"}],"about":[{"href":"https:\/\/www.confagricoltura.org\/parma\/wp-json\/wp\/v2\/types\/post"}],"author":[{"embeddable":true,"href":"https:\/\/www.confagricoltura.org\/parma\/wp-json\/wp\/v2\/users\/5"}],"replies":[{"embeddable":true,"href":"https:\/\/www.confagricoltura.org\/parma\/wp-json\/wp\/v2\/comments?post=1440"}],"version-history":[{"count":1,"href":"https:\/\/www.confagricoltura.org\/parma\/wp-json\/wp\/v2\/posts\/1440\/revisions"}],"predecessor-version":[{"id":1442,"href":"https:\/\/www.confagricoltura.org\/parma\/wp-json\/wp\/v2\/posts\/1440\/revisions\/1442"}],"wp:featuredmedia":[{"embeddable":true,"href":"https:\/\/www.confagricoltura.org\/parma\/wp-json\/wp\/v2\/media\/1441"}],"wp:attachment":[{"href":"https:\/\/www.confagricoltura.org\/parma\/wp-json\/wp\/v2\/media?parent=1440"}],"wp:term":[{"taxonomy":"category","embeddable":true,"href":"https:\/\/www.confagricoltura.org\/parma\/wp-json\/wp\/v2\/categories?post=1440"},{"taxonomy":"post_tag","embeddable":true,"href":"https:\/\/www.confagricoltura.org\/parma\/wp-json\/wp\/v2\/tags?post=1440"}],"curies":[{"name":"wp","href":"https:\/\/api.w.org\/{rel}","templated":true}]}}