{"id":1329,"date":"2021-05-03T13:15:56","date_gmt":"2021-05-03T11:15:56","guid":{"rendered":"https:\/\/www.confagricoltura.org\/parma\/?p=1329"},"modified":"2021-05-03T14:43:36","modified_gmt":"2021-05-03T12:43:36","slug":"roberto-gelfi-confermato-consigliere-del-parmigiano","status":"publish","type":"post","link":"https:\/\/www.confagricoltura.org\/parma\/roberto-gelfi-confermato-consigliere-del-parmigiano\/","title":{"rendered":"Roberto Gelfi confermato consigliere del Parmigiano"},"content":{"rendered":"\n<p>I punti fermi, per il futuro, sono la conquista di nuovi mercati, sui quali collocare un prodotto in costante crescita, e porre sempre maggiore attenzione agli aspetti etici vecchi e nuovi \u2013 benessere animale e salute del consumatore \u2013 che sono alla base di una produzione storica come quella del Parmigiano Reggiano. Sono queste le linee guida che mette in evidenza Roberto Gelfi, vicepresidente di Confagricoltura Parma, riconfermato per i prossimi quattro anni (2021-2024) nel Consiglio di Amministrazione del Consorzio del Parmigiano Reggiano dopo aver fatto parte della governance del Consorzio anche durante il precedente mandato.<\/p>\n\n\n\n<p><strong>Sforamenti produttivi e regolazione dell\u2019offerta<\/strong><\/p>\n\n\n\n<p>\u201cIl mandato 2017-2020 \u2013 spiega Gelfi \u2013 \u00e8 stato caratterizzato da un significativo aumento delle risorse a disposizione del Consorzio per effetto dei meccanismi del piano di regolazione dell\u2019offerta. La produzione \u00e8 passata da 3,6 milioni di forme a circa 4 milioni, secondo le ultime proiezioni per il 2021. Lo sforamento delle quote produttive ha fatto scattare il meccanismo della contribuzione differenziata dalla quale sono derivate risorse impiegate, in gran parte, per trovare nuovi mercati per il Parmigiano, in linea con quelle che sono le regole del Consorzio, investendo circa 26 milioni di euro per la promozione. L\u2019importante incremento produttivo dovrebbe garantire l\u2019equilibrio tra domanda e offerta nel 2021, mentre dal 2022 sar\u00e0 necessario trovare nuovi spazi di mercato; in caso contrario potrebbero esserci significative ricadute sull\u2019equilibrio domanda-offerta\u201d.<\/p>\n\n\n\n<p><strong>Una crescita fisiologica del 2-4%<\/strong><\/p>\n\n\n\n<p>Gelfi entra poi nel dettaglio. \u201cAl di l\u00e0 degli impegni, necessari per regolare l\u2019incremento produttivo, c\u2019\u00e8 un dato di fatto oggettivo: una crescita fisiologica del 2-4 % annuo della produzione.&nbsp;\u00c8&nbsp;dovuta a fattori come il miglioramento genetico delle bovine che producono il latte e a spinte esogene collegate al fatto che in altri comparti del settore lattiero caseario c\u2019\u00e8 un minore margine di redditivit\u00e0 e, pertanto, ne deriva una maggiore propensione a compiere investimenti nel comprensorio del Parmigiano Reggiano, anche sulla spinta di operatori esterni\u201d.<\/p>\n\n\n\n<p><strong>L\u2019impatto del Covid<\/strong><\/p>\n\n\n\n<p>\u201cLa pandemia ha modificato, in maniera netta, le modalit\u00e0 di consumo di tutti i generi alimentari e, ovviamente, anche del Parmigiano Reggiano. Proprio il maggior consumo domestico ha messo in luce il forte radicamento del nostro prodotto tra i consumatori. Allo stesso tempo i dati sulla riduzione del consumo fuori casa hanno messo in evidenza che, in realt\u00e0, nel settore dell\u2019Horeca l\u2019utilizzo del Parmigiano \u00e8 residuale. Probabilmente per cercare di contenere i costi si utilizzano altre materie prime \u2013 meno nobili del nostro formaggio e a costi pi\u00f9 bassi \u2013 a dispetto, spesso, di esplicite dichiarazioni e allusioni all\u2019effettivo utilizzo del Parmigiano\u201d.<\/p>\n\n\n\n<p><strong>Il bilancio del mandato 2017-2020<\/strong><\/p>\n\n\n\n<p>\u201cDurante il mandato 2017-2020 \u2013 continua Gelfi &#8211; si \u00e8 lavorato soprattutto sul versante della promozione, avviando collaborazioni con figure di elevato spessore sul piano del marketing e della comunicazione. E si sono gestiti \u2013 a vari livelli di giudizio &#8211; i contenziosi determinati dai ricorsi presentati a seguito dell\u2019introduzione del Piano di regolazione dell\u2019offerta. Si \u00e8 beneficiato anche del lavoro impostato dalla precedente gestione guidata dall\u2019ex presidente Giuseppe Alai, sia per quanto riguarda l\u2019avvio del percorso del Piano di regolazione dell\u2019offerta che per quanto concerne l\u2019attivit\u00e0 di controllo delle grattugie\u201d.<\/p>\n\n\n\n<p><strong>Il futuro: massima attenzione all\u2019etica<\/strong><\/p>\n\n\n\n<p>\u201cLe attenzioni dei consumatori sono in rapida evoluzione e sempre pi\u00f9 indirizzate all\u2019attribuzione di un crescente valore alla componente etica delle modalit\u00e0 di produzione. Per questo il Consorzio lavorer\u00e0 in futuro per potenziare il proprio brand-manifesto con il quale mettere al primo posto valori legati all\u2019ambiente, al territorio, al benessere animale e alla salute del consumatore. Ci dovremo impegnare per rendere tutto il comparto del Parmigiano sempre pi\u00f9 attento a questi valori. Un aspetto che assume ancora pi\u00f9 importanza, se pensiamo al delinearsi di un contesto mondiale in cui si cercano di inserire semafori nutrizionali con valutazioni sintetiche dei prodotti che rischiano di essere altamente fuorvianti rispetto ad un\u2019indicazione corretta della genuinit\u00e0 e salubrit\u00e0 di un prodotto\u201d.<\/p>\n\n\n\n<p>Altro tema centrale, per il futuro, il benessere animale. \u201cCome Consorzio, ma anche come Confagricoltura \u2013 aggiunge Gelfi \u2013 dovremo coinvolgere agricoltori ed allevatori, facendo crescere in loro la consapevolezza dell\u2019importanza di garantire un benessere ancor maggiore alle nostre bovine. Allo stesso tempo sui mercati dovr\u00e0 esserci il giusto riconoscimento, anche in termini di prezzo del prodotto, verso chi si impegna per una produzione eticamente sostenibile e che per fare tutto ci\u00f2 sostiene costi maggiori. Per evitare situazioni di concorrenza sleale bisogner\u00e0 combattere affinch\u00e9 queste caratteristiche etiche siano richieste a tutti i prodotti alimentari, nazionali ed esteri, che giungeranno sulle tavole dei consumatori italiani ed europei\u201d.<\/p>\n\n\n\n<p><strong><u>Il profilo di Roberto Gelfi<\/u><\/strong><\/p>\n\n\n\n<p>Roberto Gelfi \u00e8 vicepresidente di Confagricoltura Parma nonch\u00e9 presidente della sezione lattiero-casearia di Confagricoltura Emilia-Romagna e vicepresidente della federazione di prodotto di Confagricoltura nazionale.&nbsp;\u00c8&nbsp;stato confermato nel consiglio di amministrazione del Consorzio del Parmigiano Reggiano del quale aveva gi\u00e0 fatto parte durante il mandato precedente. Gestisce un\u2019azienda, tra Soragna e Busseto, con 260 vacche in mungitura e 230 ettari di terreni ad indirizzo prettamente foraggicolo. L\u2019azienda conferisce il latte alla Cooperativa Agrinascente-Parma2064.<\/p>\n\n\n\n<p>\u00a0<\/p>\n","protected":false},"excerpt":{"rendered":"<p>Conquista di nuovi mercati e produzione etica e sostenibile devono essere gli obiettivi da perseguire. <\/p>\n","protected":false},"author":5,"featured_media":1330,"comment_status":"closed","ping_status":"closed","sticky":true,"template":"","format":"standard","meta":{"wp_mapbox_gl_js_media":[],"footnotes":""},"categories":[4],"tags":[],"class_list":["post-1329","post","type-post","status-publish","format-standard","has-post-thumbnail","hentry","category-news"],"yoast_head":"<!-- This site is optimized with the Yoast SEO plugin v26.8 - https:\/\/yoast.com\/product\/yoast-seo-wordpress\/ -->\n<title>Roberto Gelfi confermato consigliere del Parmigiano - Confagricoltura Parma<\/title>\n<meta name=\"robots\" content=\"index, follow, max-snippet:-1, max-image-preview:large, max-video-preview:-1\" \/>\n<link rel=\"canonical\" href=\"https:\/\/www.confagricoltura.org\/parma\/roberto-gelfi-confermato-consigliere-del-parmigiano\/\" \/>\n<meta property=\"og:locale\" content=\"it_IT\" \/>\n<meta property=\"og:type\" content=\"article\" \/>\n<meta property=\"og:title\" content=\"Roberto Gelfi confermato consigliere del Parmigiano - Confagricoltura Parma\" \/>\n<meta property=\"og:description\" content=\"Conquista di nuovi mercati e produzione etica e sostenibile devono essere gli obiettivi da perseguire.\" \/>\n<meta property=\"og:url\" content=\"https:\/\/www.confagricoltura.org\/parma\/roberto-gelfi-confermato-consigliere-del-parmigiano\/\" \/>\n<meta property=\"og:site_name\" content=\"Confagricoltura Parma\" \/>\n<meta property=\"article:published_time\" content=\"2021-05-03T11:15:56+00:00\" \/>\n<meta property=\"article:modified_time\" content=\"2021-05-03T12:43:36+00:00\" \/>\n<meta property=\"og:image\" content=\"https:\/\/www.confagricoltura.org\/parma\/wp-content\/uploads\/sites\/10\/2021\/05\/ROBERTO-GELFI-PER-SITO-scaled.jpg\" \/>\n\t<meta property=\"og:image:width\" content=\"2560\" \/>\n\t<meta property=\"og:image:height\" content=\"2017\" \/>\n\t<meta property=\"og:image:type\" content=\"image\/jpeg\" \/>\n<meta name=\"author\" content=\"confagricolturaparma\" \/>\n<meta name=\"twitter:card\" content=\"summary_large_image\" \/>\n<meta name=\"twitter:label1\" content=\"Scritto da\" \/>\n\t<meta name=\"twitter:data1\" content=\"confagricolturaparma\" \/>\n\t<meta name=\"twitter:label2\" content=\"Tempo di lettura stimato\" \/>\n\t<meta name=\"twitter:data2\" content=\"4 minuti\" \/>\n<script type=\"application\/ld+json\" class=\"yoast-schema-graph\">{\"@context\":\"https:\/\/schema.org\",\"@graph\":[{\"@type\":\"Article\",\"@id\":\"https:\/\/www.confagricoltura.org\/parma\/roberto-gelfi-confermato-consigliere-del-parmigiano\/#article\",\"isPartOf\":{\"@id\":\"https:\/\/www.confagricoltura.org\/parma\/roberto-gelfi-confermato-consigliere-del-parmigiano\/\"},\"author\":{\"name\":\"confagricolturaparma\",\"@id\":\"https:\/\/www.confagricoltura.org\/parma\/#\/schema\/person\/3cd4548d78b676877beb0651a1b885a7\"},\"headline\":\"Roberto Gelfi confermato consigliere del Parmigiano\",\"datePublished\":\"2021-05-03T11:15:56+00:00\",\"dateModified\":\"2021-05-03T12:43:36+00:00\",\"mainEntityOfPage\":{\"@id\":\"https:\/\/www.confagricoltura.org\/parma\/roberto-gelfi-confermato-consigliere-del-parmigiano\/\"},\"wordCount\":833,\"image\":{\"@id\":\"https:\/\/www.confagricoltura.org\/parma\/roberto-gelfi-confermato-consigliere-del-parmigiano\/#primaryimage\"},\"thumbnailUrl\":\"https:\/\/www.confagricoltura.org\/parma\/wp-content\/uploads\/sites\/10\/2021\/05\/ROBERTO-GELFI-PER-SITO-scaled.jpg\",\"articleSection\":[\"News\"],\"inLanguage\":\"it-IT\"},{\"@type\":\"WebPage\",\"@id\":\"https:\/\/www.confagricoltura.org\/parma\/roberto-gelfi-confermato-consigliere-del-parmigiano\/\",\"url\":\"https:\/\/www.confagricoltura.org\/parma\/roberto-gelfi-confermato-consigliere-del-parmigiano\/\",\"name\":\"Roberto Gelfi confermato consigliere del Parmigiano - Confagricoltura Parma\",\"isPartOf\":{\"@id\":\"https:\/\/www.confagricoltura.org\/parma\/#website\"},\"primaryImageOfPage\":{\"@id\":\"https:\/\/www.confagricoltura.org\/parma\/roberto-gelfi-confermato-consigliere-del-parmigiano\/#primaryimage\"},\"image\":{\"@id\":\"https:\/\/www.confagricoltura.org\/parma\/roberto-gelfi-confermato-consigliere-del-parmigiano\/#primaryimage\"},\"thumbnailUrl\":\"https:\/\/www.confagricoltura.org\/parma\/wp-content\/uploads\/sites\/10\/2021\/05\/ROBERTO-GELFI-PER-SITO-scaled.jpg\",\"datePublished\":\"2021-05-03T11:15:56+00:00\",\"dateModified\":\"2021-05-03T12:43:36+00:00\",\"author\":{\"@id\":\"https:\/\/www.confagricoltura.org\/parma\/#\/schema\/person\/3cd4548d78b676877beb0651a1b885a7\"},\"breadcrumb\":{\"@id\":\"https:\/\/www.confagricoltura.org\/parma\/roberto-gelfi-confermato-consigliere-del-parmigiano\/#breadcrumb\"},\"inLanguage\":\"it-IT\",\"potentialAction\":[{\"@type\":\"ReadAction\",\"target\":[\"https:\/\/www.confagricoltura.org\/parma\/roberto-gelfi-confermato-consigliere-del-parmigiano\/\"]}]},{\"@type\":\"ImageObject\",\"inLanguage\":\"it-IT\",\"@id\":\"https:\/\/www.confagricoltura.org\/parma\/roberto-gelfi-confermato-consigliere-del-parmigiano\/#primaryimage\",\"url\":\"https:\/\/www.confagricoltura.org\/parma\/wp-content\/uploads\/sites\/10\/2021\/05\/ROBERTO-GELFI-PER-SITO-scaled.jpg\",\"contentUrl\":\"https:\/\/www.confagricoltura.org\/parma\/wp-content\/uploads\/sites\/10\/2021\/05\/ROBERTO-GELFI-PER-SITO-scaled.jpg\",\"width\":2560,\"height\":2017,\"caption\":\"Roberto Gelfi, vicepresidente di Confagricoltura Parma.\"},{\"@type\":\"BreadcrumbList\",\"@id\":\"https:\/\/www.confagricoltura.org\/parma\/roberto-gelfi-confermato-consigliere-del-parmigiano\/#breadcrumb\",\"itemListElement\":[{\"@type\":\"ListItem\",\"position\":1,\"name\":\"Home\",\"item\":\"https:\/\/www.confagricoltura.org\/parma\/\"},{\"@type\":\"ListItem\",\"position\":2,\"name\":\"Roberto Gelfi confermato consigliere del Parmigiano\"}]},{\"@type\":\"WebSite\",\"@id\":\"https:\/\/www.confagricoltura.org\/parma\/#website\",\"url\":\"https:\/\/www.confagricoltura.org\/parma\/\",\"name\":\"Confagricoltura Parma\",\"description\":\"Dalla parte degli Agricoltori\",\"potentialAction\":[{\"@type\":\"SearchAction\",\"target\":{\"@type\":\"EntryPoint\",\"urlTemplate\":\"https:\/\/www.confagricoltura.org\/parma\/?s={search_term_string}\"},\"query-input\":{\"@type\":\"PropertyValueSpecification\",\"valueRequired\":true,\"valueName\":\"search_term_string\"}}],\"inLanguage\":\"it-IT\"},{\"@type\":\"Person\",\"@id\":\"https:\/\/www.confagricoltura.org\/parma\/#\/schema\/person\/3cd4548d78b676877beb0651a1b885a7\",\"name\":\"confagricolturaparma\",\"image\":{\"@type\":\"ImageObject\",\"inLanguage\":\"it-IT\",\"@id\":\"https:\/\/www.confagricoltura.org\/parma\/#\/schema\/person\/image\/\",\"url\":\"https:\/\/secure.gravatar.com\/avatar\/b5b08888682650e8feabb958d1a675c2?s=96&d=mm&r=g\",\"contentUrl\":\"https:\/\/secure.gravatar.com\/avatar\/b5b08888682650e8feabb958d1a675c2?s=96&d=mm&r=g\",\"caption\":\"confagricolturaparma\"},\"url\":\"https:\/\/www.confagricoltura.org\/parma\/author\/confagricolturaparma\/\"}]}<\/script>\n<!-- \/ Yoast SEO plugin. -->","yoast_head_json":{"title":"Roberto Gelfi confermato consigliere del Parmigiano - Confagricoltura Parma","robots":{"index":"index","follow":"follow","max-snippet":"max-snippet:-1","max-image-preview":"max-image-preview:large","max-video-preview":"max-video-preview:-1"},"canonical":"https:\/\/www.confagricoltura.org\/parma\/roberto-gelfi-confermato-consigliere-del-parmigiano\/","og_locale":"it_IT","og_type":"article","og_title":"Roberto Gelfi confermato consigliere del Parmigiano - Confagricoltura Parma","og_description":"Conquista di nuovi mercati e produzione etica e sostenibile devono essere gli obiettivi da perseguire.","og_url":"https:\/\/www.confagricoltura.org\/parma\/roberto-gelfi-confermato-consigliere-del-parmigiano\/","og_site_name":"Confagricoltura Parma","article_published_time":"2021-05-03T11:15:56+00:00","article_modified_time":"2021-05-03T12:43:36+00:00","og_image":[{"width":2560,"height":2017,"url":"https:\/\/www.confagricoltura.org\/parma\/wp-content\/uploads\/sites\/10\/2021\/05\/ROBERTO-GELFI-PER-SITO-scaled.jpg","type":"image\/jpeg"}],"author":"confagricolturaparma","twitter_card":"summary_large_image","twitter_misc":{"Scritto da":"confagricolturaparma","Tempo di lettura stimato":"4 minuti"},"schema":{"@context":"https:\/\/schema.org","@graph":[{"@type":"Article","@id":"https:\/\/www.confagricoltura.org\/parma\/roberto-gelfi-confermato-consigliere-del-parmigiano\/#article","isPartOf":{"@id":"https:\/\/www.confagricoltura.org\/parma\/roberto-gelfi-confermato-consigliere-del-parmigiano\/"},"author":{"name":"confagricolturaparma","@id":"https:\/\/www.confagricoltura.org\/parma\/#\/schema\/person\/3cd4548d78b676877beb0651a1b885a7"},"headline":"Roberto Gelfi confermato consigliere del Parmigiano","datePublished":"2021-05-03T11:15:56+00:00","dateModified":"2021-05-03T12:43:36+00:00","mainEntityOfPage":{"@id":"https:\/\/www.confagricoltura.org\/parma\/roberto-gelfi-confermato-consigliere-del-parmigiano\/"},"wordCount":833,"image":{"@id":"https:\/\/www.confagricoltura.org\/parma\/roberto-gelfi-confermato-consigliere-del-parmigiano\/#primaryimage"},"thumbnailUrl":"https:\/\/www.confagricoltura.org\/parma\/wp-content\/uploads\/sites\/10\/2021\/05\/ROBERTO-GELFI-PER-SITO-scaled.jpg","articleSection":["News"],"inLanguage":"it-IT"},{"@type":"WebPage","@id":"https:\/\/www.confagricoltura.org\/parma\/roberto-gelfi-confermato-consigliere-del-parmigiano\/","url":"https:\/\/www.confagricoltura.org\/parma\/roberto-gelfi-confermato-consigliere-del-parmigiano\/","name":"Roberto Gelfi confermato consigliere del Parmigiano - Confagricoltura Parma","isPartOf":{"@id":"https:\/\/www.confagricoltura.org\/parma\/#website"},"primaryImageOfPage":{"@id":"https:\/\/www.confagricoltura.org\/parma\/roberto-gelfi-confermato-consigliere-del-parmigiano\/#primaryimage"},"image":{"@id":"https:\/\/www.confagricoltura.org\/parma\/roberto-gelfi-confermato-consigliere-del-parmigiano\/#primaryimage"},"thumbnailUrl":"https:\/\/www.confagricoltura.org\/parma\/wp-content\/uploads\/sites\/10\/2021\/05\/ROBERTO-GELFI-PER-SITO-scaled.jpg","datePublished":"2021-05-03T11:15:56+00:00","dateModified":"2021-05-03T12:43:36+00:00","author":{"@id":"https:\/\/www.confagricoltura.org\/parma\/#\/schema\/person\/3cd4548d78b676877beb0651a1b885a7"},"breadcrumb":{"@id":"https:\/\/www.confagricoltura.org\/parma\/roberto-gelfi-confermato-consigliere-del-parmigiano\/#breadcrumb"},"inLanguage":"it-IT","potentialAction":[{"@type":"ReadAction","target":["https:\/\/www.confagricoltura.org\/parma\/roberto-gelfi-confermato-consigliere-del-parmigiano\/"]}]},{"@type":"ImageObject","inLanguage":"it-IT","@id":"https:\/\/www.confagricoltura.org\/parma\/roberto-gelfi-confermato-consigliere-del-parmigiano\/#primaryimage","url":"https:\/\/www.confagricoltura.org\/parma\/wp-content\/uploads\/sites\/10\/2021\/05\/ROBERTO-GELFI-PER-SITO-scaled.jpg","contentUrl":"https:\/\/www.confagricoltura.org\/parma\/wp-content\/uploads\/sites\/10\/2021\/05\/ROBERTO-GELFI-PER-SITO-scaled.jpg","width":2560,"height":2017,"caption":"Roberto Gelfi, vicepresidente di Confagricoltura Parma."},{"@type":"BreadcrumbList","@id":"https:\/\/www.confagricoltura.org\/parma\/roberto-gelfi-confermato-consigliere-del-parmigiano\/#breadcrumb","itemListElement":[{"@type":"ListItem","position":1,"name":"Home","item":"https:\/\/www.confagricoltura.org\/parma\/"},{"@type":"ListItem","position":2,"name":"Roberto Gelfi confermato consigliere del Parmigiano"}]},{"@type":"WebSite","@id":"https:\/\/www.confagricoltura.org\/parma\/#website","url":"https:\/\/www.confagricoltura.org\/parma\/","name":"Confagricoltura Parma","description":"Dalla parte degli Agricoltori","potentialAction":[{"@type":"SearchAction","target":{"@type":"EntryPoint","urlTemplate":"https:\/\/www.confagricoltura.org\/parma\/?s={search_term_string}"},"query-input":{"@type":"PropertyValueSpecification","valueRequired":true,"valueName":"search_term_string"}}],"inLanguage":"it-IT"},{"@type":"Person","@id":"https:\/\/www.confagricoltura.org\/parma\/#\/schema\/person\/3cd4548d78b676877beb0651a1b885a7","name":"confagricolturaparma","image":{"@type":"ImageObject","inLanguage":"it-IT","@id":"https:\/\/www.confagricoltura.org\/parma\/#\/schema\/person\/image\/","url":"https:\/\/secure.gravatar.com\/avatar\/b5b08888682650e8feabb958d1a675c2?s=96&d=mm&r=g","contentUrl":"https:\/\/secure.gravatar.com\/avatar\/b5b08888682650e8feabb958d1a675c2?s=96&d=mm&r=g","caption":"confagricolturaparma"},"url":"https:\/\/www.confagricoltura.org\/parma\/author\/confagricolturaparma\/"}]}},"_links":{"self":[{"href":"https:\/\/www.confagricoltura.org\/parma\/wp-json\/wp\/v2\/posts\/1329","targetHints":{"allow":["GET"]}}],"collection":[{"href":"https:\/\/www.confagricoltura.org\/parma\/wp-json\/wp\/v2\/posts"}],"about":[{"href":"https:\/\/www.confagricoltura.org\/parma\/wp-json\/wp\/v2\/types\/post"}],"author":[{"embeddable":true,"href":"https:\/\/www.confagricoltura.org\/parma\/wp-json\/wp\/v2\/users\/5"}],"replies":[{"embeddable":true,"href":"https:\/\/www.confagricoltura.org\/parma\/wp-json\/wp\/v2\/comments?post=1329"}],"version-history":[{"count":2,"href":"https:\/\/www.confagricoltura.org\/parma\/wp-json\/wp\/v2\/posts\/1329\/revisions"}],"predecessor-version":[{"id":1333,"href":"https:\/\/www.confagricoltura.org\/parma\/wp-json\/wp\/v2\/posts\/1329\/revisions\/1333"}],"wp:featuredmedia":[{"embeddable":true,"href":"https:\/\/www.confagricoltura.org\/parma\/wp-json\/wp\/v2\/media\/1330"}],"wp:attachment":[{"href":"https:\/\/www.confagricoltura.org\/parma\/wp-json\/wp\/v2\/media?parent=1329"}],"wp:term":[{"taxonomy":"category","embeddable":true,"href":"https:\/\/www.confagricoltura.org\/parma\/wp-json\/wp\/v2\/categories?post=1329"},{"taxonomy":"post_tag","embeddable":true,"href":"https:\/\/www.confagricoltura.org\/parma\/wp-json\/wp\/v2\/tags?post=1329"}],"curies":[{"name":"wp","href":"https:\/\/api.w.org\/{rel}","templated":true}]}}