{"id":1310,"date":"2021-04-14T17:23:37","date_gmt":"2021-04-14T15:23:37","guid":{"rendered":"https:\/\/www.confagricoltura.org\/parma\/?p=1310"},"modified":"2021-04-14T17:24:06","modified_gmt":"2021-04-14T15:24:06","slug":"parmigiano-approvato-il-bilancio-consuntivo-e-ratificato-il-nuovo-consiglio","status":"publish","type":"post","link":"https:\/\/www.confagricoltura.org\/parma\/parmigiano-approvato-il-bilancio-consuntivo-e-ratificato-il-nuovo-consiglio\/","title":{"rendered":"Parmigiano, approvato il bilancio consuntivo e ratificato il nuovo Consiglio"},"content":{"rendered":"\n<p>Si \u00e8 tenuta il 14 aprile&nbsp;l\u2019Assemblea generale dei consorziati&nbsp;del Parmigiano Reggiano durante la quale il Consorzio ha approvato a larga maggioranza il&nbsp;bilancio consuntivo 2020. L\u2019Assemblea del Consorzio ha proceduto anche alla ratifica del nuovo Consiglio di Amministrazione dell\u2019Ente, composto da 28 membri con diritto di voto e 4 designati dagli enti pubblici d\u2019Emilia-Romagna e Lombardia senza diritto di voto. Tra i ratificati anche i soci di Confagricoltura Parma Roberta Araldi e Roberto Gelfi. Nel primo Consiglio, previsto in convocazione a breve al momento di andare in stampa, avverr\u00e0 l\u2019elezione di presidente e vicepresidenti.<\/p>\n\n\n\n<p class=\"has-text-align-center\"><strong><u>Il bilancio<\/u><\/strong><strong><u><\/u><\/strong><\/p>\n\n\n\n<p>Il bilancio 2020 ha evidenziato&nbsp;un incremento della produzione pari a 183.630 forme:&nbsp;4,9% in pi\u00f9 rispetto al 2019. Il<strong>&nbsp;<\/strong>Parmigiano Reggiano chiude cos\u00ec l\u2019anno con<strong>&nbsp;<\/strong>3.937.823<strong>&nbsp;<\/strong>forme prodotte&nbsp;contro le 3.754.193<strong>&nbsp;<\/strong>dell\u2019anno precedente. Sono conseguentemente&nbsp;aumentati i ricavi&nbsp;\u2013&nbsp;46.567.100 euro contro i 39.807.305 del 2019&nbsp;&#8211; che derivano principalmente dai contributi che i caseifici devono versare al Consorzio per produrre la Dop.&nbsp;<\/p>\n\n\n\n<p>Il 2020 ha visto un&nbsp;assestamento degli investimenti in marketing e comunicazione&nbsp;che si sono fermati a 23,6 milioni di euro &#8211; pari al 50% dei ricavi &#8211; contro i 24,8 milioni del 2019. Le attivit\u00e0 sono state continuamente riviste nel corso dell\u2019anno e adeguate al nuovo contesto Covid che ha portato alla cancellazione dei principali eventi fieristici mondiali. Effetti della pandemia a parte, la comunicazione al consumo rappresenta comunque una delle leve fondamentali per&nbsp;sostenere l\u2019incremento della produzione&nbsp;tramite lo sviluppo della domanda in Italia e all\u2019estero.<\/p>\n\n\n\n<p>L\u2019Assemblea si \u00e8 svolta in videoconferenza \u2013 per la seconda volta consecutiva negli oltre ottanta anni di storia del Consorzio &#8211; per garantire il rispetto delle norme anti-contagio.<strong>&nbsp;<\/strong>Nonostante ci\u00f2, la partecipazione \u00e8 stata alta da tutte le province del comprensorio: oltre 190 produttori che rappresentano circa il 70% del totale dei caseifici del Parmigiano Reggiano.<\/p>\n\n\n\n<p class=\"has-text-align-center\"><strong><u>Il nuovo Consiglio di amministrazione<\/u><\/strong><\/p>\n\n\n\n<p>Approvato il bilancio, l\u2019attenzione dei produttori si \u00e8 spostata sulla ratifica del nuovo Consiglio di Amministrazione del Consorzio. Questa la suddivisione dei&nbsp;28 consiglieri con diritto di voto, cos\u00ec come indicati dalle assemblee sezionali:<\/p>\n\n\n\n<p><strong>Consiglio di Sezione di Parma:<\/strong>&nbsp;Araldi Roberta, Bertinelli Nicola, Bertozzi Arnaldo, Bonati Andrea, Boni Renato, Corradi Gianluca, Cotti Luca, Gelfi Roberto, Rastelli Monica, Scarica Giuseppe.<\/p>\n\n\n\n<p><strong>Consiglio di Sezione di Reggio Emilia<\/strong>: Bezzi Alessandro, Catellani Giorgio, Gobetti Giovanni, Prandi Marco, Rizza Monica, Ruggi Giuseppe, Sartori Erika, Sfulcini Daniele, Sironi Giuseppe.<\/p>\n\n\n\n<p><strong>Consiglio di Sezione di Modena:&nbsp;<\/strong>Braghin Emilio, Benassi Claudio, Deluca Daniele, Minelli Kristian, Nascimbeni Andrea<\/p>\n\n\n\n<p><strong>Consiglio di Sezione di Mantova:&nbsp;<\/strong>Odini Cristian, Benedusi Paolo, Galeotti Vincenzo<\/p>\n\n\n\n<p><strong>Consiglio di Sezione di Bologna:&nbsp;<\/strong>Garagnani Guglielmo<strong>.&nbsp;<\/strong><\/p>\n\n\n\n<p>Del Consiglio, senza diritto di voto, fanno inoltre parte Alessandro Capuci e Andrea Zanlari.<\/p>\n\n\n\n<p>Questa la squadra che dovr\u00e0 guidare il Consorzio per i prossimi quattro anni e che dovr\u00e0 nominare presidente e vicepresidenti nel corso del prossimo Consiglio.&nbsp;<\/p>\n\n\n\n<p class=\"has-text-align-center\"><strong>Bertinelli verso la riconferma come presidente<\/strong><strong><\/strong><\/p>\n\n\n\n<p>In attesa della convocazione del primo Consiglio, a breve, sembra sempre pi\u00f9 probabile la riconferma di Nicola Bertinelli come presidente visto che \u00e8 rimasto l\u2019unico candidato in lizza dopo il ritiro della candidatura da parte di Kristian Minelli, ritiro annunciato proprio in occasione dell\u2019Assemblea generale. Minelli, mantovano e presidente del Caseificio Razionale Novese, ha spiegato di aver abbandonato la corsa perch\u00e9 \u201cil&nbsp;<em>bene del Consorzio e del Parmigiano Reggiano vengono prima di tutto. Ho scelto di ritirare la mia candidatura &#8211; ha spiegato &#8211; per evitare spaccature che avrebbero influito negativamente sulla gestione del Consorzio e di conseguenza sulla nostra filiera. La mia candidatura &#8211; e ringrazio l\u2019Alleanza delle Cooperative per il sostegno ricevuto &#8211; \u00e8 nata con l\u2019obiettivo di assicurare al Consorzio Parmigiano Reggiano una gestione unitaria, forte e condivisa, frutto del confronto e della composizione delle istanze che animano le diverse componenti di questa straordinaria filiera. In occasione degli incontri degli ultimi giorni con i consiglieri eletti nel nuovo consiglio di amministrazione e con le organizzazioni professionali agricole e degli industriali, ho riscontrato apprezzamenti per il mio percorso professionale e per l\u2019impegno come allevatore e come cooperatore. Da questi incontri ho maturato la convinzione che per tutti noi sia importante provare a condividere un percorso di gestione orientato al futuro di questo prodotto famoso in tutto il mondo a dimostrazione che \u00e8 possibile trovare un punto di ripartenza condiviso da tutti, e garantire al Consorzio un sostegno corale e convinto nello svolgimento dei compiti ad esso attribuiti. Come la storia cooperativa ci insegna, non \u00e8 con i rapporti di forza che si creano sviluppo e crescita, bens\u00ec con il dialogo e la ricerca costruttiva di una soluzione in grado di rispondere alle aspettative di coloro che, scegliendoci, ci hanno dato fiducia. Solo un Cda coeso e animato da spirito di collaborazione, pur nella naturale pluralit\u00e0 delle anime che lo compongono, pu\u00f2 onorare adeguatamente il compito che gli \u00e8 stato assegnato. Facciamo ora tutti assieme un passo in avanti per la definizione della squadra e delle priorit\u00e0 del programma per quattro anni di mandato densi di successi\u201d.&nbsp;<\/em><\/p>\n","protected":false},"excerpt":{"rendered":"<p>Tra i ratificati anche i soci di Confagricoltura Parma Roberta Araldi e Roberto Gelfi. Il presidente uscente Nicola Bertinelli verso la riconferma. <\/p>\n","protected":false},"author":5,"featured_media":1308,"comment_status":"closed","ping_status":"closed","sticky":true,"template":"","format":"standard","meta":{"wp_mapbox_gl_js_media":[],"footnotes":""},"categories":[4],"tags":[],"class_list":["post-1310","post","type-post","status-publish","format-standard","has-post-thumbnail","hentry","category-news"],"yoast_head":"<!-- This site is optimized with the Yoast SEO plugin v26.8 - https:\/\/yoast.com\/product\/yoast-seo-wordpress\/ -->\n<title>Parmigiano, approvato il bilancio consuntivo e ratificato il nuovo Consiglio - Confagricoltura Parma<\/title>\n<meta name=\"robots\" content=\"index, follow, max-snippet:-1, max-image-preview:large, max-video-preview:-1\" \/>\n<link rel=\"canonical\" href=\"https:\/\/www.confagricoltura.org\/parma\/parmigiano-approvato-il-bilancio-consuntivo-e-ratificato-il-nuovo-consiglio\/\" \/>\n<meta property=\"og:locale\" content=\"it_IT\" \/>\n<meta property=\"og:type\" content=\"article\" \/>\n<meta property=\"og:title\" content=\"Parmigiano, approvato il bilancio consuntivo e ratificato il nuovo Consiglio - Confagricoltura Parma\" \/>\n<meta property=\"og:description\" content=\"Tra i ratificati anche i soci di Confagricoltura Parma Roberta Araldi e Roberto Gelfi. Il presidente uscente Nicola Bertinelli verso la riconferma.\" \/>\n<meta property=\"og:url\" content=\"https:\/\/www.confagricoltura.org\/parma\/parmigiano-approvato-il-bilancio-consuntivo-e-ratificato-il-nuovo-consiglio\/\" \/>\n<meta property=\"og:site_name\" content=\"Confagricoltura Parma\" \/>\n<meta property=\"article:published_time\" content=\"2021-04-14T15:23:37+00:00\" \/>\n<meta property=\"article:modified_time\" content=\"2021-04-14T15:24:06+00:00\" \/>\n<meta property=\"og:image\" content=\"https:\/\/www.confagricoltura.org\/parma\/wp-content\/uploads\/sites\/10\/2021\/04\/020-PARMIGIANO-Elezione-nuovo-presidente-RIDOTTA-scaled.jpg\" \/>\n\t<meta property=\"og:image:width\" content=\"2560\" \/>\n\t<meta property=\"og:image:height\" content=\"1696\" \/>\n\t<meta property=\"og:image:type\" content=\"image\/jpeg\" \/>\n<meta name=\"author\" content=\"confagricolturaparma\" \/>\n<meta name=\"twitter:card\" content=\"summary_large_image\" \/>\n<meta name=\"twitter:label1\" content=\"Scritto da\" \/>\n\t<meta name=\"twitter:data1\" content=\"confagricolturaparma\" \/>\n\t<meta name=\"twitter:label2\" content=\"Tempo di lettura stimato\" \/>\n\t<meta name=\"twitter:data2\" content=\"4 minuti\" \/>\n<script type=\"application\/ld+json\" class=\"yoast-schema-graph\">{\"@context\":\"https:\/\/schema.org\",\"@graph\":[{\"@type\":\"Article\",\"@id\":\"https:\/\/www.confagricoltura.org\/parma\/parmigiano-approvato-il-bilancio-consuntivo-e-ratificato-il-nuovo-consiglio\/#article\",\"isPartOf\":{\"@id\":\"https:\/\/www.confagricoltura.org\/parma\/parmigiano-approvato-il-bilancio-consuntivo-e-ratificato-il-nuovo-consiglio\/\"},\"author\":{\"name\":\"confagricolturaparma\",\"@id\":\"https:\/\/www.confagricoltura.org\/parma\/#\/schema\/person\/3cd4548d78b676877beb0651a1b885a7\"},\"headline\":\"Parmigiano, approvato il bilancio consuntivo e ratificato il nuovo Consiglio\",\"datePublished\":\"2021-04-14T15:23:37+00:00\",\"dateModified\":\"2021-04-14T15:24:06+00:00\",\"mainEntityOfPage\":{\"@id\":\"https:\/\/www.confagricoltura.org\/parma\/parmigiano-approvato-il-bilancio-consuntivo-e-ratificato-il-nuovo-consiglio\/\"},\"wordCount\":844,\"image\":{\"@id\":\"https:\/\/www.confagricoltura.org\/parma\/parmigiano-approvato-il-bilancio-consuntivo-e-ratificato-il-nuovo-consiglio\/#primaryimage\"},\"thumbnailUrl\":\"https:\/\/www.confagricoltura.org\/parma\/wp-content\/uploads\/sites\/10\/2021\/04\/020-PARMIGIANO-Elezione-nuovo-presidente-RIDOTTA-scaled.jpg\",\"articleSection\":[\"News\"],\"inLanguage\":\"it-IT\"},{\"@type\":\"WebPage\",\"@id\":\"https:\/\/www.confagricoltura.org\/parma\/parmigiano-approvato-il-bilancio-consuntivo-e-ratificato-il-nuovo-consiglio\/\",\"url\":\"https:\/\/www.confagricoltura.org\/parma\/parmigiano-approvato-il-bilancio-consuntivo-e-ratificato-il-nuovo-consiglio\/\",\"name\":\"Parmigiano, approvato il bilancio consuntivo e ratificato il nuovo Consiglio - Confagricoltura Parma\",\"isPartOf\":{\"@id\":\"https:\/\/www.confagricoltura.org\/parma\/#website\"},\"primaryImageOfPage\":{\"@id\":\"https:\/\/www.confagricoltura.org\/parma\/parmigiano-approvato-il-bilancio-consuntivo-e-ratificato-il-nuovo-consiglio\/#primaryimage\"},\"image\":{\"@id\":\"https:\/\/www.confagricoltura.org\/parma\/parmigiano-approvato-il-bilancio-consuntivo-e-ratificato-il-nuovo-consiglio\/#primaryimage\"},\"thumbnailUrl\":\"https:\/\/www.confagricoltura.org\/parma\/wp-content\/uploads\/sites\/10\/2021\/04\/020-PARMIGIANO-Elezione-nuovo-presidente-RIDOTTA-scaled.jpg\",\"datePublished\":\"2021-04-14T15:23:37+00:00\",\"dateModified\":\"2021-04-14T15:24:06+00:00\",\"author\":{\"@id\":\"https:\/\/www.confagricoltura.org\/parma\/#\/schema\/person\/3cd4548d78b676877beb0651a1b885a7\"},\"breadcrumb\":{\"@id\":\"https:\/\/www.confagricoltura.org\/parma\/parmigiano-approvato-il-bilancio-consuntivo-e-ratificato-il-nuovo-consiglio\/#breadcrumb\"},\"inLanguage\":\"it-IT\",\"potentialAction\":[{\"@type\":\"ReadAction\",\"target\":[\"https:\/\/www.confagricoltura.org\/parma\/parmigiano-approvato-il-bilancio-consuntivo-e-ratificato-il-nuovo-consiglio\/\"]}]},{\"@type\":\"ImageObject\",\"inLanguage\":\"it-IT\",\"@id\":\"https:\/\/www.confagricoltura.org\/parma\/parmigiano-approvato-il-bilancio-consuntivo-e-ratificato-il-nuovo-consiglio\/#primaryimage\",\"url\":\"https:\/\/www.confagricoltura.org\/parma\/wp-content\/uploads\/sites\/10\/2021\/04\/020-PARMIGIANO-Elezione-nuovo-presidente-RIDOTTA-scaled.jpg\",\"contentUrl\":\"https:\/\/www.confagricoltura.org\/parma\/wp-content\/uploads\/sites\/10\/2021\/04\/020-PARMIGIANO-Elezione-nuovo-presidente-RIDOTTA-scaled.jpg\",\"width\":2560,\"height\":1696},{\"@type\":\"BreadcrumbList\",\"@id\":\"https:\/\/www.confagricoltura.org\/parma\/parmigiano-approvato-il-bilancio-consuntivo-e-ratificato-il-nuovo-consiglio\/#breadcrumb\",\"itemListElement\":[{\"@type\":\"ListItem\",\"position\":1,\"name\":\"Home\",\"item\":\"https:\/\/www.confagricoltura.org\/parma\/\"},{\"@type\":\"ListItem\",\"position\":2,\"name\":\"Parmigiano, approvato il bilancio consuntivo e ratificato il nuovo Consiglio\"}]},{\"@type\":\"WebSite\",\"@id\":\"https:\/\/www.confagricoltura.org\/parma\/#website\",\"url\":\"https:\/\/www.confagricoltura.org\/parma\/\",\"name\":\"Confagricoltura Parma\",\"description\":\"Dalla parte degli Agricoltori\",\"potentialAction\":[{\"@type\":\"SearchAction\",\"target\":{\"@type\":\"EntryPoint\",\"urlTemplate\":\"https:\/\/www.confagricoltura.org\/parma\/?s={search_term_string}\"},\"query-input\":{\"@type\":\"PropertyValueSpecification\",\"valueRequired\":true,\"valueName\":\"search_term_string\"}}],\"inLanguage\":\"it-IT\"},{\"@type\":\"Person\",\"@id\":\"https:\/\/www.confagricoltura.org\/parma\/#\/schema\/person\/3cd4548d78b676877beb0651a1b885a7\",\"name\":\"confagricolturaparma\",\"image\":{\"@type\":\"ImageObject\",\"inLanguage\":\"it-IT\",\"@id\":\"https:\/\/www.confagricoltura.org\/parma\/#\/schema\/person\/image\/\",\"url\":\"https:\/\/secure.gravatar.com\/avatar\/b5b08888682650e8feabb958d1a675c2?s=96&d=mm&r=g\",\"contentUrl\":\"https:\/\/secure.gravatar.com\/avatar\/b5b08888682650e8feabb958d1a675c2?s=96&d=mm&r=g\",\"caption\":\"confagricolturaparma\"},\"url\":\"https:\/\/www.confagricoltura.org\/parma\/author\/confagricolturaparma\/\"}]}<\/script>\n<!-- \/ Yoast SEO plugin. -->","yoast_head_json":{"title":"Parmigiano, approvato il bilancio consuntivo e ratificato il nuovo Consiglio - Confagricoltura Parma","robots":{"index":"index","follow":"follow","max-snippet":"max-snippet:-1","max-image-preview":"max-image-preview:large","max-video-preview":"max-video-preview:-1"},"canonical":"https:\/\/www.confagricoltura.org\/parma\/parmigiano-approvato-il-bilancio-consuntivo-e-ratificato-il-nuovo-consiglio\/","og_locale":"it_IT","og_type":"article","og_title":"Parmigiano, approvato il bilancio consuntivo e ratificato il nuovo Consiglio - Confagricoltura Parma","og_description":"Tra i ratificati anche i soci di Confagricoltura Parma Roberta Araldi e Roberto Gelfi. Il presidente uscente Nicola Bertinelli verso la riconferma.","og_url":"https:\/\/www.confagricoltura.org\/parma\/parmigiano-approvato-il-bilancio-consuntivo-e-ratificato-il-nuovo-consiglio\/","og_site_name":"Confagricoltura Parma","article_published_time":"2021-04-14T15:23:37+00:00","article_modified_time":"2021-04-14T15:24:06+00:00","og_image":[{"width":2560,"height":1696,"url":"https:\/\/www.confagricoltura.org\/parma\/wp-content\/uploads\/sites\/10\/2021\/04\/020-PARMIGIANO-Elezione-nuovo-presidente-RIDOTTA-scaled.jpg","type":"image\/jpeg"}],"author":"confagricolturaparma","twitter_card":"summary_large_image","twitter_misc":{"Scritto da":"confagricolturaparma","Tempo di lettura stimato":"4 minuti"},"schema":{"@context":"https:\/\/schema.org","@graph":[{"@type":"Article","@id":"https:\/\/www.confagricoltura.org\/parma\/parmigiano-approvato-il-bilancio-consuntivo-e-ratificato-il-nuovo-consiglio\/#article","isPartOf":{"@id":"https:\/\/www.confagricoltura.org\/parma\/parmigiano-approvato-il-bilancio-consuntivo-e-ratificato-il-nuovo-consiglio\/"},"author":{"name":"confagricolturaparma","@id":"https:\/\/www.confagricoltura.org\/parma\/#\/schema\/person\/3cd4548d78b676877beb0651a1b885a7"},"headline":"Parmigiano, approvato il bilancio consuntivo e ratificato il nuovo Consiglio","datePublished":"2021-04-14T15:23:37+00:00","dateModified":"2021-04-14T15:24:06+00:00","mainEntityOfPage":{"@id":"https:\/\/www.confagricoltura.org\/parma\/parmigiano-approvato-il-bilancio-consuntivo-e-ratificato-il-nuovo-consiglio\/"},"wordCount":844,"image":{"@id":"https:\/\/www.confagricoltura.org\/parma\/parmigiano-approvato-il-bilancio-consuntivo-e-ratificato-il-nuovo-consiglio\/#primaryimage"},"thumbnailUrl":"https:\/\/www.confagricoltura.org\/parma\/wp-content\/uploads\/sites\/10\/2021\/04\/020-PARMIGIANO-Elezione-nuovo-presidente-RIDOTTA-scaled.jpg","articleSection":["News"],"inLanguage":"it-IT"},{"@type":"WebPage","@id":"https:\/\/www.confagricoltura.org\/parma\/parmigiano-approvato-il-bilancio-consuntivo-e-ratificato-il-nuovo-consiglio\/","url":"https:\/\/www.confagricoltura.org\/parma\/parmigiano-approvato-il-bilancio-consuntivo-e-ratificato-il-nuovo-consiglio\/","name":"Parmigiano, approvato il bilancio consuntivo e ratificato il nuovo Consiglio - Confagricoltura Parma","isPartOf":{"@id":"https:\/\/www.confagricoltura.org\/parma\/#website"},"primaryImageOfPage":{"@id":"https:\/\/www.confagricoltura.org\/parma\/parmigiano-approvato-il-bilancio-consuntivo-e-ratificato-il-nuovo-consiglio\/#primaryimage"},"image":{"@id":"https:\/\/www.confagricoltura.org\/parma\/parmigiano-approvato-il-bilancio-consuntivo-e-ratificato-il-nuovo-consiglio\/#primaryimage"},"thumbnailUrl":"https:\/\/www.confagricoltura.org\/parma\/wp-content\/uploads\/sites\/10\/2021\/04\/020-PARMIGIANO-Elezione-nuovo-presidente-RIDOTTA-scaled.jpg","datePublished":"2021-04-14T15:23:37+00:00","dateModified":"2021-04-14T15:24:06+00:00","author":{"@id":"https:\/\/www.confagricoltura.org\/parma\/#\/schema\/person\/3cd4548d78b676877beb0651a1b885a7"},"breadcrumb":{"@id":"https:\/\/www.confagricoltura.org\/parma\/parmigiano-approvato-il-bilancio-consuntivo-e-ratificato-il-nuovo-consiglio\/#breadcrumb"},"inLanguage":"it-IT","potentialAction":[{"@type":"ReadAction","target":["https:\/\/www.confagricoltura.org\/parma\/parmigiano-approvato-il-bilancio-consuntivo-e-ratificato-il-nuovo-consiglio\/"]}]},{"@type":"ImageObject","inLanguage":"it-IT","@id":"https:\/\/www.confagricoltura.org\/parma\/parmigiano-approvato-il-bilancio-consuntivo-e-ratificato-il-nuovo-consiglio\/#primaryimage","url":"https:\/\/www.confagricoltura.org\/parma\/wp-content\/uploads\/sites\/10\/2021\/04\/020-PARMIGIANO-Elezione-nuovo-presidente-RIDOTTA-scaled.jpg","contentUrl":"https:\/\/www.confagricoltura.org\/parma\/wp-content\/uploads\/sites\/10\/2021\/04\/020-PARMIGIANO-Elezione-nuovo-presidente-RIDOTTA-scaled.jpg","width":2560,"height":1696},{"@type":"BreadcrumbList","@id":"https:\/\/www.confagricoltura.org\/parma\/parmigiano-approvato-il-bilancio-consuntivo-e-ratificato-il-nuovo-consiglio\/#breadcrumb","itemListElement":[{"@type":"ListItem","position":1,"name":"Home","item":"https:\/\/www.confagricoltura.org\/parma\/"},{"@type":"ListItem","position":2,"name":"Parmigiano, approvato il bilancio consuntivo e ratificato il nuovo Consiglio"}]},{"@type":"WebSite","@id":"https:\/\/www.confagricoltura.org\/parma\/#website","url":"https:\/\/www.confagricoltura.org\/parma\/","name":"Confagricoltura Parma","description":"Dalla parte degli Agricoltori","potentialAction":[{"@type":"SearchAction","target":{"@type":"EntryPoint","urlTemplate":"https:\/\/www.confagricoltura.org\/parma\/?s={search_term_string}"},"query-input":{"@type":"PropertyValueSpecification","valueRequired":true,"valueName":"search_term_string"}}],"inLanguage":"it-IT"},{"@type":"Person","@id":"https:\/\/www.confagricoltura.org\/parma\/#\/schema\/person\/3cd4548d78b676877beb0651a1b885a7","name":"confagricolturaparma","image":{"@type":"ImageObject","inLanguage":"it-IT","@id":"https:\/\/www.confagricoltura.org\/parma\/#\/schema\/person\/image\/","url":"https:\/\/secure.gravatar.com\/avatar\/b5b08888682650e8feabb958d1a675c2?s=96&d=mm&r=g","contentUrl":"https:\/\/secure.gravatar.com\/avatar\/b5b08888682650e8feabb958d1a675c2?s=96&d=mm&r=g","caption":"confagricolturaparma"},"url":"https:\/\/www.confagricoltura.org\/parma\/author\/confagricolturaparma\/"}]}},"_links":{"self":[{"href":"https:\/\/www.confagricoltura.org\/parma\/wp-json\/wp\/v2\/posts\/1310","targetHints":{"allow":["GET"]}}],"collection":[{"href":"https:\/\/www.confagricoltura.org\/parma\/wp-json\/wp\/v2\/posts"}],"about":[{"href":"https:\/\/www.confagricoltura.org\/parma\/wp-json\/wp\/v2\/types\/post"}],"author":[{"embeddable":true,"href":"https:\/\/www.confagricoltura.org\/parma\/wp-json\/wp\/v2\/users\/5"}],"replies":[{"embeddable":true,"href":"https:\/\/www.confagricoltura.org\/parma\/wp-json\/wp\/v2\/comments?post=1310"}],"version-history":[{"count":1,"href":"https:\/\/www.confagricoltura.org\/parma\/wp-json\/wp\/v2\/posts\/1310\/revisions"}],"predecessor-version":[{"id":1311,"href":"https:\/\/www.confagricoltura.org\/parma\/wp-json\/wp\/v2\/posts\/1310\/revisions\/1311"}],"wp:featuredmedia":[{"embeddable":true,"href":"https:\/\/www.confagricoltura.org\/parma\/wp-json\/wp\/v2\/media\/1308"}],"wp:attachment":[{"href":"https:\/\/www.confagricoltura.org\/parma\/wp-json\/wp\/v2\/media?parent=1310"}],"wp:term":[{"taxonomy":"category","embeddable":true,"href":"https:\/\/www.confagricoltura.org\/parma\/wp-json\/wp\/v2\/categories?post=1310"},{"taxonomy":"post_tag","embeddable":true,"href":"https:\/\/www.confagricoltura.org\/parma\/wp-json\/wp\/v2\/tags?post=1310"}],"curies":[{"name":"wp","href":"https:\/\/api.w.org\/{rel}","templated":true}]}}