{"id":1598,"date":"2023-05-22T16:39:06","date_gmt":"2023-05-22T14:39:06","guid":{"rendered":"https:\/\/www.confagricoltura.org\/modena\/?p=1598"},"modified":"2023-05-23T12:49:36","modified_gmt":"2023-05-23T10:49:36","slug":"aiutiamo-le-aziende-agricole-della-romagna","status":"publish","type":"post","link":"https:\/\/www.confagricoltura.org\/modena\/aiutiamo-le-aziende-agricole-della-romagna\/","title":{"rendered":"Aiutiamo le aziende agricole dell&#8217;Emilia-Romagna"},"content":{"rendered":"\n<p>Insieme dobbiamo sostenere le nostre aziende e gli agricoltori impegnati a far ripartire l&#8217;attivit\u00e0 dopo ore di angoscia nel cratere dell&#8217;alluvione. Intanto \u00e8 partita la gara di solidariet\u00e0 per portare soccorso e salvare il salvabile nei campi. Le sedi di Confagricoltura sono pronte a inviare volontari, tecnici e agronomi, ma anche mezzi di trasporto, attrezzature, viveri e mangimi.<\/p>\n\n\n\n<p> La priorit\u00e0 \u00e8 intervenire celermente, assistere gli agricoltori isolati, alleggerire il lavoro di chi sta cercando disperatamente di limitare il danno nei magazzini e negli stabilimenti di lavorazione, nelle stalle, nelle serre e nei vivai.<\/p>\n\n\n\n<p>Serve ogni tipo di aiuto: generi alimentari dove scarseggiano, viveri nei paesi irraggiungibili perch\u00e9 le strade sono sbarrate o sventrate dagli smottamenti; mangimi e foraggi per il bestiame; escavatori e idropulitrici per le varie operazioni di pulizia e ripristino.<\/p>\n\n\n\n<p>Sar\u00e0 a Ravenna il centro operativo per la macchina dei soccorsi, con l\u2019obiettivo di non fare mai mancare il supporto ad agricoltori e imprese. L\u2019emergenza \u00e8 senza fine. Confagricoltura Ravenna si occuper\u00e0 dell\u2019organizzazione e del coordinamento logistico, con centri di raccolta e squadre d\u2019intervento. <\/p>\n\n\n\n<p><strong>IBAN: IT 08 S 06230 02402 0000 5804 2910<\/strong><\/p>\n\n\n\n<p><strong>CAUSALE: ALLUVIONE EMILIA-ROMAGNA 2023<\/strong><\/p>\n\n\n\n<p><strong>INTESTAZIONE: CONFAGRICOLTURA EMILIA-ROMAGNA<\/strong><\/p>\n\n\n\n<p><\/p>\n\n\n\n<p><a href=\"https:\/\/www.facebook.com\/hashtag\/noisiamoconfagricoltura?__eep__=6&amp;__cft__[0]=AZVXxhc1dZFuMdS3LvGaLnNP1Edx4StCzG0bOzZueoZcNXClpB3bBpNrmQNLDhmq7EBbvHu6muIFHdCagYi1DYiZUQHV3GQ5HYK6fmmKMpAInMz3NG9jyEYJcvc1fVQ8KiIZXMVI8iEyEPzCwBKsS0Q1Yz4nPAl_CBRO6t2m3Mj9rtYlfhoD_4z2YYkvi7UL5Bo&amp;__tn__=*NK-R\">#noisiamoconfagricoltura<\/a><\/p>\n","protected":false},"excerpt":{"rendered":"<p>Abbiamo bisogno di tutti voi: basta un piccolo, prezioso contributo <\/p>\n","protected":false},"author":10,"featured_media":1599,"comment_status":"closed","ping_status":"closed","sticky":true,"template":"","format":"standard","meta":{"wp_mapbox_gl_js_media":[],"footnotes":""},"categories":[21,11,23,4,10,13,18,12,17,15,14,16,8,9,1],"tags":[],"class_list":["post-1598","post","type-post","status-publish","format-standard","has-post-thumbnail","hentry","category-eventi","category-finanziamenti-bandi","category-gazzettino-agricolo","category-news","category-progetti-filiera","category-settore-bovino","category-settore-caccia-pesca","category-settore-cerealicolo","category-settore-frutticolo","category-settore-lattiero-caseario","category-settore-suinicolo","category-settore-vitivinicolo","category-tecnologie-innovazione","category-territorio-ambiente","category-uncategorized"],"yoast_head":"<!-- This site is optimized with the Yoast SEO plugin v26.8 - https:\/\/yoast.com\/product\/yoast-seo-wordpress\/ -->\n<title>Aiutiamo le aziende agricole dell&#039;Emilia-Romagna - Confagricoltura Modena<\/title>\n<meta name=\"robots\" content=\"index, follow, max-snippet:-1, max-image-preview:large, max-video-preview:-1\" \/>\n<link rel=\"canonical\" href=\"https:\/\/www.confagricoltura.org\/modena\/aiutiamo-le-aziende-agricole-della-romagna\/\" \/>\n<meta property=\"og:locale\" content=\"it_IT\" \/>\n<meta property=\"og:type\" content=\"article\" \/>\n<meta property=\"og:title\" content=\"Aiutiamo le aziende agricole dell&#039;Emilia-Romagna - Confagricoltura Modena\" \/>\n<meta property=\"og:description\" content=\"Abbiamo bisogno di tutti voi: basta un piccolo, prezioso contributo\" \/>\n<meta property=\"og:url\" content=\"https:\/\/www.confagricoltura.org\/modena\/aiutiamo-le-aziende-agricole-della-romagna\/\" \/>\n<meta property=\"og:site_name\" content=\"Confagricoltura Modena\" \/>\n<meta property=\"article:published_time\" content=\"2023-05-22T14:39:06+00:00\" \/>\n<meta property=\"article:modified_time\" content=\"2023-05-23T10:49:36+00:00\" \/>\n<meta property=\"og:image\" content=\"https:\/\/www.confagricoltura.org\/modena\/wp-content\/uploads\/sites\/16\/2023\/05\/confagriXlaromagna.jpg\" \/>\n\t<meta property=\"og:image:width\" content=\"526\" \/>\n\t<meta property=\"og:image:height\" content=\"503\" \/>\n\t<meta property=\"og:image:type\" content=\"image\/jpeg\" \/>\n<meta name=\"author\" content=\"confagricolturamodena\" \/>\n<meta name=\"twitter:card\" content=\"summary_large_image\" \/>\n<meta name=\"twitter:label1\" content=\"Scritto da\" \/>\n\t<meta name=\"twitter:data1\" content=\"confagricolturamodena\" \/>\n\t<meta name=\"twitter:label2\" content=\"Tempo di lettura stimato\" \/>\n\t<meta name=\"twitter:data2\" content=\"1 minuto\" \/>\n<script type=\"application\/ld+json\" class=\"yoast-schema-graph\">{\"@context\":\"https:\/\/schema.org\",\"@graph\":[{\"@type\":\"Article\",\"@id\":\"https:\/\/www.confagricoltura.org\/modena\/aiutiamo-le-aziende-agricole-della-romagna\/#article\",\"isPartOf\":{\"@id\":\"https:\/\/www.confagricoltura.org\/modena\/aiutiamo-le-aziende-agricole-della-romagna\/\"},\"author\":{\"name\":\"confagricolturamodena\",\"@id\":\"https:\/\/www.confagricoltura.org\/modena\/#\/schema\/person\/2429ddadcc2a128835d1f13863a1956c\"},\"headline\":\"Aiutiamo le aziende agricole dell&#8217;Emilia-Romagna\",\"datePublished\":\"2023-05-22T14:39:06+00:00\",\"dateModified\":\"2023-05-23T10:49:36+00:00\",\"mainEntityOfPage\":{\"@id\":\"https:\/\/www.confagricoltura.org\/modena\/aiutiamo-le-aziende-agricole-della-romagna\/\"},\"wordCount\":195,\"image\":{\"@id\":\"https:\/\/www.confagricoltura.org\/modena\/aiutiamo-le-aziende-agricole-della-romagna\/#primaryimage\"},\"thumbnailUrl\":\"https:\/\/www.confagricoltura.org\/modena\/wp-content\/uploads\/sites\/16\/2023\/05\/confagriXlaromagna.jpg\",\"articleSection\":[\"Eventi\",\"Finanziamenti e bandi\",\"Gazzettino Agricolo\",\"News\",\"Progetti di filiera\",\"Settore bovino\",\"Settore caccia e pesca\",\"Settore cerealicolo\",\"Settore frutticolo\",\"Settore lattiero-caseario\",\"Settore suinicolo\",\"Settore vitivinicolo\",\"Tecnologie e Innovazione\",\"Territorio e Ambiente\",\"Uncategorized\"],\"inLanguage\":\"it-IT\"},{\"@type\":\"WebPage\",\"@id\":\"https:\/\/www.confagricoltura.org\/modena\/aiutiamo-le-aziende-agricole-della-romagna\/\",\"url\":\"https:\/\/www.confagricoltura.org\/modena\/aiutiamo-le-aziende-agricole-della-romagna\/\",\"name\":\"Aiutiamo le aziende agricole dell'Emilia-Romagna - Confagricoltura Modena\",\"isPartOf\":{\"@id\":\"https:\/\/www.confagricoltura.org\/modena\/#website\"},\"primaryImageOfPage\":{\"@id\":\"https:\/\/www.confagricoltura.org\/modena\/aiutiamo-le-aziende-agricole-della-romagna\/#primaryimage\"},\"image\":{\"@id\":\"https:\/\/www.confagricoltura.org\/modena\/aiutiamo-le-aziende-agricole-della-romagna\/#primaryimage\"},\"thumbnailUrl\":\"https:\/\/www.confagricoltura.org\/modena\/wp-content\/uploads\/sites\/16\/2023\/05\/confagriXlaromagna.jpg\",\"datePublished\":\"2023-05-22T14:39:06+00:00\",\"dateModified\":\"2023-05-23T10:49:36+00:00\",\"author\":{\"@id\":\"https:\/\/www.confagricoltura.org\/modena\/#\/schema\/person\/2429ddadcc2a128835d1f13863a1956c\"},\"breadcrumb\":{\"@id\":\"https:\/\/www.confagricoltura.org\/modena\/aiutiamo-le-aziende-agricole-della-romagna\/#breadcrumb\"},\"inLanguage\":\"it-IT\",\"potentialAction\":[{\"@type\":\"ReadAction\",\"target\":[\"https:\/\/www.confagricoltura.org\/modena\/aiutiamo-le-aziende-agricole-della-romagna\/\"]}]},{\"@type\":\"ImageObject\",\"inLanguage\":\"it-IT\",\"@id\":\"https:\/\/www.confagricoltura.org\/modena\/aiutiamo-le-aziende-agricole-della-romagna\/#primaryimage\",\"url\":\"https:\/\/www.confagricoltura.org\/modena\/wp-content\/uploads\/sites\/16\/2023\/05\/confagriXlaromagna.jpg\",\"contentUrl\":\"https:\/\/www.confagricoltura.org\/modena\/wp-content\/uploads\/sites\/16\/2023\/05\/confagriXlaromagna.jpg\",\"width\":526,\"height\":503},{\"@type\":\"BreadcrumbList\",\"@id\":\"https:\/\/www.confagricoltura.org\/modena\/aiutiamo-le-aziende-agricole-della-romagna\/#breadcrumb\",\"itemListElement\":[{\"@type\":\"ListItem\",\"position\":1,\"name\":\"Home\",\"item\":\"https:\/\/www.confagricoltura.org\/modena\/\"},{\"@type\":\"ListItem\",\"position\":2,\"name\":\"Aiutiamo le aziende agricole dell&#8217;Emilia-Romagna\"}]},{\"@type\":\"WebSite\",\"@id\":\"https:\/\/www.confagricoltura.org\/modena\/#website\",\"url\":\"https:\/\/www.confagricoltura.org\/modena\/\",\"name\":\"Confagricoltura Modena\",\"description\":\"Dalla parte degli Agricoltori\",\"potentialAction\":[{\"@type\":\"SearchAction\",\"target\":{\"@type\":\"EntryPoint\",\"urlTemplate\":\"https:\/\/www.confagricoltura.org\/modena\/?s={search_term_string}\"},\"query-input\":{\"@type\":\"PropertyValueSpecification\",\"valueRequired\":true,\"valueName\":\"search_term_string\"}}],\"inLanguage\":\"it-IT\"},{\"@type\":\"Person\",\"@id\":\"https:\/\/www.confagricoltura.org\/modena\/#\/schema\/person\/2429ddadcc2a128835d1f13863a1956c\",\"name\":\"confagricolturamodena\",\"image\":{\"@type\":\"ImageObject\",\"inLanguage\":\"it-IT\",\"@id\":\"https:\/\/www.confagricoltura.org\/modena\/#\/schema\/person\/image\/\",\"url\":\"https:\/\/secure.gravatar.com\/avatar\/438244abb1270ff7bc83d1c1a5221879?s=96&d=mm&r=g\",\"contentUrl\":\"https:\/\/secure.gravatar.com\/avatar\/438244abb1270ff7bc83d1c1a5221879?s=96&d=mm&r=g\",\"caption\":\"confagricolturamodena\"},\"url\":\"https:\/\/www.confagricoltura.org\/modena\/author\/confagricolturamodena\/\"}]}<\/script>\n<!-- \/ Yoast SEO plugin. -->","yoast_head_json":{"title":"Aiutiamo le aziende agricole dell'Emilia-Romagna - Confagricoltura Modena","robots":{"index":"index","follow":"follow","max-snippet":"max-snippet:-1","max-image-preview":"max-image-preview:large","max-video-preview":"max-video-preview:-1"},"canonical":"https:\/\/www.confagricoltura.org\/modena\/aiutiamo-le-aziende-agricole-della-romagna\/","og_locale":"it_IT","og_type":"article","og_title":"Aiutiamo le aziende agricole dell'Emilia-Romagna - Confagricoltura Modena","og_description":"Abbiamo bisogno di tutti voi: basta un piccolo, prezioso contributo","og_url":"https:\/\/www.confagricoltura.org\/modena\/aiutiamo-le-aziende-agricole-della-romagna\/","og_site_name":"Confagricoltura Modena","article_published_time":"2023-05-22T14:39:06+00:00","article_modified_time":"2023-05-23T10:49:36+00:00","og_image":[{"width":526,"height":503,"url":"https:\/\/www.confagricoltura.org\/modena\/wp-content\/uploads\/sites\/16\/2023\/05\/confagriXlaromagna.jpg","type":"image\/jpeg"}],"author":"confagricolturamodena","twitter_card":"summary_large_image","twitter_misc":{"Scritto da":"confagricolturamodena","Tempo di lettura stimato":"1 minuto"},"schema":{"@context":"https:\/\/schema.org","@graph":[{"@type":"Article","@id":"https:\/\/www.confagricoltura.org\/modena\/aiutiamo-le-aziende-agricole-della-romagna\/#article","isPartOf":{"@id":"https:\/\/www.confagricoltura.org\/modena\/aiutiamo-le-aziende-agricole-della-romagna\/"},"author":{"name":"confagricolturamodena","@id":"https:\/\/www.confagricoltura.org\/modena\/#\/schema\/person\/2429ddadcc2a128835d1f13863a1956c"},"headline":"Aiutiamo le aziende agricole dell&#8217;Emilia-Romagna","datePublished":"2023-05-22T14:39:06+00:00","dateModified":"2023-05-23T10:49:36+00:00","mainEntityOfPage":{"@id":"https:\/\/www.confagricoltura.org\/modena\/aiutiamo-le-aziende-agricole-della-romagna\/"},"wordCount":195,"image":{"@id":"https:\/\/www.confagricoltura.org\/modena\/aiutiamo-le-aziende-agricole-della-romagna\/#primaryimage"},"thumbnailUrl":"https:\/\/www.confagricoltura.org\/modena\/wp-content\/uploads\/sites\/16\/2023\/05\/confagriXlaromagna.jpg","articleSection":["Eventi","Finanziamenti e bandi","Gazzettino Agricolo","News","Progetti di filiera","Settore bovino","Settore caccia e pesca","Settore cerealicolo","Settore frutticolo","Settore lattiero-caseario","Settore suinicolo","Settore vitivinicolo","Tecnologie e Innovazione","Territorio e Ambiente","Uncategorized"],"inLanguage":"it-IT"},{"@type":"WebPage","@id":"https:\/\/www.confagricoltura.org\/modena\/aiutiamo-le-aziende-agricole-della-romagna\/","url":"https:\/\/www.confagricoltura.org\/modena\/aiutiamo-le-aziende-agricole-della-romagna\/","name":"Aiutiamo le aziende agricole dell'Emilia-Romagna - Confagricoltura Modena","isPartOf":{"@id":"https:\/\/www.confagricoltura.org\/modena\/#website"},"primaryImageOfPage":{"@id":"https:\/\/www.confagricoltura.org\/modena\/aiutiamo-le-aziende-agricole-della-romagna\/#primaryimage"},"image":{"@id":"https:\/\/www.confagricoltura.org\/modena\/aiutiamo-le-aziende-agricole-della-romagna\/#primaryimage"},"thumbnailUrl":"https:\/\/www.confagricoltura.org\/modena\/wp-content\/uploads\/sites\/16\/2023\/05\/confagriXlaromagna.jpg","datePublished":"2023-05-22T14:39:06+00:00","dateModified":"2023-05-23T10:49:36+00:00","author":{"@id":"https:\/\/www.confagricoltura.org\/modena\/#\/schema\/person\/2429ddadcc2a128835d1f13863a1956c"},"breadcrumb":{"@id":"https:\/\/www.confagricoltura.org\/modena\/aiutiamo-le-aziende-agricole-della-romagna\/#breadcrumb"},"inLanguage":"it-IT","potentialAction":[{"@type":"ReadAction","target":["https:\/\/www.confagricoltura.org\/modena\/aiutiamo-le-aziende-agricole-della-romagna\/"]}]},{"@type":"ImageObject","inLanguage":"it-IT","@id":"https:\/\/www.confagricoltura.org\/modena\/aiutiamo-le-aziende-agricole-della-romagna\/#primaryimage","url":"https:\/\/www.confagricoltura.org\/modena\/wp-content\/uploads\/sites\/16\/2023\/05\/confagriXlaromagna.jpg","contentUrl":"https:\/\/www.confagricoltura.org\/modena\/wp-content\/uploads\/sites\/16\/2023\/05\/confagriXlaromagna.jpg","width":526,"height":503},{"@type":"BreadcrumbList","@id":"https:\/\/www.confagricoltura.org\/modena\/aiutiamo-le-aziende-agricole-della-romagna\/#breadcrumb","itemListElement":[{"@type":"ListItem","position":1,"name":"Home","item":"https:\/\/www.confagricoltura.org\/modena\/"},{"@type":"ListItem","position":2,"name":"Aiutiamo le aziende agricole dell&#8217;Emilia-Romagna"}]},{"@type":"WebSite","@id":"https:\/\/www.confagricoltura.org\/modena\/#website","url":"https:\/\/www.confagricoltura.org\/modena\/","name":"Confagricoltura Modena","description":"Dalla parte degli Agricoltori","potentialAction":[{"@type":"SearchAction","target":{"@type":"EntryPoint","urlTemplate":"https:\/\/www.confagricoltura.org\/modena\/?s={search_term_string}"},"query-input":{"@type":"PropertyValueSpecification","valueRequired":true,"valueName":"search_term_string"}}],"inLanguage":"it-IT"},{"@type":"Person","@id":"https:\/\/www.confagricoltura.org\/modena\/#\/schema\/person\/2429ddadcc2a128835d1f13863a1956c","name":"confagricolturamodena","image":{"@type":"ImageObject","inLanguage":"it-IT","@id":"https:\/\/www.confagricoltura.org\/modena\/#\/schema\/person\/image\/","url":"https:\/\/secure.gravatar.com\/avatar\/438244abb1270ff7bc83d1c1a5221879?s=96&d=mm&r=g","contentUrl":"https:\/\/secure.gravatar.com\/avatar\/438244abb1270ff7bc83d1c1a5221879?s=96&d=mm&r=g","caption":"confagricolturamodena"},"url":"https:\/\/www.confagricoltura.org\/modena\/author\/confagricolturamodena\/"}]}},"_links":{"self":[{"href":"https:\/\/www.confagricoltura.org\/modena\/wp-json\/wp\/v2\/posts\/1598","targetHints":{"allow":["GET"]}}],"collection":[{"href":"https:\/\/www.confagricoltura.org\/modena\/wp-json\/wp\/v2\/posts"}],"about":[{"href":"https:\/\/www.confagricoltura.org\/modena\/wp-json\/wp\/v2\/types\/post"}],"author":[{"embeddable":true,"href":"https:\/\/www.confagricoltura.org\/modena\/wp-json\/wp\/v2\/users\/10"}],"replies":[{"embeddable":true,"href":"https:\/\/www.confagricoltura.org\/modena\/wp-json\/wp\/v2\/comments?post=1598"}],"version-history":[{"count":4,"href":"https:\/\/www.confagricoltura.org\/modena\/wp-json\/wp\/v2\/posts\/1598\/revisions"}],"predecessor-version":[{"id":1607,"href":"https:\/\/www.confagricoltura.org\/modena\/wp-json\/wp\/v2\/posts\/1598\/revisions\/1607"}],"wp:featuredmedia":[{"embeddable":true,"href":"https:\/\/www.confagricoltura.org\/modena\/wp-json\/wp\/v2\/media\/1599"}],"wp:attachment":[{"href":"https:\/\/www.confagricoltura.org\/modena\/wp-json\/wp\/v2\/media?parent=1598"}],"wp:term":[{"taxonomy":"category","embeddable":true,"href":"https:\/\/www.confagricoltura.org\/modena\/wp-json\/wp\/v2\/categories?post=1598"},{"taxonomy":"post_tag","embeddable":true,"href":"https:\/\/www.confagricoltura.org\/modena\/wp-json\/wp\/v2\/tags?post=1598"}],"curies":[{"name":"wp","href":"https:\/\/api.w.org\/{rel}","templated":true}]}}