{"id":1409,"date":"2021-12-02T16:30:29","date_gmt":"2021-12-02T15:30:29","guid":{"rendered":"https:\/\/www.confagricoltura.org\/modena\/?p=1409"},"modified":"2022-01-10T11:35:09","modified_gmt":"2022-01-10T10:35:09","slug":"maculatura-bruna-al-via-le-domande","status":"publish","type":"post","link":"https:\/\/www.confagricoltura.org\/modena\/maculatura-bruna-al-via-le-domande\/","title":{"rendered":"Maculatura bruna: al via le domande"},"content":{"rendered":"\n<p class=\"has-text-align-left\">\u00c8 stato pubblicato il decreto che riconosce il carattere di eccezionalit\u00e0 della diffusione della Maculatura bruna su pero nel 2020, ed \u00e8 quindi possibile presentare domanda di risarcimento per i danni subiti. Per farlo \u00e8 necessario dimostrare un <strong>calo della produzione lorda vendibile<\/strong> aziendale totale (esclusa la zootecnia) <strong>superiore al 30%<\/strong>. Il calcolo del danno dovuto alla maculatura non deve tener conto dei danni dovuti alle gelate che potrebbero aver colpito la stessa coltura e per i quali potrebbe gi\u00e0 essere stata presentata la domanda di risarcimento. Il termine per la presentazione delle domande \u00e8 il 6 gennaio 2022.<br>Gli interessati sono invitati a contattare gli uffici di Confagricoltura Modena <strong>entro il 15 dicembre<\/strong> mettendo a disposizione i dati produttivi dell\u2019anno 2020.<\/p>\n","protected":false},"excerpt":{"rendered":"<p>Per avere diritto al risarcimento \u00e8 necessario dimostrare un calo della PLV totale superiore al 30%<\/p>\n","protected":false},"author":10,"featured_media":1410,"comment_status":"closed","ping_status":"closed","sticky":false,"template":"","format":"standard","meta":{"wp_mapbox_gl_js_media":[],"footnotes":""},"categories":[11,4,17],"tags":[],"class_list":["post-1409","post","type-post","status-publish","format-standard","has-post-thumbnail","hentry","category-finanziamenti-bandi","category-news","category-settore-frutticolo"],"yoast_head":"<!-- This site is optimized with the Yoast SEO plugin v26.8 - https:\/\/yoast.com\/product\/yoast-seo-wordpress\/ -->\n<title>Maculatura bruna: al via le domande - Confagricoltura Modena<\/title>\n<meta name=\"robots\" content=\"index, follow, max-snippet:-1, max-image-preview:large, max-video-preview:-1\" \/>\n<link rel=\"canonical\" href=\"https:\/\/www.confagricoltura.org\/modena\/maculatura-bruna-al-via-le-domande\/\" \/>\n<meta property=\"og:locale\" content=\"it_IT\" \/>\n<meta property=\"og:type\" content=\"article\" \/>\n<meta property=\"og:title\" content=\"Maculatura bruna: al via le domande - Confagricoltura Modena\" \/>\n<meta property=\"og:description\" content=\"Per avere diritto al risarcimento \u00e8 necessario dimostrare un calo della PLV totale superiore al 30%\" \/>\n<meta property=\"og:url\" content=\"https:\/\/www.confagricoltura.org\/modena\/maculatura-bruna-al-via-le-domande\/\" \/>\n<meta property=\"og:site_name\" content=\"Confagricoltura Modena\" \/>\n<meta property=\"article:published_time\" content=\"2021-12-02T15:30:29+00:00\" \/>\n<meta property=\"article:modified_time\" content=\"2022-01-10T10:35:09+00:00\" \/>\n<meta property=\"og:image\" content=\"https:\/\/www.confagricoltura.org\/modena\/wp-content\/uploads\/sites\/16\/2021\/12\/maculatura.png\" \/>\n\t<meta property=\"og:image:width\" content=\"750\" \/>\n\t<meta property=\"og:image:height\" content=\"422\" \/>\n\t<meta property=\"og:image:type\" content=\"image\/png\" \/>\n<meta name=\"author\" content=\"confagricolturamodena\" \/>\n<meta name=\"twitter:card\" content=\"summary_large_image\" \/>\n<meta name=\"twitter:label1\" content=\"Scritto da\" \/>\n\t<meta name=\"twitter:data1\" content=\"confagricolturamodena\" \/>\n\t<meta name=\"twitter:label2\" content=\"Tempo di lettura stimato\" \/>\n\t<meta name=\"twitter:data2\" content=\"1 minuto\" \/>\n<script type=\"application\/ld+json\" class=\"yoast-schema-graph\">{\"@context\":\"https:\/\/schema.org\",\"@graph\":[{\"@type\":\"Article\",\"@id\":\"https:\/\/www.confagricoltura.org\/modena\/maculatura-bruna-al-via-le-domande\/#article\",\"isPartOf\":{\"@id\":\"https:\/\/www.confagricoltura.org\/modena\/maculatura-bruna-al-via-le-domande\/\"},\"author\":{\"name\":\"confagricolturamodena\",\"@id\":\"https:\/\/www.confagricoltura.org\/modena\/#\/schema\/person\/2429ddadcc2a128835d1f13863a1956c\"},\"headline\":\"Maculatura bruna: al via le domande\",\"datePublished\":\"2021-12-02T15:30:29+00:00\",\"dateModified\":\"2022-01-10T10:35:09+00:00\",\"mainEntityOfPage\":{\"@id\":\"https:\/\/www.confagricoltura.org\/modena\/maculatura-bruna-al-via-le-domande\/\"},\"wordCount\":119,\"image\":{\"@id\":\"https:\/\/www.confagricoltura.org\/modena\/maculatura-bruna-al-via-le-domande\/#primaryimage\"},\"thumbnailUrl\":\"https:\/\/www.confagricoltura.org\/modena\/wp-content\/uploads\/sites\/16\/2021\/12\/maculatura.png\",\"articleSection\":[\"Finanziamenti e bandi\",\"News\",\"Settore frutticolo\"],\"inLanguage\":\"it-IT\"},{\"@type\":\"WebPage\",\"@id\":\"https:\/\/www.confagricoltura.org\/modena\/maculatura-bruna-al-via-le-domande\/\",\"url\":\"https:\/\/www.confagricoltura.org\/modena\/maculatura-bruna-al-via-le-domande\/\",\"name\":\"Maculatura bruna: al via le domande - Confagricoltura Modena\",\"isPartOf\":{\"@id\":\"https:\/\/www.confagricoltura.org\/modena\/#website\"},\"primaryImageOfPage\":{\"@id\":\"https:\/\/www.confagricoltura.org\/modena\/maculatura-bruna-al-via-le-domande\/#primaryimage\"},\"image\":{\"@id\":\"https:\/\/www.confagricoltura.org\/modena\/maculatura-bruna-al-via-le-domande\/#primaryimage\"},\"thumbnailUrl\":\"https:\/\/www.confagricoltura.org\/modena\/wp-content\/uploads\/sites\/16\/2021\/12\/maculatura.png\",\"datePublished\":\"2021-12-02T15:30:29+00:00\",\"dateModified\":\"2022-01-10T10:35:09+00:00\",\"author\":{\"@id\":\"https:\/\/www.confagricoltura.org\/modena\/#\/schema\/person\/2429ddadcc2a128835d1f13863a1956c\"},\"breadcrumb\":{\"@id\":\"https:\/\/www.confagricoltura.org\/modena\/maculatura-bruna-al-via-le-domande\/#breadcrumb\"},\"inLanguage\":\"it-IT\",\"potentialAction\":[{\"@type\":\"ReadAction\",\"target\":[\"https:\/\/www.confagricoltura.org\/modena\/maculatura-bruna-al-via-le-domande\/\"]}]},{\"@type\":\"ImageObject\",\"inLanguage\":\"it-IT\",\"@id\":\"https:\/\/www.confagricoltura.org\/modena\/maculatura-bruna-al-via-le-domande\/#primaryimage\",\"url\":\"https:\/\/www.confagricoltura.org\/modena\/wp-content\/uploads\/sites\/16\/2021\/12\/maculatura.png\",\"contentUrl\":\"https:\/\/www.confagricoltura.org\/modena\/wp-content\/uploads\/sites\/16\/2021\/12\/maculatura.png\",\"width\":750,\"height\":422},{\"@type\":\"BreadcrumbList\",\"@id\":\"https:\/\/www.confagricoltura.org\/modena\/maculatura-bruna-al-via-le-domande\/#breadcrumb\",\"itemListElement\":[{\"@type\":\"ListItem\",\"position\":1,\"name\":\"Home\",\"item\":\"https:\/\/www.confagricoltura.org\/modena\/\"},{\"@type\":\"ListItem\",\"position\":2,\"name\":\"Maculatura bruna: al via le domande\"}]},{\"@type\":\"WebSite\",\"@id\":\"https:\/\/www.confagricoltura.org\/modena\/#website\",\"url\":\"https:\/\/www.confagricoltura.org\/modena\/\",\"name\":\"Confagricoltura Modena\",\"description\":\"Dalla parte degli Agricoltori\",\"potentialAction\":[{\"@type\":\"SearchAction\",\"target\":{\"@type\":\"EntryPoint\",\"urlTemplate\":\"https:\/\/www.confagricoltura.org\/modena\/?s={search_term_string}\"},\"query-input\":{\"@type\":\"PropertyValueSpecification\",\"valueRequired\":true,\"valueName\":\"search_term_string\"}}],\"inLanguage\":\"it-IT\"},{\"@type\":\"Person\",\"@id\":\"https:\/\/www.confagricoltura.org\/modena\/#\/schema\/person\/2429ddadcc2a128835d1f13863a1956c\",\"name\":\"confagricolturamodena\",\"image\":{\"@type\":\"ImageObject\",\"inLanguage\":\"it-IT\",\"@id\":\"https:\/\/www.confagricoltura.org\/modena\/#\/schema\/person\/image\/\",\"url\":\"https:\/\/secure.gravatar.com\/avatar\/438244abb1270ff7bc83d1c1a5221879?s=96&d=mm&r=g\",\"contentUrl\":\"https:\/\/secure.gravatar.com\/avatar\/438244abb1270ff7bc83d1c1a5221879?s=96&d=mm&r=g\",\"caption\":\"confagricolturamodena\"},\"url\":\"https:\/\/www.confagricoltura.org\/modena\/author\/confagricolturamodena\/\"}]}<\/script>\n<!-- \/ Yoast SEO plugin. -->","yoast_head_json":{"title":"Maculatura bruna: al via le domande - Confagricoltura Modena","robots":{"index":"index","follow":"follow","max-snippet":"max-snippet:-1","max-image-preview":"max-image-preview:large","max-video-preview":"max-video-preview:-1"},"canonical":"https:\/\/www.confagricoltura.org\/modena\/maculatura-bruna-al-via-le-domande\/","og_locale":"it_IT","og_type":"article","og_title":"Maculatura bruna: al via le domande - Confagricoltura Modena","og_description":"Per avere diritto al risarcimento \u00e8 necessario dimostrare un calo della PLV totale superiore al 30%","og_url":"https:\/\/www.confagricoltura.org\/modena\/maculatura-bruna-al-via-le-domande\/","og_site_name":"Confagricoltura Modena","article_published_time":"2021-12-02T15:30:29+00:00","article_modified_time":"2022-01-10T10:35:09+00:00","og_image":[{"width":750,"height":422,"url":"https:\/\/www.confagricoltura.org\/modena\/wp-content\/uploads\/sites\/16\/2021\/12\/maculatura.png","type":"image\/png"}],"author":"confagricolturamodena","twitter_card":"summary_large_image","twitter_misc":{"Scritto da":"confagricolturamodena","Tempo di lettura stimato":"1 minuto"},"schema":{"@context":"https:\/\/schema.org","@graph":[{"@type":"Article","@id":"https:\/\/www.confagricoltura.org\/modena\/maculatura-bruna-al-via-le-domande\/#article","isPartOf":{"@id":"https:\/\/www.confagricoltura.org\/modena\/maculatura-bruna-al-via-le-domande\/"},"author":{"name":"confagricolturamodena","@id":"https:\/\/www.confagricoltura.org\/modena\/#\/schema\/person\/2429ddadcc2a128835d1f13863a1956c"},"headline":"Maculatura bruna: al via le domande","datePublished":"2021-12-02T15:30:29+00:00","dateModified":"2022-01-10T10:35:09+00:00","mainEntityOfPage":{"@id":"https:\/\/www.confagricoltura.org\/modena\/maculatura-bruna-al-via-le-domande\/"},"wordCount":119,"image":{"@id":"https:\/\/www.confagricoltura.org\/modena\/maculatura-bruna-al-via-le-domande\/#primaryimage"},"thumbnailUrl":"https:\/\/www.confagricoltura.org\/modena\/wp-content\/uploads\/sites\/16\/2021\/12\/maculatura.png","articleSection":["Finanziamenti e bandi","News","Settore frutticolo"],"inLanguage":"it-IT"},{"@type":"WebPage","@id":"https:\/\/www.confagricoltura.org\/modena\/maculatura-bruna-al-via-le-domande\/","url":"https:\/\/www.confagricoltura.org\/modena\/maculatura-bruna-al-via-le-domande\/","name":"Maculatura bruna: al via le domande - Confagricoltura Modena","isPartOf":{"@id":"https:\/\/www.confagricoltura.org\/modena\/#website"},"primaryImageOfPage":{"@id":"https:\/\/www.confagricoltura.org\/modena\/maculatura-bruna-al-via-le-domande\/#primaryimage"},"image":{"@id":"https:\/\/www.confagricoltura.org\/modena\/maculatura-bruna-al-via-le-domande\/#primaryimage"},"thumbnailUrl":"https:\/\/www.confagricoltura.org\/modena\/wp-content\/uploads\/sites\/16\/2021\/12\/maculatura.png","datePublished":"2021-12-02T15:30:29+00:00","dateModified":"2022-01-10T10:35:09+00:00","author":{"@id":"https:\/\/www.confagricoltura.org\/modena\/#\/schema\/person\/2429ddadcc2a128835d1f13863a1956c"},"breadcrumb":{"@id":"https:\/\/www.confagricoltura.org\/modena\/maculatura-bruna-al-via-le-domande\/#breadcrumb"},"inLanguage":"it-IT","potentialAction":[{"@type":"ReadAction","target":["https:\/\/www.confagricoltura.org\/modena\/maculatura-bruna-al-via-le-domande\/"]}]},{"@type":"ImageObject","inLanguage":"it-IT","@id":"https:\/\/www.confagricoltura.org\/modena\/maculatura-bruna-al-via-le-domande\/#primaryimage","url":"https:\/\/www.confagricoltura.org\/modena\/wp-content\/uploads\/sites\/16\/2021\/12\/maculatura.png","contentUrl":"https:\/\/www.confagricoltura.org\/modena\/wp-content\/uploads\/sites\/16\/2021\/12\/maculatura.png","width":750,"height":422},{"@type":"BreadcrumbList","@id":"https:\/\/www.confagricoltura.org\/modena\/maculatura-bruna-al-via-le-domande\/#breadcrumb","itemListElement":[{"@type":"ListItem","position":1,"name":"Home","item":"https:\/\/www.confagricoltura.org\/modena\/"},{"@type":"ListItem","position":2,"name":"Maculatura bruna: al via le domande"}]},{"@type":"WebSite","@id":"https:\/\/www.confagricoltura.org\/modena\/#website","url":"https:\/\/www.confagricoltura.org\/modena\/","name":"Confagricoltura Modena","description":"Dalla parte degli Agricoltori","potentialAction":[{"@type":"SearchAction","target":{"@type":"EntryPoint","urlTemplate":"https:\/\/www.confagricoltura.org\/modena\/?s={search_term_string}"},"query-input":{"@type":"PropertyValueSpecification","valueRequired":true,"valueName":"search_term_string"}}],"inLanguage":"it-IT"},{"@type":"Person","@id":"https:\/\/www.confagricoltura.org\/modena\/#\/schema\/person\/2429ddadcc2a128835d1f13863a1956c","name":"confagricolturamodena","image":{"@type":"ImageObject","inLanguage":"it-IT","@id":"https:\/\/www.confagricoltura.org\/modena\/#\/schema\/person\/image\/","url":"https:\/\/secure.gravatar.com\/avatar\/438244abb1270ff7bc83d1c1a5221879?s=96&d=mm&r=g","contentUrl":"https:\/\/secure.gravatar.com\/avatar\/438244abb1270ff7bc83d1c1a5221879?s=96&d=mm&r=g","caption":"confagricolturamodena"},"url":"https:\/\/www.confagricoltura.org\/modena\/author\/confagricolturamodena\/"}]}},"_links":{"self":[{"href":"https:\/\/www.confagricoltura.org\/modena\/wp-json\/wp\/v2\/posts\/1409","targetHints":{"allow":["GET"]}}],"collection":[{"href":"https:\/\/www.confagricoltura.org\/modena\/wp-json\/wp\/v2\/posts"}],"about":[{"href":"https:\/\/www.confagricoltura.org\/modena\/wp-json\/wp\/v2\/types\/post"}],"author":[{"embeddable":true,"href":"https:\/\/www.confagricoltura.org\/modena\/wp-json\/wp\/v2\/users\/10"}],"replies":[{"embeddable":true,"href":"https:\/\/www.confagricoltura.org\/modena\/wp-json\/wp\/v2\/comments?post=1409"}],"version-history":[{"count":2,"href":"https:\/\/www.confagricoltura.org\/modena\/wp-json\/wp\/v2\/posts\/1409\/revisions"}],"predecessor-version":[{"id":1412,"href":"https:\/\/www.confagricoltura.org\/modena\/wp-json\/wp\/v2\/posts\/1409\/revisions\/1412"}],"wp:featuredmedia":[{"embeddable":true,"href":"https:\/\/www.confagricoltura.org\/modena\/wp-json\/wp\/v2\/media\/1410"}],"wp:attachment":[{"href":"https:\/\/www.confagricoltura.org\/modena\/wp-json\/wp\/v2\/media?parent=1409"}],"wp:term":[{"taxonomy":"category","embeddable":true,"href":"https:\/\/www.confagricoltura.org\/modena\/wp-json\/wp\/v2\/categories?post=1409"},{"taxonomy":"post_tag","embeddable":true,"href":"https:\/\/www.confagricoltura.org\/modena\/wp-json\/wp\/v2\/tags?post=1409"}],"curies":[{"name":"wp","href":"https:\/\/api.w.org\/{rel}","templated":true}]}}