{"id":1335,"date":"2021-06-18T13:25:49","date_gmt":"2021-06-18T11:25:49","guid":{"rendered":"https:\/\/www.confagricoltura.org\/modena\/?p=1335"},"modified":"2021-12-02T16:09:07","modified_gmt":"2021-12-02T15:09:07","slug":"corradi-riconfermato-alla-guida-di-confagricoltura-modena","status":"publish","type":"post","link":"https:\/\/www.confagricoltura.org\/modena\/corradi-riconfermato-alla-guida-di-confagricoltura-modena\/","title":{"rendered":"Corradi riconfermato alla guida di Confagricoltura Modena"},"content":{"rendered":"\n<p><strong>Gianfranco Corradi<\/strong>, frutticoltore di Cavezzo, \u00e8 stato confermato alla guida di Confagricoltura Modena per il prossimo triennio. Lo ha sancito l\u2019assemblea che si \u00e8 tenuta stamattina che ha anche approvato il bilancio consuntivo 2020 e preventivo 2021 dell\u2019organizzazione.<\/p>\n\n\n\n<p>Assieme a Corradi &nbsp;sono stati eletti il presidente del collegio dei&nbsp; revisori dei conti, <strong>Luca Altomonte<\/strong>, e il presidente del collegio dei probiviri <strong>Walter Schiassi.<\/strong><\/p>\n\n\n\n<p>Faranno parte della nuova Giunta Esecutiva anche i delegati di zona eletti nei giorni scorsi<strong> Enrico Paradisi<\/strong> (Carpi), <strong>Carlo Famigli Bergamini<\/strong> (Castelfranco Emilia), <strong>Claudio Scaltriti<\/strong> (Vignola) <strong>No\u00e8 Mesini<\/strong> (Pavullo), <strong>Marco Barbieri<\/strong> (Sassuolo), <strong>Diana Bortoli<\/strong> (Mirandola), <strong>Giuseppe Bellini<\/strong> (Finale Emilia), <strong>Gian Pietro Cardinali<\/strong> (San Felice s\/P) e <strong>Francesco Schiavi<\/strong> (Modena), che si sommeranno ai presidenti delle sezioni di prodotto e dei sindacati di categoria in fase di rinnovo entro il mese in corso.<\/p>\n\n\n\n<p>\u201cE\u2019 stato un anno difficile sotto tutti i punti di vista \u2013 afferma Corradi \u2013 sia per gli imprenditori agricoli che per la nostra organizzazione. Le conseguenze economiche dovute alle gelate, alla cimice asiatica ed pandemia hanno messo in ginocchio il nostro settore, ma la nostra organizzazione ha saputo affrontare le difficolt\u00e0 mettendo in campo nuovi servizi per gli associati.\u201d<\/p>\n\n\n\n<p>Per Confagricoltura Modena la priorit\u00e0 \u00e8 continuare a fornire alla societ\u00e0 cibo sicuro, di qualit\u00e0 e in quantit\u00e0 adeguate e la nuova PAC dovr\u00e0 continuare a sostenere questo processo economico.<\/p>\n\n\n\n<p>Le imprese sono di fronte a nuove sfide che vanno dalla innovazione, alla salvaguardia dei livelli di produzione e alla sostenibilit\u00e0 ambientale \u2013 sottolinea Confagricoltura &#8211; non servono, per\u00f2, nuovi e complessi adempimenti burocratici, mentre invece \u00e8 fondamentale un\u2019efficace tutela dei redditi, perch\u00e9 gli imprenditori agricoli sono essenziali per la salvaguardia economica delle aree rurali.<\/p>\n\n\n\n<p>Anche <strong>Giovanna Parmigiani,<\/strong> membro di Giunta di Confagricoltura Nazionale che ha portato all\u2019assemblea il saluto del presidente <strong>Massimiliano Giansanti<\/strong>, ha sottolineato come la nuova Politica Agricola Comune debba fornire alle imprese pi\u00f9 opportunit\u00e0 e meno vincoli in termini burocratici e normativi.<\/p>\n\n\n\n<p>\u201cIl prossimo triennio ci vedr\u00e0 anche protagonisti nella riorganizzazione della nostra struttura \u2013 conclude <strong>Corradi<\/strong> &#8211; per renderla sempre pi\u00f9 performante per rispondere alle nuove esigenze delle imprese agricole, sia in termini di digitalizzazione che di nuovi servizi offerti\u201d.<\/p>\n","protected":false},"excerpt":{"rendered":"<p>Il frutticoltore di Cavezzo alla guida dell\u2019associazione agricola per il prossimo triennio<\/p>\n","protected":false},"author":10,"featured_media":1336,"comment_status":"closed","ping_status":"closed","sticky":false,"template":"","format":"standard","meta":{"wp_mapbox_gl_js_media":[],"footnotes":""},"categories":[21,4],"tags":[],"class_list":["post-1335","post","type-post","status-publish","format-standard","has-post-thumbnail","hentry","category-eventi","category-news"],"yoast_head":"<!-- This site is optimized with the Yoast SEO plugin v26.8 - https:\/\/yoast.com\/product\/yoast-seo-wordpress\/ -->\n<title>Corradi riconfermato alla guida di Confagricoltura Modena - Confagricoltura Modena<\/title>\n<meta name=\"robots\" content=\"index, follow, max-snippet:-1, max-image-preview:large, max-video-preview:-1\" \/>\n<link rel=\"canonical\" href=\"https:\/\/www.confagricoltura.org\/modena\/corradi-riconfermato-alla-guida-di-confagricoltura-modena\/\" \/>\n<meta property=\"og:locale\" content=\"it_IT\" \/>\n<meta property=\"og:type\" content=\"article\" \/>\n<meta property=\"og:title\" content=\"Corradi riconfermato alla guida di Confagricoltura Modena - Confagricoltura Modena\" \/>\n<meta property=\"og:description\" content=\"Il frutticoltore di Cavezzo alla guida dell\u2019associazione agricola per il prossimo triennio\" \/>\n<meta property=\"og:url\" content=\"https:\/\/www.confagricoltura.org\/modena\/corradi-riconfermato-alla-guida-di-confagricoltura-modena\/\" \/>\n<meta property=\"og:site_name\" content=\"Confagricoltura Modena\" \/>\n<meta property=\"article:published_time\" content=\"2021-06-18T11:25:49+00:00\" \/>\n<meta property=\"article:modified_time\" content=\"2021-12-02T15:09:07+00:00\" \/>\n<meta property=\"og:image\" content=\"https:\/\/www.confagricoltura.org\/modena\/wp-content\/uploads\/sites\/16\/2021\/06\/Corradi_gianfranco-e1624015504761.jpg\" \/>\n\t<meta property=\"og:image:width\" content=\"723\" \/>\n\t<meta property=\"og:image:height\" content=\"723\" \/>\n\t<meta property=\"og:image:type\" content=\"image\/jpeg\" \/>\n<meta name=\"author\" content=\"confagricolturamodena\" \/>\n<meta name=\"twitter:card\" content=\"summary_large_image\" \/>\n<meta name=\"twitter:label1\" content=\"Scritto da\" \/>\n\t<meta name=\"twitter:data1\" content=\"confagricolturamodena\" \/>\n\t<meta name=\"twitter:label2\" content=\"Tempo di lettura stimato\" \/>\n\t<meta name=\"twitter:data2\" content=\"2 minuti\" \/>\n<script type=\"application\/ld+json\" class=\"yoast-schema-graph\">{\"@context\":\"https:\/\/schema.org\",\"@graph\":[{\"@type\":\"Article\",\"@id\":\"https:\/\/www.confagricoltura.org\/modena\/corradi-riconfermato-alla-guida-di-confagricoltura-modena\/#article\",\"isPartOf\":{\"@id\":\"https:\/\/www.confagricoltura.org\/modena\/corradi-riconfermato-alla-guida-di-confagricoltura-modena\/\"},\"author\":{\"name\":\"confagricolturamodena\",\"@id\":\"https:\/\/www.confagricoltura.org\/modena\/#\/schema\/person\/2429ddadcc2a128835d1f13863a1956c\"},\"headline\":\"Corradi riconfermato alla guida di Confagricoltura Modena\",\"datePublished\":\"2021-06-18T11:25:49+00:00\",\"dateModified\":\"2021-12-02T15:09:07+00:00\",\"mainEntityOfPage\":{\"@id\":\"https:\/\/www.confagricoltura.org\/modena\/corradi-riconfermato-alla-guida-di-confagricoltura-modena\/\"},\"wordCount\":364,\"image\":{\"@id\":\"https:\/\/www.confagricoltura.org\/modena\/corradi-riconfermato-alla-guida-di-confagricoltura-modena\/#primaryimage\"},\"thumbnailUrl\":\"https:\/\/www.confagricoltura.org\/modena\/wp-content\/uploads\/sites\/16\/2021\/06\/Corradi_gianfranco-e1624015504761.jpg\",\"articleSection\":[\"Eventi\",\"News\"],\"inLanguage\":\"it-IT\"},{\"@type\":\"WebPage\",\"@id\":\"https:\/\/www.confagricoltura.org\/modena\/corradi-riconfermato-alla-guida-di-confagricoltura-modena\/\",\"url\":\"https:\/\/www.confagricoltura.org\/modena\/corradi-riconfermato-alla-guida-di-confagricoltura-modena\/\",\"name\":\"Corradi riconfermato alla guida di Confagricoltura Modena - Confagricoltura Modena\",\"isPartOf\":{\"@id\":\"https:\/\/www.confagricoltura.org\/modena\/#website\"},\"primaryImageOfPage\":{\"@id\":\"https:\/\/www.confagricoltura.org\/modena\/corradi-riconfermato-alla-guida-di-confagricoltura-modena\/#primaryimage\"},\"image\":{\"@id\":\"https:\/\/www.confagricoltura.org\/modena\/corradi-riconfermato-alla-guida-di-confagricoltura-modena\/#primaryimage\"},\"thumbnailUrl\":\"https:\/\/www.confagricoltura.org\/modena\/wp-content\/uploads\/sites\/16\/2021\/06\/Corradi_gianfranco-e1624015504761.jpg\",\"datePublished\":\"2021-06-18T11:25:49+00:00\",\"dateModified\":\"2021-12-02T15:09:07+00:00\",\"author\":{\"@id\":\"https:\/\/www.confagricoltura.org\/modena\/#\/schema\/person\/2429ddadcc2a128835d1f13863a1956c\"},\"breadcrumb\":{\"@id\":\"https:\/\/www.confagricoltura.org\/modena\/corradi-riconfermato-alla-guida-di-confagricoltura-modena\/#breadcrumb\"},\"inLanguage\":\"it-IT\",\"potentialAction\":[{\"@type\":\"ReadAction\",\"target\":[\"https:\/\/www.confagricoltura.org\/modena\/corradi-riconfermato-alla-guida-di-confagricoltura-modena\/\"]}]},{\"@type\":\"ImageObject\",\"inLanguage\":\"it-IT\",\"@id\":\"https:\/\/www.confagricoltura.org\/modena\/corradi-riconfermato-alla-guida-di-confagricoltura-modena\/#primaryimage\",\"url\":\"https:\/\/www.confagricoltura.org\/modena\/wp-content\/uploads\/sites\/16\/2021\/06\/Corradi_gianfranco-e1624015504761.jpg\",\"contentUrl\":\"https:\/\/www.confagricoltura.org\/modena\/wp-content\/uploads\/sites\/16\/2021\/06\/Corradi_gianfranco-e1624015504761.jpg\",\"width\":723,\"height\":723},{\"@type\":\"BreadcrumbList\",\"@id\":\"https:\/\/www.confagricoltura.org\/modena\/corradi-riconfermato-alla-guida-di-confagricoltura-modena\/#breadcrumb\",\"itemListElement\":[{\"@type\":\"ListItem\",\"position\":1,\"name\":\"Home\",\"item\":\"https:\/\/www.confagricoltura.org\/modena\/\"},{\"@type\":\"ListItem\",\"position\":2,\"name\":\"Corradi riconfermato alla guida di Confagricoltura Modena\"}]},{\"@type\":\"WebSite\",\"@id\":\"https:\/\/www.confagricoltura.org\/modena\/#website\",\"url\":\"https:\/\/www.confagricoltura.org\/modena\/\",\"name\":\"Confagricoltura Modena\",\"description\":\"Dalla parte degli Agricoltori\",\"potentialAction\":[{\"@type\":\"SearchAction\",\"target\":{\"@type\":\"EntryPoint\",\"urlTemplate\":\"https:\/\/www.confagricoltura.org\/modena\/?s={search_term_string}\"},\"query-input\":{\"@type\":\"PropertyValueSpecification\",\"valueRequired\":true,\"valueName\":\"search_term_string\"}}],\"inLanguage\":\"it-IT\"},{\"@type\":\"Person\",\"@id\":\"https:\/\/www.confagricoltura.org\/modena\/#\/schema\/person\/2429ddadcc2a128835d1f13863a1956c\",\"name\":\"confagricolturamodena\",\"image\":{\"@type\":\"ImageObject\",\"inLanguage\":\"it-IT\",\"@id\":\"https:\/\/www.confagricoltura.org\/modena\/#\/schema\/person\/image\/\",\"url\":\"https:\/\/secure.gravatar.com\/avatar\/438244abb1270ff7bc83d1c1a5221879?s=96&d=mm&r=g\",\"contentUrl\":\"https:\/\/secure.gravatar.com\/avatar\/438244abb1270ff7bc83d1c1a5221879?s=96&d=mm&r=g\",\"caption\":\"confagricolturamodena\"},\"url\":\"https:\/\/www.confagricoltura.org\/modena\/author\/confagricolturamodena\/\"}]}<\/script>\n<!-- \/ Yoast SEO plugin. -->","yoast_head_json":{"title":"Corradi riconfermato alla guida di Confagricoltura Modena - Confagricoltura Modena","robots":{"index":"index","follow":"follow","max-snippet":"max-snippet:-1","max-image-preview":"max-image-preview:large","max-video-preview":"max-video-preview:-1"},"canonical":"https:\/\/www.confagricoltura.org\/modena\/corradi-riconfermato-alla-guida-di-confagricoltura-modena\/","og_locale":"it_IT","og_type":"article","og_title":"Corradi riconfermato alla guida di Confagricoltura Modena - Confagricoltura Modena","og_description":"Il frutticoltore di Cavezzo alla guida dell\u2019associazione agricola per il prossimo triennio","og_url":"https:\/\/www.confagricoltura.org\/modena\/corradi-riconfermato-alla-guida-di-confagricoltura-modena\/","og_site_name":"Confagricoltura Modena","article_published_time":"2021-06-18T11:25:49+00:00","article_modified_time":"2021-12-02T15:09:07+00:00","og_image":[{"width":723,"height":723,"url":"https:\/\/www.confagricoltura.org\/modena\/wp-content\/uploads\/sites\/16\/2021\/06\/Corradi_gianfranco-e1624015504761.jpg","type":"image\/jpeg"}],"author":"confagricolturamodena","twitter_card":"summary_large_image","twitter_misc":{"Scritto da":"confagricolturamodena","Tempo di lettura stimato":"2 minuti"},"schema":{"@context":"https:\/\/schema.org","@graph":[{"@type":"Article","@id":"https:\/\/www.confagricoltura.org\/modena\/corradi-riconfermato-alla-guida-di-confagricoltura-modena\/#article","isPartOf":{"@id":"https:\/\/www.confagricoltura.org\/modena\/corradi-riconfermato-alla-guida-di-confagricoltura-modena\/"},"author":{"name":"confagricolturamodena","@id":"https:\/\/www.confagricoltura.org\/modena\/#\/schema\/person\/2429ddadcc2a128835d1f13863a1956c"},"headline":"Corradi riconfermato alla guida di Confagricoltura Modena","datePublished":"2021-06-18T11:25:49+00:00","dateModified":"2021-12-02T15:09:07+00:00","mainEntityOfPage":{"@id":"https:\/\/www.confagricoltura.org\/modena\/corradi-riconfermato-alla-guida-di-confagricoltura-modena\/"},"wordCount":364,"image":{"@id":"https:\/\/www.confagricoltura.org\/modena\/corradi-riconfermato-alla-guida-di-confagricoltura-modena\/#primaryimage"},"thumbnailUrl":"https:\/\/www.confagricoltura.org\/modena\/wp-content\/uploads\/sites\/16\/2021\/06\/Corradi_gianfranco-e1624015504761.jpg","articleSection":["Eventi","News"],"inLanguage":"it-IT"},{"@type":"WebPage","@id":"https:\/\/www.confagricoltura.org\/modena\/corradi-riconfermato-alla-guida-di-confagricoltura-modena\/","url":"https:\/\/www.confagricoltura.org\/modena\/corradi-riconfermato-alla-guida-di-confagricoltura-modena\/","name":"Corradi riconfermato alla guida di Confagricoltura Modena - Confagricoltura Modena","isPartOf":{"@id":"https:\/\/www.confagricoltura.org\/modena\/#website"},"primaryImageOfPage":{"@id":"https:\/\/www.confagricoltura.org\/modena\/corradi-riconfermato-alla-guida-di-confagricoltura-modena\/#primaryimage"},"image":{"@id":"https:\/\/www.confagricoltura.org\/modena\/corradi-riconfermato-alla-guida-di-confagricoltura-modena\/#primaryimage"},"thumbnailUrl":"https:\/\/www.confagricoltura.org\/modena\/wp-content\/uploads\/sites\/16\/2021\/06\/Corradi_gianfranco-e1624015504761.jpg","datePublished":"2021-06-18T11:25:49+00:00","dateModified":"2021-12-02T15:09:07+00:00","author":{"@id":"https:\/\/www.confagricoltura.org\/modena\/#\/schema\/person\/2429ddadcc2a128835d1f13863a1956c"},"breadcrumb":{"@id":"https:\/\/www.confagricoltura.org\/modena\/corradi-riconfermato-alla-guida-di-confagricoltura-modena\/#breadcrumb"},"inLanguage":"it-IT","potentialAction":[{"@type":"ReadAction","target":["https:\/\/www.confagricoltura.org\/modena\/corradi-riconfermato-alla-guida-di-confagricoltura-modena\/"]}]},{"@type":"ImageObject","inLanguage":"it-IT","@id":"https:\/\/www.confagricoltura.org\/modena\/corradi-riconfermato-alla-guida-di-confagricoltura-modena\/#primaryimage","url":"https:\/\/www.confagricoltura.org\/modena\/wp-content\/uploads\/sites\/16\/2021\/06\/Corradi_gianfranco-e1624015504761.jpg","contentUrl":"https:\/\/www.confagricoltura.org\/modena\/wp-content\/uploads\/sites\/16\/2021\/06\/Corradi_gianfranco-e1624015504761.jpg","width":723,"height":723},{"@type":"BreadcrumbList","@id":"https:\/\/www.confagricoltura.org\/modena\/corradi-riconfermato-alla-guida-di-confagricoltura-modena\/#breadcrumb","itemListElement":[{"@type":"ListItem","position":1,"name":"Home","item":"https:\/\/www.confagricoltura.org\/modena\/"},{"@type":"ListItem","position":2,"name":"Corradi riconfermato alla guida di Confagricoltura Modena"}]},{"@type":"WebSite","@id":"https:\/\/www.confagricoltura.org\/modena\/#website","url":"https:\/\/www.confagricoltura.org\/modena\/","name":"Confagricoltura Modena","description":"Dalla parte degli Agricoltori","potentialAction":[{"@type":"SearchAction","target":{"@type":"EntryPoint","urlTemplate":"https:\/\/www.confagricoltura.org\/modena\/?s={search_term_string}"},"query-input":{"@type":"PropertyValueSpecification","valueRequired":true,"valueName":"search_term_string"}}],"inLanguage":"it-IT"},{"@type":"Person","@id":"https:\/\/www.confagricoltura.org\/modena\/#\/schema\/person\/2429ddadcc2a128835d1f13863a1956c","name":"confagricolturamodena","image":{"@type":"ImageObject","inLanguage":"it-IT","@id":"https:\/\/www.confagricoltura.org\/modena\/#\/schema\/person\/image\/","url":"https:\/\/secure.gravatar.com\/avatar\/438244abb1270ff7bc83d1c1a5221879?s=96&d=mm&r=g","contentUrl":"https:\/\/secure.gravatar.com\/avatar\/438244abb1270ff7bc83d1c1a5221879?s=96&d=mm&r=g","caption":"confagricolturamodena"},"url":"https:\/\/www.confagricoltura.org\/modena\/author\/confagricolturamodena\/"}]}},"_links":{"self":[{"href":"https:\/\/www.confagricoltura.org\/modena\/wp-json\/wp\/v2\/posts\/1335","targetHints":{"allow":["GET"]}}],"collection":[{"href":"https:\/\/www.confagricoltura.org\/modena\/wp-json\/wp\/v2\/posts"}],"about":[{"href":"https:\/\/www.confagricoltura.org\/modena\/wp-json\/wp\/v2\/types\/post"}],"author":[{"embeddable":true,"href":"https:\/\/www.confagricoltura.org\/modena\/wp-json\/wp\/v2\/users\/10"}],"replies":[{"embeddable":true,"href":"https:\/\/www.confagricoltura.org\/modena\/wp-json\/wp\/v2\/comments?post=1335"}],"version-history":[{"count":1,"href":"https:\/\/www.confagricoltura.org\/modena\/wp-json\/wp\/v2\/posts\/1335\/revisions"}],"predecessor-version":[{"id":1337,"href":"https:\/\/www.confagricoltura.org\/modena\/wp-json\/wp\/v2\/posts\/1335\/revisions\/1337"}],"wp:featuredmedia":[{"embeddable":true,"href":"https:\/\/www.confagricoltura.org\/modena\/wp-json\/wp\/v2\/media\/1336"}],"wp:attachment":[{"href":"https:\/\/www.confagricoltura.org\/modena\/wp-json\/wp\/v2\/media?parent=1335"}],"wp:term":[{"taxonomy":"category","embeddable":true,"href":"https:\/\/www.confagricoltura.org\/modena\/wp-json\/wp\/v2\/categories?post=1335"},{"taxonomy":"post_tag","embeddable":true,"href":"https:\/\/www.confagricoltura.org\/modena\/wp-json\/wp\/v2\/tags?post=1335"}],"curies":[{"name":"wp","href":"https:\/\/api.w.org\/{rel}","templated":true}]}}