{"id":1751,"date":"2023-10-04T08:35:41","date_gmt":"2023-10-04T06:35:41","guid":{"rendered":"https:\/\/www.confagricoltura.org\/ferrara\/?p=1751"},"modified":"2024-10-03T08:55:32","modified_gmt":"2024-10-03T06:55:32","slug":"foodscience-festival-lab-ferrara","status":"publish","type":"post","link":"https:\/\/www.confagricoltura.org\/ferrara\/foodscience-festival-lab-ferrara\/","title":{"rendered":"FOOD&amp;SCIENCE FESTIVAL &#8211; LAB FERRARA"},"content":{"rendered":"<p>Scienza ed innovazione al servizio di un futuro sostenibile.<\/p>\n<p>L\u2019iniziativa, organizzata da Confagricoltura e ospitata nella cornice di Palazzo della Racchetta (via Vaspergolo 4\/6), sar\u00e0 caratterizzata da numerosi convegni che si susseguiranno durante la giornata. Al centro genetica e cambiamenti climatici, ma anche emergenza idrica, utilizzo della chimica in agricoltura e corretta gestione del suolo. Tra gli obiettivi quello di far comprendere l\u2019importanza di alcuni prodotti utilizzati in ambito agricolo, spiegato in maniera pi\u00f9 semplice si tratta delle \u2018medicine\u2019 indispensabili per la cura e il benessere delle piante, proprio come accade anche per gli esseri umani.<\/p>\n<p>\u201cTengo molto a questo evento e alle interessanti tematiche che tratteremo \u2013 racconta il presidente di Confagricoltura Ferrara Francesco Manca \u2013. Riuscire a portare il Food&amp;Science qui, \u00e8 una sfida ma anche una soddisfazione. Vogliamo lanciare un messaggio molto chiaro: solo un\u2019alleanza e un\u2019apertura forte verso scienza e tecnologia potranno garantire un futuro all\u2019agricoltura italiana, e quindi un cibo sano e sicuro alla popolazione. Dobbiamo avere la libert\u00e0 di innovare e per farlo dobbiamo fidarci delle ricerche a nostra disposizione, comunicandole a un pubblico pi\u00f9 ampio. Vogliamo fare una comunicazione corretta del nostro settore, colmando la lacuna fra l\u2019agricoltura reale, che conosciamo noi tutti produttori, e quella veicolata dai racconti distorti che purtroppo vengono trasmessi al consumatore\u201d.<\/p>\n<p>Soddisfazione anche dall\u2019amministrazione comunale che patrociner\u00e0 l\u2019evento: \u201cPer il Comune \u00e8 una grande soddisfazione patrocinare questa iniziativa \u2013 sottolinea l\u2019assessore Matteo Fornasini \u2013. Dobbiamo rilanciare un comparto fondamentale per il nostro territorio, che in questi anni ha dovuto affrontare diverse difficolt\u00e0. Realizzare un\u2019intera giornata di convegni per puntare l\u2019attenzione sul tema agricolo \u00e8 un\u2019iniziativa che va sostenuta con forza, ed \u00e8 un\u2019idea vincente per fare sistema e dare ulteriore benessere e sviluppo al settore\u201d.<\/p>\n<p>Il taglio del nastro, alla presenza del sindaco di Ferrara e della rettrice dell\u2019universit\u00e0, \u00e8 previsto per le 10, e dar\u00e0 il via al primo convegno incentrato su modello agroalimentare e sulle politiche a favore dell\u2019innovazione e della scienza nel nostro Paese.<\/p>\n<p>Alle 15 il secondo appuntamento, per parlare di programmi agronomici e ambientali mettendo in luce l\u2019importanza della gestione dell\u2019acqua, che in agricoltura rappresenta un ambito strategico per garantire sostenibilit\u00e0 e competitivit\u00e0.<\/p>\n<p>Alle 16.15 si concentrer\u00e0 l\u2019attenzione sul tema del cambiamento climatico e dei suoi effetti mentre alle 17.30 sar\u00e0 il momento del grande quizzone dal titolo \u201cQuanta paura abbiamo della chimica?\u201d. Un evento interattivo con lo scopo di rappresentare correttamente la filiera agroalimentare, la sicurezza e salubrit\u00e0 dei prodotti agricoli italiani e dei danni che un\u2019informazione non corretta pu\u00f2 provocare. A curare quest\u2019ultimo percorso il chimico, divulgatore scientifico e autore del noto programma Rai \u2018Superquark\u2019 Ruggero Rollini.<\/p>\n<p>&nbsp;<\/p>\n<p>Gli appuntamenti sono a ingresso libero<\/p>\n<p>&nbsp;<\/p>\n<p><a href=\"https:\/\/www.foodsciencefestival.it\/it\/news\/articolo\/il-foodscience-festival-fa-tappa-a-ferrara\/?fbclid=IwAR0jAm3Pd1ziul2Mn4hB_K6ZvRP9zzntxs74Mar75qWiEty4gfkOHhlRFLw\" target=\"_blank\" rel=\"noopener\">https:\/\/www.foodsciencefestival.it\/it\/news\/articolo\/il-foodscience-festival-fa-tappa-a-ferrara\/?fbclid=IwAR0jAm3Pd1ziul2Mn4hB_K6ZvRP9zzntxs74Mar75qWiEty4gfkOHhlRFLw<\/a><\/p>\n<p>&nbsp;<\/p>\n<p>&nbsp;<\/p>\n","protected":false},"excerpt":{"rendered":"<p>Scienza ed innovazione al servizio di un futuro sostenibile. L\u2019iniziativa, organizzata da Confagricoltura e ospitata nella cornice di Palazzo della Racchetta (via Vaspergolo 4\/6), sar\u00e0 caratterizzata da numerosi convegni che si susseguiranno durante la giornata. Al centro genetica e cambiamenti climatici, ma anche emergenza idrica, utilizzo della chimica in agricoltura e corretta gestione del suolo.<\/p>\n","protected":false},"author":12,"featured_media":1752,"comment_status":"closed","ping_status":"closed","sticky":false,"template":"","format":"standard","meta":{"wp_mapbox_gl_js_media":[],"footnotes":""},"categories":[25,4],"tags":[165,164,163,167,166],"class_list":["post-1751","post","type-post","status-publish","format-standard","has-post-thumbnail","hentry","category-attualita","category-notizie","tag-acqua","tag-chimica","tag-foodscience","tag-genetica","tag-suolo"],"yoast_head":"<!-- This site is optimized with the Yoast SEO plugin v26.8 - https:\/\/yoast.com\/product\/yoast-seo-wordpress\/ -->\n<title>FOOD&amp;SCIENCE FESTIVAL - LAB FERRARA - Confagricoltura Ferrara<\/title>\n<meta name=\"description\" content=\"Una giornata di convegni dedicata all&#039;approfondimento di temi centrali come la genetica in agricoltura, il cambiamento climatico, il corretto utilizzo di acqua e gestione del suolo.\" \/>\n<meta name=\"robots\" content=\"index, follow, max-snippet:-1, max-image-preview:large, max-video-preview:-1\" \/>\n<link rel=\"canonical\" href=\"https:\/\/www.confagricoltura.org\/ferrara\/foodscience-festival-lab-ferrara\/\" \/>\n<meta property=\"og:locale\" content=\"it_IT\" \/>\n<meta property=\"og:type\" content=\"article\" \/>\n<meta property=\"og:title\" content=\"FOOD&amp;SCIENCE FESTIVAL - LAB FERRARA - Confagricoltura Ferrara\" \/>\n<meta property=\"og:description\" content=\"Una giornata di convegni dedicata all&#039;approfondimento di temi centrali come la genetica in agricoltura, il cambiamento climatico, il corretto utilizzo di acqua e gestione del suolo.\" \/>\n<meta property=\"og:url\" content=\"https:\/\/www.confagricoltura.org\/ferrara\/foodscience-festival-lab-ferrara\/\" \/>\n<meta property=\"og:site_name\" content=\"Confagricoltura Ferrara\" \/>\n<meta property=\"article:published_time\" content=\"2023-10-04T06:35:41+00:00\" \/>\n<meta property=\"article:modified_time\" content=\"2024-10-03T06:55:32+00:00\" \/>\n<meta property=\"og:image\" content=\"https:\/\/www.confagricoltura.org\/ferrara\/wp-content\/uploads\/sites\/19\/2023\/10\/LOCANDINA.jpg\" \/>\n\t<meta property=\"og:image:width\" content=\"723\" \/>\n\t<meta property=\"og:image:height\" content=\"723\" \/>\n\t<meta property=\"og:image:type\" content=\"image\/jpeg\" \/>\n<meta name=\"author\" content=\"confagricolturaferrara\" \/>\n<meta name=\"twitter:card\" content=\"summary_large_image\" \/>\n<meta name=\"twitter:label1\" content=\"Scritto da\" \/>\n\t<meta name=\"twitter:data1\" content=\"confagricolturaferrara\" \/>\n\t<meta name=\"twitter:label2\" content=\"Tempo di lettura stimato\" \/>\n\t<meta name=\"twitter:data2\" content=\"2 minuti\" \/>\n<script type=\"application\/ld+json\" class=\"yoast-schema-graph\">{\"@context\":\"https:\/\/schema.org\",\"@graph\":[{\"@type\":\"Article\",\"@id\":\"https:\/\/www.confagricoltura.org\/ferrara\/foodscience-festival-lab-ferrara\/#article\",\"isPartOf\":{\"@id\":\"https:\/\/www.confagricoltura.org\/ferrara\/foodscience-festival-lab-ferrara\/\"},\"author\":{\"name\":\"confagricolturaferrara\",\"@id\":\"https:\/\/www.confagricoltura.org\/ferrara\/#\/schema\/person\/d9cf2f38512b27bfe8eb948b173481c3\"},\"headline\":\"FOOD&amp;SCIENCE FESTIVAL &#8211; LAB FERRARA\",\"datePublished\":\"2023-10-04T06:35:41+00:00\",\"dateModified\":\"2024-10-03T06:55:32+00:00\",\"mainEntityOfPage\":{\"@id\":\"https:\/\/www.confagricoltura.org\/ferrara\/foodscience-festival-lab-ferrara\/\"},\"wordCount\":482,\"image\":{\"@id\":\"https:\/\/www.confagricoltura.org\/ferrara\/foodscience-festival-lab-ferrara\/#primaryimage\"},\"thumbnailUrl\":\"https:\/\/www.confagricoltura.org\/ferrara\/wp-content\/uploads\/sites\/19\/2023\/10\/LOCANDINA.jpg\",\"keywords\":[\"ACQUA\",\"CHIMICA\",\"FOOD&amp;SCIENCE\",\"GENETICA\",\"SUOLO\"],\"articleSection\":[\"Attualit\u00e0\",\"Notizie\"],\"inLanguage\":\"it-IT\"},{\"@type\":\"WebPage\",\"@id\":\"https:\/\/www.confagricoltura.org\/ferrara\/foodscience-festival-lab-ferrara\/\",\"url\":\"https:\/\/www.confagricoltura.org\/ferrara\/foodscience-festival-lab-ferrara\/\",\"name\":\"FOOD&amp;SCIENCE FESTIVAL - LAB FERRARA - Confagricoltura Ferrara\",\"isPartOf\":{\"@id\":\"https:\/\/www.confagricoltura.org\/ferrara\/#website\"},\"primaryImageOfPage\":{\"@id\":\"https:\/\/www.confagricoltura.org\/ferrara\/foodscience-festival-lab-ferrara\/#primaryimage\"},\"image\":{\"@id\":\"https:\/\/www.confagricoltura.org\/ferrara\/foodscience-festival-lab-ferrara\/#primaryimage\"},\"thumbnailUrl\":\"https:\/\/www.confagricoltura.org\/ferrara\/wp-content\/uploads\/sites\/19\/2023\/10\/LOCANDINA.jpg\",\"datePublished\":\"2023-10-04T06:35:41+00:00\",\"dateModified\":\"2024-10-03T06:55:32+00:00\",\"author\":{\"@id\":\"https:\/\/www.confagricoltura.org\/ferrara\/#\/schema\/person\/d9cf2f38512b27bfe8eb948b173481c3\"},\"description\":\"Una giornata di convegni dedicata all'approfondimento di temi centrali come la genetica in agricoltura, il cambiamento climatico, il corretto utilizzo di acqua e gestione del suolo.\",\"breadcrumb\":{\"@id\":\"https:\/\/www.confagricoltura.org\/ferrara\/foodscience-festival-lab-ferrara\/#breadcrumb\"},\"inLanguage\":\"it-IT\",\"potentialAction\":[{\"@type\":\"ReadAction\",\"target\":[\"https:\/\/www.confagricoltura.org\/ferrara\/foodscience-festival-lab-ferrara\/\"]}]},{\"@type\":\"ImageObject\",\"inLanguage\":\"it-IT\",\"@id\":\"https:\/\/www.confagricoltura.org\/ferrara\/foodscience-festival-lab-ferrara\/#primaryimage\",\"url\":\"https:\/\/www.confagricoltura.org\/ferrara\/wp-content\/uploads\/sites\/19\/2023\/10\/LOCANDINA.jpg\",\"contentUrl\":\"https:\/\/www.confagricoltura.org\/ferrara\/wp-content\/uploads\/sites\/19\/2023\/10\/LOCANDINA.jpg\",\"width\":723,\"height\":723},{\"@type\":\"BreadcrumbList\",\"@id\":\"https:\/\/www.confagricoltura.org\/ferrara\/foodscience-festival-lab-ferrara\/#breadcrumb\",\"itemListElement\":[{\"@type\":\"ListItem\",\"position\":1,\"name\":\"Home\",\"item\":\"https:\/\/www.confagricoltura.org\/ferrara\/\"},{\"@type\":\"ListItem\",\"position\":2,\"name\":\"FOOD&amp;SCIENCE FESTIVAL &#8211; LAB FERRARA\"}]},{\"@type\":\"WebSite\",\"@id\":\"https:\/\/www.confagricoltura.org\/ferrara\/#website\",\"url\":\"https:\/\/www.confagricoltura.org\/ferrara\/\",\"name\":\"Confagricoltura Ferrara\",\"description\":\"Dalla parte degli Agricoltori\",\"potentialAction\":[{\"@type\":\"SearchAction\",\"target\":{\"@type\":\"EntryPoint\",\"urlTemplate\":\"https:\/\/www.confagricoltura.org\/ferrara\/?s={search_term_string}\"},\"query-input\":{\"@type\":\"PropertyValueSpecification\",\"valueRequired\":true,\"valueName\":\"search_term_string\"}}],\"inLanguage\":\"it-IT\"},{\"@type\":\"Person\",\"@id\":\"https:\/\/www.confagricoltura.org\/ferrara\/#\/schema\/person\/d9cf2f38512b27bfe8eb948b173481c3\",\"name\":\"confagricolturaferrara\",\"image\":{\"@type\":\"ImageObject\",\"inLanguage\":\"it-IT\",\"@id\":\"https:\/\/www.confagricoltura.org\/ferrara\/#\/schema\/person\/image\/\",\"url\":\"https:\/\/secure.gravatar.com\/avatar\/0e20b6410f6d59fd01d4e94386070a26?s=96&d=mm&r=g\",\"contentUrl\":\"https:\/\/secure.gravatar.com\/avatar\/0e20b6410f6d59fd01d4e94386070a26?s=96&d=mm&r=g\",\"caption\":\"confagricolturaferrara\"},\"url\":\"https:\/\/www.confagricoltura.org\/ferrara\/author\/confagricolturaferrara\/\"}]}<\/script>\n<!-- \/ Yoast SEO plugin. -->","yoast_head_json":{"title":"FOOD&amp;SCIENCE FESTIVAL - LAB FERRARA - Confagricoltura Ferrara","description":"Una giornata di convegni dedicata all'approfondimento di temi centrali come la genetica in agricoltura, il cambiamento climatico, il corretto utilizzo di acqua e gestione del suolo.","robots":{"index":"index","follow":"follow","max-snippet":"max-snippet:-1","max-image-preview":"max-image-preview:large","max-video-preview":"max-video-preview:-1"},"canonical":"https:\/\/www.confagricoltura.org\/ferrara\/foodscience-festival-lab-ferrara\/","og_locale":"it_IT","og_type":"article","og_title":"FOOD&amp;SCIENCE FESTIVAL - LAB FERRARA - Confagricoltura Ferrara","og_description":"Una giornata di convegni dedicata all'approfondimento di temi centrali come la genetica in agricoltura, il cambiamento climatico, il corretto utilizzo di acqua e gestione del suolo.","og_url":"https:\/\/www.confagricoltura.org\/ferrara\/foodscience-festival-lab-ferrara\/","og_site_name":"Confagricoltura Ferrara","article_published_time":"2023-10-04T06:35:41+00:00","article_modified_time":"2024-10-03T06:55:32+00:00","og_image":[{"width":723,"height":723,"url":"https:\/\/www.confagricoltura.org\/ferrara\/wp-content\/uploads\/sites\/19\/2023\/10\/LOCANDINA.jpg","type":"image\/jpeg"}],"author":"confagricolturaferrara","twitter_card":"summary_large_image","twitter_misc":{"Scritto da":"confagricolturaferrara","Tempo di lettura stimato":"2 minuti"},"schema":{"@context":"https:\/\/schema.org","@graph":[{"@type":"Article","@id":"https:\/\/www.confagricoltura.org\/ferrara\/foodscience-festival-lab-ferrara\/#article","isPartOf":{"@id":"https:\/\/www.confagricoltura.org\/ferrara\/foodscience-festival-lab-ferrara\/"},"author":{"name":"confagricolturaferrara","@id":"https:\/\/www.confagricoltura.org\/ferrara\/#\/schema\/person\/d9cf2f38512b27bfe8eb948b173481c3"},"headline":"FOOD&amp;SCIENCE FESTIVAL &#8211; LAB FERRARA","datePublished":"2023-10-04T06:35:41+00:00","dateModified":"2024-10-03T06:55:32+00:00","mainEntityOfPage":{"@id":"https:\/\/www.confagricoltura.org\/ferrara\/foodscience-festival-lab-ferrara\/"},"wordCount":482,"image":{"@id":"https:\/\/www.confagricoltura.org\/ferrara\/foodscience-festival-lab-ferrara\/#primaryimage"},"thumbnailUrl":"https:\/\/www.confagricoltura.org\/ferrara\/wp-content\/uploads\/sites\/19\/2023\/10\/LOCANDINA.jpg","keywords":["ACQUA","CHIMICA","FOOD&amp;SCIENCE","GENETICA","SUOLO"],"articleSection":["Attualit\u00e0","Notizie"],"inLanguage":"it-IT"},{"@type":"WebPage","@id":"https:\/\/www.confagricoltura.org\/ferrara\/foodscience-festival-lab-ferrara\/","url":"https:\/\/www.confagricoltura.org\/ferrara\/foodscience-festival-lab-ferrara\/","name":"FOOD&amp;SCIENCE FESTIVAL - LAB FERRARA - Confagricoltura Ferrara","isPartOf":{"@id":"https:\/\/www.confagricoltura.org\/ferrara\/#website"},"primaryImageOfPage":{"@id":"https:\/\/www.confagricoltura.org\/ferrara\/foodscience-festival-lab-ferrara\/#primaryimage"},"image":{"@id":"https:\/\/www.confagricoltura.org\/ferrara\/foodscience-festival-lab-ferrara\/#primaryimage"},"thumbnailUrl":"https:\/\/www.confagricoltura.org\/ferrara\/wp-content\/uploads\/sites\/19\/2023\/10\/LOCANDINA.jpg","datePublished":"2023-10-04T06:35:41+00:00","dateModified":"2024-10-03T06:55:32+00:00","author":{"@id":"https:\/\/www.confagricoltura.org\/ferrara\/#\/schema\/person\/d9cf2f38512b27bfe8eb948b173481c3"},"description":"Una giornata di convegni dedicata all'approfondimento di temi centrali come la genetica in agricoltura, il cambiamento climatico, il corretto utilizzo di acqua e gestione del suolo.","breadcrumb":{"@id":"https:\/\/www.confagricoltura.org\/ferrara\/foodscience-festival-lab-ferrara\/#breadcrumb"},"inLanguage":"it-IT","potentialAction":[{"@type":"ReadAction","target":["https:\/\/www.confagricoltura.org\/ferrara\/foodscience-festival-lab-ferrara\/"]}]},{"@type":"ImageObject","inLanguage":"it-IT","@id":"https:\/\/www.confagricoltura.org\/ferrara\/foodscience-festival-lab-ferrara\/#primaryimage","url":"https:\/\/www.confagricoltura.org\/ferrara\/wp-content\/uploads\/sites\/19\/2023\/10\/LOCANDINA.jpg","contentUrl":"https:\/\/www.confagricoltura.org\/ferrara\/wp-content\/uploads\/sites\/19\/2023\/10\/LOCANDINA.jpg","width":723,"height":723},{"@type":"BreadcrumbList","@id":"https:\/\/www.confagricoltura.org\/ferrara\/foodscience-festival-lab-ferrara\/#breadcrumb","itemListElement":[{"@type":"ListItem","position":1,"name":"Home","item":"https:\/\/www.confagricoltura.org\/ferrara\/"},{"@type":"ListItem","position":2,"name":"FOOD&amp;SCIENCE FESTIVAL &#8211; LAB FERRARA"}]},{"@type":"WebSite","@id":"https:\/\/www.confagricoltura.org\/ferrara\/#website","url":"https:\/\/www.confagricoltura.org\/ferrara\/","name":"Confagricoltura Ferrara","description":"Dalla parte degli Agricoltori","potentialAction":[{"@type":"SearchAction","target":{"@type":"EntryPoint","urlTemplate":"https:\/\/www.confagricoltura.org\/ferrara\/?s={search_term_string}"},"query-input":{"@type":"PropertyValueSpecification","valueRequired":true,"valueName":"search_term_string"}}],"inLanguage":"it-IT"},{"@type":"Person","@id":"https:\/\/www.confagricoltura.org\/ferrara\/#\/schema\/person\/d9cf2f38512b27bfe8eb948b173481c3","name":"confagricolturaferrara","image":{"@type":"ImageObject","inLanguage":"it-IT","@id":"https:\/\/www.confagricoltura.org\/ferrara\/#\/schema\/person\/image\/","url":"https:\/\/secure.gravatar.com\/avatar\/0e20b6410f6d59fd01d4e94386070a26?s=96&d=mm&r=g","contentUrl":"https:\/\/secure.gravatar.com\/avatar\/0e20b6410f6d59fd01d4e94386070a26?s=96&d=mm&r=g","caption":"confagricolturaferrara"},"url":"https:\/\/www.confagricoltura.org\/ferrara\/author\/confagricolturaferrara\/"}]}},"_links":{"self":[{"href":"https:\/\/www.confagricoltura.org\/ferrara\/wp-json\/wp\/v2\/posts\/1751","targetHints":{"allow":["GET"]}}],"collection":[{"href":"https:\/\/www.confagricoltura.org\/ferrara\/wp-json\/wp\/v2\/posts"}],"about":[{"href":"https:\/\/www.confagricoltura.org\/ferrara\/wp-json\/wp\/v2\/types\/post"}],"author":[{"embeddable":true,"href":"https:\/\/www.confagricoltura.org\/ferrara\/wp-json\/wp\/v2\/users\/12"}],"replies":[{"embeddable":true,"href":"https:\/\/www.confagricoltura.org\/ferrara\/wp-json\/wp\/v2\/comments?post=1751"}],"version-history":[{"count":4,"href":"https:\/\/www.confagricoltura.org\/ferrara\/wp-json\/wp\/v2\/posts\/1751\/revisions"}],"predecessor-version":[{"id":1756,"href":"https:\/\/www.confagricoltura.org\/ferrara\/wp-json\/wp\/v2\/posts\/1751\/revisions\/1756"}],"wp:featuredmedia":[{"embeddable":true,"href":"https:\/\/www.confagricoltura.org\/ferrara\/wp-json\/wp\/v2\/media\/1752"}],"wp:attachment":[{"href":"https:\/\/www.confagricoltura.org\/ferrara\/wp-json\/wp\/v2\/media?parent=1751"}],"wp:term":[{"taxonomy":"category","embeddable":true,"href":"https:\/\/www.confagricoltura.org\/ferrara\/wp-json\/wp\/v2\/categories?post=1751"},{"taxonomy":"post_tag","embeddable":true,"href":"https:\/\/www.confagricoltura.org\/ferrara\/wp-json\/wp\/v2\/tags?post=1751"}],"curies":[{"name":"wp","href":"https:\/\/api.w.org\/{rel}","templated":true}]}}