{"id":1670,"date":"2022-12-31T08:49:00","date_gmt":"2022-12-31T07:49:00","guid":{"rendered":"https:\/\/www.confagricoltura.org\/ferrara\/?p=1670"},"modified":"2023-01-09T12:11:10","modified_gmt":"2023-01-09T11:11:10","slug":"anpa-confagricoltura-sivieri-per-molti-pensionati-la-situazione-si-fa-sempre-piu-grave","status":"publish","type":"post","link":"https:\/\/www.confagricoltura.org\/ferrara\/anpa-confagricoltura-sivieri-per-molti-pensionati-la-situazione-si-fa-sempre-piu-grave\/","title":{"rendered":"Anpa Confagricoltura, Sivieri: &#8220;Per molti pensionati la situazione si fa sempre pi\u00f9 grave&#8221;"},"content":{"rendered":"\n<p>\u201cStiamo vivendo un periodo di grande difficolt\u00e0, tra la pandemia e la generale situazione d\u2019incertezza determinata dall\u2019inflazione galoppante che continua ad erodere il potere d\u2019acquisto\u201d. Lo afferma Carlo Sivieri, presidente di Anpa Ferrara ed Anpa Emilia Romagna, l\u2019associazione dei pensionati di Confagricoltura, che prosegue, \u201cLa preoccupazione dei pensionati di Confagricoltura aumenta, per una crisi di liquidit\u00e0 che spinge gli anziani verso una situazione di fragilit\u00e0; c\u2019\u00e8 bisogno di prospettive, sia per chi ha tanti anni davanti per costruire il proprio futuro, sia per chi ha lavorato una vita ed oggi ha bisogno soprattutto di serenit\u00e0. In Italia gli anziani percettori di trattamento pensionistico sono pi\u00f9 di 16 milioni e la situazione di molti di loro, incluso quelli agricoli, diventa sempre pi\u00f9 insostenibile. Negli ultimi anni, infatti, l\u2019inflazione ha eroso tra il 4 ed il 7 per cento del potere d\u2019acquisto delle pensioni agricole.&nbsp; Aumentare l\u2019importo delle pensioni \u00e8 un atto doveroso per permettere una vita pi\u00f9 dignitosa a chi ha lavorato per tanti anni. Senza azioni dirette a salvaguardare il potere d\u2019acquisto delle pensioni, con la crescita dei costi di luce, gas, generi alimentari, si mette in pericolo la coesione sociale spingendo molti pensionati a scivolare nella povert\u00e0. Bisogna inoltre tenere conto che circa il 10% degli over 65 non \u00e8 autosufficiente. Nel 2030 un italiano ogni 12 sar\u00e0 anziano e non autonomo. Considerando l\u2019aumento della speranza di vita, diventa sempre pi\u00f9 urgente realizzare misure concrete che rendano il nostro Paese a misura di coloro che invecchiano. Credo poi che sia fondamentale utilizzare al meglio le risorse del Pnrr in ambito sanitario per la nascita delle cosiddette case di comunit\u00e0, strutture che possono offrire servizi sanitari e di assistenza sociale in modo da alleggerire ambulatori, ospedali e studi dei medici di famiglia. La stessa pandemia ci ha dimostrato che la sanit\u00e0 non deve essere considerata come un costo, bens\u00ec come un elemento fondamentale per il benessere e la tutela della collettivit\u00e0. Occorre tutelare i diritti degli anziani \u2013 conclude il presidente Sivieri \u2013 assicurare assistenza domiciliare, evitare l\u2019isolamento sociale, promuovere l\u2019invecchiamento attivo, avere una sanit\u00e0 pubblica in grado di fornire risposte adeguate alle esigenze di un Paese che, anno dopo anno, ha un\u2019et\u00e0 media sempre pi\u00f9 elevata\u201d.<\/p>\n","protected":false},"excerpt":{"rendered":"<p>\u201cLa preoccupazione dei pensionati di Confagricoltura aumenta, per una crisi di liquidit\u00e0 che spinge gli anziani verso una situazione di fragilit\u00e0&#8221;<\/p>\n","protected":false},"author":12,"featured_media":1671,"comment_status":"closed","ping_status":"closed","sticky":false,"template":"","format":"standard","meta":{"wp_mapbox_gl_js_media":[],"footnotes":""},"categories":[25,4],"tags":[33,147,67,146],"class_list":["post-1670","post","type-post","status-publish","format-standard","has-post-thumbnail","hentry","category-attualita","category-notizie","tag-anpa","tag-anziani","tag-confagricoltura","tag-sivieri"],"yoast_head":"<!-- This site is optimized with the Yoast SEO plugin v26.8 - https:\/\/yoast.com\/product\/yoast-seo-wordpress\/ -->\n<title>Anpa Confagricoltura, Sivieri: &quot;Per molti pensionati la situazione si fa sempre pi\u00f9 grave&quot; - Confagricoltura Ferrara<\/title>\n<meta name=\"robots\" content=\"index, follow, max-snippet:-1, max-image-preview:large, max-video-preview:-1\" \/>\n<link rel=\"canonical\" href=\"https:\/\/www.confagricoltura.org\/ferrara\/anpa-confagricoltura-sivieri-per-molti-pensionati-la-situazione-si-fa-sempre-piu-grave\/\" \/>\n<meta property=\"og:locale\" content=\"it_IT\" \/>\n<meta property=\"og:type\" content=\"article\" \/>\n<meta property=\"og:title\" content=\"Anpa Confagricoltura, Sivieri: &quot;Per molti pensionati la situazione si fa sempre pi\u00f9 grave&quot; - Confagricoltura Ferrara\" \/>\n<meta property=\"og:description\" content=\"\u201cLa preoccupazione dei pensionati di Confagricoltura aumenta, per una crisi di liquidit\u00e0 che spinge gli anziani verso una situazione di fragilit\u00e0&quot;\" \/>\n<meta property=\"og:url\" content=\"https:\/\/www.confagricoltura.org\/ferrara\/anpa-confagricoltura-sivieri-per-molti-pensionati-la-situazione-si-fa-sempre-piu-grave\/\" \/>\n<meta property=\"og:site_name\" content=\"Confagricoltura Ferrara\" \/>\n<meta property=\"article:published_time\" content=\"2022-12-31T07:49:00+00:00\" \/>\n<meta property=\"article:modified_time\" content=\"2023-01-09T11:11:10+00:00\" \/>\n<meta property=\"og:image\" content=\"https:\/\/www.confagricoltura.org\/ferrara\/wp-content\/uploads\/sites\/19\/2022\/12\/Carlo-Sivieri-7-scaled.jpg\" \/>\n\t<meta property=\"og:image:width\" content=\"2560\" \/>\n\t<meta property=\"og:image:height\" content=\"1940\" \/>\n\t<meta property=\"og:image:type\" content=\"image\/jpeg\" \/>\n<meta name=\"author\" content=\"confagricolturaferrara\" \/>\n<meta name=\"twitter:card\" content=\"summary_large_image\" \/>\n<meta name=\"twitter:label1\" content=\"Scritto da\" \/>\n\t<meta name=\"twitter:data1\" content=\"confagricolturaferrara\" \/>\n\t<meta name=\"twitter:label2\" content=\"Tempo di lettura stimato\" \/>\n\t<meta name=\"twitter:data2\" content=\"2 minuti\" \/>\n<script type=\"application\/ld+json\" class=\"yoast-schema-graph\">{\"@context\":\"https:\/\/schema.org\",\"@graph\":[{\"@type\":\"Article\",\"@id\":\"https:\/\/www.confagricoltura.org\/ferrara\/anpa-confagricoltura-sivieri-per-molti-pensionati-la-situazione-si-fa-sempre-piu-grave\/#article\",\"isPartOf\":{\"@id\":\"https:\/\/www.confagricoltura.org\/ferrara\/anpa-confagricoltura-sivieri-per-molti-pensionati-la-situazione-si-fa-sempre-piu-grave\/\"},\"author\":{\"name\":\"confagricolturaferrara\",\"@id\":\"https:\/\/www.confagricoltura.org\/ferrara\/#\/schema\/person\/d9cf2f38512b27bfe8eb948b173481c3\"},\"headline\":\"Anpa Confagricoltura, Sivieri: &#8220;Per molti pensionati la situazione si fa sempre pi\u00f9 grave&#8221;\",\"datePublished\":\"2022-12-31T07:49:00+00:00\",\"dateModified\":\"2023-01-09T11:11:10+00:00\",\"mainEntityOfPage\":{\"@id\":\"https:\/\/www.confagricoltura.org\/ferrara\/anpa-confagricoltura-sivieri-per-molti-pensionati-la-situazione-si-fa-sempre-piu-grave\/\"},\"wordCount\":382,\"image\":{\"@id\":\"https:\/\/www.confagricoltura.org\/ferrara\/anpa-confagricoltura-sivieri-per-molti-pensionati-la-situazione-si-fa-sempre-piu-grave\/#primaryimage\"},\"thumbnailUrl\":\"https:\/\/www.confagricoltura.org\/ferrara\/wp-content\/uploads\/sites\/19\/2022\/12\/Carlo-Sivieri-7-scaled.jpg\",\"keywords\":[\"anpa\",\"Anziani\",\"confagricoltura\",\"Sivieri\"],\"articleSection\":[\"Attualit\u00e0\",\"Notizie\"],\"inLanguage\":\"it-IT\"},{\"@type\":\"WebPage\",\"@id\":\"https:\/\/www.confagricoltura.org\/ferrara\/anpa-confagricoltura-sivieri-per-molti-pensionati-la-situazione-si-fa-sempre-piu-grave\/\",\"url\":\"https:\/\/www.confagricoltura.org\/ferrara\/anpa-confagricoltura-sivieri-per-molti-pensionati-la-situazione-si-fa-sempre-piu-grave\/\",\"name\":\"Anpa Confagricoltura, Sivieri: \\\"Per molti pensionati la situazione si fa sempre pi\u00f9 grave\\\" - Confagricoltura Ferrara\",\"isPartOf\":{\"@id\":\"https:\/\/www.confagricoltura.org\/ferrara\/#website\"},\"primaryImageOfPage\":{\"@id\":\"https:\/\/www.confagricoltura.org\/ferrara\/anpa-confagricoltura-sivieri-per-molti-pensionati-la-situazione-si-fa-sempre-piu-grave\/#primaryimage\"},\"image\":{\"@id\":\"https:\/\/www.confagricoltura.org\/ferrara\/anpa-confagricoltura-sivieri-per-molti-pensionati-la-situazione-si-fa-sempre-piu-grave\/#primaryimage\"},\"thumbnailUrl\":\"https:\/\/www.confagricoltura.org\/ferrara\/wp-content\/uploads\/sites\/19\/2022\/12\/Carlo-Sivieri-7-scaled.jpg\",\"datePublished\":\"2022-12-31T07:49:00+00:00\",\"dateModified\":\"2023-01-09T11:11:10+00:00\",\"author\":{\"@id\":\"https:\/\/www.confagricoltura.org\/ferrara\/#\/schema\/person\/d9cf2f38512b27bfe8eb948b173481c3\"},\"breadcrumb\":{\"@id\":\"https:\/\/www.confagricoltura.org\/ferrara\/anpa-confagricoltura-sivieri-per-molti-pensionati-la-situazione-si-fa-sempre-piu-grave\/#breadcrumb\"},\"inLanguage\":\"it-IT\",\"potentialAction\":[{\"@type\":\"ReadAction\",\"target\":[\"https:\/\/www.confagricoltura.org\/ferrara\/anpa-confagricoltura-sivieri-per-molti-pensionati-la-situazione-si-fa-sempre-piu-grave\/\"]}]},{\"@type\":\"ImageObject\",\"inLanguage\":\"it-IT\",\"@id\":\"https:\/\/www.confagricoltura.org\/ferrara\/anpa-confagricoltura-sivieri-per-molti-pensionati-la-situazione-si-fa-sempre-piu-grave\/#primaryimage\",\"url\":\"https:\/\/www.confagricoltura.org\/ferrara\/wp-content\/uploads\/sites\/19\/2022\/12\/Carlo-Sivieri-7-scaled.jpg\",\"contentUrl\":\"https:\/\/www.confagricoltura.org\/ferrara\/wp-content\/uploads\/sites\/19\/2022\/12\/Carlo-Sivieri-7-scaled.jpg\",\"width\":2560,\"height\":1940},{\"@type\":\"BreadcrumbList\",\"@id\":\"https:\/\/www.confagricoltura.org\/ferrara\/anpa-confagricoltura-sivieri-per-molti-pensionati-la-situazione-si-fa-sempre-piu-grave\/#breadcrumb\",\"itemListElement\":[{\"@type\":\"ListItem\",\"position\":1,\"name\":\"Home\",\"item\":\"https:\/\/www.confagricoltura.org\/ferrara\/\"},{\"@type\":\"ListItem\",\"position\":2,\"name\":\"Anpa Confagricoltura, Sivieri: &#8220;Per molti pensionati la situazione si fa sempre pi\u00f9 grave&#8221;\"}]},{\"@type\":\"WebSite\",\"@id\":\"https:\/\/www.confagricoltura.org\/ferrara\/#website\",\"url\":\"https:\/\/www.confagricoltura.org\/ferrara\/\",\"name\":\"Confagricoltura Ferrara\",\"description\":\"Dalla parte degli Agricoltori\",\"potentialAction\":[{\"@type\":\"SearchAction\",\"target\":{\"@type\":\"EntryPoint\",\"urlTemplate\":\"https:\/\/www.confagricoltura.org\/ferrara\/?s={search_term_string}\"},\"query-input\":{\"@type\":\"PropertyValueSpecification\",\"valueRequired\":true,\"valueName\":\"search_term_string\"}}],\"inLanguage\":\"it-IT\"},{\"@type\":\"Person\",\"@id\":\"https:\/\/www.confagricoltura.org\/ferrara\/#\/schema\/person\/d9cf2f38512b27bfe8eb948b173481c3\",\"name\":\"confagricolturaferrara\",\"image\":{\"@type\":\"ImageObject\",\"inLanguage\":\"it-IT\",\"@id\":\"https:\/\/www.confagricoltura.org\/ferrara\/#\/schema\/person\/image\/\",\"url\":\"https:\/\/secure.gravatar.com\/avatar\/0e20b6410f6d59fd01d4e94386070a26?s=96&d=mm&r=g\",\"contentUrl\":\"https:\/\/secure.gravatar.com\/avatar\/0e20b6410f6d59fd01d4e94386070a26?s=96&d=mm&r=g\",\"caption\":\"confagricolturaferrara\"},\"url\":\"https:\/\/www.confagricoltura.org\/ferrara\/author\/confagricolturaferrara\/\"}]}<\/script>\n<!-- \/ Yoast SEO plugin. -->","yoast_head_json":{"title":"Anpa Confagricoltura, Sivieri: \"Per molti pensionati la situazione si fa sempre pi\u00f9 grave\" - Confagricoltura Ferrara","robots":{"index":"index","follow":"follow","max-snippet":"max-snippet:-1","max-image-preview":"max-image-preview:large","max-video-preview":"max-video-preview:-1"},"canonical":"https:\/\/www.confagricoltura.org\/ferrara\/anpa-confagricoltura-sivieri-per-molti-pensionati-la-situazione-si-fa-sempre-piu-grave\/","og_locale":"it_IT","og_type":"article","og_title":"Anpa Confagricoltura, Sivieri: \"Per molti pensionati la situazione si fa sempre pi\u00f9 grave\" - Confagricoltura Ferrara","og_description":"\u201cLa preoccupazione dei pensionati di Confagricoltura aumenta, per una crisi di liquidit\u00e0 che spinge gli anziani verso una situazione di fragilit\u00e0\"","og_url":"https:\/\/www.confagricoltura.org\/ferrara\/anpa-confagricoltura-sivieri-per-molti-pensionati-la-situazione-si-fa-sempre-piu-grave\/","og_site_name":"Confagricoltura Ferrara","article_published_time":"2022-12-31T07:49:00+00:00","article_modified_time":"2023-01-09T11:11:10+00:00","og_image":[{"width":2560,"height":1940,"url":"https:\/\/www.confagricoltura.org\/ferrara\/wp-content\/uploads\/sites\/19\/2022\/12\/Carlo-Sivieri-7-scaled.jpg","type":"image\/jpeg"}],"author":"confagricolturaferrara","twitter_card":"summary_large_image","twitter_misc":{"Scritto da":"confagricolturaferrara","Tempo di lettura stimato":"2 minuti"},"schema":{"@context":"https:\/\/schema.org","@graph":[{"@type":"Article","@id":"https:\/\/www.confagricoltura.org\/ferrara\/anpa-confagricoltura-sivieri-per-molti-pensionati-la-situazione-si-fa-sempre-piu-grave\/#article","isPartOf":{"@id":"https:\/\/www.confagricoltura.org\/ferrara\/anpa-confagricoltura-sivieri-per-molti-pensionati-la-situazione-si-fa-sempre-piu-grave\/"},"author":{"name":"confagricolturaferrara","@id":"https:\/\/www.confagricoltura.org\/ferrara\/#\/schema\/person\/d9cf2f38512b27bfe8eb948b173481c3"},"headline":"Anpa Confagricoltura, Sivieri: &#8220;Per molti pensionati la situazione si fa sempre pi\u00f9 grave&#8221;","datePublished":"2022-12-31T07:49:00+00:00","dateModified":"2023-01-09T11:11:10+00:00","mainEntityOfPage":{"@id":"https:\/\/www.confagricoltura.org\/ferrara\/anpa-confagricoltura-sivieri-per-molti-pensionati-la-situazione-si-fa-sempre-piu-grave\/"},"wordCount":382,"image":{"@id":"https:\/\/www.confagricoltura.org\/ferrara\/anpa-confagricoltura-sivieri-per-molti-pensionati-la-situazione-si-fa-sempre-piu-grave\/#primaryimage"},"thumbnailUrl":"https:\/\/www.confagricoltura.org\/ferrara\/wp-content\/uploads\/sites\/19\/2022\/12\/Carlo-Sivieri-7-scaled.jpg","keywords":["anpa","Anziani","confagricoltura","Sivieri"],"articleSection":["Attualit\u00e0","Notizie"],"inLanguage":"it-IT"},{"@type":"WebPage","@id":"https:\/\/www.confagricoltura.org\/ferrara\/anpa-confagricoltura-sivieri-per-molti-pensionati-la-situazione-si-fa-sempre-piu-grave\/","url":"https:\/\/www.confagricoltura.org\/ferrara\/anpa-confagricoltura-sivieri-per-molti-pensionati-la-situazione-si-fa-sempre-piu-grave\/","name":"Anpa Confagricoltura, Sivieri: \"Per molti pensionati la situazione si fa sempre pi\u00f9 grave\" - Confagricoltura Ferrara","isPartOf":{"@id":"https:\/\/www.confagricoltura.org\/ferrara\/#website"},"primaryImageOfPage":{"@id":"https:\/\/www.confagricoltura.org\/ferrara\/anpa-confagricoltura-sivieri-per-molti-pensionati-la-situazione-si-fa-sempre-piu-grave\/#primaryimage"},"image":{"@id":"https:\/\/www.confagricoltura.org\/ferrara\/anpa-confagricoltura-sivieri-per-molti-pensionati-la-situazione-si-fa-sempre-piu-grave\/#primaryimage"},"thumbnailUrl":"https:\/\/www.confagricoltura.org\/ferrara\/wp-content\/uploads\/sites\/19\/2022\/12\/Carlo-Sivieri-7-scaled.jpg","datePublished":"2022-12-31T07:49:00+00:00","dateModified":"2023-01-09T11:11:10+00:00","author":{"@id":"https:\/\/www.confagricoltura.org\/ferrara\/#\/schema\/person\/d9cf2f38512b27bfe8eb948b173481c3"},"breadcrumb":{"@id":"https:\/\/www.confagricoltura.org\/ferrara\/anpa-confagricoltura-sivieri-per-molti-pensionati-la-situazione-si-fa-sempre-piu-grave\/#breadcrumb"},"inLanguage":"it-IT","potentialAction":[{"@type":"ReadAction","target":["https:\/\/www.confagricoltura.org\/ferrara\/anpa-confagricoltura-sivieri-per-molti-pensionati-la-situazione-si-fa-sempre-piu-grave\/"]}]},{"@type":"ImageObject","inLanguage":"it-IT","@id":"https:\/\/www.confagricoltura.org\/ferrara\/anpa-confagricoltura-sivieri-per-molti-pensionati-la-situazione-si-fa-sempre-piu-grave\/#primaryimage","url":"https:\/\/www.confagricoltura.org\/ferrara\/wp-content\/uploads\/sites\/19\/2022\/12\/Carlo-Sivieri-7-scaled.jpg","contentUrl":"https:\/\/www.confagricoltura.org\/ferrara\/wp-content\/uploads\/sites\/19\/2022\/12\/Carlo-Sivieri-7-scaled.jpg","width":2560,"height":1940},{"@type":"BreadcrumbList","@id":"https:\/\/www.confagricoltura.org\/ferrara\/anpa-confagricoltura-sivieri-per-molti-pensionati-la-situazione-si-fa-sempre-piu-grave\/#breadcrumb","itemListElement":[{"@type":"ListItem","position":1,"name":"Home","item":"https:\/\/www.confagricoltura.org\/ferrara\/"},{"@type":"ListItem","position":2,"name":"Anpa Confagricoltura, Sivieri: &#8220;Per molti pensionati la situazione si fa sempre pi\u00f9 grave&#8221;"}]},{"@type":"WebSite","@id":"https:\/\/www.confagricoltura.org\/ferrara\/#website","url":"https:\/\/www.confagricoltura.org\/ferrara\/","name":"Confagricoltura Ferrara","description":"Dalla parte degli Agricoltori","potentialAction":[{"@type":"SearchAction","target":{"@type":"EntryPoint","urlTemplate":"https:\/\/www.confagricoltura.org\/ferrara\/?s={search_term_string}"},"query-input":{"@type":"PropertyValueSpecification","valueRequired":true,"valueName":"search_term_string"}}],"inLanguage":"it-IT"},{"@type":"Person","@id":"https:\/\/www.confagricoltura.org\/ferrara\/#\/schema\/person\/d9cf2f38512b27bfe8eb948b173481c3","name":"confagricolturaferrara","image":{"@type":"ImageObject","inLanguage":"it-IT","@id":"https:\/\/www.confagricoltura.org\/ferrara\/#\/schema\/person\/image\/","url":"https:\/\/secure.gravatar.com\/avatar\/0e20b6410f6d59fd01d4e94386070a26?s=96&d=mm&r=g","contentUrl":"https:\/\/secure.gravatar.com\/avatar\/0e20b6410f6d59fd01d4e94386070a26?s=96&d=mm&r=g","caption":"confagricolturaferrara"},"url":"https:\/\/www.confagricoltura.org\/ferrara\/author\/confagricolturaferrara\/"}]}},"_links":{"self":[{"href":"https:\/\/www.confagricoltura.org\/ferrara\/wp-json\/wp\/v2\/posts\/1670","targetHints":{"allow":["GET"]}}],"collection":[{"href":"https:\/\/www.confagricoltura.org\/ferrara\/wp-json\/wp\/v2\/posts"}],"about":[{"href":"https:\/\/www.confagricoltura.org\/ferrara\/wp-json\/wp\/v2\/types\/post"}],"author":[{"embeddable":true,"href":"https:\/\/www.confagricoltura.org\/ferrara\/wp-json\/wp\/v2\/users\/12"}],"replies":[{"embeddable":true,"href":"https:\/\/www.confagricoltura.org\/ferrara\/wp-json\/wp\/v2\/comments?post=1670"}],"version-history":[{"count":2,"href":"https:\/\/www.confagricoltura.org\/ferrara\/wp-json\/wp\/v2\/posts\/1670\/revisions"}],"predecessor-version":[{"id":1673,"href":"https:\/\/www.confagricoltura.org\/ferrara\/wp-json\/wp\/v2\/posts\/1670\/revisions\/1673"}],"wp:featuredmedia":[{"embeddable":true,"href":"https:\/\/www.confagricoltura.org\/ferrara\/wp-json\/wp\/v2\/media\/1671"}],"wp:attachment":[{"href":"https:\/\/www.confagricoltura.org\/ferrara\/wp-json\/wp\/v2\/media?parent=1670"}],"wp:term":[{"taxonomy":"category","embeddable":true,"href":"https:\/\/www.confagricoltura.org\/ferrara\/wp-json\/wp\/v2\/categories?post=1670"},{"taxonomy":"post_tag","embeddable":true,"href":"https:\/\/www.confagricoltura.org\/ferrara\/wp-json\/wp\/v2\/tags?post=1670"}],"curies":[{"name":"wp","href":"https:\/\/api.w.org\/{rel}","templated":true}]}}