{"id":1604,"date":"2022-08-25T09:01:10","date_gmt":"2022-08-25T07:01:10","guid":{"rendered":"https:\/\/www.confagricoltura.org\/ferrara\/?p=1604"},"modified":"2023-01-09T12:10:53","modified_gmt":"2023-01-09T11:10:53","slug":"convegno-sulla-sostenibilita-nelle-aziende","status":"publish","type":"post","link":"https:\/\/www.confagricoltura.org\/ferrara\/convegno-sulla-sostenibilita-nelle-aziende\/","title":{"rendered":"Convegno sulla sostenibilit\u00e0 nelle aziende"},"content":{"rendered":"\n<p>Gioved\u00ec 22 settembre prossimo, alle ore 18.30, presso REM TECH EXPO (Fiera di Ferrara, Via della Fiera 11), si terr\u00e0 un evento dal titolo \u201cCompetere nell\u2019era della sostenibilit\u00e0 e dell\u2019IA\u201d rivolto a manager, consulenti e imprenditori, per informarli e aiutarli nella transizione verso la sostenibilit\u00e0 e per renderla parte integrante della strategia aziendale. Ferrara rappresenter\u00e0 la seconda tappa di un tour mondiale che toccher\u00e0 anche le citt\u00e0 di New York, Milano, Helsinki e Valencia. Sar\u00e0 presente il dott. Robert Jhonson, relatore di caratura internazionale. <\/p>\n\n\n\n<p>Per info e iscrizioni: <\/p>\n\n\n\n<p><a href=\"https:\/\/www.bagliettisinergie.it\/competere-nellera-della-sostenibilita-e-dellia\/\" target=\"_blank\" rel=\"noreferrer noopener\">Competere nell&#8217;Era della Sostenibilit\u00e0 e dell&#8217;IA &#8211; My WordPress (bagliettisinergie.it)<\/a><\/p>\n\n\n\n<p>L\u2019evento \u00e8 promosso da Confagricoltura Ferrara, Confartigianato e Confindustria.<\/p>\n","protected":false},"excerpt":{"rendered":"<p>Le risposte per aiutare manager, consulenti ed imprenditori nella transizione verso la sostenibilit\u00e0 e per renderla parte integrante delle strategie aziendali<\/p>\n","protected":false},"author":12,"featured_media":1605,"comment_status":"closed","ping_status":"closed","sticky":false,"template":"","format":"standard","meta":{"wp_mapbox_gl_js_media":[],"footnotes":""},"categories":[25,4],"tags":[135,69],"class_list":["post-1604","post","type-post","status-publish","format-standard","has-post-thumbnail","hentry","category-attualita","category-notizie","tag-rem-tech-expo","tag-sostenibilita"],"yoast_head":"<!-- This site is optimized with the Yoast SEO plugin v26.8 - https:\/\/yoast.com\/product\/yoast-seo-wordpress\/ -->\n<title>Convegno sulla sostenibilit\u00e0 nelle aziende - Confagricoltura Ferrara<\/title>\n<meta name=\"robots\" content=\"index, follow, max-snippet:-1, max-image-preview:large, max-video-preview:-1\" \/>\n<link rel=\"canonical\" href=\"https:\/\/www.confagricoltura.org\/ferrara\/convegno-sulla-sostenibilita-nelle-aziende\/\" \/>\n<meta property=\"og:locale\" content=\"it_IT\" \/>\n<meta property=\"og:type\" content=\"article\" \/>\n<meta property=\"og:title\" content=\"Convegno sulla sostenibilit\u00e0 nelle aziende - Confagricoltura Ferrara\" \/>\n<meta property=\"og:description\" content=\"Le risposte per aiutare manager, consulenti ed imprenditori nella transizione verso la sostenibilit\u00e0 e per renderla parte integrante delle strategie aziendali\" \/>\n<meta property=\"og:url\" content=\"https:\/\/www.confagricoltura.org\/ferrara\/convegno-sulla-sostenibilita-nelle-aziende\/\" \/>\n<meta property=\"og:site_name\" content=\"Confagricoltura Ferrara\" \/>\n<meta property=\"article:published_time\" content=\"2022-08-25T07:01:10+00:00\" \/>\n<meta property=\"article:modified_time\" content=\"2023-01-09T11:10:53+00:00\" \/>\n<meta property=\"og:image\" content=\"https:\/\/www.confagricoltura.org\/ferrara\/wp-content\/uploads\/sites\/19\/2022\/08\/Evento-Robert-Jhonson-Ferrara-22-settembre-2022.jpg\" \/>\n\t<meta property=\"og:image:width\" content=\"980\" \/>\n\t<meta property=\"og:image:height\" content=\"723\" \/>\n\t<meta property=\"og:image:type\" content=\"image\/jpeg\" \/>\n<meta name=\"author\" content=\"confagricolturaferrara\" \/>\n<meta name=\"twitter:card\" content=\"summary_large_image\" \/>\n<meta name=\"twitter:label1\" content=\"Scritto da\" \/>\n\t<meta name=\"twitter:data1\" content=\"confagricolturaferrara\" \/>\n\t<meta name=\"twitter:label2\" content=\"Tempo di lettura stimato\" \/>\n\t<meta name=\"twitter:data2\" content=\"1 minuto\" \/>\n<script type=\"application\/ld+json\" class=\"yoast-schema-graph\">{\"@context\":\"https:\/\/schema.org\",\"@graph\":[{\"@type\":\"Article\",\"@id\":\"https:\/\/www.confagricoltura.org\/ferrara\/convegno-sulla-sostenibilita-nelle-aziende\/#article\",\"isPartOf\":{\"@id\":\"https:\/\/www.confagricoltura.org\/ferrara\/convegno-sulla-sostenibilita-nelle-aziende\/\"},\"author\":{\"name\":\"confagricolturaferrara\",\"@id\":\"https:\/\/www.confagricoltura.org\/ferrara\/#\/schema\/person\/d9cf2f38512b27bfe8eb948b173481c3\"},\"headline\":\"Convegno sulla sostenibilit\u00e0 nelle aziende\",\"datePublished\":\"2022-08-25T07:01:10+00:00\",\"dateModified\":\"2023-01-09T11:10:53+00:00\",\"mainEntityOfPage\":{\"@id\":\"https:\/\/www.confagricoltura.org\/ferrara\/convegno-sulla-sostenibilita-nelle-aziende\/\"},\"wordCount\":114,\"image\":{\"@id\":\"https:\/\/www.confagricoltura.org\/ferrara\/convegno-sulla-sostenibilita-nelle-aziende\/#primaryimage\"},\"thumbnailUrl\":\"https:\/\/www.confagricoltura.org\/ferrara\/wp-content\/uploads\/sites\/19\/2022\/08\/Evento-Robert-Jhonson-Ferrara-22-settembre-2022.jpg\",\"keywords\":[\"rem tech expo\",\"sostenibilit\u00e0\"],\"articleSection\":[\"Attualit\u00e0\",\"Notizie\"],\"inLanguage\":\"it-IT\"},{\"@type\":\"WebPage\",\"@id\":\"https:\/\/www.confagricoltura.org\/ferrara\/convegno-sulla-sostenibilita-nelle-aziende\/\",\"url\":\"https:\/\/www.confagricoltura.org\/ferrara\/convegno-sulla-sostenibilita-nelle-aziende\/\",\"name\":\"Convegno sulla sostenibilit\u00e0 nelle aziende - Confagricoltura Ferrara\",\"isPartOf\":{\"@id\":\"https:\/\/www.confagricoltura.org\/ferrara\/#website\"},\"primaryImageOfPage\":{\"@id\":\"https:\/\/www.confagricoltura.org\/ferrara\/convegno-sulla-sostenibilita-nelle-aziende\/#primaryimage\"},\"image\":{\"@id\":\"https:\/\/www.confagricoltura.org\/ferrara\/convegno-sulla-sostenibilita-nelle-aziende\/#primaryimage\"},\"thumbnailUrl\":\"https:\/\/www.confagricoltura.org\/ferrara\/wp-content\/uploads\/sites\/19\/2022\/08\/Evento-Robert-Jhonson-Ferrara-22-settembre-2022.jpg\",\"datePublished\":\"2022-08-25T07:01:10+00:00\",\"dateModified\":\"2023-01-09T11:10:53+00:00\",\"author\":{\"@id\":\"https:\/\/www.confagricoltura.org\/ferrara\/#\/schema\/person\/d9cf2f38512b27bfe8eb948b173481c3\"},\"breadcrumb\":{\"@id\":\"https:\/\/www.confagricoltura.org\/ferrara\/convegno-sulla-sostenibilita-nelle-aziende\/#breadcrumb\"},\"inLanguage\":\"it-IT\",\"potentialAction\":[{\"@type\":\"ReadAction\",\"target\":[\"https:\/\/www.confagricoltura.org\/ferrara\/convegno-sulla-sostenibilita-nelle-aziende\/\"]}]},{\"@type\":\"ImageObject\",\"inLanguage\":\"it-IT\",\"@id\":\"https:\/\/www.confagricoltura.org\/ferrara\/convegno-sulla-sostenibilita-nelle-aziende\/#primaryimage\",\"url\":\"https:\/\/www.confagricoltura.org\/ferrara\/wp-content\/uploads\/sites\/19\/2022\/08\/Evento-Robert-Jhonson-Ferrara-22-settembre-2022.jpg\",\"contentUrl\":\"https:\/\/www.confagricoltura.org\/ferrara\/wp-content\/uploads\/sites\/19\/2022\/08\/Evento-Robert-Jhonson-Ferrara-22-settembre-2022.jpg\",\"width\":980,\"height\":723},{\"@type\":\"BreadcrumbList\",\"@id\":\"https:\/\/www.confagricoltura.org\/ferrara\/convegno-sulla-sostenibilita-nelle-aziende\/#breadcrumb\",\"itemListElement\":[{\"@type\":\"ListItem\",\"position\":1,\"name\":\"Home\",\"item\":\"https:\/\/www.confagricoltura.org\/ferrara\/\"},{\"@type\":\"ListItem\",\"position\":2,\"name\":\"Convegno sulla sostenibilit\u00e0 nelle aziende\"}]},{\"@type\":\"WebSite\",\"@id\":\"https:\/\/www.confagricoltura.org\/ferrara\/#website\",\"url\":\"https:\/\/www.confagricoltura.org\/ferrara\/\",\"name\":\"Confagricoltura Ferrara\",\"description\":\"Dalla parte degli Agricoltori\",\"potentialAction\":[{\"@type\":\"SearchAction\",\"target\":{\"@type\":\"EntryPoint\",\"urlTemplate\":\"https:\/\/www.confagricoltura.org\/ferrara\/?s={search_term_string}\"},\"query-input\":{\"@type\":\"PropertyValueSpecification\",\"valueRequired\":true,\"valueName\":\"search_term_string\"}}],\"inLanguage\":\"it-IT\"},{\"@type\":\"Person\",\"@id\":\"https:\/\/www.confagricoltura.org\/ferrara\/#\/schema\/person\/d9cf2f38512b27bfe8eb948b173481c3\",\"name\":\"confagricolturaferrara\",\"image\":{\"@type\":\"ImageObject\",\"inLanguage\":\"it-IT\",\"@id\":\"https:\/\/www.confagricoltura.org\/ferrara\/#\/schema\/person\/image\/\",\"url\":\"https:\/\/secure.gravatar.com\/avatar\/0e20b6410f6d59fd01d4e94386070a26?s=96&d=mm&r=g\",\"contentUrl\":\"https:\/\/secure.gravatar.com\/avatar\/0e20b6410f6d59fd01d4e94386070a26?s=96&d=mm&r=g\",\"caption\":\"confagricolturaferrara\"},\"url\":\"https:\/\/www.confagricoltura.org\/ferrara\/author\/confagricolturaferrara\/\"}]}<\/script>\n<!-- \/ Yoast SEO plugin. -->","yoast_head_json":{"title":"Convegno sulla sostenibilit\u00e0 nelle aziende - Confagricoltura Ferrara","robots":{"index":"index","follow":"follow","max-snippet":"max-snippet:-1","max-image-preview":"max-image-preview:large","max-video-preview":"max-video-preview:-1"},"canonical":"https:\/\/www.confagricoltura.org\/ferrara\/convegno-sulla-sostenibilita-nelle-aziende\/","og_locale":"it_IT","og_type":"article","og_title":"Convegno sulla sostenibilit\u00e0 nelle aziende - Confagricoltura Ferrara","og_description":"Le risposte per aiutare manager, consulenti ed imprenditori nella transizione verso la sostenibilit\u00e0 e per renderla parte integrante delle strategie aziendali","og_url":"https:\/\/www.confagricoltura.org\/ferrara\/convegno-sulla-sostenibilita-nelle-aziende\/","og_site_name":"Confagricoltura Ferrara","article_published_time":"2022-08-25T07:01:10+00:00","article_modified_time":"2023-01-09T11:10:53+00:00","og_image":[{"width":980,"height":723,"url":"https:\/\/www.confagricoltura.org\/ferrara\/wp-content\/uploads\/sites\/19\/2022\/08\/Evento-Robert-Jhonson-Ferrara-22-settembre-2022.jpg","type":"image\/jpeg"}],"author":"confagricolturaferrara","twitter_card":"summary_large_image","twitter_misc":{"Scritto da":"confagricolturaferrara","Tempo di lettura stimato":"1 minuto"},"schema":{"@context":"https:\/\/schema.org","@graph":[{"@type":"Article","@id":"https:\/\/www.confagricoltura.org\/ferrara\/convegno-sulla-sostenibilita-nelle-aziende\/#article","isPartOf":{"@id":"https:\/\/www.confagricoltura.org\/ferrara\/convegno-sulla-sostenibilita-nelle-aziende\/"},"author":{"name":"confagricolturaferrara","@id":"https:\/\/www.confagricoltura.org\/ferrara\/#\/schema\/person\/d9cf2f38512b27bfe8eb948b173481c3"},"headline":"Convegno sulla sostenibilit\u00e0 nelle aziende","datePublished":"2022-08-25T07:01:10+00:00","dateModified":"2023-01-09T11:10:53+00:00","mainEntityOfPage":{"@id":"https:\/\/www.confagricoltura.org\/ferrara\/convegno-sulla-sostenibilita-nelle-aziende\/"},"wordCount":114,"image":{"@id":"https:\/\/www.confagricoltura.org\/ferrara\/convegno-sulla-sostenibilita-nelle-aziende\/#primaryimage"},"thumbnailUrl":"https:\/\/www.confagricoltura.org\/ferrara\/wp-content\/uploads\/sites\/19\/2022\/08\/Evento-Robert-Jhonson-Ferrara-22-settembre-2022.jpg","keywords":["rem tech expo","sostenibilit\u00e0"],"articleSection":["Attualit\u00e0","Notizie"],"inLanguage":"it-IT"},{"@type":"WebPage","@id":"https:\/\/www.confagricoltura.org\/ferrara\/convegno-sulla-sostenibilita-nelle-aziende\/","url":"https:\/\/www.confagricoltura.org\/ferrara\/convegno-sulla-sostenibilita-nelle-aziende\/","name":"Convegno sulla sostenibilit\u00e0 nelle aziende - Confagricoltura Ferrara","isPartOf":{"@id":"https:\/\/www.confagricoltura.org\/ferrara\/#website"},"primaryImageOfPage":{"@id":"https:\/\/www.confagricoltura.org\/ferrara\/convegno-sulla-sostenibilita-nelle-aziende\/#primaryimage"},"image":{"@id":"https:\/\/www.confagricoltura.org\/ferrara\/convegno-sulla-sostenibilita-nelle-aziende\/#primaryimage"},"thumbnailUrl":"https:\/\/www.confagricoltura.org\/ferrara\/wp-content\/uploads\/sites\/19\/2022\/08\/Evento-Robert-Jhonson-Ferrara-22-settembre-2022.jpg","datePublished":"2022-08-25T07:01:10+00:00","dateModified":"2023-01-09T11:10:53+00:00","author":{"@id":"https:\/\/www.confagricoltura.org\/ferrara\/#\/schema\/person\/d9cf2f38512b27bfe8eb948b173481c3"},"breadcrumb":{"@id":"https:\/\/www.confagricoltura.org\/ferrara\/convegno-sulla-sostenibilita-nelle-aziende\/#breadcrumb"},"inLanguage":"it-IT","potentialAction":[{"@type":"ReadAction","target":["https:\/\/www.confagricoltura.org\/ferrara\/convegno-sulla-sostenibilita-nelle-aziende\/"]}]},{"@type":"ImageObject","inLanguage":"it-IT","@id":"https:\/\/www.confagricoltura.org\/ferrara\/convegno-sulla-sostenibilita-nelle-aziende\/#primaryimage","url":"https:\/\/www.confagricoltura.org\/ferrara\/wp-content\/uploads\/sites\/19\/2022\/08\/Evento-Robert-Jhonson-Ferrara-22-settembre-2022.jpg","contentUrl":"https:\/\/www.confagricoltura.org\/ferrara\/wp-content\/uploads\/sites\/19\/2022\/08\/Evento-Robert-Jhonson-Ferrara-22-settembre-2022.jpg","width":980,"height":723},{"@type":"BreadcrumbList","@id":"https:\/\/www.confagricoltura.org\/ferrara\/convegno-sulla-sostenibilita-nelle-aziende\/#breadcrumb","itemListElement":[{"@type":"ListItem","position":1,"name":"Home","item":"https:\/\/www.confagricoltura.org\/ferrara\/"},{"@type":"ListItem","position":2,"name":"Convegno sulla sostenibilit\u00e0 nelle aziende"}]},{"@type":"WebSite","@id":"https:\/\/www.confagricoltura.org\/ferrara\/#website","url":"https:\/\/www.confagricoltura.org\/ferrara\/","name":"Confagricoltura Ferrara","description":"Dalla parte degli Agricoltori","potentialAction":[{"@type":"SearchAction","target":{"@type":"EntryPoint","urlTemplate":"https:\/\/www.confagricoltura.org\/ferrara\/?s={search_term_string}"},"query-input":{"@type":"PropertyValueSpecification","valueRequired":true,"valueName":"search_term_string"}}],"inLanguage":"it-IT"},{"@type":"Person","@id":"https:\/\/www.confagricoltura.org\/ferrara\/#\/schema\/person\/d9cf2f38512b27bfe8eb948b173481c3","name":"confagricolturaferrara","image":{"@type":"ImageObject","inLanguage":"it-IT","@id":"https:\/\/www.confagricoltura.org\/ferrara\/#\/schema\/person\/image\/","url":"https:\/\/secure.gravatar.com\/avatar\/0e20b6410f6d59fd01d4e94386070a26?s=96&d=mm&r=g","contentUrl":"https:\/\/secure.gravatar.com\/avatar\/0e20b6410f6d59fd01d4e94386070a26?s=96&d=mm&r=g","caption":"confagricolturaferrara"},"url":"https:\/\/www.confagricoltura.org\/ferrara\/author\/confagricolturaferrara\/"}]}},"_links":{"self":[{"href":"https:\/\/www.confagricoltura.org\/ferrara\/wp-json\/wp\/v2\/posts\/1604","targetHints":{"allow":["GET"]}}],"collection":[{"href":"https:\/\/www.confagricoltura.org\/ferrara\/wp-json\/wp\/v2\/posts"}],"about":[{"href":"https:\/\/www.confagricoltura.org\/ferrara\/wp-json\/wp\/v2\/types\/post"}],"author":[{"embeddable":true,"href":"https:\/\/www.confagricoltura.org\/ferrara\/wp-json\/wp\/v2\/users\/12"}],"replies":[{"embeddable":true,"href":"https:\/\/www.confagricoltura.org\/ferrara\/wp-json\/wp\/v2\/comments?post=1604"}],"version-history":[{"count":3,"href":"https:\/\/www.confagricoltura.org\/ferrara\/wp-json\/wp\/v2\/posts\/1604\/revisions"}],"predecessor-version":[{"id":1609,"href":"https:\/\/www.confagricoltura.org\/ferrara\/wp-json\/wp\/v2\/posts\/1604\/revisions\/1609"}],"wp:featuredmedia":[{"embeddable":true,"href":"https:\/\/www.confagricoltura.org\/ferrara\/wp-json\/wp\/v2\/media\/1605"}],"wp:attachment":[{"href":"https:\/\/www.confagricoltura.org\/ferrara\/wp-json\/wp\/v2\/media?parent=1604"}],"wp:term":[{"taxonomy":"category","embeddable":true,"href":"https:\/\/www.confagricoltura.org\/ferrara\/wp-json\/wp\/v2\/categories?post=1604"},{"taxonomy":"post_tag","embeddable":true,"href":"https:\/\/www.confagricoltura.org\/ferrara\/wp-json\/wp\/v2\/tags?post=1604"}],"curies":[{"name":"wp","href":"https:\/\/api.w.org\/{rel}","templated":true}]}}