{"id":1549,"date":"2022-04-12T12:13:00","date_gmt":"2022-04-12T10:13:00","guid":{"rendered":"https:\/\/www.confagricoltura.org\/ferrara\/?p=1549"},"modified":"2022-05-16T09:16:59","modified_gmt":"2022-05-16T07:16:59","slug":"al-via-la-partecipazione-al-xxiii-concorso-fotografico","status":"publish","type":"post","link":"https:\/\/www.confagricoltura.org\/ferrara\/al-via-la-partecipazione-al-xxiii-concorso-fotografico\/","title":{"rendered":"Al via la partecipazione al XXIII concorso fotografico"},"content":{"rendered":"\n<p>Sono aperte da alcuni giorni le iscrizioni alla XXIII edizione del Concorso Fotografico di Confagricoltura Ferrara. Il titolo di quest\u2019anno \u00e8 &#8220;Germogli, fiori e frutti: la rinascita delle nostre campagne&#8221;. Il concorso \u00e8 aperto a tutti gli appassionati di fotografia naturalistica, professionisti e non. Ogni autore pu\u00f2 partecipare con un numero massimo di cinque opere, che dovranno essere inviate, entro l\u20198 ottobre 2022, in formato .jpg, all\u2019indirizzo ferrara@confagricoltura.it oppure, nel caso le dimensioni degli allegati superino i 10MB complessivi, tramite la piattaforma WeTransfer. <\/p>\n\n\n\n<p>Le foto devono essere nominate con il titolo dell\u2019opera e nel testo della mail \u00e8 necessario specificare i dati dell\u2019autore: nome, cognome, indirizzo, recapito telefonico. L&#8217;ammissione delle opere e l&#8217;assegnazione dei premi avverr\u00e0 a giudizio insindacabile della giuria.<\/p>\n\n\n\n<p> Interessanti i premi in palio, per il primo classificato \u20ac 300,00 + coppa, per il secondo \u20ac 200,00 + targa e al terzo classificato \u20ac150,00 + targa. Tutte le opere verranno pubblicate sulla pagina Facebook di Confagricoltura Ferrara e saranno oggetto di votazione dal 13 ottobre fino alle ore 8 del 27 ottobre 2022. All\u2019autore della foto che ricever\u00e0 pi\u00f9 \u201cMi Piace\u201d verr\u00e0 assegnato un premio aggiuntivo: una cesta con prodotti delle aziende associate a Confagricoltura Ferrara. Le premiazioni saranno effettuate nel corso dell&#8217;Assemblea dei Delegati che si terr\u00e0 entro la fine dell\u2019anno.<\/p>\n","protected":false},"excerpt":{"rendered":"<p>Il titolo di quest\u2019anno \u00e8 &#8220;Germogli, fiori e frutti: la rinascita delle nostre campagne&#8221;<\/p>\n","protected":false},"author":12,"featured_media":1515,"comment_status":"closed","ping_status":"closed","sticky":false,"template":"","format":"standard","meta":{"wp_mapbox_gl_js_media":[],"footnotes":""},"categories":[25,4],"tags":[102,36,103],"class_list":["post-1549","post","type-post","status-publish","format-standard","has-post-thumbnail","hentry","category-attualita","category-notizie","tag-campagna","tag-concorso","tag-fotografia"],"yoast_head":"<!-- This site is optimized with the Yoast SEO plugin v26.8 - https:\/\/yoast.com\/product\/yoast-seo-wordpress\/ -->\n<title>Al via la partecipazione al XXIII concorso fotografico - Confagricoltura Ferrara<\/title>\n<meta name=\"robots\" content=\"index, follow, max-snippet:-1, max-image-preview:large, max-video-preview:-1\" \/>\n<link rel=\"canonical\" href=\"https:\/\/www.confagricoltura.org\/ferrara\/al-via-la-partecipazione-al-xxiii-concorso-fotografico\/\" \/>\n<meta property=\"og:locale\" content=\"it_IT\" \/>\n<meta property=\"og:type\" content=\"article\" \/>\n<meta property=\"og:title\" content=\"Al via la partecipazione al XXIII concorso fotografico - Confagricoltura Ferrara\" \/>\n<meta property=\"og:description\" content=\"Il titolo di quest\u2019anno \u00e8 &quot;Germogli, fiori e frutti: la rinascita delle nostre campagne&quot;\" \/>\n<meta property=\"og:url\" content=\"https:\/\/www.confagricoltura.org\/ferrara\/al-via-la-partecipazione-al-xxiii-concorso-fotografico\/\" \/>\n<meta property=\"og:site_name\" content=\"Confagricoltura Ferrara\" \/>\n<meta property=\"article:published_time\" content=\"2022-04-12T10:13:00+00:00\" \/>\n<meta property=\"article:modified_time\" content=\"2022-05-16T07:16:59+00:00\" \/>\n<meta property=\"og:image\" content=\"https:\/\/www.confagricoltura.org\/ferrara\/wp-content\/uploads\/sites\/19\/2021\/11\/1\u00b0-PREMIO-Targa-Roberto_impianto-di-irrigazione-in-azione-tra-le-piante-di-tifa.jpg\" \/>\n\t<meta property=\"og:image:width\" content=\"980\" \/>\n\t<meta property=\"og:image:height\" content=\"723\" \/>\n\t<meta property=\"og:image:type\" content=\"image\/jpeg\" \/>\n<meta name=\"author\" content=\"confagricolturaferrara\" \/>\n<meta name=\"twitter:card\" content=\"summary_large_image\" \/>\n<meta name=\"twitter:label1\" content=\"Scritto da\" \/>\n\t<meta name=\"twitter:data1\" content=\"confagricolturaferrara\" \/>\n\t<meta name=\"twitter:label2\" content=\"Tempo di lettura stimato\" \/>\n\t<meta name=\"twitter:data2\" content=\"1 minuto\" \/>\n<script type=\"application\/ld+json\" class=\"yoast-schema-graph\">{\"@context\":\"https:\/\/schema.org\",\"@graph\":[{\"@type\":\"Article\",\"@id\":\"https:\/\/www.confagricoltura.org\/ferrara\/al-via-la-partecipazione-al-xxiii-concorso-fotografico\/#article\",\"isPartOf\":{\"@id\":\"https:\/\/www.confagricoltura.org\/ferrara\/al-via-la-partecipazione-al-xxiii-concorso-fotografico\/\"},\"author\":{\"name\":\"confagricolturaferrara\",\"@id\":\"https:\/\/www.confagricoltura.org\/ferrara\/#\/schema\/person\/d9cf2f38512b27bfe8eb948b173481c3\"},\"headline\":\"Al via la partecipazione al XXIII concorso fotografico\",\"datePublished\":\"2022-04-12T10:13:00+00:00\",\"dateModified\":\"2022-05-16T07:16:59+00:00\",\"mainEntityOfPage\":{\"@id\":\"https:\/\/www.confagricoltura.org\/ferrara\/al-via-la-partecipazione-al-xxiii-concorso-fotografico\/\"},\"wordCount\":217,\"image\":{\"@id\":\"https:\/\/www.confagricoltura.org\/ferrara\/al-via-la-partecipazione-al-xxiii-concorso-fotografico\/#primaryimage\"},\"thumbnailUrl\":\"https:\/\/www.confagricoltura.org\/ferrara\/wp-content\/uploads\/sites\/19\/2021\/11\/1\u00b0-PREMIO-Targa-Roberto_impianto-di-irrigazione-in-azione-tra-le-piante-di-tifa.jpg\",\"keywords\":[\"campagna\",\"concorso\",\"fotografia\"],\"articleSection\":[\"Attualit\u00e0\",\"Notizie\"],\"inLanguage\":\"it-IT\"},{\"@type\":\"WebPage\",\"@id\":\"https:\/\/www.confagricoltura.org\/ferrara\/al-via-la-partecipazione-al-xxiii-concorso-fotografico\/\",\"url\":\"https:\/\/www.confagricoltura.org\/ferrara\/al-via-la-partecipazione-al-xxiii-concorso-fotografico\/\",\"name\":\"Al via la partecipazione al XXIII concorso fotografico - Confagricoltura Ferrara\",\"isPartOf\":{\"@id\":\"https:\/\/www.confagricoltura.org\/ferrara\/#website\"},\"primaryImageOfPage\":{\"@id\":\"https:\/\/www.confagricoltura.org\/ferrara\/al-via-la-partecipazione-al-xxiii-concorso-fotografico\/#primaryimage\"},\"image\":{\"@id\":\"https:\/\/www.confagricoltura.org\/ferrara\/al-via-la-partecipazione-al-xxiii-concorso-fotografico\/#primaryimage\"},\"thumbnailUrl\":\"https:\/\/www.confagricoltura.org\/ferrara\/wp-content\/uploads\/sites\/19\/2021\/11\/1\u00b0-PREMIO-Targa-Roberto_impianto-di-irrigazione-in-azione-tra-le-piante-di-tifa.jpg\",\"datePublished\":\"2022-04-12T10:13:00+00:00\",\"dateModified\":\"2022-05-16T07:16:59+00:00\",\"author\":{\"@id\":\"https:\/\/www.confagricoltura.org\/ferrara\/#\/schema\/person\/d9cf2f38512b27bfe8eb948b173481c3\"},\"breadcrumb\":{\"@id\":\"https:\/\/www.confagricoltura.org\/ferrara\/al-via-la-partecipazione-al-xxiii-concorso-fotografico\/#breadcrumb\"},\"inLanguage\":\"it-IT\",\"potentialAction\":[{\"@type\":\"ReadAction\",\"target\":[\"https:\/\/www.confagricoltura.org\/ferrara\/al-via-la-partecipazione-al-xxiii-concorso-fotografico\/\"]}]},{\"@type\":\"ImageObject\",\"inLanguage\":\"it-IT\",\"@id\":\"https:\/\/www.confagricoltura.org\/ferrara\/al-via-la-partecipazione-al-xxiii-concorso-fotografico\/#primaryimage\",\"url\":\"https:\/\/www.confagricoltura.org\/ferrara\/wp-content\/uploads\/sites\/19\/2021\/11\/1\u00b0-PREMIO-Targa-Roberto_impianto-di-irrigazione-in-azione-tra-le-piante-di-tifa.jpg\",\"contentUrl\":\"https:\/\/www.confagricoltura.org\/ferrara\/wp-content\/uploads\/sites\/19\/2021\/11\/1\u00b0-PREMIO-Targa-Roberto_impianto-di-irrigazione-in-azione-tra-le-piante-di-tifa.jpg\",\"width\":980,\"height\":723,\"caption\":\"Foto vincitrice edizione 2021\"},{\"@type\":\"BreadcrumbList\",\"@id\":\"https:\/\/www.confagricoltura.org\/ferrara\/al-via-la-partecipazione-al-xxiii-concorso-fotografico\/#breadcrumb\",\"itemListElement\":[{\"@type\":\"ListItem\",\"position\":1,\"name\":\"Home\",\"item\":\"https:\/\/www.confagricoltura.org\/ferrara\/\"},{\"@type\":\"ListItem\",\"position\":2,\"name\":\"Al via la partecipazione al XXIII concorso fotografico\"}]},{\"@type\":\"WebSite\",\"@id\":\"https:\/\/www.confagricoltura.org\/ferrara\/#website\",\"url\":\"https:\/\/www.confagricoltura.org\/ferrara\/\",\"name\":\"Confagricoltura Ferrara\",\"description\":\"Dalla parte degli Agricoltori\",\"potentialAction\":[{\"@type\":\"SearchAction\",\"target\":{\"@type\":\"EntryPoint\",\"urlTemplate\":\"https:\/\/www.confagricoltura.org\/ferrara\/?s={search_term_string}\"},\"query-input\":{\"@type\":\"PropertyValueSpecification\",\"valueRequired\":true,\"valueName\":\"search_term_string\"}}],\"inLanguage\":\"it-IT\"},{\"@type\":\"Person\",\"@id\":\"https:\/\/www.confagricoltura.org\/ferrara\/#\/schema\/person\/d9cf2f38512b27bfe8eb948b173481c3\",\"name\":\"confagricolturaferrara\",\"image\":{\"@type\":\"ImageObject\",\"inLanguage\":\"it-IT\",\"@id\":\"https:\/\/www.confagricoltura.org\/ferrara\/#\/schema\/person\/image\/\",\"url\":\"https:\/\/secure.gravatar.com\/avatar\/0e20b6410f6d59fd01d4e94386070a26?s=96&d=mm&r=g\",\"contentUrl\":\"https:\/\/secure.gravatar.com\/avatar\/0e20b6410f6d59fd01d4e94386070a26?s=96&d=mm&r=g\",\"caption\":\"confagricolturaferrara\"},\"url\":\"https:\/\/www.confagricoltura.org\/ferrara\/author\/confagricolturaferrara\/\"}]}<\/script>\n<!-- \/ Yoast SEO plugin. -->","yoast_head_json":{"title":"Al via la partecipazione al XXIII concorso fotografico - Confagricoltura Ferrara","robots":{"index":"index","follow":"follow","max-snippet":"max-snippet:-1","max-image-preview":"max-image-preview:large","max-video-preview":"max-video-preview:-1"},"canonical":"https:\/\/www.confagricoltura.org\/ferrara\/al-via-la-partecipazione-al-xxiii-concorso-fotografico\/","og_locale":"it_IT","og_type":"article","og_title":"Al via la partecipazione al XXIII concorso fotografico - Confagricoltura Ferrara","og_description":"Il titolo di quest\u2019anno \u00e8 \"Germogli, fiori e frutti: la rinascita delle nostre campagne\"","og_url":"https:\/\/www.confagricoltura.org\/ferrara\/al-via-la-partecipazione-al-xxiii-concorso-fotografico\/","og_site_name":"Confagricoltura Ferrara","article_published_time":"2022-04-12T10:13:00+00:00","article_modified_time":"2022-05-16T07:16:59+00:00","og_image":[{"width":980,"height":723,"url":"https:\/\/www.confagricoltura.org\/ferrara\/wp-content\/uploads\/sites\/19\/2021\/11\/1\u00b0-PREMIO-Targa-Roberto_impianto-di-irrigazione-in-azione-tra-le-piante-di-tifa.jpg","type":"image\/jpeg"}],"author":"confagricolturaferrara","twitter_card":"summary_large_image","twitter_misc":{"Scritto da":"confagricolturaferrara","Tempo di lettura stimato":"1 minuto"},"schema":{"@context":"https:\/\/schema.org","@graph":[{"@type":"Article","@id":"https:\/\/www.confagricoltura.org\/ferrara\/al-via-la-partecipazione-al-xxiii-concorso-fotografico\/#article","isPartOf":{"@id":"https:\/\/www.confagricoltura.org\/ferrara\/al-via-la-partecipazione-al-xxiii-concorso-fotografico\/"},"author":{"name":"confagricolturaferrara","@id":"https:\/\/www.confagricoltura.org\/ferrara\/#\/schema\/person\/d9cf2f38512b27bfe8eb948b173481c3"},"headline":"Al via la partecipazione al XXIII concorso fotografico","datePublished":"2022-04-12T10:13:00+00:00","dateModified":"2022-05-16T07:16:59+00:00","mainEntityOfPage":{"@id":"https:\/\/www.confagricoltura.org\/ferrara\/al-via-la-partecipazione-al-xxiii-concorso-fotografico\/"},"wordCount":217,"image":{"@id":"https:\/\/www.confagricoltura.org\/ferrara\/al-via-la-partecipazione-al-xxiii-concorso-fotografico\/#primaryimage"},"thumbnailUrl":"https:\/\/www.confagricoltura.org\/ferrara\/wp-content\/uploads\/sites\/19\/2021\/11\/1\u00b0-PREMIO-Targa-Roberto_impianto-di-irrigazione-in-azione-tra-le-piante-di-tifa.jpg","keywords":["campagna","concorso","fotografia"],"articleSection":["Attualit\u00e0","Notizie"],"inLanguage":"it-IT"},{"@type":"WebPage","@id":"https:\/\/www.confagricoltura.org\/ferrara\/al-via-la-partecipazione-al-xxiii-concorso-fotografico\/","url":"https:\/\/www.confagricoltura.org\/ferrara\/al-via-la-partecipazione-al-xxiii-concorso-fotografico\/","name":"Al via la partecipazione al XXIII concorso fotografico - Confagricoltura Ferrara","isPartOf":{"@id":"https:\/\/www.confagricoltura.org\/ferrara\/#website"},"primaryImageOfPage":{"@id":"https:\/\/www.confagricoltura.org\/ferrara\/al-via-la-partecipazione-al-xxiii-concorso-fotografico\/#primaryimage"},"image":{"@id":"https:\/\/www.confagricoltura.org\/ferrara\/al-via-la-partecipazione-al-xxiii-concorso-fotografico\/#primaryimage"},"thumbnailUrl":"https:\/\/www.confagricoltura.org\/ferrara\/wp-content\/uploads\/sites\/19\/2021\/11\/1\u00b0-PREMIO-Targa-Roberto_impianto-di-irrigazione-in-azione-tra-le-piante-di-tifa.jpg","datePublished":"2022-04-12T10:13:00+00:00","dateModified":"2022-05-16T07:16:59+00:00","author":{"@id":"https:\/\/www.confagricoltura.org\/ferrara\/#\/schema\/person\/d9cf2f38512b27bfe8eb948b173481c3"},"breadcrumb":{"@id":"https:\/\/www.confagricoltura.org\/ferrara\/al-via-la-partecipazione-al-xxiii-concorso-fotografico\/#breadcrumb"},"inLanguage":"it-IT","potentialAction":[{"@type":"ReadAction","target":["https:\/\/www.confagricoltura.org\/ferrara\/al-via-la-partecipazione-al-xxiii-concorso-fotografico\/"]}]},{"@type":"ImageObject","inLanguage":"it-IT","@id":"https:\/\/www.confagricoltura.org\/ferrara\/al-via-la-partecipazione-al-xxiii-concorso-fotografico\/#primaryimage","url":"https:\/\/www.confagricoltura.org\/ferrara\/wp-content\/uploads\/sites\/19\/2021\/11\/1\u00b0-PREMIO-Targa-Roberto_impianto-di-irrigazione-in-azione-tra-le-piante-di-tifa.jpg","contentUrl":"https:\/\/www.confagricoltura.org\/ferrara\/wp-content\/uploads\/sites\/19\/2021\/11\/1\u00b0-PREMIO-Targa-Roberto_impianto-di-irrigazione-in-azione-tra-le-piante-di-tifa.jpg","width":980,"height":723,"caption":"Foto vincitrice edizione 2021"},{"@type":"BreadcrumbList","@id":"https:\/\/www.confagricoltura.org\/ferrara\/al-via-la-partecipazione-al-xxiii-concorso-fotografico\/#breadcrumb","itemListElement":[{"@type":"ListItem","position":1,"name":"Home","item":"https:\/\/www.confagricoltura.org\/ferrara\/"},{"@type":"ListItem","position":2,"name":"Al via la partecipazione al XXIII concorso fotografico"}]},{"@type":"WebSite","@id":"https:\/\/www.confagricoltura.org\/ferrara\/#website","url":"https:\/\/www.confagricoltura.org\/ferrara\/","name":"Confagricoltura Ferrara","description":"Dalla parte degli Agricoltori","potentialAction":[{"@type":"SearchAction","target":{"@type":"EntryPoint","urlTemplate":"https:\/\/www.confagricoltura.org\/ferrara\/?s={search_term_string}"},"query-input":{"@type":"PropertyValueSpecification","valueRequired":true,"valueName":"search_term_string"}}],"inLanguage":"it-IT"},{"@type":"Person","@id":"https:\/\/www.confagricoltura.org\/ferrara\/#\/schema\/person\/d9cf2f38512b27bfe8eb948b173481c3","name":"confagricolturaferrara","image":{"@type":"ImageObject","inLanguage":"it-IT","@id":"https:\/\/www.confagricoltura.org\/ferrara\/#\/schema\/person\/image\/","url":"https:\/\/secure.gravatar.com\/avatar\/0e20b6410f6d59fd01d4e94386070a26?s=96&d=mm&r=g","contentUrl":"https:\/\/secure.gravatar.com\/avatar\/0e20b6410f6d59fd01d4e94386070a26?s=96&d=mm&r=g","caption":"confagricolturaferrara"},"url":"https:\/\/www.confagricoltura.org\/ferrara\/author\/confagricolturaferrara\/"}]}},"_links":{"self":[{"href":"https:\/\/www.confagricoltura.org\/ferrara\/wp-json\/wp\/v2\/posts\/1549","targetHints":{"allow":["GET"]}}],"collection":[{"href":"https:\/\/www.confagricoltura.org\/ferrara\/wp-json\/wp\/v2\/posts"}],"about":[{"href":"https:\/\/www.confagricoltura.org\/ferrara\/wp-json\/wp\/v2\/types\/post"}],"author":[{"embeddable":true,"href":"https:\/\/www.confagricoltura.org\/ferrara\/wp-json\/wp\/v2\/users\/12"}],"replies":[{"embeddable":true,"href":"https:\/\/www.confagricoltura.org\/ferrara\/wp-json\/wp\/v2\/comments?post=1549"}],"version-history":[{"count":3,"href":"https:\/\/www.confagricoltura.org\/ferrara\/wp-json\/wp\/v2\/posts\/1549\/revisions"}],"predecessor-version":[{"id":1553,"href":"https:\/\/www.confagricoltura.org\/ferrara\/wp-json\/wp\/v2\/posts\/1549\/revisions\/1553"}],"wp:featuredmedia":[{"embeddable":true,"href":"https:\/\/www.confagricoltura.org\/ferrara\/wp-json\/wp\/v2\/media\/1515"}],"wp:attachment":[{"href":"https:\/\/www.confagricoltura.org\/ferrara\/wp-json\/wp\/v2\/media?parent=1549"}],"wp:term":[{"taxonomy":"category","embeddable":true,"href":"https:\/\/www.confagricoltura.org\/ferrara\/wp-json\/wp\/v2\/categories?post=1549"},{"taxonomy":"post_tag","embeddable":true,"href":"https:\/\/www.confagricoltura.org\/ferrara\/wp-json\/wp\/v2\/tags?post=1549"}],"curies":[{"name":"wp","href":"https:\/\/api.w.org\/{rel}","templated":true}]}}