{"id":1541,"date":"2021-11-12T08:39:00","date_gmt":"2021-11-12T07:39:00","guid":{"rendered":"https:\/\/www.confagricoltura.org\/ferrara\/?p=1541"},"modified":"2022-04-05T11:25:43","modified_gmt":"2022-04-05T09:25:43","slug":"agricoltura-conservativa-minori-costi-e-piu-vita-nel-terreno","status":"publish","type":"post","link":"https:\/\/www.confagricoltura.org\/ferrara\/agricoltura-conservativa-minori-costi-e-piu-vita-nel-terreno\/","title":{"rendered":"Agricoltura conservativa: minori costi e pi\u00f9 vita nel terreno"},"content":{"rendered":"\n<p class=\"has-text-align-left\">Gioved\u00ec 11 novembre 2021, presso il Centro Didattico Alessandro Navarra, Borgo Le Aie di Gualdo (Fe), si \u00e8 tenuto il convegno &#8220;Agricoltura conservativa: minori costi, pi\u00f9 vita nel terreno&#8221;, organizzato dalla Fondazione per l&#8217;Agricoltura Fratelli Navarra insieme ad AIPAC (Associazione Italiana per agricoltura Conservativa) e con il patrocinio della Regione Emilia Romagna. Il mondo accademico e della produzione si sono incontrati per presentare, alla luce della sempre maggiore crisi climatica e delle conseguenti sfide che attendono il settore dell\u2019agricoltura, dati e risultati relativi a decenni di studi e applicazioni in campo di agricoltura conservativa. L&#8217;agricoltura conservativa, o agricoltura blu, \u00e8 uno degli asset dell&#8217;agricoltura del futuro, implementabile da subito. Questa tecnica, infatti, permette di ridurre i costi di lavorazione del terreno, aumenta il contenuto di sostanza organica e mantiene intrappolata nello spazio poroso del suolo la CO2, contribuendo a mitigare gli effetti del cambiamento climatico. Nicola Gherardi Ravalli Modoni, Presidente della Fondazione per l&#8217;Agricoltura F.lli Navarra, ha accolto i numerosi presenti e coloro che hanno seguito l\u2019incontro in streaming. Nel suo intervento ha ripercorso la quasi centenaria storia della Fondazione da lui ora guidata soffermandosi sull\u2019importanza che essa ricopre per l\u2019intero territorio. Nicola Gherardi, grazie alla sua visione privilegiata di Presidente della Fondazione Navarra, di membro di giunta nazionale di Confagricoltura e come imprenditore agricolo, ha ricordato l\u2019esigenza pressante di una riduzione dei gas climalteranti e come l\u2019agricoltura conservativa vada in questa direzione. Il Presidente Gherardi, ricordando l\u2019urgenza di fare scelte ecosostenibili, ha poi aggiunto, \u201cquando la memoria dell\u2019uomo \u00e8 in grado di constatare la differenza climatica, vuol dire che questa ha ormai raggiunto livelli di gravit\u00e0 assoluta\u201d. Gherardi ha ringraziato Luigi Fenati, suo predecessore alla guida della Fondazione F.lli Navarra, presente in sala, per aver contribuito alla nascita di questo importante progetto. La parola \u00e8 quindi passata ad Alberto Cavallini, Presidente cofondatore di AIPAC e anima della stessa. Alberto Cavallini ha parlato di una rivoluzione silenziosa iniziata pi\u00f9 di 40 anni fa e della quale lui rappresenta la memoria storica; di seguito alcuni passaggi del suo intervento: \u201cQuesto incontro \u00e8 incentrato sulla semina diretta, i suoi vantaggi e sulla possibilit\u00e0 che possa diventare in futuro il sistema per eccellenza di lavorazione dei terreni. Quanto viene presentato oggi \u00e8 frutto di anni di lavoro, studi, interscambi professionali con persone, associazioni, tecnici e numerosi viaggi in altri Paesi. La molla che ha spinto me e un gruppo ristretto di persone, che da tempo avverte la necessit\u00e0 di bloccare la discesa verticale della sostanza organica del terreno, che sappiamo tutti essere il principio su cui si basa l\u2019aumento o la diminuzione delle produzioni \u2013 ha proseguito Cavallini &#8211; \u00e8 quella di cercare ogni modo possibile per aumentarla. E da qui che partimmo pi\u00f9 di 20 anni fa per visitare aziende del Nord e Sud America che praticavano gi\u00e0 semina su sodo. Allora erano 50 mln gli ettari coltivati con la semina su sodo o agricoltura conservativa o agricoltura blu; oggi gli ettari sono diventati, compreso Canada, Australia, Nuova Zelanda, ben 200 milioni. Una vera rivoluzione silenziosa i cui protagonisti sono soprattutto gli agricoltori, in funzione della certezza di originare un reddito. Perch\u00e9 l\u2019agricoltura conservativa permette una serie di risparmi: nell\u2019acquisto di attrezzature, nel tempo impiegato per coltivare, nei costi dei concimi. Oggi l\u201980-90% del suolo agricolo americano viene coltivato in semina diretta grazie a un sistema virtuoso e condiviso da Istituzioni, Universit\u00e0, Centri di Ricerca, Associazioni di agricoltori e imprenditori agricoli. In Italia e in Europa questo non succede e il convegno di oggi vuole essere una proposta concreta supportata da anni di studio e da evidenze scientifiche. Ma solo gli agricoltori possono invertire le tendenze, sono loro, siamo noi che possiamo compiere questa rivoluzione silenziosa dagli innumerevoli vantaggi: la semina su sodo diminuisce infatti i costi e fa aumentare nel tempo al produzione e permette l\u2019assorbimento della CO2, che significa poter quantificare i crediti di carbonio e poterli anche vendere. Questo \u00e8 il tema del convegno, con la speranza di riuscire a replicare ci\u00f2 che \u00e8 gi\u00e0 successo altrove, e lo facciamo insieme alle Associazioni agricole, alle Istituzioni, alle Universit\u00e0, ai costruttori di macchine agricole, ai contoterzisti, oggi qui riuniti per presentare il progetto con evidenze scientifiche\u201d. Sono seguiti poi gli interventi a cura dei componenti del Comitato Scientifico. Andrea Fiorini, Phd al Dipartimento di Scienze delle Produzioni Vegetali Sostenibili dell&#8217;Universit\u00e0 Cattolica del Sacro Cuore di Piacenza, ha trattato &#8220;Pratiche agricole conservative e risvolti sulla fertilit\u00e0 del suolo: le ragioni di una scelta&#8221;, Gianluca Bianchini del Dipartimento di Fisica e Scienze della Terra di UniFe e<br>Livia Vittori Antisari del Dipartimento di Scienze e Tecnologie Agroalimentari di UniBo hanno presentato la relazione &#8220;Quantit\u00e0 e qualit\u00e0 della sostanza organica nei terreni agrari: metodi e strategie per il monitoraggio&#8221;. E\u2019 poi intervenuto Tomaso Bertoli di BiokW Srl di Trento, che ha presentato il prodotto della sua azienda &#8220;Biochar: decarbonizza i prodotti, aumenta la sostanza organica, protegge i suoli e i lombrichi&#8221;, mentre Giampaolo Sarno del Servizio Agricoltura Sostenibile della Regione Emilia Romagna ha relazionato su &#8220;Psr agricoltura conservativa e incremento sostanza organica&#8221;. La parola \u00e8 poi passata a Claudio Scalise, di Sg Marketing Bologna &#8220;Agricoltura conservativa: dare valore alla produzione per un futuro sostenibile: il progetto Aipac&#8221;. Le conclusioni sono state affidate a Paolo Calvano, assessore al Bilancio della Regione Emilia Romagna, il quale ha affermato che \u201cuna grande ristrutturazione economica attende la nostra societ\u00e0, il PNRR avr\u00e0 una portata superiore al Piano Marshall; serve un importante intervento pubblico che accompagni questa transizione ed \u00e8 elevatissima l\u2019attenzione su terra e ambiente. Questo importante progetto non potr\u00e0 concludersi oggi, ma per diffonderlo si dovr\u00e0 dare continuit\u00e0 al comitato scientifico implementando la platea di AIPAC\u201d. Al termine del convegno \u00e8 stato trasmesso il filmato della Ditta Past\u00f2 Agriculture Srl, con dimostrazioni pratiche di attrezzature innovative e specifiche per l\u2019agricoltura conservativa. Alberto Cavallini ha chiuso la coinvolgente mattinata con parole forti e accorate \u201cQuesto convegno nel suo piccolo, con un po\u2019 di presunzione e altrettanta speranza, ha presentato questa tecnica colturale affrontando ogni passaggio con evidenze scientifiche. Questa \u00e8 una grande sfida ma non impossibile, vogliamo proporre l\u2019opportunit\u00e0 di unirvi a noi nel cambiamento e certificarne il sistema. Ora la decisione \u00e8 nelle mani degli agricoltori e il Green Deal ci offre una grande opportunit\u00e0 economica\u201d.<\/p>\n","protected":false},"excerpt":{"rendered":"<p>Questa tecnica permette di ridurre i costi di lavorazione del terreno, aumenta il contenuto di sostanza organica e mantiene intrappolata nello spazio poroso del suolo la CO2, contribuendo a mitigare gli effetti del cambiamento climatico<\/p>\n","protected":false},"author":12,"featured_media":1542,"comment_status":"closed","ping_status":"closed","sticky":false,"template":"","format":"standard","meta":{"wp_mapbox_gl_js_media":[],"footnotes":""},"categories":[25,4],"tags":[82,97,98,100,99],"class_list":["post-1541","post","type-post","status-publish","format-standard","has-post-thumbnail","hentry","category-attualita","category-notizie","tag-agricolturablu","tag-agricolturaconservativa","tag-co2","tag-fondazionenavarra","tag-sostanzaorganica"],"yoast_head":"<!-- This site is optimized with the Yoast SEO plugin v26.8 - https:\/\/yoast.com\/product\/yoast-seo-wordpress\/ -->\n<title>Agricoltura conservativa: minori costi e pi\u00f9 vita nel terreno - Confagricoltura Ferrara<\/title>\n<meta name=\"robots\" content=\"index, follow, max-snippet:-1, max-image-preview:large, max-video-preview:-1\" \/>\n<link rel=\"canonical\" href=\"https:\/\/www.confagricoltura.org\/ferrara\/agricoltura-conservativa-minori-costi-e-piu-vita-nel-terreno\/\" \/>\n<meta property=\"og:locale\" content=\"it_IT\" \/>\n<meta property=\"og:type\" content=\"article\" \/>\n<meta property=\"og:title\" content=\"Agricoltura conservativa: minori costi e pi\u00f9 vita nel terreno - Confagricoltura Ferrara\" \/>\n<meta property=\"og:description\" content=\"Questa tecnica permette di ridurre i costi di lavorazione del terreno, aumenta il contenuto di sostanza organica e mantiene intrappolata nello spazio poroso del suolo la CO2, contribuendo a mitigare gli effetti del cambiamento climatico\" \/>\n<meta property=\"og:url\" content=\"https:\/\/www.confagricoltura.org\/ferrara\/agricoltura-conservativa-minori-costi-e-piu-vita-nel-terreno\/\" \/>\n<meta property=\"og:site_name\" content=\"Confagricoltura Ferrara\" \/>\n<meta property=\"article:published_time\" content=\"2021-11-12T07:39:00+00:00\" \/>\n<meta property=\"article:modified_time\" content=\"2022-04-05T09:25:43+00:00\" \/>\n<meta property=\"og:image\" content=\"https:\/\/www.confagricoltura.org\/ferrara\/wp-content\/uploads\/sites\/19\/2022\/04\/222.jpg\" \/>\n\t<meta property=\"og:image:width\" content=\"980\" \/>\n\t<meta property=\"og:image:height\" content=\"723\" \/>\n\t<meta property=\"og:image:type\" content=\"image\/jpeg\" \/>\n<meta name=\"author\" content=\"confagricolturaferrara\" \/>\n<meta name=\"twitter:card\" content=\"summary_large_image\" \/>\n<meta name=\"twitter:label1\" content=\"Scritto da\" \/>\n\t<meta name=\"twitter:data1\" content=\"confagricolturaferrara\" \/>\n\t<meta name=\"twitter:label2\" content=\"Tempo di lettura stimato\" \/>\n\t<meta name=\"twitter:data2\" content=\"5 minuti\" \/>\n<script type=\"application\/ld+json\" class=\"yoast-schema-graph\">{\"@context\":\"https:\/\/schema.org\",\"@graph\":[{\"@type\":\"Article\",\"@id\":\"https:\/\/www.confagricoltura.org\/ferrara\/agricoltura-conservativa-minori-costi-e-piu-vita-nel-terreno\/#article\",\"isPartOf\":{\"@id\":\"https:\/\/www.confagricoltura.org\/ferrara\/agricoltura-conservativa-minori-costi-e-piu-vita-nel-terreno\/\"},\"author\":{\"name\":\"confagricolturaferrara\",\"@id\":\"https:\/\/www.confagricoltura.org\/ferrara\/#\/schema\/person\/d9cf2f38512b27bfe8eb948b173481c3\"},\"headline\":\"Agricoltura conservativa: minori costi e pi\u00f9 vita nel terreno\",\"datePublished\":\"2021-11-12T07:39:00+00:00\",\"dateModified\":\"2022-04-05T09:25:43+00:00\",\"mainEntityOfPage\":{\"@id\":\"https:\/\/www.confagricoltura.org\/ferrara\/agricoltura-conservativa-minori-costi-e-piu-vita-nel-terreno\/\"},\"wordCount\":1050,\"image\":{\"@id\":\"https:\/\/www.confagricoltura.org\/ferrara\/agricoltura-conservativa-minori-costi-e-piu-vita-nel-terreno\/#primaryimage\"},\"thumbnailUrl\":\"https:\/\/www.confagricoltura.org\/ferrara\/wp-content\/uploads\/sites\/19\/2022\/04\/222.jpg\",\"keywords\":[\"agricolturablu\",\"agricolturaconservativa\",\"CO2\",\"Fondazionenavarra\",\"sostanzaorganica\"],\"articleSection\":[\"Attualit\u00e0\",\"Notizie\"],\"inLanguage\":\"it-IT\"},{\"@type\":\"WebPage\",\"@id\":\"https:\/\/www.confagricoltura.org\/ferrara\/agricoltura-conservativa-minori-costi-e-piu-vita-nel-terreno\/\",\"url\":\"https:\/\/www.confagricoltura.org\/ferrara\/agricoltura-conservativa-minori-costi-e-piu-vita-nel-terreno\/\",\"name\":\"Agricoltura conservativa: minori costi e pi\u00f9 vita nel terreno - Confagricoltura Ferrara\",\"isPartOf\":{\"@id\":\"https:\/\/www.confagricoltura.org\/ferrara\/#website\"},\"primaryImageOfPage\":{\"@id\":\"https:\/\/www.confagricoltura.org\/ferrara\/agricoltura-conservativa-minori-costi-e-piu-vita-nel-terreno\/#primaryimage\"},\"image\":{\"@id\":\"https:\/\/www.confagricoltura.org\/ferrara\/agricoltura-conservativa-minori-costi-e-piu-vita-nel-terreno\/#primaryimage\"},\"thumbnailUrl\":\"https:\/\/www.confagricoltura.org\/ferrara\/wp-content\/uploads\/sites\/19\/2022\/04\/222.jpg\",\"datePublished\":\"2021-11-12T07:39:00+00:00\",\"dateModified\":\"2022-04-05T09:25:43+00:00\",\"author\":{\"@id\":\"https:\/\/www.confagricoltura.org\/ferrara\/#\/schema\/person\/d9cf2f38512b27bfe8eb948b173481c3\"},\"breadcrumb\":{\"@id\":\"https:\/\/www.confagricoltura.org\/ferrara\/agricoltura-conservativa-minori-costi-e-piu-vita-nel-terreno\/#breadcrumb\"},\"inLanguage\":\"it-IT\",\"potentialAction\":[{\"@type\":\"ReadAction\",\"target\":[\"https:\/\/www.confagricoltura.org\/ferrara\/agricoltura-conservativa-minori-costi-e-piu-vita-nel-terreno\/\"]}]},{\"@type\":\"ImageObject\",\"inLanguage\":\"it-IT\",\"@id\":\"https:\/\/www.confagricoltura.org\/ferrara\/agricoltura-conservativa-minori-costi-e-piu-vita-nel-terreno\/#primaryimage\",\"url\":\"https:\/\/www.confagricoltura.org\/ferrara\/wp-content\/uploads\/sites\/19\/2022\/04\/222.jpg\",\"contentUrl\":\"https:\/\/www.confagricoltura.org\/ferrara\/wp-content\/uploads\/sites\/19\/2022\/04\/222.jpg\",\"width\":980,\"height\":723},{\"@type\":\"BreadcrumbList\",\"@id\":\"https:\/\/www.confagricoltura.org\/ferrara\/agricoltura-conservativa-minori-costi-e-piu-vita-nel-terreno\/#breadcrumb\",\"itemListElement\":[{\"@type\":\"ListItem\",\"position\":1,\"name\":\"Home\",\"item\":\"https:\/\/www.confagricoltura.org\/ferrara\/\"},{\"@type\":\"ListItem\",\"position\":2,\"name\":\"Agricoltura conservativa: minori costi e pi\u00f9 vita nel terreno\"}]},{\"@type\":\"WebSite\",\"@id\":\"https:\/\/www.confagricoltura.org\/ferrara\/#website\",\"url\":\"https:\/\/www.confagricoltura.org\/ferrara\/\",\"name\":\"Confagricoltura Ferrara\",\"description\":\"Dalla parte degli Agricoltori\",\"potentialAction\":[{\"@type\":\"SearchAction\",\"target\":{\"@type\":\"EntryPoint\",\"urlTemplate\":\"https:\/\/www.confagricoltura.org\/ferrara\/?s={search_term_string}\"},\"query-input\":{\"@type\":\"PropertyValueSpecification\",\"valueRequired\":true,\"valueName\":\"search_term_string\"}}],\"inLanguage\":\"it-IT\"},{\"@type\":\"Person\",\"@id\":\"https:\/\/www.confagricoltura.org\/ferrara\/#\/schema\/person\/d9cf2f38512b27bfe8eb948b173481c3\",\"name\":\"confagricolturaferrara\",\"image\":{\"@type\":\"ImageObject\",\"inLanguage\":\"it-IT\",\"@id\":\"https:\/\/www.confagricoltura.org\/ferrara\/#\/schema\/person\/image\/\",\"url\":\"https:\/\/secure.gravatar.com\/avatar\/0e20b6410f6d59fd01d4e94386070a26?s=96&d=mm&r=g\",\"contentUrl\":\"https:\/\/secure.gravatar.com\/avatar\/0e20b6410f6d59fd01d4e94386070a26?s=96&d=mm&r=g\",\"caption\":\"confagricolturaferrara\"},\"url\":\"https:\/\/www.confagricoltura.org\/ferrara\/author\/confagricolturaferrara\/\"}]}<\/script>\n<!-- \/ Yoast SEO plugin. -->","yoast_head_json":{"title":"Agricoltura conservativa: minori costi e pi\u00f9 vita nel terreno - Confagricoltura Ferrara","robots":{"index":"index","follow":"follow","max-snippet":"max-snippet:-1","max-image-preview":"max-image-preview:large","max-video-preview":"max-video-preview:-1"},"canonical":"https:\/\/www.confagricoltura.org\/ferrara\/agricoltura-conservativa-minori-costi-e-piu-vita-nel-terreno\/","og_locale":"it_IT","og_type":"article","og_title":"Agricoltura conservativa: minori costi e pi\u00f9 vita nel terreno - Confagricoltura Ferrara","og_description":"Questa tecnica permette di ridurre i costi di lavorazione del terreno, aumenta il contenuto di sostanza organica e mantiene intrappolata nello spazio poroso del suolo la CO2, contribuendo a mitigare gli effetti del cambiamento climatico","og_url":"https:\/\/www.confagricoltura.org\/ferrara\/agricoltura-conservativa-minori-costi-e-piu-vita-nel-terreno\/","og_site_name":"Confagricoltura Ferrara","article_published_time":"2021-11-12T07:39:00+00:00","article_modified_time":"2022-04-05T09:25:43+00:00","og_image":[{"width":980,"height":723,"url":"https:\/\/www.confagricoltura.org\/ferrara\/wp-content\/uploads\/sites\/19\/2022\/04\/222.jpg","type":"image\/jpeg"}],"author":"confagricolturaferrara","twitter_card":"summary_large_image","twitter_misc":{"Scritto da":"confagricolturaferrara","Tempo di lettura stimato":"5 minuti"},"schema":{"@context":"https:\/\/schema.org","@graph":[{"@type":"Article","@id":"https:\/\/www.confagricoltura.org\/ferrara\/agricoltura-conservativa-minori-costi-e-piu-vita-nel-terreno\/#article","isPartOf":{"@id":"https:\/\/www.confagricoltura.org\/ferrara\/agricoltura-conservativa-minori-costi-e-piu-vita-nel-terreno\/"},"author":{"name":"confagricolturaferrara","@id":"https:\/\/www.confagricoltura.org\/ferrara\/#\/schema\/person\/d9cf2f38512b27bfe8eb948b173481c3"},"headline":"Agricoltura conservativa: minori costi e pi\u00f9 vita nel terreno","datePublished":"2021-11-12T07:39:00+00:00","dateModified":"2022-04-05T09:25:43+00:00","mainEntityOfPage":{"@id":"https:\/\/www.confagricoltura.org\/ferrara\/agricoltura-conservativa-minori-costi-e-piu-vita-nel-terreno\/"},"wordCount":1050,"image":{"@id":"https:\/\/www.confagricoltura.org\/ferrara\/agricoltura-conservativa-minori-costi-e-piu-vita-nel-terreno\/#primaryimage"},"thumbnailUrl":"https:\/\/www.confagricoltura.org\/ferrara\/wp-content\/uploads\/sites\/19\/2022\/04\/222.jpg","keywords":["agricolturablu","agricolturaconservativa","CO2","Fondazionenavarra","sostanzaorganica"],"articleSection":["Attualit\u00e0","Notizie"],"inLanguage":"it-IT"},{"@type":"WebPage","@id":"https:\/\/www.confagricoltura.org\/ferrara\/agricoltura-conservativa-minori-costi-e-piu-vita-nel-terreno\/","url":"https:\/\/www.confagricoltura.org\/ferrara\/agricoltura-conservativa-minori-costi-e-piu-vita-nel-terreno\/","name":"Agricoltura conservativa: minori costi e pi\u00f9 vita nel terreno - Confagricoltura Ferrara","isPartOf":{"@id":"https:\/\/www.confagricoltura.org\/ferrara\/#website"},"primaryImageOfPage":{"@id":"https:\/\/www.confagricoltura.org\/ferrara\/agricoltura-conservativa-minori-costi-e-piu-vita-nel-terreno\/#primaryimage"},"image":{"@id":"https:\/\/www.confagricoltura.org\/ferrara\/agricoltura-conservativa-minori-costi-e-piu-vita-nel-terreno\/#primaryimage"},"thumbnailUrl":"https:\/\/www.confagricoltura.org\/ferrara\/wp-content\/uploads\/sites\/19\/2022\/04\/222.jpg","datePublished":"2021-11-12T07:39:00+00:00","dateModified":"2022-04-05T09:25:43+00:00","author":{"@id":"https:\/\/www.confagricoltura.org\/ferrara\/#\/schema\/person\/d9cf2f38512b27bfe8eb948b173481c3"},"breadcrumb":{"@id":"https:\/\/www.confagricoltura.org\/ferrara\/agricoltura-conservativa-minori-costi-e-piu-vita-nel-terreno\/#breadcrumb"},"inLanguage":"it-IT","potentialAction":[{"@type":"ReadAction","target":["https:\/\/www.confagricoltura.org\/ferrara\/agricoltura-conservativa-minori-costi-e-piu-vita-nel-terreno\/"]}]},{"@type":"ImageObject","inLanguage":"it-IT","@id":"https:\/\/www.confagricoltura.org\/ferrara\/agricoltura-conservativa-minori-costi-e-piu-vita-nel-terreno\/#primaryimage","url":"https:\/\/www.confagricoltura.org\/ferrara\/wp-content\/uploads\/sites\/19\/2022\/04\/222.jpg","contentUrl":"https:\/\/www.confagricoltura.org\/ferrara\/wp-content\/uploads\/sites\/19\/2022\/04\/222.jpg","width":980,"height":723},{"@type":"BreadcrumbList","@id":"https:\/\/www.confagricoltura.org\/ferrara\/agricoltura-conservativa-minori-costi-e-piu-vita-nel-terreno\/#breadcrumb","itemListElement":[{"@type":"ListItem","position":1,"name":"Home","item":"https:\/\/www.confagricoltura.org\/ferrara\/"},{"@type":"ListItem","position":2,"name":"Agricoltura conservativa: minori costi e pi\u00f9 vita nel terreno"}]},{"@type":"WebSite","@id":"https:\/\/www.confagricoltura.org\/ferrara\/#website","url":"https:\/\/www.confagricoltura.org\/ferrara\/","name":"Confagricoltura Ferrara","description":"Dalla parte degli Agricoltori","potentialAction":[{"@type":"SearchAction","target":{"@type":"EntryPoint","urlTemplate":"https:\/\/www.confagricoltura.org\/ferrara\/?s={search_term_string}"},"query-input":{"@type":"PropertyValueSpecification","valueRequired":true,"valueName":"search_term_string"}}],"inLanguage":"it-IT"},{"@type":"Person","@id":"https:\/\/www.confagricoltura.org\/ferrara\/#\/schema\/person\/d9cf2f38512b27bfe8eb948b173481c3","name":"confagricolturaferrara","image":{"@type":"ImageObject","inLanguage":"it-IT","@id":"https:\/\/www.confagricoltura.org\/ferrara\/#\/schema\/person\/image\/","url":"https:\/\/secure.gravatar.com\/avatar\/0e20b6410f6d59fd01d4e94386070a26?s=96&d=mm&r=g","contentUrl":"https:\/\/secure.gravatar.com\/avatar\/0e20b6410f6d59fd01d4e94386070a26?s=96&d=mm&r=g","caption":"confagricolturaferrara"},"url":"https:\/\/www.confagricoltura.org\/ferrara\/author\/confagricolturaferrara\/"}]}},"_links":{"self":[{"href":"https:\/\/www.confagricoltura.org\/ferrara\/wp-json\/wp\/v2\/posts\/1541","targetHints":{"allow":["GET"]}}],"collection":[{"href":"https:\/\/www.confagricoltura.org\/ferrara\/wp-json\/wp\/v2\/posts"}],"about":[{"href":"https:\/\/www.confagricoltura.org\/ferrara\/wp-json\/wp\/v2\/types\/post"}],"author":[{"embeddable":true,"href":"https:\/\/www.confagricoltura.org\/ferrara\/wp-json\/wp\/v2\/users\/12"}],"replies":[{"embeddable":true,"href":"https:\/\/www.confagricoltura.org\/ferrara\/wp-json\/wp\/v2\/comments?post=1541"}],"version-history":[{"count":1,"href":"https:\/\/www.confagricoltura.org\/ferrara\/wp-json\/wp\/v2\/posts\/1541\/revisions"}],"predecessor-version":[{"id":1543,"href":"https:\/\/www.confagricoltura.org\/ferrara\/wp-json\/wp\/v2\/posts\/1541\/revisions\/1543"}],"wp:featuredmedia":[{"embeddable":true,"href":"https:\/\/www.confagricoltura.org\/ferrara\/wp-json\/wp\/v2\/media\/1542"}],"wp:attachment":[{"href":"https:\/\/www.confagricoltura.org\/ferrara\/wp-json\/wp\/v2\/media?parent=1541"}],"wp:term":[{"taxonomy":"category","embeddable":true,"href":"https:\/\/www.confagricoltura.org\/ferrara\/wp-json\/wp\/v2\/categories?post=1541"},{"taxonomy":"post_tag","embeddable":true,"href":"https:\/\/www.confagricoltura.org\/ferrara\/wp-json\/wp\/v2\/tags?post=1541"}],"curies":[{"name":"wp","href":"https:\/\/api.w.org\/{rel}","templated":true}]}}