{"id":1442,"date":"2021-04-06T15:17:03","date_gmt":"2021-04-06T13:17:03","guid":{"rendered":"https:\/\/www.confagricoltura.org\/ferrara\/?p=1442"},"modified":"2021-05-17T15:08:31","modified_gmt":"2021-05-17T13:08:31","slug":"giansanti-coordinatore-di-arinsieme","status":"publish","type":"post","link":"https:\/\/www.confagricoltura.org\/ferrara\/giansanti-coordinatore-di-arinsieme\/","title":{"rendered":"Giansanti nuovo  coordinatore di Agrinsieme"},"content":{"rendered":"\n<p>Il coordinamento di Agrinsieme, nato all\u2019inizio del 2013, giunto a un passo dal primo decennio di attivit\u00e0, conferma e rafforza la comunanza di intenti e di lavoro tra i soggetti che rappresentano l\u2019intera filiera e che vogliono trovare nuovi modelli di sviluppo rispetto alle sfide del mercato, soprattutto in un contesto economico che risente delle conseguenze della pandemia.<br>E\u2019 quanto emerso nella conferenza stampa dello scorso 30 marzo, svoltasi a Roma presso la sede del Confagricoltura, per il passaggio di coordinamento di Agrinsieme da Copagri a Confagricoltura. Il Coordinamento, che riunisce Confagricoltura, Cia, Copagri e Alleanza delle Cooperative Agroalimentari, rappresenta oltre i 2\/3 delle aziende agricole del Paese e il 60% del valore della produzione agricola e della superficie nazionale coltivata, con oltre 800mila persone occupate nelle imprese rappresentate, contribuendo in tal modo al 35% circa del fatturato agroalimentare italiano.<br>Ad arricchire il percorso di Agrinsieme, l\u2019intesa siglata nello stesso giorno con Federalimentare, la Federazione italiana dell\u2019industria alimentare, con cui i singoli soggetti del Coordinamento, insieme ad altri del comparto della distribuzione, avevano gi\u00e0 condiviso l\u2019impegno e i valori della \u201cbuona impresa\u201d nei primi mesi dell\u2019emergenza sanitaria.<br>Con questo accordo, Agrinsieme e Federalimentare si impegnano a coadiuvare le istituzioni e le forze politiche per il superamento della grave crisi economica, sociale e sanitaria, ma anche a promuovere azioni che possano contribuire a migliorare l\u2019attuazione del Recovery Plan attraverso una corretta relazione tra tutti i soggetti del settore. Con l\u2019intesa, inoltre, ogni singolo soggetto si attiver\u00e0 a mettere in atto iniziative per valorizzare la filiera agroalimentare, dal campo alla tavola, garantendo sicurezza, tracciabilit\u00e0 e qualit\u00e0 degli alimenti. Indispensabili, a riguardo, saranno la tecnologia e la ricerca applicate all\u2019agricoltura e lo sviluppo di best practice di filiera che possano valorizzare il Made in Italy sui mercati.<br>\u201cInnovazione e sviluppo sostenibile saranno i principali temi sui quali si concentreranno le attivit\u00e0 del Coordinamento per il prossimo biennio 2021-22, fermo restando che i processi dovranno essere accompagnati da adeguate politiche di crescita e programmazione. Lavoreremo per cercare di raggiungere il pi\u00f9 possibile l\u2019autosufficienza alimentare, che porterebbe il PIL agroalimentare a oltre 700 miliardi e l\u2019export a pi\u00f9 di 50 miliardi\u201d &#8211; ha affermato il neo coordinatore Massimiliano Giansanti, Presidente di Confagricoltura, subentrato a Franco Verrascina, Presidente di Copagri, che ha guidato Agrinsieme negli ultimi due anni e mezzo.<br>&#8220;Il settore alimentare non \u00e8 stato esente dal grande terremoto provocato dalla pandemia, &#8211; ha affermato Ivano Vacondio, Presidente di Federalimentare &#8211; ma rimango tuttora convinto che sia uno dei comparti che pu\u00f2 fare la differenza per la ripresa e per lo sviluppo del nostro Paese. Ora \u00e8 necessario ripartire ed entrare in una nuova fase, una fase in cui sostenibilit\u00e0 ambientale, sociale ed economica da un lato, e la ricerca, l&#8217;innovazione e la digitalizzazione dall&#8217;altro, sono la base di tutta la strategia a venire, in ogni campo. Per quanto riguarda il nostro, come industria del food&amp;beverage siamo pronti a lavorare in cooperazione con tutta la filiera agricola per affrontare queste nuove sfide, tenendo sempre ben presente l&#8217;obiettivo: mantenere alta la qualit\u00e0 dei prodotti Made in Italy e difendere i pilastri della dieta mediterranea&#8221;.<\/p>\n","protected":false},"excerpt":{"rendered":"<p>Il coordinamento nazionale di Agrinsieme passa a Confagricoltura<\/p>\n","protected":false},"author":12,"featured_media":1443,"comment_status":"closed","ping_status":"closed","sticky":false,"template":"","format":"standard","meta":{"wp_mapbox_gl_js_media":[],"footnotes":""},"categories":[25,4],"tags":[65,67,66],"class_list":["post-1442","post","type-post","status-publish","format-standard","has-post-thumbnail","hentry","category-attualita","category-notizie","tag-agrinsieme","tag-confagricoltura","tag-giansanti"],"yoast_head":"<!-- This site is optimized with the Yoast SEO plugin v26.8 - https:\/\/yoast.com\/product\/yoast-seo-wordpress\/ -->\n<title>Giansanti nuovo coordinatore di Agrinsieme - Confagricoltura Ferrara<\/title>\n<meta name=\"robots\" content=\"index, follow, max-snippet:-1, max-image-preview:large, max-video-preview:-1\" \/>\n<link rel=\"canonical\" href=\"https:\/\/www.confagricoltura.org\/ferrara\/giansanti-coordinatore-di-arinsieme\/\" \/>\n<meta property=\"og:locale\" content=\"it_IT\" \/>\n<meta property=\"og:type\" content=\"article\" \/>\n<meta property=\"og:title\" content=\"Giansanti nuovo coordinatore di Agrinsieme - Confagricoltura Ferrara\" \/>\n<meta property=\"og:description\" content=\"Il coordinamento nazionale di Agrinsieme passa a Confagricoltura\" \/>\n<meta property=\"og:url\" content=\"https:\/\/www.confagricoltura.org\/ferrara\/giansanti-coordinatore-di-arinsieme\/\" \/>\n<meta property=\"og:site_name\" content=\"Confagricoltura Ferrara\" \/>\n<meta property=\"article:published_time\" content=\"2021-04-06T13:17:03+00:00\" \/>\n<meta property=\"article:modified_time\" content=\"2021-05-17T13:08:31+00:00\" \/>\n<meta property=\"og:image\" content=\"https:\/\/www.confagricoltura.org\/ferrara\/wp-content\/uploads\/sites\/19\/2021\/04\/Agrinsieme_foto_di_gruppo.jpg\" \/>\n\t<meta property=\"og:image:width\" content=\"980\" \/>\n\t<meta property=\"og:image:height\" content=\"723\" \/>\n\t<meta property=\"og:image:type\" content=\"image\/jpeg\" \/>\n<meta name=\"author\" content=\"confagricolturaferrara\" \/>\n<meta name=\"twitter:card\" content=\"summary_large_image\" \/>\n<meta name=\"twitter:label1\" content=\"Scritto da\" \/>\n\t<meta name=\"twitter:data1\" content=\"confagricolturaferrara\" \/>\n\t<meta name=\"twitter:label2\" content=\"Tempo di lettura stimato\" \/>\n\t<meta name=\"twitter:data2\" content=\"3 minuti\" \/>\n<script type=\"application\/ld+json\" class=\"yoast-schema-graph\">{\"@context\":\"https:\/\/schema.org\",\"@graph\":[{\"@type\":\"Article\",\"@id\":\"https:\/\/www.confagricoltura.org\/ferrara\/giansanti-coordinatore-di-arinsieme\/#article\",\"isPartOf\":{\"@id\":\"https:\/\/www.confagricoltura.org\/ferrara\/giansanti-coordinatore-di-arinsieme\/\"},\"author\":{\"name\":\"confagricolturaferrara\",\"@id\":\"https:\/\/www.confagricoltura.org\/ferrara\/#\/schema\/person\/d9cf2f38512b27bfe8eb948b173481c3\"},\"headline\":\"Giansanti nuovo coordinatore di Agrinsieme\",\"datePublished\":\"2021-04-06T13:17:03+00:00\",\"dateModified\":\"2021-05-17T13:08:31+00:00\",\"mainEntityOfPage\":{\"@id\":\"https:\/\/www.confagricoltura.org\/ferrara\/giansanti-coordinatore-di-arinsieme\/\"},\"wordCount\":530,\"image\":{\"@id\":\"https:\/\/www.confagricoltura.org\/ferrara\/giansanti-coordinatore-di-arinsieme\/#primaryimage\"},\"thumbnailUrl\":\"https:\/\/www.confagricoltura.org\/ferrara\/wp-content\/uploads\/sites\/19\/2021\/04\/Agrinsieme_foto_di_gruppo.jpg\",\"keywords\":[\"agrinsieme\",\"confagricoltura\",\"giansanti\"],\"articleSection\":[\"Attualit\u00e0\",\"Notizie\"],\"inLanguage\":\"it-IT\"},{\"@type\":\"WebPage\",\"@id\":\"https:\/\/www.confagricoltura.org\/ferrara\/giansanti-coordinatore-di-arinsieme\/\",\"url\":\"https:\/\/www.confagricoltura.org\/ferrara\/giansanti-coordinatore-di-arinsieme\/\",\"name\":\"Giansanti nuovo coordinatore di Agrinsieme - Confagricoltura Ferrara\",\"isPartOf\":{\"@id\":\"https:\/\/www.confagricoltura.org\/ferrara\/#website\"},\"primaryImageOfPage\":{\"@id\":\"https:\/\/www.confagricoltura.org\/ferrara\/giansanti-coordinatore-di-arinsieme\/#primaryimage\"},\"image\":{\"@id\":\"https:\/\/www.confagricoltura.org\/ferrara\/giansanti-coordinatore-di-arinsieme\/#primaryimage\"},\"thumbnailUrl\":\"https:\/\/www.confagricoltura.org\/ferrara\/wp-content\/uploads\/sites\/19\/2021\/04\/Agrinsieme_foto_di_gruppo.jpg\",\"datePublished\":\"2021-04-06T13:17:03+00:00\",\"dateModified\":\"2021-05-17T13:08:31+00:00\",\"author\":{\"@id\":\"https:\/\/www.confagricoltura.org\/ferrara\/#\/schema\/person\/d9cf2f38512b27bfe8eb948b173481c3\"},\"breadcrumb\":{\"@id\":\"https:\/\/www.confagricoltura.org\/ferrara\/giansanti-coordinatore-di-arinsieme\/#breadcrumb\"},\"inLanguage\":\"it-IT\",\"potentialAction\":[{\"@type\":\"ReadAction\",\"target\":[\"https:\/\/www.confagricoltura.org\/ferrara\/giansanti-coordinatore-di-arinsieme\/\"]}]},{\"@type\":\"ImageObject\",\"inLanguage\":\"it-IT\",\"@id\":\"https:\/\/www.confagricoltura.org\/ferrara\/giansanti-coordinatore-di-arinsieme\/#primaryimage\",\"url\":\"https:\/\/www.confagricoltura.org\/ferrara\/wp-content\/uploads\/sites\/19\/2021\/04\/Agrinsieme_foto_di_gruppo.jpg\",\"contentUrl\":\"https:\/\/www.confagricoltura.org\/ferrara\/wp-content\/uploads\/sites\/19\/2021\/04\/Agrinsieme_foto_di_gruppo.jpg\",\"width\":980,\"height\":723},{\"@type\":\"BreadcrumbList\",\"@id\":\"https:\/\/www.confagricoltura.org\/ferrara\/giansanti-coordinatore-di-arinsieme\/#breadcrumb\",\"itemListElement\":[{\"@type\":\"ListItem\",\"position\":1,\"name\":\"Home\",\"item\":\"https:\/\/www.confagricoltura.org\/ferrara\/\"},{\"@type\":\"ListItem\",\"position\":2,\"name\":\"Giansanti nuovo coordinatore di Agrinsieme\"}]},{\"@type\":\"WebSite\",\"@id\":\"https:\/\/www.confagricoltura.org\/ferrara\/#website\",\"url\":\"https:\/\/www.confagricoltura.org\/ferrara\/\",\"name\":\"Confagricoltura Ferrara\",\"description\":\"Dalla parte degli Agricoltori\",\"potentialAction\":[{\"@type\":\"SearchAction\",\"target\":{\"@type\":\"EntryPoint\",\"urlTemplate\":\"https:\/\/www.confagricoltura.org\/ferrara\/?s={search_term_string}\"},\"query-input\":{\"@type\":\"PropertyValueSpecification\",\"valueRequired\":true,\"valueName\":\"search_term_string\"}}],\"inLanguage\":\"it-IT\"},{\"@type\":\"Person\",\"@id\":\"https:\/\/www.confagricoltura.org\/ferrara\/#\/schema\/person\/d9cf2f38512b27bfe8eb948b173481c3\",\"name\":\"confagricolturaferrara\",\"image\":{\"@type\":\"ImageObject\",\"inLanguage\":\"it-IT\",\"@id\":\"https:\/\/www.confagricoltura.org\/ferrara\/#\/schema\/person\/image\/\",\"url\":\"https:\/\/secure.gravatar.com\/avatar\/0e20b6410f6d59fd01d4e94386070a26?s=96&d=mm&r=g\",\"contentUrl\":\"https:\/\/secure.gravatar.com\/avatar\/0e20b6410f6d59fd01d4e94386070a26?s=96&d=mm&r=g\",\"caption\":\"confagricolturaferrara\"},\"url\":\"https:\/\/www.confagricoltura.org\/ferrara\/author\/confagricolturaferrara\/\"}]}<\/script>\n<!-- \/ Yoast SEO plugin. -->","yoast_head_json":{"title":"Giansanti nuovo coordinatore di Agrinsieme - Confagricoltura Ferrara","robots":{"index":"index","follow":"follow","max-snippet":"max-snippet:-1","max-image-preview":"max-image-preview:large","max-video-preview":"max-video-preview:-1"},"canonical":"https:\/\/www.confagricoltura.org\/ferrara\/giansanti-coordinatore-di-arinsieme\/","og_locale":"it_IT","og_type":"article","og_title":"Giansanti nuovo coordinatore di Agrinsieme - Confagricoltura Ferrara","og_description":"Il coordinamento nazionale di Agrinsieme passa a Confagricoltura","og_url":"https:\/\/www.confagricoltura.org\/ferrara\/giansanti-coordinatore-di-arinsieme\/","og_site_name":"Confagricoltura Ferrara","article_published_time":"2021-04-06T13:17:03+00:00","article_modified_time":"2021-05-17T13:08:31+00:00","og_image":[{"width":980,"height":723,"url":"https:\/\/www.confagricoltura.org\/ferrara\/wp-content\/uploads\/sites\/19\/2021\/04\/Agrinsieme_foto_di_gruppo.jpg","type":"image\/jpeg"}],"author":"confagricolturaferrara","twitter_card":"summary_large_image","twitter_misc":{"Scritto da":"confagricolturaferrara","Tempo di lettura stimato":"3 minuti"},"schema":{"@context":"https:\/\/schema.org","@graph":[{"@type":"Article","@id":"https:\/\/www.confagricoltura.org\/ferrara\/giansanti-coordinatore-di-arinsieme\/#article","isPartOf":{"@id":"https:\/\/www.confagricoltura.org\/ferrara\/giansanti-coordinatore-di-arinsieme\/"},"author":{"name":"confagricolturaferrara","@id":"https:\/\/www.confagricoltura.org\/ferrara\/#\/schema\/person\/d9cf2f38512b27bfe8eb948b173481c3"},"headline":"Giansanti nuovo coordinatore di Agrinsieme","datePublished":"2021-04-06T13:17:03+00:00","dateModified":"2021-05-17T13:08:31+00:00","mainEntityOfPage":{"@id":"https:\/\/www.confagricoltura.org\/ferrara\/giansanti-coordinatore-di-arinsieme\/"},"wordCount":530,"image":{"@id":"https:\/\/www.confagricoltura.org\/ferrara\/giansanti-coordinatore-di-arinsieme\/#primaryimage"},"thumbnailUrl":"https:\/\/www.confagricoltura.org\/ferrara\/wp-content\/uploads\/sites\/19\/2021\/04\/Agrinsieme_foto_di_gruppo.jpg","keywords":["agrinsieme","confagricoltura","giansanti"],"articleSection":["Attualit\u00e0","Notizie"],"inLanguage":"it-IT"},{"@type":"WebPage","@id":"https:\/\/www.confagricoltura.org\/ferrara\/giansanti-coordinatore-di-arinsieme\/","url":"https:\/\/www.confagricoltura.org\/ferrara\/giansanti-coordinatore-di-arinsieme\/","name":"Giansanti nuovo coordinatore di Agrinsieme - Confagricoltura Ferrara","isPartOf":{"@id":"https:\/\/www.confagricoltura.org\/ferrara\/#website"},"primaryImageOfPage":{"@id":"https:\/\/www.confagricoltura.org\/ferrara\/giansanti-coordinatore-di-arinsieme\/#primaryimage"},"image":{"@id":"https:\/\/www.confagricoltura.org\/ferrara\/giansanti-coordinatore-di-arinsieme\/#primaryimage"},"thumbnailUrl":"https:\/\/www.confagricoltura.org\/ferrara\/wp-content\/uploads\/sites\/19\/2021\/04\/Agrinsieme_foto_di_gruppo.jpg","datePublished":"2021-04-06T13:17:03+00:00","dateModified":"2021-05-17T13:08:31+00:00","author":{"@id":"https:\/\/www.confagricoltura.org\/ferrara\/#\/schema\/person\/d9cf2f38512b27bfe8eb948b173481c3"},"breadcrumb":{"@id":"https:\/\/www.confagricoltura.org\/ferrara\/giansanti-coordinatore-di-arinsieme\/#breadcrumb"},"inLanguage":"it-IT","potentialAction":[{"@type":"ReadAction","target":["https:\/\/www.confagricoltura.org\/ferrara\/giansanti-coordinatore-di-arinsieme\/"]}]},{"@type":"ImageObject","inLanguage":"it-IT","@id":"https:\/\/www.confagricoltura.org\/ferrara\/giansanti-coordinatore-di-arinsieme\/#primaryimage","url":"https:\/\/www.confagricoltura.org\/ferrara\/wp-content\/uploads\/sites\/19\/2021\/04\/Agrinsieme_foto_di_gruppo.jpg","contentUrl":"https:\/\/www.confagricoltura.org\/ferrara\/wp-content\/uploads\/sites\/19\/2021\/04\/Agrinsieme_foto_di_gruppo.jpg","width":980,"height":723},{"@type":"BreadcrumbList","@id":"https:\/\/www.confagricoltura.org\/ferrara\/giansanti-coordinatore-di-arinsieme\/#breadcrumb","itemListElement":[{"@type":"ListItem","position":1,"name":"Home","item":"https:\/\/www.confagricoltura.org\/ferrara\/"},{"@type":"ListItem","position":2,"name":"Giansanti nuovo coordinatore di Agrinsieme"}]},{"@type":"WebSite","@id":"https:\/\/www.confagricoltura.org\/ferrara\/#website","url":"https:\/\/www.confagricoltura.org\/ferrara\/","name":"Confagricoltura Ferrara","description":"Dalla parte degli Agricoltori","potentialAction":[{"@type":"SearchAction","target":{"@type":"EntryPoint","urlTemplate":"https:\/\/www.confagricoltura.org\/ferrara\/?s={search_term_string}"},"query-input":{"@type":"PropertyValueSpecification","valueRequired":true,"valueName":"search_term_string"}}],"inLanguage":"it-IT"},{"@type":"Person","@id":"https:\/\/www.confagricoltura.org\/ferrara\/#\/schema\/person\/d9cf2f38512b27bfe8eb948b173481c3","name":"confagricolturaferrara","image":{"@type":"ImageObject","inLanguage":"it-IT","@id":"https:\/\/www.confagricoltura.org\/ferrara\/#\/schema\/person\/image\/","url":"https:\/\/secure.gravatar.com\/avatar\/0e20b6410f6d59fd01d4e94386070a26?s=96&d=mm&r=g","contentUrl":"https:\/\/secure.gravatar.com\/avatar\/0e20b6410f6d59fd01d4e94386070a26?s=96&d=mm&r=g","caption":"confagricolturaferrara"},"url":"https:\/\/www.confagricoltura.org\/ferrara\/author\/confagricolturaferrara\/"}]}},"_links":{"self":[{"href":"https:\/\/www.confagricoltura.org\/ferrara\/wp-json\/wp\/v2\/posts\/1442","targetHints":{"allow":["GET"]}}],"collection":[{"href":"https:\/\/www.confagricoltura.org\/ferrara\/wp-json\/wp\/v2\/posts"}],"about":[{"href":"https:\/\/www.confagricoltura.org\/ferrara\/wp-json\/wp\/v2\/types\/post"}],"author":[{"embeddable":true,"href":"https:\/\/www.confagricoltura.org\/ferrara\/wp-json\/wp\/v2\/users\/12"}],"replies":[{"embeddable":true,"href":"https:\/\/www.confagricoltura.org\/ferrara\/wp-json\/wp\/v2\/comments?post=1442"}],"version-history":[{"count":3,"href":"https:\/\/www.confagricoltura.org\/ferrara\/wp-json\/wp\/v2\/posts\/1442\/revisions"}],"predecessor-version":[{"id":1446,"href":"https:\/\/www.confagricoltura.org\/ferrara\/wp-json\/wp\/v2\/posts\/1442\/revisions\/1446"}],"wp:featuredmedia":[{"embeddable":true,"href":"https:\/\/www.confagricoltura.org\/ferrara\/wp-json\/wp\/v2\/media\/1443"}],"wp:attachment":[{"href":"https:\/\/www.confagricoltura.org\/ferrara\/wp-json\/wp\/v2\/media?parent=1442"}],"wp:term":[{"taxonomy":"category","embeddable":true,"href":"https:\/\/www.confagricoltura.org\/ferrara\/wp-json\/wp\/v2\/categories?post=1442"},{"taxonomy":"post_tag","embeddable":true,"href":"https:\/\/www.confagricoltura.org\/ferrara\/wp-json\/wp\/v2\/tags?post=1442"}],"curies":[{"name":"wp","href":"https:\/\/api.w.org\/{rel}","templated":true}]}}