{"id":842,"date":"2016-09-28T09:17:29","date_gmt":"2016-09-28T07:17:29","guid":{"rendered":"http:\/\/www.confagricoltura.org\/bologna\/?p=842"},"modified":"2021-03-11T13:26:02","modified_gmt":"2021-03-11T12:26:02","slug":"caporalato-e-imprenditori-urge-modifica-alla-legge","status":"publish","type":"post","link":"https:\/\/www.confagricoltura.org\/bologna\/caporalato-e-imprenditori-urge-modifica-alla-legge\/","title":{"rendered":"CAPORALATO E IMPRENDITORI: URGE MODIFICA ALLA LEGGE."},"content":{"rendered":"<p><strong>Caporalato e imprenditori: urge modifica alla legge<\/strong><strong>.<\/strong><\/p>\n<p>Il disegno di legge, recentemente approvato dal Senato della Repubblica, in materia di caporalato, di contrasto al lavoro nero e dello sfruttamento del lavoro in agricoltura segna un preoccupante crocevia per il mondo rurale italiano, che soccombe alla martellante opera propagandistica sindacale, alla tradizionale insipienza della politica, alla pervasiva onnipresenza delle burocrazie, al giustizialismo da fiera delle vanit\u00e0, al politicamente corretto. Entriamo nel cuore del problema. Il nuovo testo dell\u2019art. 603 bis del codice penale, come approvato dal Senato il 1\u00b0 agosto 2016, prevede una nuova disciplina per il reato di intermediazione illecita e sfruttamento del lavoro: \u201c<em>E\u2019 punito con la reclusione da uno a sei anni e con la multa da 500 a 1.000 euro per ciascun lavoratore reclutato, chiunque:<\/em> <em>1)<\/em> <em>recluta manodopera allo scopo di destinarla al lavoro presso terzi in condizioni di sfruttamento, approfittando dello stato di bisogno dei lavoratori; 2) utilizza, assume o impiega manodopera, anche mediante l\u2019attivit\u00e0 di intermediazione di cui al numero 1), sottoponendo i lavoratori a condizioni di sfruttamento ed approfittando del loro stato di bisogno<\/em>\u201d. Fattispecie relativamente chiara e pene conseguente gravi ma comprensibili, stante l\u2019allarme sociale connaturato alla condotta, quanto meno per il punto 1) che punisce il caporale.<\/p>\n<p>Pi\u00f9 problematica la fattispecie di cui al punto 2) che punisce l\u2019imprenditore utilizzatore di personale \u201cnon in regola\u201d.<\/p>\n<p>Grave \u00e8, per\u00f2, la definizione che il testo assegna al concetto di \u201csfruttamento\u201d; il punto focale del testo normativo. Passare dal politichese sindacalizzato al diritto penale \u00e8 arduo:<\/p>\n<p>\u201c<em>Costituisce indice di sfruttamento la sussistenza di una o pi\u00f9 delle seguenti condizioni: 1) la reiterata corresponsione di retribuzioni in modo palesemente difforme dai contratti collettivi nazionali o territoriali stipulati dalle organizzazioni sindacali pi\u00f9 rappresentative a livello nazionale, o comunque sproporzionato rispetto alla quantit\u00e0 e qualit\u00e0 del lavoro prestato; 2) la reiterata violazione della normativa relativa all\u2019orario di lavoro, ai periodi di riposo, al riposo settimanale, all\u2019aspettativa obbligatoria, alle ferie;<\/em> <em>3)<\/em> <em>la sussistenza di violazioni delle norme in materia di sicurezza ed igiene nei luoghi di lavoro; 4) la sottoposizione del lavoratore a condizioni di lavoro, a metodi di sorveglianza o a situazioni alloggiative degradanti<\/em>\u201d.<\/p>\n<p>In buona sostanza, la mera, ancorch\u00e9 reiterata, inottemperanza a semplici obblighi di carattere contrattuale e cio\u00e8 in ordine alla corresponsione del salario (se difforme dal contratto collettivo di lavoro), all\u2019organizzazione del lavoro (orario di lavoro, riposo settimanale domenicale, ad una sconosciuta \u201caspettativa obbligatoria\u201d, alle ferie \u2013 che per inciso per i lavoratori agricoli avventizi non sono contrattualmente previste) determinano la sussistenza della fattispecie penale: l\u2019imprenditore \u00e8 cio\u00e8 un delinquente se usa, indipendentemente dalla esistenza di un caporale, personale \u201cnon in regola\u201d, secondo i parametri contrattuali collettivi: si passa dal civile al penale senza colpo ferire; dal Giudice del Lavoro al Giudice Penale.<\/p>\n<p>Drammatica \u00e8, per\u00f2, la conseguenza della condotta: la norma introduce, infatti, un nuovo articoletto, il 603 bis.2, in tema di confisca obbligatoria: \u201c<em>In caso di condanna o di applicazione della pena su richiesta delle parti ai sensi <\/em><em>dell\u2019articolo 444 del codice di procedura penale per i delitti previsti dall\u2019articolo 603 bis, \u00e8 sempre obbligatoria, salvi i diritti della persona offesa alle restituzioni ed al risarcimento del danno, la confisca delle cose che servirono o furono destinate a commettere il reato e delle cose che ne sono il prezzo, il prodotto o il profitto, salvo che appartengano a persona estranea al reato. Ove essa non sia possibile \u00e8 disposta la confisca di beni di cui il reo ha la disponibilit\u00e0, anche indirettamente o per interposta persona, per un valore corrispondente al prodotto, prezzo o profitto del reato<\/em>\u201d.<\/p>\n<p>In pratica l\u2019imprenditore agricolo \u201csfruttatore\u201d che ha, ad esempio, non ha fatto godere del riposo domenicale ai dipendenti, non ha concesso le ferie, ha esagerato con l\u2019orario di lavoro, \u00e8 spogliato dei propri beni, della terra, delle macchine agricole.<\/p>\n<p>Azzerato! La propriet\u00e0 del fondo agricolo e di tutti i beni, anche strumentali, il patrimonio personale, passano allo Stato in via coattiva.<\/p>\n<p>Agricoltori trattati come mafiosi.<\/p>\n<p>Ciliegina a corollario: per il reato \u00e8 previsto l\u2019arresto obbligatorio in fragranza; il nostro agricoltore sar\u00e0, quindi, tradotto al carcere, sar\u00e0 per\u00f2 in buona compagnia tra assassini, stupratori, rapinatori, terroristi e quanto altro.<\/p>\n<p>Comprendiamo il disfavore sociale mail passo sembra pi\u00f9 lungo della gamba. Il provvedimento passa ora alla Camera. Confagricoltura ha sensibilizzato i parlamentari interessati dall\u2019esame in seconda lettura.<\/p>\n<p>Secondo Confagricoltura, occorre meglio definire la fattispecie, onde focalizzare l\u2019attenzione sull\u2019utilizzo dell\u2019attivit\u00e0 di intermediazione illecita, in modo da legare l\u2019intermediazione illecita allo sfruttamento del lavoro, elementi che debbono entrambi sussistere perch\u00e9 si configuri l\u2019ipotesi delittuosa di cui al citato articolo del codice penale.<\/p>\n<p>Diversamente, si potrebbe configurare, ad esempio, il reato di sfruttamento del lavoro, anche per i datori di lavoro che assumono regolarmente i propri dipendenti ed in modo occasionale, una volta sola, incorrono nella violazione di una qualunque disposizione, anche la pi\u00f9 lieve e meramente formale, delle numerose, complesse e stratificate disposizioni in materia di igiene e sicurezza sul lavoro.<\/p>\n<p>Gli indici di sfruttamento previsti (basta che ne ricorra uno solo) non sono idonei, secondo Confagricoltura, a rilevare una reale situazione di sfruttamento del lavoro, essendo focalizzati anche su violazioni lievi e meramente formali di normative legali e contrattuali. Sempre secondo Confagricoltura, occorre meglio precisare la norma relativa alla sussistenza di violazioni delle norme in materia di sicurezza e igiene nel luogo di lavoro, per evitare l\u2019applicazione di sanzioni penali in presenza di qualunque violazione della predetta normativa.<\/p>\n<p>(M. Mazzanti)<\/p>\n","protected":false},"excerpt":{"rendered":"<p>Caporalato e imprenditori: urge modifica alla legge. Il disegno di legge, recentemente approvato dal Senato della Repubblica, in materia di caporalato, di contrasto al lavoro nero e dello sfruttamento del lavoro in agricoltura segna un preoccupante crocevia per il mondo rurale italiano, che soccombe alla martellante opera propagandistica sindacale, alla tradizionale insipienza della politica, alla<\/p>\n","protected":false},"author":7,"featured_media":0,"comment_status":"open","ping_status":"open","sticky":false,"template":"","format":"standard","meta":{"wp_mapbox_gl_js_media":[],"footnotes":""},"categories":[29],"tags":[],"class_list":["post-842","post","type-post","status-publish","format-standard","hentry","category-archivio"],"yoast_head":"<!-- This site is optimized with the Yoast SEO plugin v26.8 - https:\/\/yoast.com\/product\/yoast-seo-wordpress\/ -->\n<title>CAPORALATO E IMPRENDITORI: URGE MODIFICA ALLA LEGGE. - Confagricoltura Bologna<\/title>\n<meta name=\"robots\" content=\"index, follow, max-snippet:-1, max-image-preview:large, max-video-preview:-1\" \/>\n<link rel=\"canonical\" href=\"https:\/\/www.confagricoltura.org\/bologna\/caporalato-e-imprenditori-urge-modifica-alla-legge\/\" \/>\n<meta property=\"og:locale\" content=\"it_IT\" \/>\n<meta property=\"og:type\" content=\"article\" \/>\n<meta property=\"og:title\" content=\"CAPORALATO E IMPRENDITORI: URGE MODIFICA ALLA LEGGE. - Confagricoltura Bologna\" \/>\n<meta property=\"og:description\" content=\"Caporalato e imprenditori: urge modifica alla legge. Il disegno di legge, recentemente approvato dal Senato della Repubblica, in materia di caporalato, di contrasto al lavoro nero e dello sfruttamento del lavoro in agricoltura segna un preoccupante crocevia per il mondo rurale italiano, che soccombe alla martellante opera propagandistica sindacale, alla tradizionale insipienza della politica, alla\" \/>\n<meta property=\"og:url\" content=\"https:\/\/www.confagricoltura.org\/bologna\/caporalato-e-imprenditori-urge-modifica-alla-legge\/\" \/>\n<meta property=\"og:site_name\" content=\"Confagricoltura Bologna\" \/>\n<meta property=\"article:published_time\" content=\"2016-09-28T07:17:29+00:00\" \/>\n<meta property=\"article:modified_time\" content=\"2021-03-11T12:26:02+00:00\" \/>\n<meta name=\"author\" content=\"confagricolturabologna\" \/>\n<meta name=\"twitter:card\" content=\"summary_large_image\" \/>\n<meta name=\"twitter:label1\" content=\"Scritto da\" \/>\n\t<meta name=\"twitter:data1\" content=\"confagricolturabologna\" \/>\n\t<meta name=\"twitter:label2\" content=\"Tempo di lettura stimato\" \/>\n\t<meta name=\"twitter:data2\" content=\"4 minuti\" \/>\n<script type=\"application\/ld+json\" class=\"yoast-schema-graph\">{\"@context\":\"https:\/\/schema.org\",\"@graph\":[{\"@type\":\"Article\",\"@id\":\"https:\/\/www.confagricoltura.org\/bologna\/caporalato-e-imprenditori-urge-modifica-alla-legge\/#article\",\"isPartOf\":{\"@id\":\"https:\/\/www.confagricoltura.org\/bologna\/caporalato-e-imprenditori-urge-modifica-alla-legge\/\"},\"author\":{\"name\":\"confagricolturabologna\",\"@id\":\"https:\/\/www.confagricoltura.org\/bologna\/#\/schema\/person\/277baa2a725fb840103c5f8898746c7f\"},\"headline\":\"CAPORALATO E IMPRENDITORI: URGE MODIFICA ALLA LEGGE.\",\"datePublished\":\"2016-09-28T07:17:29+00:00\",\"dateModified\":\"2021-03-11T12:26:02+00:00\",\"mainEntityOfPage\":{\"@id\":\"https:\/\/www.confagricoltura.org\/bologna\/caporalato-e-imprenditori-urge-modifica-alla-legge\/\"},\"wordCount\":902,\"commentCount\":0,\"articleSection\":[\"Archivio\"],\"inLanguage\":\"it-IT\"},{\"@type\":\"WebPage\",\"@id\":\"https:\/\/www.confagricoltura.org\/bologna\/caporalato-e-imprenditori-urge-modifica-alla-legge\/\",\"url\":\"https:\/\/www.confagricoltura.org\/bologna\/caporalato-e-imprenditori-urge-modifica-alla-legge\/\",\"name\":\"CAPORALATO E IMPRENDITORI: URGE MODIFICA ALLA LEGGE. - Confagricoltura Bologna\",\"isPartOf\":{\"@id\":\"https:\/\/www.confagricoltura.org\/bologna\/#website\"},\"datePublished\":\"2016-09-28T07:17:29+00:00\",\"dateModified\":\"2021-03-11T12:26:02+00:00\",\"author\":{\"@id\":\"https:\/\/www.confagricoltura.org\/bologna\/#\/schema\/person\/277baa2a725fb840103c5f8898746c7f\"},\"breadcrumb\":{\"@id\":\"https:\/\/www.confagricoltura.org\/bologna\/caporalato-e-imprenditori-urge-modifica-alla-legge\/#breadcrumb\"},\"inLanguage\":\"it-IT\",\"potentialAction\":[{\"@type\":\"ReadAction\",\"target\":[\"https:\/\/www.confagricoltura.org\/bologna\/caporalato-e-imprenditori-urge-modifica-alla-legge\/\"]}]},{\"@type\":\"BreadcrumbList\",\"@id\":\"https:\/\/www.confagricoltura.org\/bologna\/caporalato-e-imprenditori-urge-modifica-alla-legge\/#breadcrumb\",\"itemListElement\":[{\"@type\":\"ListItem\",\"position\":1,\"name\":\"Home\",\"item\":\"https:\/\/www.confagricoltura.org\/bologna\/\"},{\"@type\":\"ListItem\",\"position\":2,\"name\":\"CAPORALATO E IMPRENDITORI: URGE MODIFICA ALLA LEGGE.\"}]},{\"@type\":\"WebSite\",\"@id\":\"https:\/\/www.confagricoltura.org\/bologna\/#website\",\"url\":\"https:\/\/www.confagricoltura.org\/bologna\/\",\"name\":\"Confagricoltura Bologna\",\"description\":\"Dalla parte degli Agricoltori\",\"potentialAction\":[{\"@type\":\"SearchAction\",\"target\":{\"@type\":\"EntryPoint\",\"urlTemplate\":\"https:\/\/www.confagricoltura.org\/bologna\/?s={search_term_string}\"},\"query-input\":{\"@type\":\"PropertyValueSpecification\",\"valueRequired\":true,\"valueName\":\"search_term_string\"}}],\"inLanguage\":\"it-IT\"},{\"@type\":\"Person\",\"@id\":\"https:\/\/www.confagricoltura.org\/bologna\/#\/schema\/person\/277baa2a725fb840103c5f8898746c7f\",\"name\":\"confagricolturabologna\",\"image\":{\"@type\":\"ImageObject\",\"inLanguage\":\"it-IT\",\"@id\":\"https:\/\/www.confagricoltura.org\/bologna\/#\/schema\/person\/image\/\",\"url\":\"https:\/\/secure.gravatar.com\/avatar\/edd9a034f35ea6aeadaf9744d1135acc?s=96&d=mm&r=g\",\"contentUrl\":\"https:\/\/secure.gravatar.com\/avatar\/edd9a034f35ea6aeadaf9744d1135acc?s=96&d=mm&r=g\",\"caption\":\"confagricolturabologna\"},\"url\":\"https:\/\/www.confagricoltura.org\/bologna\/author\/confagricolturabologna\/\"}]}<\/script>\n<!-- \/ Yoast SEO plugin. -->","yoast_head_json":{"title":"CAPORALATO E IMPRENDITORI: URGE MODIFICA ALLA LEGGE. - Confagricoltura Bologna","robots":{"index":"index","follow":"follow","max-snippet":"max-snippet:-1","max-image-preview":"max-image-preview:large","max-video-preview":"max-video-preview:-1"},"canonical":"https:\/\/www.confagricoltura.org\/bologna\/caporalato-e-imprenditori-urge-modifica-alla-legge\/","og_locale":"it_IT","og_type":"article","og_title":"CAPORALATO E IMPRENDITORI: URGE MODIFICA ALLA LEGGE. - Confagricoltura Bologna","og_description":"Caporalato e imprenditori: urge modifica alla legge. Il disegno di legge, recentemente approvato dal Senato della Repubblica, in materia di caporalato, di contrasto al lavoro nero e dello sfruttamento del lavoro in agricoltura segna un preoccupante crocevia per il mondo rurale italiano, che soccombe alla martellante opera propagandistica sindacale, alla tradizionale insipienza della politica, alla","og_url":"https:\/\/www.confagricoltura.org\/bologna\/caporalato-e-imprenditori-urge-modifica-alla-legge\/","og_site_name":"Confagricoltura Bologna","article_published_time":"2016-09-28T07:17:29+00:00","article_modified_time":"2021-03-11T12:26:02+00:00","author":"confagricolturabologna","twitter_card":"summary_large_image","twitter_misc":{"Scritto da":"confagricolturabologna","Tempo di lettura stimato":"4 minuti"},"schema":{"@context":"https:\/\/schema.org","@graph":[{"@type":"Article","@id":"https:\/\/www.confagricoltura.org\/bologna\/caporalato-e-imprenditori-urge-modifica-alla-legge\/#article","isPartOf":{"@id":"https:\/\/www.confagricoltura.org\/bologna\/caporalato-e-imprenditori-urge-modifica-alla-legge\/"},"author":{"name":"confagricolturabologna","@id":"https:\/\/www.confagricoltura.org\/bologna\/#\/schema\/person\/277baa2a725fb840103c5f8898746c7f"},"headline":"CAPORALATO E IMPRENDITORI: URGE MODIFICA ALLA LEGGE.","datePublished":"2016-09-28T07:17:29+00:00","dateModified":"2021-03-11T12:26:02+00:00","mainEntityOfPage":{"@id":"https:\/\/www.confagricoltura.org\/bologna\/caporalato-e-imprenditori-urge-modifica-alla-legge\/"},"wordCount":902,"commentCount":0,"articleSection":["Archivio"],"inLanguage":"it-IT"},{"@type":"WebPage","@id":"https:\/\/www.confagricoltura.org\/bologna\/caporalato-e-imprenditori-urge-modifica-alla-legge\/","url":"https:\/\/www.confagricoltura.org\/bologna\/caporalato-e-imprenditori-urge-modifica-alla-legge\/","name":"CAPORALATO E IMPRENDITORI: URGE MODIFICA ALLA LEGGE. - Confagricoltura Bologna","isPartOf":{"@id":"https:\/\/www.confagricoltura.org\/bologna\/#website"},"datePublished":"2016-09-28T07:17:29+00:00","dateModified":"2021-03-11T12:26:02+00:00","author":{"@id":"https:\/\/www.confagricoltura.org\/bologna\/#\/schema\/person\/277baa2a725fb840103c5f8898746c7f"},"breadcrumb":{"@id":"https:\/\/www.confagricoltura.org\/bologna\/caporalato-e-imprenditori-urge-modifica-alla-legge\/#breadcrumb"},"inLanguage":"it-IT","potentialAction":[{"@type":"ReadAction","target":["https:\/\/www.confagricoltura.org\/bologna\/caporalato-e-imprenditori-urge-modifica-alla-legge\/"]}]},{"@type":"BreadcrumbList","@id":"https:\/\/www.confagricoltura.org\/bologna\/caporalato-e-imprenditori-urge-modifica-alla-legge\/#breadcrumb","itemListElement":[{"@type":"ListItem","position":1,"name":"Home","item":"https:\/\/www.confagricoltura.org\/bologna\/"},{"@type":"ListItem","position":2,"name":"CAPORALATO E IMPRENDITORI: URGE MODIFICA ALLA LEGGE."}]},{"@type":"WebSite","@id":"https:\/\/www.confagricoltura.org\/bologna\/#website","url":"https:\/\/www.confagricoltura.org\/bologna\/","name":"Confagricoltura Bologna","description":"Dalla parte degli Agricoltori","potentialAction":[{"@type":"SearchAction","target":{"@type":"EntryPoint","urlTemplate":"https:\/\/www.confagricoltura.org\/bologna\/?s={search_term_string}"},"query-input":{"@type":"PropertyValueSpecification","valueRequired":true,"valueName":"search_term_string"}}],"inLanguage":"it-IT"},{"@type":"Person","@id":"https:\/\/www.confagricoltura.org\/bologna\/#\/schema\/person\/277baa2a725fb840103c5f8898746c7f","name":"confagricolturabologna","image":{"@type":"ImageObject","inLanguage":"it-IT","@id":"https:\/\/www.confagricoltura.org\/bologna\/#\/schema\/person\/image\/","url":"https:\/\/secure.gravatar.com\/avatar\/edd9a034f35ea6aeadaf9744d1135acc?s=96&d=mm&r=g","contentUrl":"https:\/\/secure.gravatar.com\/avatar\/edd9a034f35ea6aeadaf9744d1135acc?s=96&d=mm&r=g","caption":"confagricolturabologna"},"url":"https:\/\/www.confagricoltura.org\/bologna\/author\/confagricolturabologna\/"}]}},"_links":{"self":[{"href":"https:\/\/www.confagricoltura.org\/bologna\/wp-json\/wp\/v2\/posts\/842","targetHints":{"allow":["GET"]}}],"collection":[{"href":"https:\/\/www.confagricoltura.org\/bologna\/wp-json\/wp\/v2\/posts"}],"about":[{"href":"https:\/\/www.confagricoltura.org\/bologna\/wp-json\/wp\/v2\/types\/post"}],"author":[{"embeddable":true,"href":"https:\/\/www.confagricoltura.org\/bologna\/wp-json\/wp\/v2\/users\/7"}],"replies":[{"embeddable":true,"href":"https:\/\/www.confagricoltura.org\/bologna\/wp-json\/wp\/v2\/comments?post=842"}],"version-history":[{"count":1,"href":"https:\/\/www.confagricoltura.org\/bologna\/wp-json\/wp\/v2\/posts\/842\/revisions"}],"predecessor-version":[{"id":4985,"href":"https:\/\/www.confagricoltura.org\/bologna\/wp-json\/wp\/v2\/posts\/842\/revisions\/4985"}],"wp:attachment":[{"href":"https:\/\/www.confagricoltura.org\/bologna\/wp-json\/wp\/v2\/media?parent=842"}],"wp:term":[{"taxonomy":"category","embeddable":true,"href":"https:\/\/www.confagricoltura.org\/bologna\/wp-json\/wp\/v2\/categories?post=842"},{"taxonomy":"post_tag","embeddable":true,"href":"https:\/\/www.confagricoltura.org\/bologna\/wp-json\/wp\/v2\/tags?post=842"}],"curies":[{"name":"wp","href":"https:\/\/api.w.org\/{rel}","templated":true}]}}