{"id":8136,"date":"2026-09-02T15:32:22","date_gmt":"2026-09-02T13:32:22","guid":{"rendered":"https:\/\/www.confagricoltura.org\/bologna\/?p=8136"},"modified":"2026-09-02T15:32:22","modified_gmt":"2026-09-02T13:32:22","slug":"pera-dellemilia-romagna-igp-al-via-il-nuovo-bando-regionale-de-minimis-2026","status":"publish","type":"post","link":"https:\/\/www.confagricoltura.org\/bologna\/pera-dellemilia-romagna-igp-al-via-il-nuovo-bando-regionale-de-minimis-2026\/","title":{"rendered":"Pera dell&#8217;Emilia-Romagna IGP: al via il nuovo bando regionale &#8220;De Minimis&#8221; 2026"},"content":{"rendered":"<p>La Regione Emilia-Romagna ha attivato un importante intervento a sostegno della filiera frutticola, nello specifico per il comparto della &#8220;<strong>Pera dell\u2019Emilia-Romagna<\/strong>&#8221; a indicazione geografica protetta (IGP). L&#8217;obiettivo della misura, approvata ai sensi della Legge Regionale n. 2\/2026, \u00e8 stimolare l&#8217;adesione al regime di qualit\u00e0 e favorire la ripresa del settore pericolicolo, duramente colpito negli ultimi anni da avversit\u00e0 climatiche e fitopatologiche (cimice asiatica, maculatura bruna, gelate e alluvioni).<\/p>\n<p>L&#8217;intervento stanzia un plafond complessivo di 600.000,00 euro per l&#8217;annualit\u00e0 2026, destinato a compensare le spese organizzative e di certificazione sostenute dalle imprese agricole per l&#8217;adeguamento ai disciplinari di produzione.<\/p>\n<p>Per accedere all&#8217;aiuto, le imprese agricole devono soddisfare i seguenti requisiti:<\/p>\n<ul>\n<li>Essere regolarmente iscritte (o aver confermato l&#8217;adesione) al sistema di controllo della &#8220;Pera dell\u2019Emilia-Romagna IGP&#8221; <strong>alla data del 20 maggio 2026<\/strong>, mantenendo l&#8217;iscrizione attiva fino alla scadenza del bando. Il sistema di controllo, si ricorda, \u00e8 attualmente gestito dall&#8217;organismo <strong>CSQA Certificazioni Srl<\/strong> (subentrato a Check Fruit Srl).<\/li>\n<li>Condurre una <strong>superficie minima <\/strong>ammissibile <strong>di almeno 1,00 ettaro<\/strong> destinato alla coltura della Pera IGP.<\/li>\n<\/ul>\n<p>Il sostegno \u00e8 concesso sotto forma di aiuto <em>de minimis<\/em> per il settore agricolo e i parametri del contributo sono cos\u00ec fissati:<\/p>\n<ul>\n<li>\u00c8 previsto un contributo fino a un massimo di <strong>200,00 euro\/ha<\/strong>. <strong><u>L&#8217;importo unitario potrebbe subire un taglio lineare in caso di superamento del plafond.<\/u><\/strong><\/li>\n<li>L&#8217;aiuto non potr\u00e0 superare i 5.000,00 euro per singola azienda.<\/li>\n<\/ul>\n<p>Si applica il regolamento europeo <em>de minimis<\/em> per il settore agricolo, pertanto l\u2019erogazione del contributo \u00e8 subordinata alla verifica del superamento dell\u2019importo complessivo degli aiuti \u201cde minimis\u201d di\u00a0 Euro 50.000,00 <strong>di tre esercizi finanziari<\/strong>.<\/p>\n<p>&nbsp;<\/p>\n<p>Le domande di aiuto sono presentabili <strong><u>fino alle ore 13:00 del 10 settembre 2026<\/u><\/strong>.<\/p>\n<p>Per eventuali ulteriori informazioni potete contattare il Tecnico di riferimento.<\/p>\n<p>&nbsp;<\/p>\n<p>(M. Zecchini)<\/p>\n","protected":false},"excerpt":{"rendered":"<p>La Regione Emilia-Romagna ha attivato un importante intervento a sostegno della filiera frutticola, nello specifico per il comparto della &#8220;Pera dell\u2019Emilia-Romagna&#8221; a indicazione geografica protetta (IGP). L&#8217;obiettivo della misura, approvata ai sensi della Legge Regionale n. 2\/2026, \u00e8 stimolare l&#8217;adesione al regime di qualit\u00e0 e favorire la ripresa del settore pericolicolo, duramente colpito negli ultimi<\/p>\n","protected":false},"author":7,"featured_media":8137,"comment_status":"closed","ping_status":"closed","sticky":false,"template":"","format":"standard","meta":{"wp_mapbox_gl_js_media":[],"footnotes":""},"categories":[23,25,32],"tags":[],"class_list":["post-8136","post","type-post","status-publish","format-standard","has-post-thumbnail","hentry","category-bologna-agricola-informa","category-notiziario-provinciale","category-settore-ortofrutticolo"],"yoast_head":"<!-- This site is optimized with the Yoast SEO plugin v26.8 - https:\/\/yoast.com\/product\/yoast-seo-wordpress\/ -->\n<title>Pera dell&#039;Emilia-Romagna IGP: al via il nuovo bando regionale &quot;De Minimis&quot; 2026 - Confagricoltura Bologna<\/title>\n<meta name=\"robots\" content=\"index, follow, max-snippet:-1, max-image-preview:large, max-video-preview:-1\" \/>\n<link rel=\"canonical\" href=\"https:\/\/www.confagricoltura.org\/bologna\/pera-dellemilia-romagna-igp-al-via-il-nuovo-bando-regionale-de-minimis-2026\/\" \/>\n<meta property=\"og:locale\" content=\"it_IT\" \/>\n<meta property=\"og:type\" content=\"article\" \/>\n<meta property=\"og:title\" content=\"Pera dell&#039;Emilia-Romagna IGP: al via il nuovo bando regionale &quot;De Minimis&quot; 2026 - Confagricoltura Bologna\" \/>\n<meta property=\"og:description\" content=\"La Regione Emilia-Romagna ha attivato un importante intervento a sostegno della filiera frutticola, nello specifico per il comparto della &#8220;Pera dell\u2019Emilia-Romagna&#8221; a indicazione geografica protetta (IGP). L&#8217;obiettivo della misura, approvata ai sensi della Legge Regionale n. 2\/2026, \u00e8 stimolare l&#8217;adesione al regime di qualit\u00e0 e favorire la ripresa del settore pericolicolo, duramente colpito negli ultimi\" \/>\n<meta property=\"og:url\" content=\"https:\/\/www.confagricoltura.org\/bologna\/pera-dellemilia-romagna-igp-al-via-il-nuovo-bando-regionale-de-minimis-2026\/\" \/>\n<meta property=\"og:site_name\" content=\"Confagricoltura Bologna\" \/>\n<meta property=\"article:published_time\" content=\"2026-09-02T13:32:22+00:00\" \/>\n<meta property=\"og:image\" content=\"https:\/\/www.confagricoltura.org\/bologna\/wp-content\/uploads\/sites\/12\/2026\/09\/pexels-shliftik-7636163-scaled.jpg\" \/>\n\t<meta property=\"og:image:width\" content=\"2560\" \/>\n\t<meta property=\"og:image:height\" content=\"2017\" \/>\n\t<meta property=\"og:image:type\" content=\"image\/jpeg\" \/>\n<meta name=\"author\" content=\"confagricolturabologna\" \/>\n<meta name=\"twitter:card\" content=\"summary_large_image\" \/>\n<meta name=\"twitter:label1\" content=\"Scritto da\" \/>\n\t<meta name=\"twitter:data1\" content=\"confagricolturabologna\" \/>\n\t<meta name=\"twitter:label2\" content=\"Tempo di lettura stimato\" \/>\n\t<meta name=\"twitter:data2\" content=\"2 minuti\" \/>\n<script type=\"application\/ld+json\" class=\"yoast-schema-graph\">{\"@context\":\"https:\/\/schema.org\",\"@graph\":[{\"@type\":\"Article\",\"@id\":\"https:\/\/www.confagricoltura.org\/bologna\/pera-dellemilia-romagna-igp-al-via-il-nuovo-bando-regionale-de-minimis-2026\/#article\",\"isPartOf\":{\"@id\":\"https:\/\/www.confagricoltura.org\/bologna\/pera-dellemilia-romagna-igp-al-via-il-nuovo-bando-regionale-de-minimis-2026\/\"},\"author\":{\"name\":\"confagricolturabologna\",\"@id\":\"https:\/\/www.confagricoltura.org\/bologna\/#\/schema\/person\/277baa2a725fb840103c5f8898746c7f\"},\"headline\":\"Pera dell&#8217;Emilia-Romagna IGP: al via il nuovo bando regionale &#8220;De Minimis&#8221; 2026\",\"datePublished\":\"2026-09-02T13:32:22+00:00\",\"mainEntityOfPage\":{\"@id\":\"https:\/\/www.confagricoltura.org\/bologna\/pera-dellemilia-romagna-igp-al-via-il-nuovo-bando-regionale-de-minimis-2026\/\"},\"wordCount\":300,\"image\":{\"@id\":\"https:\/\/www.confagricoltura.org\/bologna\/pera-dellemilia-romagna-igp-al-via-il-nuovo-bando-regionale-de-minimis-2026\/#primaryimage\"},\"thumbnailUrl\":\"https:\/\/www.confagricoltura.org\/bologna\/wp-content\/uploads\/sites\/12\/2026\/09\/pexels-shliftik-7636163-scaled.jpg\",\"articleSection\":[\"Bologna Agricola Informa\",\"Notiziario Provinciale\",\"Settore ortofrutticolo\"],\"inLanguage\":\"it-IT\"},{\"@type\":\"WebPage\",\"@id\":\"https:\/\/www.confagricoltura.org\/bologna\/pera-dellemilia-romagna-igp-al-via-il-nuovo-bando-regionale-de-minimis-2026\/\",\"url\":\"https:\/\/www.confagricoltura.org\/bologna\/pera-dellemilia-romagna-igp-al-via-il-nuovo-bando-regionale-de-minimis-2026\/\",\"name\":\"Pera dell'Emilia-Romagna IGP: al via il nuovo bando regionale \\\"De Minimis\\\" 2026 - Confagricoltura Bologna\",\"isPartOf\":{\"@id\":\"https:\/\/www.confagricoltura.org\/bologna\/#website\"},\"primaryImageOfPage\":{\"@id\":\"https:\/\/www.confagricoltura.org\/bologna\/pera-dellemilia-romagna-igp-al-via-il-nuovo-bando-regionale-de-minimis-2026\/#primaryimage\"},\"image\":{\"@id\":\"https:\/\/www.confagricoltura.org\/bologna\/pera-dellemilia-romagna-igp-al-via-il-nuovo-bando-regionale-de-minimis-2026\/#primaryimage\"},\"thumbnailUrl\":\"https:\/\/www.confagricoltura.org\/bologna\/wp-content\/uploads\/sites\/12\/2026\/09\/pexels-shliftik-7636163-scaled.jpg\",\"datePublished\":\"2026-09-02T13:32:22+00:00\",\"author\":{\"@id\":\"https:\/\/www.confagricoltura.org\/bologna\/#\/schema\/person\/277baa2a725fb840103c5f8898746c7f\"},\"breadcrumb\":{\"@id\":\"https:\/\/www.confagricoltura.org\/bologna\/pera-dellemilia-romagna-igp-al-via-il-nuovo-bando-regionale-de-minimis-2026\/#breadcrumb\"},\"inLanguage\":\"it-IT\",\"potentialAction\":[{\"@type\":\"ReadAction\",\"target\":[\"https:\/\/www.confagricoltura.org\/bologna\/pera-dellemilia-romagna-igp-al-via-il-nuovo-bando-regionale-de-minimis-2026\/\"]}]},{\"@type\":\"ImageObject\",\"inLanguage\":\"it-IT\",\"@id\":\"https:\/\/www.confagricoltura.org\/bologna\/pera-dellemilia-romagna-igp-al-via-il-nuovo-bando-regionale-de-minimis-2026\/#primaryimage\",\"url\":\"https:\/\/www.confagricoltura.org\/bologna\/wp-content\/uploads\/sites\/12\/2026\/09\/pexels-shliftik-7636163-scaled.jpg\",\"contentUrl\":\"https:\/\/www.confagricoltura.org\/bologna\/wp-content\/uploads\/sites\/12\/2026\/09\/pexels-shliftik-7636163-scaled.jpg\",\"width\":2560,\"height\":2017},{\"@type\":\"BreadcrumbList\",\"@id\":\"https:\/\/www.confagricoltura.org\/bologna\/pera-dellemilia-romagna-igp-al-via-il-nuovo-bando-regionale-de-minimis-2026\/#breadcrumb\",\"itemListElement\":[{\"@type\":\"ListItem\",\"position\":1,\"name\":\"Home\",\"item\":\"https:\/\/www.confagricoltura.org\/bologna\/\"},{\"@type\":\"ListItem\",\"position\":2,\"name\":\"Pera dell&#8217;Emilia-Romagna IGP: al via il nuovo bando regionale &#8220;De Minimis&#8221; 2026\"}]},{\"@type\":\"WebSite\",\"@id\":\"https:\/\/www.confagricoltura.org\/bologna\/#website\",\"url\":\"https:\/\/www.confagricoltura.org\/bologna\/\",\"name\":\"Confagricoltura Bologna\",\"description\":\"Dalla parte degli Agricoltori\",\"potentialAction\":[{\"@type\":\"SearchAction\",\"target\":{\"@type\":\"EntryPoint\",\"urlTemplate\":\"https:\/\/www.confagricoltura.org\/bologna\/?s={search_term_string}\"},\"query-input\":{\"@type\":\"PropertyValueSpecification\",\"valueRequired\":true,\"valueName\":\"search_term_string\"}}],\"inLanguage\":\"it-IT\"},{\"@type\":\"Person\",\"@id\":\"https:\/\/www.confagricoltura.org\/bologna\/#\/schema\/person\/277baa2a725fb840103c5f8898746c7f\",\"name\":\"confagricolturabologna\",\"image\":{\"@type\":\"ImageObject\",\"inLanguage\":\"it-IT\",\"@id\":\"https:\/\/www.confagricoltura.org\/bologna\/#\/schema\/person\/image\/\",\"url\":\"https:\/\/secure.gravatar.com\/avatar\/edd9a034f35ea6aeadaf9744d1135acc?s=96&d=mm&r=g\",\"contentUrl\":\"https:\/\/secure.gravatar.com\/avatar\/edd9a034f35ea6aeadaf9744d1135acc?s=96&d=mm&r=g\",\"caption\":\"confagricolturabologna\"},\"url\":\"https:\/\/www.confagricoltura.org\/bologna\/author\/confagricolturabologna\/\"}]}<\/script>\n<!-- \/ Yoast SEO plugin. -->","yoast_head_json":{"title":"Pera dell'Emilia-Romagna IGP: al via il nuovo bando regionale \"De Minimis\" 2026 - Confagricoltura Bologna","robots":{"index":"index","follow":"follow","max-snippet":"max-snippet:-1","max-image-preview":"max-image-preview:large","max-video-preview":"max-video-preview:-1"},"canonical":"https:\/\/www.confagricoltura.org\/bologna\/pera-dellemilia-romagna-igp-al-via-il-nuovo-bando-regionale-de-minimis-2026\/","og_locale":"it_IT","og_type":"article","og_title":"Pera dell'Emilia-Romagna IGP: al via il nuovo bando regionale \"De Minimis\" 2026 - Confagricoltura Bologna","og_description":"La Regione Emilia-Romagna ha attivato un importante intervento a sostegno della filiera frutticola, nello specifico per il comparto della &#8220;Pera dell\u2019Emilia-Romagna&#8221; a indicazione geografica protetta (IGP). L&#8217;obiettivo della misura, approvata ai sensi della Legge Regionale n. 2\/2026, \u00e8 stimolare l&#8217;adesione al regime di qualit\u00e0 e favorire la ripresa del settore pericolicolo, duramente colpito negli ultimi","og_url":"https:\/\/www.confagricoltura.org\/bologna\/pera-dellemilia-romagna-igp-al-via-il-nuovo-bando-regionale-de-minimis-2026\/","og_site_name":"Confagricoltura Bologna","article_published_time":"2026-09-02T13:32:22+00:00","og_image":[{"width":2560,"height":2017,"url":"https:\/\/www.confagricoltura.org\/bologna\/wp-content\/uploads\/sites\/12\/2026\/09\/pexels-shliftik-7636163-scaled.jpg","type":"image\/jpeg"}],"author":"confagricolturabologna","twitter_card":"summary_large_image","twitter_misc":{"Scritto da":"confagricolturabologna","Tempo di lettura stimato":"2 minuti"},"schema":{"@context":"https:\/\/schema.org","@graph":[{"@type":"Article","@id":"https:\/\/www.confagricoltura.org\/bologna\/pera-dellemilia-romagna-igp-al-via-il-nuovo-bando-regionale-de-minimis-2026\/#article","isPartOf":{"@id":"https:\/\/www.confagricoltura.org\/bologna\/pera-dellemilia-romagna-igp-al-via-il-nuovo-bando-regionale-de-minimis-2026\/"},"author":{"name":"confagricolturabologna","@id":"https:\/\/www.confagricoltura.org\/bologna\/#\/schema\/person\/277baa2a725fb840103c5f8898746c7f"},"headline":"Pera dell&#8217;Emilia-Romagna IGP: al via il nuovo bando regionale &#8220;De Minimis&#8221; 2026","datePublished":"2026-09-02T13:32:22+00:00","mainEntityOfPage":{"@id":"https:\/\/www.confagricoltura.org\/bologna\/pera-dellemilia-romagna-igp-al-via-il-nuovo-bando-regionale-de-minimis-2026\/"},"wordCount":300,"image":{"@id":"https:\/\/www.confagricoltura.org\/bologna\/pera-dellemilia-romagna-igp-al-via-il-nuovo-bando-regionale-de-minimis-2026\/#primaryimage"},"thumbnailUrl":"https:\/\/www.confagricoltura.org\/bologna\/wp-content\/uploads\/sites\/12\/2026\/09\/pexels-shliftik-7636163-scaled.jpg","articleSection":["Bologna Agricola Informa","Notiziario Provinciale","Settore ortofrutticolo"],"inLanguage":"it-IT"},{"@type":"WebPage","@id":"https:\/\/www.confagricoltura.org\/bologna\/pera-dellemilia-romagna-igp-al-via-il-nuovo-bando-regionale-de-minimis-2026\/","url":"https:\/\/www.confagricoltura.org\/bologna\/pera-dellemilia-romagna-igp-al-via-il-nuovo-bando-regionale-de-minimis-2026\/","name":"Pera dell'Emilia-Romagna IGP: al via il nuovo bando regionale \"De Minimis\" 2026 - Confagricoltura Bologna","isPartOf":{"@id":"https:\/\/www.confagricoltura.org\/bologna\/#website"},"primaryImageOfPage":{"@id":"https:\/\/www.confagricoltura.org\/bologna\/pera-dellemilia-romagna-igp-al-via-il-nuovo-bando-regionale-de-minimis-2026\/#primaryimage"},"image":{"@id":"https:\/\/www.confagricoltura.org\/bologna\/pera-dellemilia-romagna-igp-al-via-il-nuovo-bando-regionale-de-minimis-2026\/#primaryimage"},"thumbnailUrl":"https:\/\/www.confagricoltura.org\/bologna\/wp-content\/uploads\/sites\/12\/2026\/09\/pexels-shliftik-7636163-scaled.jpg","datePublished":"2026-09-02T13:32:22+00:00","author":{"@id":"https:\/\/www.confagricoltura.org\/bologna\/#\/schema\/person\/277baa2a725fb840103c5f8898746c7f"},"breadcrumb":{"@id":"https:\/\/www.confagricoltura.org\/bologna\/pera-dellemilia-romagna-igp-al-via-il-nuovo-bando-regionale-de-minimis-2026\/#breadcrumb"},"inLanguage":"it-IT","potentialAction":[{"@type":"ReadAction","target":["https:\/\/www.confagricoltura.org\/bologna\/pera-dellemilia-romagna-igp-al-via-il-nuovo-bando-regionale-de-minimis-2026\/"]}]},{"@type":"ImageObject","inLanguage":"it-IT","@id":"https:\/\/www.confagricoltura.org\/bologna\/pera-dellemilia-romagna-igp-al-via-il-nuovo-bando-regionale-de-minimis-2026\/#primaryimage","url":"https:\/\/www.confagricoltura.org\/bologna\/wp-content\/uploads\/sites\/12\/2026\/09\/pexels-shliftik-7636163-scaled.jpg","contentUrl":"https:\/\/www.confagricoltura.org\/bologna\/wp-content\/uploads\/sites\/12\/2026\/09\/pexels-shliftik-7636163-scaled.jpg","width":2560,"height":2017},{"@type":"BreadcrumbList","@id":"https:\/\/www.confagricoltura.org\/bologna\/pera-dellemilia-romagna-igp-al-via-il-nuovo-bando-regionale-de-minimis-2026\/#breadcrumb","itemListElement":[{"@type":"ListItem","position":1,"name":"Home","item":"https:\/\/www.confagricoltura.org\/bologna\/"},{"@type":"ListItem","position":2,"name":"Pera dell&#8217;Emilia-Romagna IGP: al via il nuovo bando regionale &#8220;De Minimis&#8221; 2026"}]},{"@type":"WebSite","@id":"https:\/\/www.confagricoltura.org\/bologna\/#website","url":"https:\/\/www.confagricoltura.org\/bologna\/","name":"Confagricoltura Bologna","description":"Dalla parte degli Agricoltori","potentialAction":[{"@type":"SearchAction","target":{"@type":"EntryPoint","urlTemplate":"https:\/\/www.confagricoltura.org\/bologna\/?s={search_term_string}"},"query-input":{"@type":"PropertyValueSpecification","valueRequired":true,"valueName":"search_term_string"}}],"inLanguage":"it-IT"},{"@type":"Person","@id":"https:\/\/www.confagricoltura.org\/bologna\/#\/schema\/person\/277baa2a725fb840103c5f8898746c7f","name":"confagricolturabologna","image":{"@type":"ImageObject","inLanguage":"it-IT","@id":"https:\/\/www.confagricoltura.org\/bologna\/#\/schema\/person\/image\/","url":"https:\/\/secure.gravatar.com\/avatar\/edd9a034f35ea6aeadaf9744d1135acc?s=96&d=mm&r=g","contentUrl":"https:\/\/secure.gravatar.com\/avatar\/edd9a034f35ea6aeadaf9744d1135acc?s=96&d=mm&r=g","caption":"confagricolturabologna"},"url":"https:\/\/www.confagricoltura.org\/bologna\/author\/confagricolturabologna\/"}]}},"_links":{"self":[{"href":"https:\/\/www.confagricoltura.org\/bologna\/wp-json\/wp\/v2\/posts\/8136","targetHints":{"allow":["GET"]}}],"collection":[{"href":"https:\/\/www.confagricoltura.org\/bologna\/wp-json\/wp\/v2\/posts"}],"about":[{"href":"https:\/\/www.confagricoltura.org\/bologna\/wp-json\/wp\/v2\/types\/post"}],"author":[{"embeddable":true,"href":"https:\/\/www.confagricoltura.org\/bologna\/wp-json\/wp\/v2\/users\/7"}],"replies":[{"embeddable":true,"href":"https:\/\/www.confagricoltura.org\/bologna\/wp-json\/wp\/v2\/comments?post=8136"}],"version-history":[{"count":1,"href":"https:\/\/www.confagricoltura.org\/bologna\/wp-json\/wp\/v2\/posts\/8136\/revisions"}],"predecessor-version":[{"id":8138,"href":"https:\/\/www.confagricoltura.org\/bologna\/wp-json\/wp\/v2\/posts\/8136\/revisions\/8138"}],"wp:featuredmedia":[{"embeddable":true,"href":"https:\/\/www.confagricoltura.org\/bologna\/wp-json\/wp\/v2\/media\/8137"}],"wp:attachment":[{"href":"https:\/\/www.confagricoltura.org\/bologna\/wp-json\/wp\/v2\/media?parent=8136"}],"wp:term":[{"taxonomy":"category","embeddable":true,"href":"https:\/\/www.confagricoltura.org\/bologna\/wp-json\/wp\/v2\/categories?post=8136"},{"taxonomy":"post_tag","embeddable":true,"href":"https:\/\/www.confagricoltura.org\/bologna\/wp-json\/wp\/v2\/tags?post=8136"}],"curies":[{"name":"wp","href":"https:\/\/api.w.org\/{rel}","templated":true}]}}