{"id":7738,"date":"2025-10-16T10:15:27","date_gmt":"2025-10-16T08:15:27","guid":{"rendered":"https:\/\/www.confagricoltura.org\/bologna\/?p=7738"},"modified":"2025-10-16T10:15:27","modified_gmt":"2025-10-16T08:15:27","slug":"torna-di-moda-lo-sciopero","status":"publish","type":"post","link":"https:\/\/www.confagricoltura.org\/bologna\/torna-di-moda-lo-sciopero\/","title":{"rendered":"Torna di moda lo sciopero."},"content":{"rendered":"<p class=\"cvGsUA direction-ltr align-justify para-style-body\"><span class=\"a_GcMg font-feature-liga-off font-feature-clig-off font-feature-calt-off text-decoration-none text-strikethrough-none\">Con l&#8217;autunno si cambiano le abitudini e, dopo gli ozi estivi, torna di moda lo sciopero.<\/span><\/p>\n<p class=\"cvGsUA direction-ltr align-justify para-style-body\"><span class=\"a_GcMg font-feature-liga-off font-feature-clig-off font-feature-calt-off text-decoration-none text-strikethrough-none\">Le programmate astensioni dal lavoro possono causare disagi anche alle aziende agricole, non tanto per forme dirette di azione sindacale sul posto di lavoro, ma per le difficolt\u00e0 sovente arrecate al sistema dei trasporti e della logistica, che possono essere di impedimento all&#8217;ordinario svolgimento delle attivit\u00e0 aziendali.<\/span><\/p>\n<p class=\"cvGsUA direction-ltr align-justify para-style-body\"><span class=\"a_GcMg font-feature-liga-off font-feature-clig-off font-feature-calt-off text-decoration-none text-strikethrough-none\">Vediamo in sintesi il quadro regolatorio del diritto di sciopero.<\/span><\/p>\n<p class=\"cvGsUA direction-ltr align-justify para-style-body\"><span class=\"a_GcMg font-feature-liga-off font-feature-clig-off font-feature-calt-off text-decoration-none text-strikethrough-none\">In Italia lo sciopero \u00e8 concepito come diritto soggettivo, in capo al lavoratore dipendente, garantito costituzionalmente dall&#8217;art. 40, secondo cui \u201cil diritto di sciopero si esercita nell&#8217;ambito delle leggi che lo regolano\u201d, leggi che per la dura opposizione sindacale &#8211; analoga a quella tenuta contro l&#8217;art. 39 della Costituzione &#8211; mai sono state emanate, se non per la regolamentazione rispetto ai servizi pubblici essenziali (Legge n. 146\/1990).<\/span><\/p>\n<p class=\"cvGsUA direction-ltr align-justify para-style-body\"><span class=\"a_GcMg font-feature-liga-off font-feature-clig-off font-feature-calt-off text-decoration-none text-strikethrough-none\">La giurisprudenza e la dottrina si sono espresse in numerose occasioni in ordine al \u201cdiritto\u201d di sciopero, stabilendo alcuni principi granitici: lo sciopero \u00e8 un diritto individuale che si esercita collettivamente e, in quanto diritto, non genera inadempimento contrattuale in capo al dipendente. In sostanza, lo sciopero \u00e8 un diritto \u201cpotestativo\u201d, non pu\u00f2 avere rilevanza sotto il profilo disciplinare n\u00e9 pu\u00f2 determinare la risoluzione del rapporto di lavoro.<\/span><\/p>\n<p class=\"cvGsUA direction-ltr align-justify para-style-body\"><span class=\"a_GcMg font-feature-liga-off font-feature-clig-off font-feature-calt-off text-decoration-none text-strikethrough-none\">Il datore di lavoro non ha alcun ruolo risultando l&#8217;azienda soggetto passivo ed in stato di rassegnata soggezione.<\/span><\/p>\n<p class=\"cvGsUA direction-ltr align-center para-style-body\" style=\"text-align: center\"><em><span class=\"a_GcMg font-feature-liga-off font-feature-clig-off font-feature-calt-off text-decoration-none text-strikethrough-none\">La<\/span><span class=\"a_GcMg font-feature-liga-off font-feature-clig-off font-feature-calt-off text-decoration-none text-strikethrough-none\"> legge 300\/1970 (Statuto dei Lavoratori) <\/span><span class=\"a_GcMg font-feature-liga-off font-feature-clig-off font-feature-calt-off text-decoration-none text-strikethrough-none\">stabilisce (art. 30) in materia di <\/span><span class=\"a_GcMg font-feature-liga-off font-feature-clig-off font-feature-calt-off text-decoration-none text-strikethrough-none\">\u201c<\/span><span class=\"a_GcMg font-feature-liga-off font-feature-clig-off font-feature-calt-off text-decoration-none text-strikethrough-none\">repressione della condotta antisindacale<\/span><span class=\"a_GcMg font-feature-liga-off font-feature-clig-off font-feature-calt-off text-decoration-none text-strikethrough-none\">\u201d <\/span><span class=\"a_GcMg font-feature-liga-off font-feature-clig-off font-feature-calt-off text-decoration-none text-strikethrough-none\">che nel caso in cui<\/span><\/em><\/p>\n<p class=\"cvGsUA direction-ltr align-center para-style-body\" style=\"text-align: center\"><em><span class=\"a_GcMg font-feature-liga-off font-feature-clig-off font-feature-calt-off text-decoration-none text-strikethrough-none\">\u201c<\/span><span class=\"a_GcMg font-feature-liga-off font-feature-clig-off font-feature-calt-off text-decoration-none text-strikethrough-none\">il datore di lavoro ponga in essere comportamenti diretti ad impedire o limitare l&#8217;esercizio della libert\u00e0 e dell&#8217;attivit\u00e0 sindacale, nonch\u00e9 del diritto di sciopero, su ricorso degli organismi locali delle associazioni sindacali nazionali che vi abbiano interesse, il pretore (oggi Tribunale in funzione di Giudice del Lavoro) del luogo ove \u00e8 posto in essere il comportamento denunziato, nei due giorni successivi, convocate le parti ed assunte sommarie informazioni, qualora ritenga sussistente la violazione di cui al presente comma, ordina al datore di lavoro, con decreto motivato ed immediatamente esecutivo, la cessazione del comportamento illegittimo e la rimozione degli effetti\u201d<\/span><span class=\"a_GcMg font-feature-liga-off font-feature-clig-off font-feature-calt-off text-decoration-none text-strikethrough-none\">.<\/span><\/em><\/p>\n<p>&nbsp;<\/p>\n<p class=\"cvGsUA direction-ltr align-start para-style-body\"><span class=\"a_GcMg font-feature-liga-off font-feature-clig-off font-feature-calt-off text-decoration-none text-strikethrough-none\">Lo sciopero, in astratto, consiste nella astensione dal lavoro; non \u00e8 necessaria la formale convocazione da parte di una organizzazione sindacale ma alla base della agitazione deve sussistere un atto collettivo ascrivibile ai lavoratori, i quali concordino l&#8217;azione a tutela di un interesse comune; in assenza di ci\u00f2 la astensione dal servizio non pu\u00f2 essere qualificata come sciopero.<\/span><\/p>\n<p class=\"cvGsUA direction-ltr align-start para-style-body\"><span class=\"a_GcMg font-feature-liga-off font-feature-clig-off font-feature-calt-off text-decoration-none text-strikethrough-none\">La fantasia \u201csindacale\u201d ha nel tempo portato, oltre alla tradizionale astensione collettiva, totale e continuativa dal lavoro, ad enucleare<\/span> <span class=\"a_GcMg font-feature-liga-off font-feature-clig-off font-feature-calt-off text-decoration-none text-strikethrough-none\">numerose forme di sciopero.<\/span><\/p>\n<p class=\"cvGsUA direction-ltr align-start para-style-body\"><span class=\"a_GcMg font-feature-liga-off font-feature-clig-off font-feature-calt-off text-decoration-none text-strikethrough-none\">Trattasi (in specie per l&#8217;industria) delle c.d. forme \u201carticolate\u201d, a \u201csinghiozzo\u201d (alternanza tra brevi fasi di lavoro e fasi di astensione dallo stesso), a \u201cscacchiera\u201d (in un&#8217;azienda con pi\u00f9 reparti alcuni lavorano ed altri no); da evidenziare anche<\/span> <span class=\"a_GcMg font-feature-liga-off font-feature-clig-off font-feature-calt-off text-decoration-none text-strikethrough-none\">lo sciopero \u201cbianco\u201d (il lavoratore \u00e8 presente in azienda ma presta servizio con modalit\u00e0 tali da rallentare il lavoro e creare disagio).<\/span><\/p>\n<p class=\"cvGsUA direction-ltr align-start para-style-body\"><span class=\"a_GcMg font-feature-liga-off font-feature-clig-off font-feature-calt-off text-decoration-none text-strikethrough-none\">Nel recente passato, ed anche oggi, si \u00e8 diffuso lo sciopero \u201cpolitico\u201d e di \u201csolidariet\u00e0\u201d (vedi i recenti scioperi<\/span> <span class=\"a_GcMg font-feature-liga-off font-feature-clig-off font-feature-calt-off text-decoration-none text-strikethrough-none\">pro &#8211; pal).<\/span><\/p>\n<p class=\"cvGsUA direction-ltr align-start para-style-body\"><span class=\"a_GcMg font-feature-liga-off font-feature-clig-off font-feature-calt-off text-decoration-none text-strikethrough-none\">Quale forma di \u201cmobilitazione\u201d \u00e8 anche frequente lo sciopero sullo straordinario: i dipendenti si attengono al solo orario ordinario, rifiutando prestazioni di lavoro straordinario.<\/span><\/p>\n<p class=\"cvGsUA direction-ltr align-start para-style-body\"><span class=\"a_GcMg font-feature-liga-off font-feature-clig-off font-feature-calt-off text-decoration-none text-strikethrough-none\">In casi particolari lo sciopero pu\u00f2 essere ritenuto illegittimo, costituendo anche reato; \u00e8 il caso dello sciopero teso a sovvertire l&#8217;ordine costituzionale o<\/span> <span class=\"a_GcMg font-feature-liga-off font-feature-clig-off font-feature-calt-off text-decoration-none text-strikethrough-none\">le prerogative democratiche.<\/span><\/p>\n<p class=\"cvGsUA direction-ltr align-justify para-style-body\"><span class=\"a_GcMg font-feature-liga-off font-feature-clig-off font-feature-calt-off text-decoration-none text-strikethrough-none\">Per la giurisprudenza lo sciopero deve garantire gli altri diritti costituzionali di pari grado, \u00e8 vietato il picchettaggio &#8211; se violento &#8211; ed atto ad impedire ai lavoratori (non scioperanti) l&#8217;accesso al lavoro; \u00e8 vietato nel contesto dell&#8217;astensione dal lavoro il sabotaggio degli impianti come l&#8217;occupazione dell&#8217;azienda, il blocco delle merci ed il boicottaggio.<\/span><\/p>\n<p class=\"cvGsUA direction-ltr align-justify para-style-body\"><span class=\"a_GcMg font-feature-liga-off font-feature-clig-off font-feature-calt-off text-decoration-none text-strikethrough-none\">Nei servizi pubblici essenziali (es. trasporti, sanit\u00e0) la legge n. 146\/90 prevede gravami procedurali (obbligo di preavviso di almeno 10 giorni) e sanzioni per l&#8217;inottemperanza.<\/span><\/p>\n<p class=\"cvGsUA direction-ltr align-start para-style-body\"><span class=\"a_GcMg font-feature-liga-off font-feature-clig-off font-feature-calt-off text-decoration-none text-strikethrough-none\">L&#8217;<\/span><span class=\"a_GcMg font-feature-liga-off font-feature-clig-off font-feature-calt-off text-decoration-none text-strikethrough-none\">art. 2<\/span><span class=\"a_GcMg font-feature-liga-off font-feature-clig-off font-feature-calt-off text-decoration-none text-strikethrough-none\"> della legge prevede, in mancanza della tempestiva proclamazione (od adesione) dello sciopero, la sospensione dei permessi sindacali retribuiti o di contributi sindacali sulle retribuzioni per la durata dell&#8217;astensione, l&#8217;esclusione dalle trattative dei sindacati non ottemperanti; possibile poi la precettazione degli scioperati per i casi nei quali si paventi la lesione o il pregiudizio di diritti costituzionalmente tutelati.<\/span><\/p>\n<p class=\"cvGsUA direction-ltr align-justify para-style-body\"><span class=\"a_GcMg font-feature-liga-off font-feature-clig-off font-feature-calt-off text-decoration-none text-strikethrough-none\">Il provvedimento amministrativo relativo pu\u00f2 prevedere:<\/span><\/p>\n<ul>\n<li><span class=\"a_GcMg font-feature-liga-off font-feature-clig-off font-feature-calt-off text-decoration-none text-strikethrough-none\">il differimento dello sciopero;<\/span><\/li>\n<li><span class=\"a_GcMg font-feature-liga-off font-feature-clig-off font-feature-calt-off text-decoration-none text-strikethrough-none\">la riduzione della sua durata;<\/span><\/li>\n<li><span class=\"a_GcMg font-feature-liga-off font-feature-clig-off font-feature-calt-off text-decoration-none text-strikethrough-none\">l&#8217;imposizione dei livelli minimi di servizio;<\/span><\/li>\n<li><span class=\"a_GcMg font-feature-liga-off font-feature-clig-off font-feature-calt-off text-decoration-none text-strikethrough-none\">l&#8217;unificazione di scioperi proclamati separatamente<\/span><\/li>\n<\/ul>\n<p>&nbsp;<\/p>\n<p class=\"cvGsUA direction-ltr align-start para-style-body\"><span class=\"a_GcMg font-feature-liga-off font-feature-clig-off font-feature-calt-off text-decoration-none text-strikethrough-none\">L&#8217;inosservanza da parte del lavoratore delle disposizioni contenute nell&#8217;ordinanza della pubblica amministrazione \u00e8 sanzionata in via pecuniaria, per ogni giorno di mancata ottemperanza, da un minimo di euro 500 ad un massimo di euro 1000; le organizzazioni sindacali dei lavoratori sono punite con la sanzione amministrativa pecuniaria da euro 2.500 a euro 50.000 per ogni giorno.<\/span><\/p>\n<p class=\"cvGsUA direction-ltr align-start para-style-body\"><span class=\"a_GcMg font-feature-liga-off font-feature-clig-off font-feature-calt-off text-decoration-none text-strikethrough-none\">Lo sciopero genera, come visto, la legittima astensione dal servizio con sospensione degli obblighi contrattuali, sia per il lavoratore che per il datore di lavoro e si traduce nella mancata corresponsione &#8211; per le ore di astensione &#8211; dello stipendio.<\/span><\/p>\n<p class=\"cvGsUA direction-ltr align-start para-style-body\"><span class=\"a_GcMg font-feature-liga-off font-feature-clig-off font-feature-calt-off text-decoration-none text-strikethrough-none\">In pratica il dipendente non riceve la retribuzione, sono ridotti proporzionatamente gli istituti a maturazione differita (ferie, permessi, tredicesima e quattordicesima), parimenti non natura l&#8217;accantonamento del TFR.<\/span><\/p>\n<p class=\"cvGsUA direction-ltr align-start para-style-body\"><span class=\"a_GcMg font-feature-liga-off font-feature-clig-off font-feature-calt-off text-decoration-none text-strikethrough-none\">(M. Mazzanti)<\/span><\/p>\n<p>&nbsp;<\/p>\n","protected":false},"excerpt":{"rendered":"<p>Con l&#8217;autunno si cambiano le abitudini e, dopo gli ozi estivi, torna di moda lo sciopero. Le programmate astensioni dal lavoro possono causare disagi anche alle aziende agricole, non tanto per forme dirette di azione sindacale sul posto di lavoro, ma per le difficolt\u00e0 sovente arrecate al sistema dei trasporti e della logistica, che possono<\/p>\n","protected":false},"author":7,"featured_media":7739,"comment_status":"closed","ping_status":"closed","sticky":false,"template":"","format":"standard","meta":{"wp_mapbox_gl_js_media":[],"footnotes":""},"categories":[23,35,25],"tags":[],"class_list":["post-7738","post","type-post","status-publish","format-standard","has-post-thumbnail","hentry","category-bologna-agricola-informa","category-lavoro","category-notiziario-provinciale"],"yoast_head":"<!-- This site is optimized with the Yoast SEO plugin v26.8 - https:\/\/yoast.com\/product\/yoast-seo-wordpress\/ -->\n<title>Torna di moda lo sciopero. - Confagricoltura Bologna<\/title>\n<meta name=\"robots\" content=\"index, follow, max-snippet:-1, max-image-preview:large, max-video-preview:-1\" \/>\n<link rel=\"canonical\" href=\"https:\/\/www.confagricoltura.org\/bologna\/torna-di-moda-lo-sciopero\/\" \/>\n<meta property=\"og:locale\" content=\"it_IT\" \/>\n<meta property=\"og:type\" content=\"article\" \/>\n<meta property=\"og:title\" content=\"Torna di moda lo sciopero. - Confagricoltura Bologna\" \/>\n<meta property=\"og:description\" content=\"Con l&#8217;autunno si cambiano le abitudini e, dopo gli ozi estivi, torna di moda lo sciopero. Le programmate astensioni dal lavoro possono causare disagi anche alle aziende agricole, non tanto per forme dirette di azione sindacale sul posto di lavoro, ma per le difficolt\u00e0 sovente arrecate al sistema dei trasporti e della logistica, che possono\" \/>\n<meta property=\"og:url\" content=\"https:\/\/www.confagricoltura.org\/bologna\/torna-di-moda-lo-sciopero\/\" \/>\n<meta property=\"og:site_name\" content=\"Confagricoltura Bologna\" \/>\n<meta property=\"article:published_time\" content=\"2025-10-16T08:15:27+00:00\" \/>\n<meta property=\"og:image\" content=\"https:\/\/www.confagricoltura.org\/bologna\/wp-content\/uploads\/sites\/12\/2025\/10\/unnamed-1.jpg\" \/>\n\t<meta property=\"og:image:width\" content=\"1024\" \/>\n\t<meta property=\"og:image:height\" content=\"1024\" \/>\n\t<meta property=\"og:image:type\" content=\"image\/jpeg\" \/>\n<meta name=\"author\" content=\"confagricolturabologna\" \/>\n<meta name=\"twitter:card\" content=\"summary_large_image\" \/>\n<meta name=\"twitter:label1\" content=\"Scritto da\" \/>\n\t<meta name=\"twitter:data1\" content=\"confagricolturabologna\" \/>\n\t<meta name=\"twitter:label2\" content=\"Tempo di lettura stimato\" \/>\n\t<meta name=\"twitter:data2\" content=\"5 minuti\" \/>\n<script type=\"application\/ld+json\" class=\"yoast-schema-graph\">{\"@context\":\"https:\/\/schema.org\",\"@graph\":[{\"@type\":\"Article\",\"@id\":\"https:\/\/www.confagricoltura.org\/bologna\/torna-di-moda-lo-sciopero\/#article\",\"isPartOf\":{\"@id\":\"https:\/\/www.confagricoltura.org\/bologna\/torna-di-moda-lo-sciopero\/\"},\"author\":{\"name\":\"confagricolturabologna\",\"@id\":\"https:\/\/www.confagricoltura.org\/bologna\/#\/schema\/person\/277baa2a725fb840103c5f8898746c7f\"},\"headline\":\"Torna di moda lo sciopero.\",\"datePublished\":\"2025-10-16T08:15:27+00:00\",\"mainEntityOfPage\":{\"@id\":\"https:\/\/www.confagricoltura.org\/bologna\/torna-di-moda-lo-sciopero\/\"},\"wordCount\":858,\"image\":{\"@id\":\"https:\/\/www.confagricoltura.org\/bologna\/torna-di-moda-lo-sciopero\/#primaryimage\"},\"thumbnailUrl\":\"https:\/\/www.confagricoltura.org\/bologna\/wp-content\/uploads\/sites\/12\/2025\/10\/unnamed-1.jpg\",\"articleSection\":[\"Bologna Agricola Informa\",\"Lavoro\",\"Notiziario Provinciale\"],\"inLanguage\":\"it-IT\"},{\"@type\":\"WebPage\",\"@id\":\"https:\/\/www.confagricoltura.org\/bologna\/torna-di-moda-lo-sciopero\/\",\"url\":\"https:\/\/www.confagricoltura.org\/bologna\/torna-di-moda-lo-sciopero\/\",\"name\":\"Torna di moda lo sciopero. - Confagricoltura Bologna\",\"isPartOf\":{\"@id\":\"https:\/\/www.confagricoltura.org\/bologna\/#website\"},\"primaryImageOfPage\":{\"@id\":\"https:\/\/www.confagricoltura.org\/bologna\/torna-di-moda-lo-sciopero\/#primaryimage\"},\"image\":{\"@id\":\"https:\/\/www.confagricoltura.org\/bologna\/torna-di-moda-lo-sciopero\/#primaryimage\"},\"thumbnailUrl\":\"https:\/\/www.confagricoltura.org\/bologna\/wp-content\/uploads\/sites\/12\/2025\/10\/unnamed-1.jpg\",\"datePublished\":\"2025-10-16T08:15:27+00:00\",\"author\":{\"@id\":\"https:\/\/www.confagricoltura.org\/bologna\/#\/schema\/person\/277baa2a725fb840103c5f8898746c7f\"},\"breadcrumb\":{\"@id\":\"https:\/\/www.confagricoltura.org\/bologna\/torna-di-moda-lo-sciopero\/#breadcrumb\"},\"inLanguage\":\"it-IT\",\"potentialAction\":[{\"@type\":\"ReadAction\",\"target\":[\"https:\/\/www.confagricoltura.org\/bologna\/torna-di-moda-lo-sciopero\/\"]}]},{\"@type\":\"ImageObject\",\"inLanguage\":\"it-IT\",\"@id\":\"https:\/\/www.confagricoltura.org\/bologna\/torna-di-moda-lo-sciopero\/#primaryimage\",\"url\":\"https:\/\/www.confagricoltura.org\/bologna\/wp-content\/uploads\/sites\/12\/2025\/10\/unnamed-1.jpg\",\"contentUrl\":\"https:\/\/www.confagricoltura.org\/bologna\/wp-content\/uploads\/sites\/12\/2025\/10\/unnamed-1.jpg\",\"width\":1024,\"height\":1024},{\"@type\":\"BreadcrumbList\",\"@id\":\"https:\/\/www.confagricoltura.org\/bologna\/torna-di-moda-lo-sciopero\/#breadcrumb\",\"itemListElement\":[{\"@type\":\"ListItem\",\"position\":1,\"name\":\"Home\",\"item\":\"https:\/\/www.confagricoltura.org\/bologna\/\"},{\"@type\":\"ListItem\",\"position\":2,\"name\":\"Torna di moda lo sciopero.\"}]},{\"@type\":\"WebSite\",\"@id\":\"https:\/\/www.confagricoltura.org\/bologna\/#website\",\"url\":\"https:\/\/www.confagricoltura.org\/bologna\/\",\"name\":\"Confagricoltura Bologna\",\"description\":\"Dalla parte degli Agricoltori\",\"potentialAction\":[{\"@type\":\"SearchAction\",\"target\":{\"@type\":\"EntryPoint\",\"urlTemplate\":\"https:\/\/www.confagricoltura.org\/bologna\/?s={search_term_string}\"},\"query-input\":{\"@type\":\"PropertyValueSpecification\",\"valueRequired\":true,\"valueName\":\"search_term_string\"}}],\"inLanguage\":\"it-IT\"},{\"@type\":\"Person\",\"@id\":\"https:\/\/www.confagricoltura.org\/bologna\/#\/schema\/person\/277baa2a725fb840103c5f8898746c7f\",\"name\":\"confagricolturabologna\",\"image\":{\"@type\":\"ImageObject\",\"inLanguage\":\"it-IT\",\"@id\":\"https:\/\/www.confagricoltura.org\/bologna\/#\/schema\/person\/image\/\",\"url\":\"https:\/\/secure.gravatar.com\/avatar\/edd9a034f35ea6aeadaf9744d1135acc?s=96&d=mm&r=g\",\"contentUrl\":\"https:\/\/secure.gravatar.com\/avatar\/edd9a034f35ea6aeadaf9744d1135acc?s=96&d=mm&r=g\",\"caption\":\"confagricolturabologna\"},\"url\":\"https:\/\/www.confagricoltura.org\/bologna\/author\/confagricolturabologna\/\"}]}<\/script>\n<!-- \/ Yoast SEO plugin. -->","yoast_head_json":{"title":"Torna di moda lo sciopero. - Confagricoltura Bologna","robots":{"index":"index","follow":"follow","max-snippet":"max-snippet:-1","max-image-preview":"max-image-preview:large","max-video-preview":"max-video-preview:-1"},"canonical":"https:\/\/www.confagricoltura.org\/bologna\/torna-di-moda-lo-sciopero\/","og_locale":"it_IT","og_type":"article","og_title":"Torna di moda lo sciopero. - Confagricoltura Bologna","og_description":"Con l&#8217;autunno si cambiano le abitudini e, dopo gli ozi estivi, torna di moda lo sciopero. Le programmate astensioni dal lavoro possono causare disagi anche alle aziende agricole, non tanto per forme dirette di azione sindacale sul posto di lavoro, ma per le difficolt\u00e0 sovente arrecate al sistema dei trasporti e della logistica, che possono","og_url":"https:\/\/www.confagricoltura.org\/bologna\/torna-di-moda-lo-sciopero\/","og_site_name":"Confagricoltura Bologna","article_published_time":"2025-10-16T08:15:27+00:00","og_image":[{"width":1024,"height":1024,"url":"https:\/\/www.confagricoltura.org\/bologna\/wp-content\/uploads\/sites\/12\/2025\/10\/unnamed-1.jpg","type":"image\/jpeg"}],"author":"confagricolturabologna","twitter_card":"summary_large_image","twitter_misc":{"Scritto da":"confagricolturabologna","Tempo di lettura stimato":"5 minuti"},"schema":{"@context":"https:\/\/schema.org","@graph":[{"@type":"Article","@id":"https:\/\/www.confagricoltura.org\/bologna\/torna-di-moda-lo-sciopero\/#article","isPartOf":{"@id":"https:\/\/www.confagricoltura.org\/bologna\/torna-di-moda-lo-sciopero\/"},"author":{"name":"confagricolturabologna","@id":"https:\/\/www.confagricoltura.org\/bologna\/#\/schema\/person\/277baa2a725fb840103c5f8898746c7f"},"headline":"Torna di moda lo sciopero.","datePublished":"2025-10-16T08:15:27+00:00","mainEntityOfPage":{"@id":"https:\/\/www.confagricoltura.org\/bologna\/torna-di-moda-lo-sciopero\/"},"wordCount":858,"image":{"@id":"https:\/\/www.confagricoltura.org\/bologna\/torna-di-moda-lo-sciopero\/#primaryimage"},"thumbnailUrl":"https:\/\/www.confagricoltura.org\/bologna\/wp-content\/uploads\/sites\/12\/2025\/10\/unnamed-1.jpg","articleSection":["Bologna Agricola Informa","Lavoro","Notiziario Provinciale"],"inLanguage":"it-IT"},{"@type":"WebPage","@id":"https:\/\/www.confagricoltura.org\/bologna\/torna-di-moda-lo-sciopero\/","url":"https:\/\/www.confagricoltura.org\/bologna\/torna-di-moda-lo-sciopero\/","name":"Torna di moda lo sciopero. - Confagricoltura Bologna","isPartOf":{"@id":"https:\/\/www.confagricoltura.org\/bologna\/#website"},"primaryImageOfPage":{"@id":"https:\/\/www.confagricoltura.org\/bologna\/torna-di-moda-lo-sciopero\/#primaryimage"},"image":{"@id":"https:\/\/www.confagricoltura.org\/bologna\/torna-di-moda-lo-sciopero\/#primaryimage"},"thumbnailUrl":"https:\/\/www.confagricoltura.org\/bologna\/wp-content\/uploads\/sites\/12\/2025\/10\/unnamed-1.jpg","datePublished":"2025-10-16T08:15:27+00:00","author":{"@id":"https:\/\/www.confagricoltura.org\/bologna\/#\/schema\/person\/277baa2a725fb840103c5f8898746c7f"},"breadcrumb":{"@id":"https:\/\/www.confagricoltura.org\/bologna\/torna-di-moda-lo-sciopero\/#breadcrumb"},"inLanguage":"it-IT","potentialAction":[{"@type":"ReadAction","target":["https:\/\/www.confagricoltura.org\/bologna\/torna-di-moda-lo-sciopero\/"]}]},{"@type":"ImageObject","inLanguage":"it-IT","@id":"https:\/\/www.confagricoltura.org\/bologna\/torna-di-moda-lo-sciopero\/#primaryimage","url":"https:\/\/www.confagricoltura.org\/bologna\/wp-content\/uploads\/sites\/12\/2025\/10\/unnamed-1.jpg","contentUrl":"https:\/\/www.confagricoltura.org\/bologna\/wp-content\/uploads\/sites\/12\/2025\/10\/unnamed-1.jpg","width":1024,"height":1024},{"@type":"BreadcrumbList","@id":"https:\/\/www.confagricoltura.org\/bologna\/torna-di-moda-lo-sciopero\/#breadcrumb","itemListElement":[{"@type":"ListItem","position":1,"name":"Home","item":"https:\/\/www.confagricoltura.org\/bologna\/"},{"@type":"ListItem","position":2,"name":"Torna di moda lo sciopero."}]},{"@type":"WebSite","@id":"https:\/\/www.confagricoltura.org\/bologna\/#website","url":"https:\/\/www.confagricoltura.org\/bologna\/","name":"Confagricoltura Bologna","description":"Dalla parte degli Agricoltori","potentialAction":[{"@type":"SearchAction","target":{"@type":"EntryPoint","urlTemplate":"https:\/\/www.confagricoltura.org\/bologna\/?s={search_term_string}"},"query-input":{"@type":"PropertyValueSpecification","valueRequired":true,"valueName":"search_term_string"}}],"inLanguage":"it-IT"},{"@type":"Person","@id":"https:\/\/www.confagricoltura.org\/bologna\/#\/schema\/person\/277baa2a725fb840103c5f8898746c7f","name":"confagricolturabologna","image":{"@type":"ImageObject","inLanguage":"it-IT","@id":"https:\/\/www.confagricoltura.org\/bologna\/#\/schema\/person\/image\/","url":"https:\/\/secure.gravatar.com\/avatar\/edd9a034f35ea6aeadaf9744d1135acc?s=96&d=mm&r=g","contentUrl":"https:\/\/secure.gravatar.com\/avatar\/edd9a034f35ea6aeadaf9744d1135acc?s=96&d=mm&r=g","caption":"confagricolturabologna"},"url":"https:\/\/www.confagricoltura.org\/bologna\/author\/confagricolturabologna\/"}]}},"_links":{"self":[{"href":"https:\/\/www.confagricoltura.org\/bologna\/wp-json\/wp\/v2\/posts\/7738","targetHints":{"allow":["GET"]}}],"collection":[{"href":"https:\/\/www.confagricoltura.org\/bologna\/wp-json\/wp\/v2\/posts"}],"about":[{"href":"https:\/\/www.confagricoltura.org\/bologna\/wp-json\/wp\/v2\/types\/post"}],"author":[{"embeddable":true,"href":"https:\/\/www.confagricoltura.org\/bologna\/wp-json\/wp\/v2\/users\/7"}],"replies":[{"embeddable":true,"href":"https:\/\/www.confagricoltura.org\/bologna\/wp-json\/wp\/v2\/comments?post=7738"}],"version-history":[{"count":1,"href":"https:\/\/www.confagricoltura.org\/bologna\/wp-json\/wp\/v2\/posts\/7738\/revisions"}],"predecessor-version":[{"id":7740,"href":"https:\/\/www.confagricoltura.org\/bologna\/wp-json\/wp\/v2\/posts\/7738\/revisions\/7740"}],"wp:featuredmedia":[{"embeddable":true,"href":"https:\/\/www.confagricoltura.org\/bologna\/wp-json\/wp\/v2\/media\/7739"}],"wp:attachment":[{"href":"https:\/\/www.confagricoltura.org\/bologna\/wp-json\/wp\/v2\/media?parent=7738"}],"wp:term":[{"taxonomy":"category","embeddable":true,"href":"https:\/\/www.confagricoltura.org\/bologna\/wp-json\/wp\/v2\/categories?post=7738"},{"taxonomy":"post_tag","embeddable":true,"href":"https:\/\/www.confagricoltura.org\/bologna\/wp-json\/wp\/v2\/tags?post=7738"}],"curies":[{"name":"wp","href":"https:\/\/api.w.org\/{rel}","templated":true}]}}