{"id":758,"date":"2016-07-26T17:05:59","date_gmt":"2016-07-26T15:05:59","guid":{"rendered":"http:\/\/www.confagricoltura.org\/bologna\/?p=758"},"modified":"2021-03-11T13:26:03","modified_gmt":"2021-03-11T12:26:03","slug":"arriva-lelemosina-di-stato","status":"publish","type":"post","link":"https:\/\/www.confagricoltura.org\/bologna\/arriva-lelemosina-di-stato\/","title":{"rendered":"Arriva l\u2019elemosina di stato."},"content":{"rendered":"<p><b>Arriva l\u2019elemosina di stato<\/b>.<\/p>\n<p>Con decreto 26 maggio 2016, il Ministero del Lavoro (con il concerto del Ministero delle Finanze) ha dato l\u2019avvio del c.d. \u201cSostegno all\u2019inclusione attiva (SIA)\u201d, proseguendo nella prassi governativa del conio di acronimi incomprensibili (forse per mascherare il nulla!).<\/p>\n<p>Prontamente, con circolare n. 133 del 19 luglio 2016, l\u2019INPS ha diramato le necessarie istruzioni operative. Il \u201csostegno\u201d SIA consiste nell\u2019erogazione di un sussidio economico rivolto alle famiglie in condizioni economiche disagiate, qualora siano presenti nel nucleo minorenni, figli disabili o donne in stato di gravidanza accertata.<\/p>\n<p>Il sussidio \u00e8 subordinato ad un progetto personalizzato volto al recupero sociale e lavorativo e predisposto dai servizi sociali del Comune, in collaborazione con altri enti pubblici e privati. Il progetto coinvolge tutti i componenti del nucleo familiare e prevede impegni per adulti e minori sulla base di una valutazione complessiva delle problematiche e dei bisogni, il tutto per superare la condizione di povert\u00e0 e riconquistare l\u2019autonomia.<\/p>\n<p>La base normativa del sostegno \u00e8 individuabile nell\u2019art. 1 della legge di Stabilit\u00e0 2016 (legge 28 dicembre 2015, n. 208, commi 386 e 387, lett. a)).<\/p>\n<p>La normativa prevede quali soggetti attivi amministrazioni ed enti: &#8211; il Comune, che riceve le domande da parte dei cittadini, effettua le verifiche anagrafiche sui richiedenti, comunica all\u2019INPS le richieste di beneficio, controlla il rispetto dei progetti personalizzati; &#8211; il \u201cSoggetto attuatore\u201d, che riceve le domande dai Comuni ed effettua i controlli sulla sussistenza dei requisiti di natura socio \u2013 economica richiesti dalla legge; &#8211; il \u201cGestore del servizio\u201d, che assicura la distribuzione e la gestione delle carte prepagate, provvedendo all\u2019accredito periodico degli importi dovuti.<\/p>\n<p>La circolare INPS illustra in particolare i requisiti per l\u2019ammissione al SIA; sulla base dell\u2019art. 4 del DM 26 maggio 2016 il richiedente deve:<\/p>\n<ol>\n<li><b>A)<\/b> essere cittadino italiano o comunitario ovvero familiare di cittadino italiano o comunitario titolare del diritto di soggiorno o del diritto di soggiorno permanente ovvero cittadino straniero in possesso del permesso di soggiorno CE per soggiornanti di lungo periodo;<\/li>\n<li><b>B)<\/b> essere residente in Italia da almeno due anni (al momento della presentazione della domanda);<\/li>\n<li><b>C) <\/b>nessun componente il nucleo deve risultare in possesso di: 1. autoveicoli immatricolati la prima volta nei dodici mesi antecedenti la richiesta; 2. autoveicoli di cilindrata superiore a 1.300 cc (250 cc in caso di motoveicoli) immatricolati la prima volta nei 3 anni precedenti la richiesta.<\/li>\n<\/ol>\n<p>Tutti i controlli di cui sopra per il regolare accesso al beneficio sono a carico del Comune. I nuclei familiari interessati, al momento della domanda e per l\u2019intera durata dell\u2019erogazione del beneficio, devono risultare in possesso<\/p>\n<p>dei seguenti requisiti, l\u2019accertamento relativo spetter\u00e0 all\u2019INPS:<\/p>\n<ol>\n<li>composizione del nucleo familiare, con almeno:<\/li>\n<\/ol>\n<p>&#8211; presenza di un componente di et\u00e0 minore di 18 anni;<\/p>\n<p>&#8211; presenza di una persona con disabilit\u00e0 e di almeno un suo genitore;<\/p>\n<p>&#8211; presenza di una donna in stato di gravidanza accertata;<\/p>\n<ol start=\"2\">\n<li>condizione economica:<\/li>\n<\/ol>\n<p>&#8211;\u00a0ISEE inferiore o uguale a 3.000 euro;<\/p>\n<p>&#8211;\u00a0altri eventuali trattamenti economici di natura previdenziale, indennitaria o assistenziale a qualunque titolo concesso dallo Stato o da altre pubbliche amministrazioni non devono essere superiori a 600 euro mensili;<\/p>\n<p>&#8211;\u00a0nessun componente il nucleo deve risultare titolare di:<\/p>\n<ul>\n<li>prestazioni di assicurazione sociale per l\u2019impiego (NASpI);<\/li>\n<li>assegno di disoccupazione (ASDI);<\/li>\n<li>altro ammortizzatore sociale di sostegno al reddito in caso di disoccupazione involontaria;<\/li>\n<li>carte acquisti sperimentale.<\/li>\n<\/ul>\n<p>La valutazione delle condizioni del nucleo familiare terr\u00e0 conto:<\/p>\n<ol>\n<li>A) carichi familiari (con un massimo di 65 punti);<\/li>\n<li>B) condizione economica (con un massimo di 25 punti);<\/li>\n<li>C) condizione lavorativa (con un massimo di 10 punti).<\/li>\n<\/ol>\n<p>Il beneficio economico viene concesso, bimestralmente, avuto riguardo alla composizione del nucleo familiare, secondo la seguente progressione:<\/p>\n<p>&nbsp;<\/p>\n<table width=\"414\">\n<tbody>\n<tr>\n<td width=\"196\">NUCLEO FAMILIARE<\/td>\n<td width=\"217\">IMPORTO MENSILE (\u20ac)<\/td>\n<\/tr>\n<tr>\n<td width=\"196\">1 membro<\/td>\n<td width=\"217\">80<\/td>\n<\/tr>\n<tr>\n<td width=\"196\">2 membri<\/td>\n<td width=\"217\">160<\/td>\n<\/tr>\n<tr>\n<td width=\"196\">3 membri<\/td>\n<td width=\"217\">240<\/td>\n<\/tr>\n<tr>\n<td width=\"196\">4 membri<\/td>\n<td width=\"217\">320<\/td>\n<\/tr>\n<tr>\n<td width=\"196\">5 o pi\u00f9 membri<\/td>\n<td width=\"217\">400<\/td>\n<\/tr>\n<\/tbody>\n<\/table>\n<p>&nbsp;<\/p>\n<p>Lo Stato ha stanziato la somma complessiva di \u20ac 750.000.000,00.<\/p>\n<p>\u00c8 facile prevedere che questi denari andranno per la gran parte degli stranieri come gi\u00e0 accade per le scuole, gli asili, le case popolari, la sanit\u00e0 pubblica, gli assegni di natalit\u00e0 e quanto altro! Ovvero agli evasori fiscali.<\/p>\n<p>Agli italiani onesti come sempre le briciole!<\/p>\n<p>(M. Mazzanti)<\/p>\n<p>&nbsp;<\/p>\n<p>&nbsp;<\/p>\n","protected":false},"excerpt":{"rendered":"<p>Arriva l\u2019elemosina di stato. Con decreto 26 maggio 2016, il Ministero del Lavoro (con il concerto del Ministero delle Finanze) ha dato l\u2019avvio del c.d. \u201cSostegno all\u2019inclusione attiva (SIA)\u201d, proseguendo nella prassi governativa del conio di acronimi incomprensibili (forse per mascherare il nulla!). Prontamente, con circolare n. 133 del 19 luglio 2016, l\u2019INPS ha diramato<\/p>\n","protected":false},"author":7,"featured_media":0,"comment_status":"open","ping_status":"open","sticky":false,"template":"","format":"standard","meta":{"wp_mapbox_gl_js_media":[],"footnotes":""},"categories":[29],"tags":[],"class_list":["post-758","post","type-post","status-publish","format-standard","hentry","category-archivio"],"yoast_head":"<!-- This site is optimized with the Yoast SEO plugin v26.8 - https:\/\/yoast.com\/product\/yoast-seo-wordpress\/ -->\n<title>Arriva l\u2019elemosina di stato. - Confagricoltura Bologna<\/title>\n<meta name=\"robots\" content=\"index, follow, max-snippet:-1, max-image-preview:large, max-video-preview:-1\" \/>\n<link rel=\"canonical\" href=\"https:\/\/www.confagricoltura.org\/bologna\/arriva-lelemosina-di-stato\/\" \/>\n<meta property=\"og:locale\" content=\"it_IT\" \/>\n<meta property=\"og:type\" content=\"article\" \/>\n<meta property=\"og:title\" content=\"Arriva l\u2019elemosina di stato. - Confagricoltura Bologna\" \/>\n<meta property=\"og:description\" content=\"Arriva l\u2019elemosina di stato. Con decreto 26 maggio 2016, il Ministero del Lavoro (con il concerto del Ministero delle Finanze) ha dato l\u2019avvio del c.d. \u201cSostegno all\u2019inclusione attiva (SIA)\u201d, proseguendo nella prassi governativa del conio di acronimi incomprensibili (forse per mascherare il nulla!). Prontamente, con circolare n. 133 del 19 luglio 2016, l\u2019INPS ha diramato\" \/>\n<meta property=\"og:url\" content=\"https:\/\/www.confagricoltura.org\/bologna\/arriva-lelemosina-di-stato\/\" \/>\n<meta property=\"og:site_name\" content=\"Confagricoltura Bologna\" \/>\n<meta property=\"article:published_time\" content=\"2016-07-26T15:05:59+00:00\" \/>\n<meta property=\"article:modified_time\" content=\"2021-03-11T12:26:03+00:00\" \/>\n<meta name=\"author\" content=\"confagricolturabologna\" \/>\n<meta name=\"twitter:card\" content=\"summary_large_image\" \/>\n<meta name=\"twitter:label1\" content=\"Scritto da\" \/>\n\t<meta name=\"twitter:data1\" content=\"confagricolturabologna\" \/>\n\t<meta name=\"twitter:label2\" content=\"Tempo di lettura stimato\" \/>\n\t<meta name=\"twitter:data2\" content=\"3 minuti\" \/>\n<script type=\"application\/ld+json\" class=\"yoast-schema-graph\">{\"@context\":\"https:\/\/schema.org\",\"@graph\":[{\"@type\":\"Article\",\"@id\":\"https:\/\/www.confagricoltura.org\/bologna\/arriva-lelemosina-di-stato\/#article\",\"isPartOf\":{\"@id\":\"https:\/\/www.confagricoltura.org\/bologna\/arriva-lelemosina-di-stato\/\"},\"author\":{\"name\":\"confagricolturabologna\",\"@id\":\"https:\/\/www.confagricoltura.org\/bologna\/#\/schema\/person\/277baa2a725fb840103c5f8898746c7f\"},\"headline\":\"Arriva l\u2019elemosina di stato.\",\"datePublished\":\"2016-07-26T15:05:59+00:00\",\"dateModified\":\"2021-03-11T12:26:03+00:00\",\"mainEntityOfPage\":{\"@id\":\"https:\/\/www.confagricoltura.org\/bologna\/arriva-lelemosina-di-stato\/\"},\"wordCount\":665,\"commentCount\":0,\"articleSection\":[\"Archivio\"],\"inLanguage\":\"it-IT\"},{\"@type\":\"WebPage\",\"@id\":\"https:\/\/www.confagricoltura.org\/bologna\/arriva-lelemosina-di-stato\/\",\"url\":\"https:\/\/www.confagricoltura.org\/bologna\/arriva-lelemosina-di-stato\/\",\"name\":\"Arriva l\u2019elemosina di stato. - Confagricoltura Bologna\",\"isPartOf\":{\"@id\":\"https:\/\/www.confagricoltura.org\/bologna\/#website\"},\"datePublished\":\"2016-07-26T15:05:59+00:00\",\"dateModified\":\"2021-03-11T12:26:03+00:00\",\"author\":{\"@id\":\"https:\/\/www.confagricoltura.org\/bologna\/#\/schema\/person\/277baa2a725fb840103c5f8898746c7f\"},\"breadcrumb\":{\"@id\":\"https:\/\/www.confagricoltura.org\/bologna\/arriva-lelemosina-di-stato\/#breadcrumb\"},\"inLanguage\":\"it-IT\",\"potentialAction\":[{\"@type\":\"ReadAction\",\"target\":[\"https:\/\/www.confagricoltura.org\/bologna\/arriva-lelemosina-di-stato\/\"]}]},{\"@type\":\"BreadcrumbList\",\"@id\":\"https:\/\/www.confagricoltura.org\/bologna\/arriva-lelemosina-di-stato\/#breadcrumb\",\"itemListElement\":[{\"@type\":\"ListItem\",\"position\":1,\"name\":\"Home\",\"item\":\"https:\/\/www.confagricoltura.org\/bologna\/\"},{\"@type\":\"ListItem\",\"position\":2,\"name\":\"Arriva l\u2019elemosina di stato.\"}]},{\"@type\":\"WebSite\",\"@id\":\"https:\/\/www.confagricoltura.org\/bologna\/#website\",\"url\":\"https:\/\/www.confagricoltura.org\/bologna\/\",\"name\":\"Confagricoltura Bologna\",\"description\":\"Dalla parte degli Agricoltori\",\"potentialAction\":[{\"@type\":\"SearchAction\",\"target\":{\"@type\":\"EntryPoint\",\"urlTemplate\":\"https:\/\/www.confagricoltura.org\/bologna\/?s={search_term_string}\"},\"query-input\":{\"@type\":\"PropertyValueSpecification\",\"valueRequired\":true,\"valueName\":\"search_term_string\"}}],\"inLanguage\":\"it-IT\"},{\"@type\":\"Person\",\"@id\":\"https:\/\/www.confagricoltura.org\/bologna\/#\/schema\/person\/277baa2a725fb840103c5f8898746c7f\",\"name\":\"confagricolturabologna\",\"image\":{\"@type\":\"ImageObject\",\"inLanguage\":\"it-IT\",\"@id\":\"https:\/\/www.confagricoltura.org\/bologna\/#\/schema\/person\/image\/\",\"url\":\"https:\/\/secure.gravatar.com\/avatar\/edd9a034f35ea6aeadaf9744d1135acc?s=96&d=mm&r=g\",\"contentUrl\":\"https:\/\/secure.gravatar.com\/avatar\/edd9a034f35ea6aeadaf9744d1135acc?s=96&d=mm&r=g\",\"caption\":\"confagricolturabologna\"},\"url\":\"https:\/\/www.confagricoltura.org\/bologna\/author\/confagricolturabologna\/\"}]}<\/script>\n<!-- \/ Yoast SEO plugin. -->","yoast_head_json":{"title":"Arriva l\u2019elemosina di stato. - Confagricoltura Bologna","robots":{"index":"index","follow":"follow","max-snippet":"max-snippet:-1","max-image-preview":"max-image-preview:large","max-video-preview":"max-video-preview:-1"},"canonical":"https:\/\/www.confagricoltura.org\/bologna\/arriva-lelemosina-di-stato\/","og_locale":"it_IT","og_type":"article","og_title":"Arriva l\u2019elemosina di stato. - Confagricoltura Bologna","og_description":"Arriva l\u2019elemosina di stato. Con decreto 26 maggio 2016, il Ministero del Lavoro (con il concerto del Ministero delle Finanze) ha dato l\u2019avvio del c.d. \u201cSostegno all\u2019inclusione attiva (SIA)\u201d, proseguendo nella prassi governativa del conio di acronimi incomprensibili (forse per mascherare il nulla!). Prontamente, con circolare n. 133 del 19 luglio 2016, l\u2019INPS ha diramato","og_url":"https:\/\/www.confagricoltura.org\/bologna\/arriva-lelemosina-di-stato\/","og_site_name":"Confagricoltura Bologna","article_published_time":"2016-07-26T15:05:59+00:00","article_modified_time":"2021-03-11T12:26:03+00:00","author":"confagricolturabologna","twitter_card":"summary_large_image","twitter_misc":{"Scritto da":"confagricolturabologna","Tempo di lettura stimato":"3 minuti"},"schema":{"@context":"https:\/\/schema.org","@graph":[{"@type":"Article","@id":"https:\/\/www.confagricoltura.org\/bologna\/arriva-lelemosina-di-stato\/#article","isPartOf":{"@id":"https:\/\/www.confagricoltura.org\/bologna\/arriva-lelemosina-di-stato\/"},"author":{"name":"confagricolturabologna","@id":"https:\/\/www.confagricoltura.org\/bologna\/#\/schema\/person\/277baa2a725fb840103c5f8898746c7f"},"headline":"Arriva l\u2019elemosina di stato.","datePublished":"2016-07-26T15:05:59+00:00","dateModified":"2021-03-11T12:26:03+00:00","mainEntityOfPage":{"@id":"https:\/\/www.confagricoltura.org\/bologna\/arriva-lelemosina-di-stato\/"},"wordCount":665,"commentCount":0,"articleSection":["Archivio"],"inLanguage":"it-IT"},{"@type":"WebPage","@id":"https:\/\/www.confagricoltura.org\/bologna\/arriva-lelemosina-di-stato\/","url":"https:\/\/www.confagricoltura.org\/bologna\/arriva-lelemosina-di-stato\/","name":"Arriva l\u2019elemosina di stato. - Confagricoltura Bologna","isPartOf":{"@id":"https:\/\/www.confagricoltura.org\/bologna\/#website"},"datePublished":"2016-07-26T15:05:59+00:00","dateModified":"2021-03-11T12:26:03+00:00","author":{"@id":"https:\/\/www.confagricoltura.org\/bologna\/#\/schema\/person\/277baa2a725fb840103c5f8898746c7f"},"breadcrumb":{"@id":"https:\/\/www.confagricoltura.org\/bologna\/arriva-lelemosina-di-stato\/#breadcrumb"},"inLanguage":"it-IT","potentialAction":[{"@type":"ReadAction","target":["https:\/\/www.confagricoltura.org\/bologna\/arriva-lelemosina-di-stato\/"]}]},{"@type":"BreadcrumbList","@id":"https:\/\/www.confagricoltura.org\/bologna\/arriva-lelemosina-di-stato\/#breadcrumb","itemListElement":[{"@type":"ListItem","position":1,"name":"Home","item":"https:\/\/www.confagricoltura.org\/bologna\/"},{"@type":"ListItem","position":2,"name":"Arriva l\u2019elemosina di stato."}]},{"@type":"WebSite","@id":"https:\/\/www.confagricoltura.org\/bologna\/#website","url":"https:\/\/www.confagricoltura.org\/bologna\/","name":"Confagricoltura Bologna","description":"Dalla parte degli Agricoltori","potentialAction":[{"@type":"SearchAction","target":{"@type":"EntryPoint","urlTemplate":"https:\/\/www.confagricoltura.org\/bologna\/?s={search_term_string}"},"query-input":{"@type":"PropertyValueSpecification","valueRequired":true,"valueName":"search_term_string"}}],"inLanguage":"it-IT"},{"@type":"Person","@id":"https:\/\/www.confagricoltura.org\/bologna\/#\/schema\/person\/277baa2a725fb840103c5f8898746c7f","name":"confagricolturabologna","image":{"@type":"ImageObject","inLanguage":"it-IT","@id":"https:\/\/www.confagricoltura.org\/bologna\/#\/schema\/person\/image\/","url":"https:\/\/secure.gravatar.com\/avatar\/edd9a034f35ea6aeadaf9744d1135acc?s=96&d=mm&r=g","contentUrl":"https:\/\/secure.gravatar.com\/avatar\/edd9a034f35ea6aeadaf9744d1135acc?s=96&d=mm&r=g","caption":"confagricolturabologna"},"url":"https:\/\/www.confagricoltura.org\/bologna\/author\/confagricolturabologna\/"}]}},"_links":{"self":[{"href":"https:\/\/www.confagricoltura.org\/bologna\/wp-json\/wp\/v2\/posts\/758","targetHints":{"allow":["GET"]}}],"collection":[{"href":"https:\/\/www.confagricoltura.org\/bologna\/wp-json\/wp\/v2\/posts"}],"about":[{"href":"https:\/\/www.confagricoltura.org\/bologna\/wp-json\/wp\/v2\/types\/post"}],"author":[{"embeddable":true,"href":"https:\/\/www.confagricoltura.org\/bologna\/wp-json\/wp\/v2\/users\/7"}],"replies":[{"embeddable":true,"href":"https:\/\/www.confagricoltura.org\/bologna\/wp-json\/wp\/v2\/comments?post=758"}],"version-history":[{"count":1,"href":"https:\/\/www.confagricoltura.org\/bologna\/wp-json\/wp\/v2\/posts\/758\/revisions"}],"predecessor-version":[{"id":5009,"href":"https:\/\/www.confagricoltura.org\/bologna\/wp-json\/wp\/v2\/posts\/758\/revisions\/5009"}],"wp:attachment":[{"href":"https:\/\/www.confagricoltura.org\/bologna\/wp-json\/wp\/v2\/media?parent=758"}],"wp:term":[{"taxonomy":"category","embeddable":true,"href":"https:\/\/www.confagricoltura.org\/bologna\/wp-json\/wp\/v2\/categories?post=758"},{"taxonomy":"post_tag","embeddable":true,"href":"https:\/\/www.confagricoltura.org\/bologna\/wp-json\/wp\/v2\/tags?post=758"}],"curies":[{"name":"wp","href":"https:\/\/api.w.org\/{rel}","templated":true}]}}