{"id":7548,"date":"2025-04-03T09:50:39","date_gmt":"2025-04-03T07:50:39","guid":{"rendered":"https:\/\/www.confagricoltura.org\/bologna\/?p=7548"},"modified":"2025-04-03T09:50:39","modified_gmt":"2025-04-03T07:50:39","slug":"flussi-lavoratori-immigrati-paesi-a-rischio","status":"publish","type":"post","link":"https:\/\/www.confagricoltura.org\/bologna\/flussi-lavoratori-immigrati-paesi-a-rischio\/","title":{"rendered":"Flussi: lavoratori immigrati Paesi a rischio."},"content":{"rendered":"<p>L\u2019immigrazione \u00e8 sempre di attualit\u00e0. Sul punto si segnala il decreto del Ministro degli Affari Esteri e della cooperazione internazionale che, relativamente al corrente 2025, individua (ai sensi art. 3 del D.L.n. 145\/2024, conv. in\u00a0 legge n. 187\/2024) i Paesi \u201ca particolare rischio\u201d.<\/p>\n<p>La predetta norma aveva infatti mutato le procedure pregresse, chiarendo che alle istanze di nulla osta al lavoro presentate dalla aziende per i cittadini extracomunitari originari di Paesi \u201ca particolare rischio\u201d (da individuarsi appunto con decreto dal Ministro degli Affari Esteri e della cooperazione internazionale) non si potr\u00e0 pi\u00f9 applicare il silenzio-assenso, previsto dal T.U. immigrazione; come si ricorder\u00e0 il decreto legge n. 145\/2024 aveva disposto nell\u2019immediatezza la sospensione delle istanze di nulla osta relative ai cittadini,\u00a0 fino alla data del 31 dicembre 2025, se provenienti dal Bangladesh, dal Pakistan e dallo Sri Lanka per i sospetti evidenti di irregolarit\u00e0 diffuse (di falsificazione documentale) ed anche in relazione alle indagini in corso da parte della magistratura anche considerato poi l\u2019alto tasso di rigetto delle domande di visto.<\/p>\n<p>Il nuovo decreto, valevole dal 26 febbraio 2025, stabilisce come paesi a rischio il Bangladesh, Pakistan e Sri Lanka ed\u00a0 il Marocco (new entry).<\/p>\n<p>La misura in esame \u00e8 in pratica una misure preventiva di controllo di possibili abusi e vuole arginare lo\u00a0 sfruttamento dei migranti, la intermediazione illecita e ci\u00f2 per le istanze 2025, non applicandosi per i detti paesi le semplificazioni procedurali\u00a0 introdotte, con il nuovo decreto flussi, per il\u00a0 rilascio del nulla osta al lavoro che, ovviamente in assenza di elementi impedienti od ostativi ed\u00a0 in presenza dei presupposti di legge era disposto in automatico dalla Questura territoriale (20 giorni per il lavoro stagionale, 60 giorni per il lavoro non stagionale).<\/p>\n<p>Per i lavoratori in ingresso da Bangladesh, Pakistan e Sri Lanka e Marocco quindi il nulla osta sar\u00e0 rilasciato subordinatamente al parere favorevole della Questura competente e dopo la verifica preliminare da parte dell\u2019Ispettorato Nazionale del Lavoro (ITL).<\/p>\n<p>(M. Mazzanti)<\/p>\n<p>&nbsp;<\/p>\n<p>&nbsp;<\/p>\n","protected":false},"excerpt":{"rendered":"<p>L\u2019immigrazione \u00e8 sempre di attualit\u00e0. Sul punto si segnala il decreto del Ministro degli Affari Esteri e della cooperazione internazionale che, relativamente al corrente 2025, individua (ai sensi art. 3 del D.L.n. 145\/2024, conv. in\u00a0 legge n. 187\/2024) i Paesi \u201ca particolare rischio\u201d. La predetta norma aveva infatti mutato le procedure pregresse, chiarendo che alle<\/p>\n","protected":false},"author":7,"featured_media":6146,"comment_status":"closed","ping_status":"closed","sticky":false,"template":"","format":"standard","meta":{"wp_mapbox_gl_js_media":[],"footnotes":""},"categories":[23,35,25],"tags":[],"class_list":["post-7548","post","type-post","status-publish","format-standard","has-post-thumbnail","hentry","category-bologna-agricola-informa","category-lavoro","category-notiziario-provinciale"],"yoast_head":"<!-- This site is optimized with the Yoast SEO plugin v26.8 - https:\/\/yoast.com\/product\/yoast-seo-wordpress\/ -->\n<title>Flussi: lavoratori immigrati Paesi a rischio. - Confagricoltura Bologna<\/title>\n<meta name=\"robots\" content=\"index, follow, max-snippet:-1, max-image-preview:large, max-video-preview:-1\" \/>\n<link rel=\"canonical\" href=\"https:\/\/www.confagricoltura.org\/bologna\/flussi-lavoratori-immigrati-paesi-a-rischio\/\" \/>\n<meta property=\"og:locale\" content=\"it_IT\" \/>\n<meta property=\"og:type\" content=\"article\" \/>\n<meta property=\"og:title\" content=\"Flussi: lavoratori immigrati Paesi a rischio. - Confagricoltura Bologna\" \/>\n<meta property=\"og:description\" content=\"L\u2019immigrazione \u00e8 sempre di attualit\u00e0. Sul punto si segnala il decreto del Ministro degli Affari Esteri e della cooperazione internazionale che, relativamente al corrente 2025, individua (ai sensi art. 3 del D.L.n. 145\/2024, conv. in\u00a0 legge n. 187\/2024) i Paesi \u201ca particolare rischio\u201d. La predetta norma aveva infatti mutato le procedure pregresse, chiarendo che alle\" \/>\n<meta property=\"og:url\" content=\"https:\/\/www.confagricoltura.org\/bologna\/flussi-lavoratori-immigrati-paesi-a-rischio\/\" \/>\n<meta property=\"og:site_name\" content=\"Confagricoltura Bologna\" \/>\n<meta property=\"article:published_time\" content=\"2025-04-03T07:50:39+00:00\" \/>\n<meta property=\"og:image\" content=\"https:\/\/www.confagricoltura.org\/bologna\/wp-content\/uploads\/sites\/12\/2022\/04\/foto-ufficio-immigrazione.jpg\" \/>\n\t<meta property=\"og:image:width\" content=\"290\" \/>\n\t<meta property=\"og:image:height\" content=\"174\" \/>\n\t<meta property=\"og:image:type\" content=\"image\/jpeg\" \/>\n<meta name=\"author\" content=\"confagricolturabologna\" \/>\n<meta name=\"twitter:card\" content=\"summary_large_image\" \/>\n<meta name=\"twitter:label1\" content=\"Scritto da\" \/>\n\t<meta name=\"twitter:data1\" content=\"confagricolturabologna\" \/>\n\t<meta name=\"twitter:label2\" content=\"Tempo di lettura stimato\" \/>\n\t<meta name=\"twitter:data2\" content=\"2 minuti\" \/>\n<script type=\"application\/ld+json\" class=\"yoast-schema-graph\">{\"@context\":\"https:\/\/schema.org\",\"@graph\":[{\"@type\":\"Article\",\"@id\":\"https:\/\/www.confagricoltura.org\/bologna\/flussi-lavoratori-immigrati-paesi-a-rischio\/#article\",\"isPartOf\":{\"@id\":\"https:\/\/www.confagricoltura.org\/bologna\/flussi-lavoratori-immigrati-paesi-a-rischio\/\"},\"author\":{\"name\":\"confagricolturabologna\",\"@id\":\"https:\/\/www.confagricoltura.org\/bologna\/#\/schema\/person\/277baa2a725fb840103c5f8898746c7f\"},\"headline\":\"Flussi: lavoratori immigrati Paesi a rischio.\",\"datePublished\":\"2025-04-03T07:50:39+00:00\",\"mainEntityOfPage\":{\"@id\":\"https:\/\/www.confagricoltura.org\/bologna\/flussi-lavoratori-immigrati-paesi-a-rischio\/\"},\"wordCount\":325,\"image\":{\"@id\":\"https:\/\/www.confagricoltura.org\/bologna\/flussi-lavoratori-immigrati-paesi-a-rischio\/#primaryimage\"},\"thumbnailUrl\":\"https:\/\/www.confagricoltura.org\/bologna\/wp-content\/uploads\/sites\/12\/2022\/04\/foto-ufficio-immigrazione.jpg\",\"articleSection\":[\"Bologna Agricola Informa\",\"Lavoro\",\"Notiziario Provinciale\"],\"inLanguage\":\"it-IT\"},{\"@type\":\"WebPage\",\"@id\":\"https:\/\/www.confagricoltura.org\/bologna\/flussi-lavoratori-immigrati-paesi-a-rischio\/\",\"url\":\"https:\/\/www.confagricoltura.org\/bologna\/flussi-lavoratori-immigrati-paesi-a-rischio\/\",\"name\":\"Flussi: lavoratori immigrati Paesi a rischio. - Confagricoltura Bologna\",\"isPartOf\":{\"@id\":\"https:\/\/www.confagricoltura.org\/bologna\/#website\"},\"primaryImageOfPage\":{\"@id\":\"https:\/\/www.confagricoltura.org\/bologna\/flussi-lavoratori-immigrati-paesi-a-rischio\/#primaryimage\"},\"image\":{\"@id\":\"https:\/\/www.confagricoltura.org\/bologna\/flussi-lavoratori-immigrati-paesi-a-rischio\/#primaryimage\"},\"thumbnailUrl\":\"https:\/\/www.confagricoltura.org\/bologna\/wp-content\/uploads\/sites\/12\/2022\/04\/foto-ufficio-immigrazione.jpg\",\"datePublished\":\"2025-04-03T07:50:39+00:00\",\"author\":{\"@id\":\"https:\/\/www.confagricoltura.org\/bologna\/#\/schema\/person\/277baa2a725fb840103c5f8898746c7f\"},\"breadcrumb\":{\"@id\":\"https:\/\/www.confagricoltura.org\/bologna\/flussi-lavoratori-immigrati-paesi-a-rischio\/#breadcrumb\"},\"inLanguage\":\"it-IT\",\"potentialAction\":[{\"@type\":\"ReadAction\",\"target\":[\"https:\/\/www.confagricoltura.org\/bologna\/flussi-lavoratori-immigrati-paesi-a-rischio\/\"]}]},{\"@type\":\"ImageObject\",\"inLanguage\":\"it-IT\",\"@id\":\"https:\/\/www.confagricoltura.org\/bologna\/flussi-lavoratori-immigrati-paesi-a-rischio\/#primaryimage\",\"url\":\"https:\/\/www.confagricoltura.org\/bologna\/wp-content\/uploads\/sites\/12\/2022\/04\/foto-ufficio-immigrazione.jpg\",\"contentUrl\":\"https:\/\/www.confagricoltura.org\/bologna\/wp-content\/uploads\/sites\/12\/2022\/04\/foto-ufficio-immigrazione.jpg\",\"width\":290,\"height\":174},{\"@type\":\"BreadcrumbList\",\"@id\":\"https:\/\/www.confagricoltura.org\/bologna\/flussi-lavoratori-immigrati-paesi-a-rischio\/#breadcrumb\",\"itemListElement\":[{\"@type\":\"ListItem\",\"position\":1,\"name\":\"Home\",\"item\":\"https:\/\/www.confagricoltura.org\/bologna\/\"},{\"@type\":\"ListItem\",\"position\":2,\"name\":\"Flussi: lavoratori immigrati Paesi a rischio.\"}]},{\"@type\":\"WebSite\",\"@id\":\"https:\/\/www.confagricoltura.org\/bologna\/#website\",\"url\":\"https:\/\/www.confagricoltura.org\/bologna\/\",\"name\":\"Confagricoltura Bologna\",\"description\":\"Dalla parte degli Agricoltori\",\"potentialAction\":[{\"@type\":\"SearchAction\",\"target\":{\"@type\":\"EntryPoint\",\"urlTemplate\":\"https:\/\/www.confagricoltura.org\/bologna\/?s={search_term_string}\"},\"query-input\":{\"@type\":\"PropertyValueSpecification\",\"valueRequired\":true,\"valueName\":\"search_term_string\"}}],\"inLanguage\":\"it-IT\"},{\"@type\":\"Person\",\"@id\":\"https:\/\/www.confagricoltura.org\/bologna\/#\/schema\/person\/277baa2a725fb840103c5f8898746c7f\",\"name\":\"confagricolturabologna\",\"image\":{\"@type\":\"ImageObject\",\"inLanguage\":\"it-IT\",\"@id\":\"https:\/\/www.confagricoltura.org\/bologna\/#\/schema\/person\/image\/\",\"url\":\"https:\/\/secure.gravatar.com\/avatar\/edd9a034f35ea6aeadaf9744d1135acc?s=96&d=mm&r=g\",\"contentUrl\":\"https:\/\/secure.gravatar.com\/avatar\/edd9a034f35ea6aeadaf9744d1135acc?s=96&d=mm&r=g\",\"caption\":\"confagricolturabologna\"},\"url\":\"https:\/\/www.confagricoltura.org\/bologna\/author\/confagricolturabologna\/\"}]}<\/script>\n<!-- \/ Yoast SEO plugin. -->","yoast_head_json":{"title":"Flussi: lavoratori immigrati Paesi a rischio. - Confagricoltura Bologna","robots":{"index":"index","follow":"follow","max-snippet":"max-snippet:-1","max-image-preview":"max-image-preview:large","max-video-preview":"max-video-preview:-1"},"canonical":"https:\/\/www.confagricoltura.org\/bologna\/flussi-lavoratori-immigrati-paesi-a-rischio\/","og_locale":"it_IT","og_type":"article","og_title":"Flussi: lavoratori immigrati Paesi a rischio. - Confagricoltura Bologna","og_description":"L\u2019immigrazione \u00e8 sempre di attualit\u00e0. Sul punto si segnala il decreto del Ministro degli Affari Esteri e della cooperazione internazionale che, relativamente al corrente 2025, individua (ai sensi art. 3 del D.L.n. 145\/2024, conv. in\u00a0 legge n. 187\/2024) i Paesi \u201ca particolare rischio\u201d. La predetta norma aveva infatti mutato le procedure pregresse, chiarendo che alle","og_url":"https:\/\/www.confagricoltura.org\/bologna\/flussi-lavoratori-immigrati-paesi-a-rischio\/","og_site_name":"Confagricoltura Bologna","article_published_time":"2025-04-03T07:50:39+00:00","og_image":[{"width":290,"height":174,"url":"https:\/\/www.confagricoltura.org\/bologna\/wp-content\/uploads\/sites\/12\/2022\/04\/foto-ufficio-immigrazione.jpg","type":"image\/jpeg"}],"author":"confagricolturabologna","twitter_card":"summary_large_image","twitter_misc":{"Scritto da":"confagricolturabologna","Tempo di lettura stimato":"2 minuti"},"schema":{"@context":"https:\/\/schema.org","@graph":[{"@type":"Article","@id":"https:\/\/www.confagricoltura.org\/bologna\/flussi-lavoratori-immigrati-paesi-a-rischio\/#article","isPartOf":{"@id":"https:\/\/www.confagricoltura.org\/bologna\/flussi-lavoratori-immigrati-paesi-a-rischio\/"},"author":{"name":"confagricolturabologna","@id":"https:\/\/www.confagricoltura.org\/bologna\/#\/schema\/person\/277baa2a725fb840103c5f8898746c7f"},"headline":"Flussi: lavoratori immigrati Paesi a rischio.","datePublished":"2025-04-03T07:50:39+00:00","mainEntityOfPage":{"@id":"https:\/\/www.confagricoltura.org\/bologna\/flussi-lavoratori-immigrati-paesi-a-rischio\/"},"wordCount":325,"image":{"@id":"https:\/\/www.confagricoltura.org\/bologna\/flussi-lavoratori-immigrati-paesi-a-rischio\/#primaryimage"},"thumbnailUrl":"https:\/\/www.confagricoltura.org\/bologna\/wp-content\/uploads\/sites\/12\/2022\/04\/foto-ufficio-immigrazione.jpg","articleSection":["Bologna Agricola Informa","Lavoro","Notiziario Provinciale"],"inLanguage":"it-IT"},{"@type":"WebPage","@id":"https:\/\/www.confagricoltura.org\/bologna\/flussi-lavoratori-immigrati-paesi-a-rischio\/","url":"https:\/\/www.confagricoltura.org\/bologna\/flussi-lavoratori-immigrati-paesi-a-rischio\/","name":"Flussi: lavoratori immigrati Paesi a rischio. - Confagricoltura Bologna","isPartOf":{"@id":"https:\/\/www.confagricoltura.org\/bologna\/#website"},"primaryImageOfPage":{"@id":"https:\/\/www.confagricoltura.org\/bologna\/flussi-lavoratori-immigrati-paesi-a-rischio\/#primaryimage"},"image":{"@id":"https:\/\/www.confagricoltura.org\/bologna\/flussi-lavoratori-immigrati-paesi-a-rischio\/#primaryimage"},"thumbnailUrl":"https:\/\/www.confagricoltura.org\/bologna\/wp-content\/uploads\/sites\/12\/2022\/04\/foto-ufficio-immigrazione.jpg","datePublished":"2025-04-03T07:50:39+00:00","author":{"@id":"https:\/\/www.confagricoltura.org\/bologna\/#\/schema\/person\/277baa2a725fb840103c5f8898746c7f"},"breadcrumb":{"@id":"https:\/\/www.confagricoltura.org\/bologna\/flussi-lavoratori-immigrati-paesi-a-rischio\/#breadcrumb"},"inLanguage":"it-IT","potentialAction":[{"@type":"ReadAction","target":["https:\/\/www.confagricoltura.org\/bologna\/flussi-lavoratori-immigrati-paesi-a-rischio\/"]}]},{"@type":"ImageObject","inLanguage":"it-IT","@id":"https:\/\/www.confagricoltura.org\/bologna\/flussi-lavoratori-immigrati-paesi-a-rischio\/#primaryimage","url":"https:\/\/www.confagricoltura.org\/bologna\/wp-content\/uploads\/sites\/12\/2022\/04\/foto-ufficio-immigrazione.jpg","contentUrl":"https:\/\/www.confagricoltura.org\/bologna\/wp-content\/uploads\/sites\/12\/2022\/04\/foto-ufficio-immigrazione.jpg","width":290,"height":174},{"@type":"BreadcrumbList","@id":"https:\/\/www.confagricoltura.org\/bologna\/flussi-lavoratori-immigrati-paesi-a-rischio\/#breadcrumb","itemListElement":[{"@type":"ListItem","position":1,"name":"Home","item":"https:\/\/www.confagricoltura.org\/bologna\/"},{"@type":"ListItem","position":2,"name":"Flussi: lavoratori immigrati Paesi a rischio."}]},{"@type":"WebSite","@id":"https:\/\/www.confagricoltura.org\/bologna\/#website","url":"https:\/\/www.confagricoltura.org\/bologna\/","name":"Confagricoltura Bologna","description":"Dalla parte degli Agricoltori","potentialAction":[{"@type":"SearchAction","target":{"@type":"EntryPoint","urlTemplate":"https:\/\/www.confagricoltura.org\/bologna\/?s={search_term_string}"},"query-input":{"@type":"PropertyValueSpecification","valueRequired":true,"valueName":"search_term_string"}}],"inLanguage":"it-IT"},{"@type":"Person","@id":"https:\/\/www.confagricoltura.org\/bologna\/#\/schema\/person\/277baa2a725fb840103c5f8898746c7f","name":"confagricolturabologna","image":{"@type":"ImageObject","inLanguage":"it-IT","@id":"https:\/\/www.confagricoltura.org\/bologna\/#\/schema\/person\/image\/","url":"https:\/\/secure.gravatar.com\/avatar\/edd9a034f35ea6aeadaf9744d1135acc?s=96&d=mm&r=g","contentUrl":"https:\/\/secure.gravatar.com\/avatar\/edd9a034f35ea6aeadaf9744d1135acc?s=96&d=mm&r=g","caption":"confagricolturabologna"},"url":"https:\/\/www.confagricoltura.org\/bologna\/author\/confagricolturabologna\/"}]}},"_links":{"self":[{"href":"https:\/\/www.confagricoltura.org\/bologna\/wp-json\/wp\/v2\/posts\/7548","targetHints":{"allow":["GET"]}}],"collection":[{"href":"https:\/\/www.confagricoltura.org\/bologna\/wp-json\/wp\/v2\/posts"}],"about":[{"href":"https:\/\/www.confagricoltura.org\/bologna\/wp-json\/wp\/v2\/types\/post"}],"author":[{"embeddable":true,"href":"https:\/\/www.confagricoltura.org\/bologna\/wp-json\/wp\/v2\/users\/7"}],"replies":[{"embeddable":true,"href":"https:\/\/www.confagricoltura.org\/bologna\/wp-json\/wp\/v2\/comments?post=7548"}],"version-history":[{"count":1,"href":"https:\/\/www.confagricoltura.org\/bologna\/wp-json\/wp\/v2\/posts\/7548\/revisions"}],"predecessor-version":[{"id":7549,"href":"https:\/\/www.confagricoltura.org\/bologna\/wp-json\/wp\/v2\/posts\/7548\/revisions\/7549"}],"wp:featuredmedia":[{"embeddable":true,"href":"https:\/\/www.confagricoltura.org\/bologna\/wp-json\/wp\/v2\/media\/6146"}],"wp:attachment":[{"href":"https:\/\/www.confagricoltura.org\/bologna\/wp-json\/wp\/v2\/media?parent=7548"}],"wp:term":[{"taxonomy":"category","embeddable":true,"href":"https:\/\/www.confagricoltura.org\/bologna\/wp-json\/wp\/v2\/categories?post=7548"},{"taxonomy":"post_tag","embeddable":true,"href":"https:\/\/www.confagricoltura.org\/bologna\/wp-json\/wp\/v2\/tags?post=7548"}],"curies":[{"name":"wp","href":"https:\/\/api.w.org\/{rel}","templated":true}]}}