{"id":743,"date":"2016-07-11T10:30:56","date_gmt":"2016-07-11T08:30:56","guid":{"rendered":"http:\/\/www.confagricoltura.org\/bologna\/?p=743"},"modified":"2021-03-11T13:26:03","modified_gmt":"2021-03-11T12:26:03","slug":"convenzione-con-laboratorio-a-g-e-r-borsa-merci","status":"publish","type":"post","link":"https:\/\/www.confagricoltura.org\/bologna\/convenzione-con-laboratorio-a-g-e-r-borsa-merci\/","title":{"rendered":"Convenzione con laboratorio A.G.E.R. Borsa Merci."},"content":{"rendered":"<p><strong>Convenzione con laboratorio A.G.E.R. Borsa Merci.<\/strong><\/p>\n<p>&nbsp;<\/p>\n<p>Nei giorni scorsi \u00e8 stata sottoscritta una convenzione tra Confagricoltura Bologna e le altre Associazioni facenti parte di Alleanza per l\u2019Agricoltura (CIA Bologna, CIA Imola, Ugc \u2013 Cisl, Uimec \u2013 Uil) e A.G.E.R. Borsa Merci, relativamente a condizioni riservate ai nostri associati per le attivit\u00e0 di analisi nel laboratorio di A.G.E.R.<\/p>\n<p>A.G.E.R. dispone di un laboratorio, conforme alla norma ISO 9000:2018 e accreditato da Accredia, in conformit\u00e0 alla norma EN ISO 17025:2005.<\/p>\n<p>Le principali analisi convenzionate sono le classiche previste per i cereali (sostanza secca, proteine, peso specifico, tossine, impurit\u00e0, ecc.), ma sono previste anche analisi pi\u00f9 specifiche su richiesta degli interessati, essendo il laboratorio dotato delle pi\u00f9 moderne tecnologie in tema di analisi.<\/p>\n<p>Ricordiamo a tutti gli Associati l\u2019importanza di conoscere la qualit\u00e0 e le caratteristiche delle proprie produzioni, avvalendosi di un\u2019analisi autonoma, accredita ed opponibile a terzi.<\/p>\n<p>Il testo della convenzione con il relativo allegato tecnico, contenente le specifiche analisi ed i relativi costi, \u00e8 a disposizione presso i nostri uffici di zona e presente sul sito di Confagricoltura Bologna (<a href=\"http:\/\/www.confagricoltura.org\/bologna\/\"><u>http:\/\/www.confagricoltura.org\/bologna\/<\/u><\/a>).<\/p>\n<p>(A. Flora)<\/p>\n","protected":false},"excerpt":{"rendered":"<p>Convenzione con laboratorio A.G.E.R. Borsa Merci. &nbsp; Nei giorni scorsi \u00e8 stata sottoscritta una convenzione tra Confagricoltura Bologna e le altre Associazioni facenti parte di Alleanza per l\u2019Agricoltura (CIA Bologna, CIA Imola, Ugc \u2013 Cisl, Uimec \u2013 Uil) e A.G.E.R. Borsa Merci, relativamente a condizioni riservate ai nostri associati per le attivit\u00e0 di analisi nel<\/p>\n","protected":false},"author":7,"featured_media":0,"comment_status":"open","ping_status":"open","sticky":false,"template":"","format":"standard","meta":{"wp_mapbox_gl_js_media":[],"footnotes":""},"categories":[29],"tags":[],"class_list":["post-743","post","type-post","status-publish","format-standard","hentry","category-archivio"],"yoast_head":"<!-- This site is optimized with the Yoast SEO plugin v26.8 - https:\/\/yoast.com\/product\/yoast-seo-wordpress\/ -->\n<title>Convenzione con laboratorio A.G.E.R. Borsa Merci. - Confagricoltura Bologna<\/title>\n<meta name=\"robots\" content=\"index, follow, max-snippet:-1, max-image-preview:large, max-video-preview:-1\" \/>\n<link rel=\"canonical\" href=\"https:\/\/www.confagricoltura.org\/bologna\/convenzione-con-laboratorio-a-g-e-r-borsa-merci\/\" \/>\n<meta property=\"og:locale\" content=\"it_IT\" \/>\n<meta property=\"og:type\" content=\"article\" \/>\n<meta property=\"og:title\" content=\"Convenzione con laboratorio A.G.E.R. Borsa Merci. - Confagricoltura Bologna\" \/>\n<meta property=\"og:description\" content=\"Convenzione con laboratorio A.G.E.R. Borsa Merci. &nbsp; Nei giorni scorsi \u00e8 stata sottoscritta una convenzione tra Confagricoltura Bologna e le altre Associazioni facenti parte di Alleanza per l\u2019Agricoltura (CIA Bologna, CIA Imola, Ugc \u2013 Cisl, Uimec \u2013 Uil) e A.G.E.R. Borsa Merci, relativamente a condizioni riservate ai nostri associati per le attivit\u00e0 di analisi nel\" \/>\n<meta property=\"og:url\" content=\"https:\/\/www.confagricoltura.org\/bologna\/convenzione-con-laboratorio-a-g-e-r-borsa-merci\/\" \/>\n<meta property=\"og:site_name\" content=\"Confagricoltura Bologna\" \/>\n<meta property=\"article:published_time\" content=\"2016-07-11T08:30:56+00:00\" \/>\n<meta property=\"article:modified_time\" content=\"2021-03-11T12:26:03+00:00\" \/>\n<meta name=\"author\" content=\"confagricolturabologna\" \/>\n<meta name=\"twitter:card\" content=\"summary_large_image\" \/>\n<meta name=\"twitter:label1\" content=\"Scritto da\" \/>\n\t<meta name=\"twitter:data1\" content=\"confagricolturabologna\" \/>\n\t<meta name=\"twitter:label2\" content=\"Tempo di lettura stimato\" \/>\n\t<meta name=\"twitter:data2\" content=\"1 minuto\" \/>\n<script type=\"application\/ld+json\" class=\"yoast-schema-graph\">{\"@context\":\"https:\/\/schema.org\",\"@graph\":[{\"@type\":\"Article\",\"@id\":\"https:\/\/www.confagricoltura.org\/bologna\/convenzione-con-laboratorio-a-g-e-r-borsa-merci\/#article\",\"isPartOf\":{\"@id\":\"https:\/\/www.confagricoltura.org\/bologna\/convenzione-con-laboratorio-a-g-e-r-borsa-merci\/\"},\"author\":{\"name\":\"confagricolturabologna\",\"@id\":\"https:\/\/www.confagricoltura.org\/bologna\/#\/schema\/person\/277baa2a725fb840103c5f8898746c7f\"},\"headline\":\"Convenzione con laboratorio A.G.E.R. Borsa Merci.\",\"datePublished\":\"2016-07-11T08:30:56+00:00\",\"dateModified\":\"2021-03-11T12:26:03+00:00\",\"mainEntityOfPage\":{\"@id\":\"https:\/\/www.confagricoltura.org\/bologna\/convenzione-con-laboratorio-a-g-e-r-borsa-merci\/\"},\"wordCount\":204,\"commentCount\":0,\"articleSection\":[\"Archivio\"],\"inLanguage\":\"it-IT\"},{\"@type\":\"WebPage\",\"@id\":\"https:\/\/www.confagricoltura.org\/bologna\/convenzione-con-laboratorio-a-g-e-r-borsa-merci\/\",\"url\":\"https:\/\/www.confagricoltura.org\/bologna\/convenzione-con-laboratorio-a-g-e-r-borsa-merci\/\",\"name\":\"Convenzione con laboratorio A.G.E.R. Borsa Merci. - Confagricoltura Bologna\",\"isPartOf\":{\"@id\":\"https:\/\/www.confagricoltura.org\/bologna\/#website\"},\"datePublished\":\"2016-07-11T08:30:56+00:00\",\"dateModified\":\"2021-03-11T12:26:03+00:00\",\"author\":{\"@id\":\"https:\/\/www.confagricoltura.org\/bologna\/#\/schema\/person\/277baa2a725fb840103c5f8898746c7f\"},\"breadcrumb\":{\"@id\":\"https:\/\/www.confagricoltura.org\/bologna\/convenzione-con-laboratorio-a-g-e-r-borsa-merci\/#breadcrumb\"},\"inLanguage\":\"it-IT\",\"potentialAction\":[{\"@type\":\"ReadAction\",\"target\":[\"https:\/\/www.confagricoltura.org\/bologna\/convenzione-con-laboratorio-a-g-e-r-borsa-merci\/\"]}]},{\"@type\":\"BreadcrumbList\",\"@id\":\"https:\/\/www.confagricoltura.org\/bologna\/convenzione-con-laboratorio-a-g-e-r-borsa-merci\/#breadcrumb\",\"itemListElement\":[{\"@type\":\"ListItem\",\"position\":1,\"name\":\"Home\",\"item\":\"https:\/\/www.confagricoltura.org\/bologna\/\"},{\"@type\":\"ListItem\",\"position\":2,\"name\":\"Convenzione con laboratorio A.G.E.R. Borsa Merci.\"}]},{\"@type\":\"WebSite\",\"@id\":\"https:\/\/www.confagricoltura.org\/bologna\/#website\",\"url\":\"https:\/\/www.confagricoltura.org\/bologna\/\",\"name\":\"Confagricoltura Bologna\",\"description\":\"Dalla parte degli Agricoltori\",\"potentialAction\":[{\"@type\":\"SearchAction\",\"target\":{\"@type\":\"EntryPoint\",\"urlTemplate\":\"https:\/\/www.confagricoltura.org\/bologna\/?s={search_term_string}\"},\"query-input\":{\"@type\":\"PropertyValueSpecification\",\"valueRequired\":true,\"valueName\":\"search_term_string\"}}],\"inLanguage\":\"it-IT\"},{\"@type\":\"Person\",\"@id\":\"https:\/\/www.confagricoltura.org\/bologna\/#\/schema\/person\/277baa2a725fb840103c5f8898746c7f\",\"name\":\"confagricolturabologna\",\"image\":{\"@type\":\"ImageObject\",\"inLanguage\":\"it-IT\",\"@id\":\"https:\/\/www.confagricoltura.org\/bologna\/#\/schema\/person\/image\/\",\"url\":\"https:\/\/secure.gravatar.com\/avatar\/edd9a034f35ea6aeadaf9744d1135acc?s=96&d=mm&r=g\",\"contentUrl\":\"https:\/\/secure.gravatar.com\/avatar\/edd9a034f35ea6aeadaf9744d1135acc?s=96&d=mm&r=g\",\"caption\":\"confagricolturabologna\"},\"url\":\"https:\/\/www.confagricoltura.org\/bologna\/author\/confagricolturabologna\/\"}]}<\/script>\n<!-- \/ Yoast SEO plugin. -->","yoast_head_json":{"title":"Convenzione con laboratorio A.G.E.R. Borsa Merci. - Confagricoltura Bologna","robots":{"index":"index","follow":"follow","max-snippet":"max-snippet:-1","max-image-preview":"max-image-preview:large","max-video-preview":"max-video-preview:-1"},"canonical":"https:\/\/www.confagricoltura.org\/bologna\/convenzione-con-laboratorio-a-g-e-r-borsa-merci\/","og_locale":"it_IT","og_type":"article","og_title":"Convenzione con laboratorio A.G.E.R. Borsa Merci. - Confagricoltura Bologna","og_description":"Convenzione con laboratorio A.G.E.R. Borsa Merci. &nbsp; Nei giorni scorsi \u00e8 stata sottoscritta una convenzione tra Confagricoltura Bologna e le altre Associazioni facenti parte di Alleanza per l\u2019Agricoltura (CIA Bologna, CIA Imola, Ugc \u2013 Cisl, Uimec \u2013 Uil) e A.G.E.R. Borsa Merci, relativamente a condizioni riservate ai nostri associati per le attivit\u00e0 di analisi nel","og_url":"https:\/\/www.confagricoltura.org\/bologna\/convenzione-con-laboratorio-a-g-e-r-borsa-merci\/","og_site_name":"Confagricoltura Bologna","article_published_time":"2016-07-11T08:30:56+00:00","article_modified_time":"2021-03-11T12:26:03+00:00","author":"confagricolturabologna","twitter_card":"summary_large_image","twitter_misc":{"Scritto da":"confagricolturabologna","Tempo di lettura stimato":"1 minuto"},"schema":{"@context":"https:\/\/schema.org","@graph":[{"@type":"Article","@id":"https:\/\/www.confagricoltura.org\/bologna\/convenzione-con-laboratorio-a-g-e-r-borsa-merci\/#article","isPartOf":{"@id":"https:\/\/www.confagricoltura.org\/bologna\/convenzione-con-laboratorio-a-g-e-r-borsa-merci\/"},"author":{"name":"confagricolturabologna","@id":"https:\/\/www.confagricoltura.org\/bologna\/#\/schema\/person\/277baa2a725fb840103c5f8898746c7f"},"headline":"Convenzione con laboratorio A.G.E.R. Borsa Merci.","datePublished":"2016-07-11T08:30:56+00:00","dateModified":"2021-03-11T12:26:03+00:00","mainEntityOfPage":{"@id":"https:\/\/www.confagricoltura.org\/bologna\/convenzione-con-laboratorio-a-g-e-r-borsa-merci\/"},"wordCount":204,"commentCount":0,"articleSection":["Archivio"],"inLanguage":"it-IT"},{"@type":"WebPage","@id":"https:\/\/www.confagricoltura.org\/bologna\/convenzione-con-laboratorio-a-g-e-r-borsa-merci\/","url":"https:\/\/www.confagricoltura.org\/bologna\/convenzione-con-laboratorio-a-g-e-r-borsa-merci\/","name":"Convenzione con laboratorio A.G.E.R. Borsa Merci. - Confagricoltura Bologna","isPartOf":{"@id":"https:\/\/www.confagricoltura.org\/bologna\/#website"},"datePublished":"2016-07-11T08:30:56+00:00","dateModified":"2021-03-11T12:26:03+00:00","author":{"@id":"https:\/\/www.confagricoltura.org\/bologna\/#\/schema\/person\/277baa2a725fb840103c5f8898746c7f"},"breadcrumb":{"@id":"https:\/\/www.confagricoltura.org\/bologna\/convenzione-con-laboratorio-a-g-e-r-borsa-merci\/#breadcrumb"},"inLanguage":"it-IT","potentialAction":[{"@type":"ReadAction","target":["https:\/\/www.confagricoltura.org\/bologna\/convenzione-con-laboratorio-a-g-e-r-borsa-merci\/"]}]},{"@type":"BreadcrumbList","@id":"https:\/\/www.confagricoltura.org\/bologna\/convenzione-con-laboratorio-a-g-e-r-borsa-merci\/#breadcrumb","itemListElement":[{"@type":"ListItem","position":1,"name":"Home","item":"https:\/\/www.confagricoltura.org\/bologna\/"},{"@type":"ListItem","position":2,"name":"Convenzione con laboratorio A.G.E.R. Borsa Merci."}]},{"@type":"WebSite","@id":"https:\/\/www.confagricoltura.org\/bologna\/#website","url":"https:\/\/www.confagricoltura.org\/bologna\/","name":"Confagricoltura Bologna","description":"Dalla parte degli Agricoltori","potentialAction":[{"@type":"SearchAction","target":{"@type":"EntryPoint","urlTemplate":"https:\/\/www.confagricoltura.org\/bologna\/?s={search_term_string}"},"query-input":{"@type":"PropertyValueSpecification","valueRequired":true,"valueName":"search_term_string"}}],"inLanguage":"it-IT"},{"@type":"Person","@id":"https:\/\/www.confagricoltura.org\/bologna\/#\/schema\/person\/277baa2a725fb840103c5f8898746c7f","name":"confagricolturabologna","image":{"@type":"ImageObject","inLanguage":"it-IT","@id":"https:\/\/www.confagricoltura.org\/bologna\/#\/schema\/person\/image\/","url":"https:\/\/secure.gravatar.com\/avatar\/edd9a034f35ea6aeadaf9744d1135acc?s=96&d=mm&r=g","contentUrl":"https:\/\/secure.gravatar.com\/avatar\/edd9a034f35ea6aeadaf9744d1135acc?s=96&d=mm&r=g","caption":"confagricolturabologna"},"url":"https:\/\/www.confagricoltura.org\/bologna\/author\/confagricolturabologna\/"}]}},"_links":{"self":[{"href":"https:\/\/www.confagricoltura.org\/bologna\/wp-json\/wp\/v2\/posts\/743","targetHints":{"allow":["GET"]}}],"collection":[{"href":"https:\/\/www.confagricoltura.org\/bologna\/wp-json\/wp\/v2\/posts"}],"about":[{"href":"https:\/\/www.confagricoltura.org\/bologna\/wp-json\/wp\/v2\/types\/post"}],"author":[{"embeddable":true,"href":"https:\/\/www.confagricoltura.org\/bologna\/wp-json\/wp\/v2\/users\/7"}],"replies":[{"embeddable":true,"href":"https:\/\/www.confagricoltura.org\/bologna\/wp-json\/wp\/v2\/comments?post=743"}],"version-history":[{"count":1,"href":"https:\/\/www.confagricoltura.org\/bologna\/wp-json\/wp\/v2\/posts\/743\/revisions"}],"predecessor-version":[{"id":5015,"href":"https:\/\/www.confagricoltura.org\/bologna\/wp-json\/wp\/v2\/posts\/743\/revisions\/5015"}],"wp:attachment":[{"href":"https:\/\/www.confagricoltura.org\/bologna\/wp-json\/wp\/v2\/media?parent=743"}],"wp:term":[{"taxonomy":"category","embeddable":true,"href":"https:\/\/www.confagricoltura.org\/bologna\/wp-json\/wp\/v2\/categories?post=743"},{"taxonomy":"post_tag","embeddable":true,"href":"https:\/\/www.confagricoltura.org\/bologna\/wp-json\/wp\/v2\/tags?post=743"}],"curies":[{"name":"wp","href":"https:\/\/api.w.org\/{rel}","templated":true}]}}