{"id":7255,"date":"2024-07-15T15:04:16","date_gmt":"2024-07-15T13:04:16","guid":{"rendered":"https:\/\/www.confagricoltura.org\/bologna\/?p=7255"},"modified":"2024-07-15T15:04:16","modified_gmt":"2024-07-15T13:04:16","slug":"esonero-contributivo-per-le-assunzioni-di-beneficiari-del-reddito-di-cittadinanza-circolare-inps-n-75-2024","status":"publish","type":"post","link":"https:\/\/www.confagricoltura.org\/bologna\/esonero-contributivo-per-le-assunzioni-di-beneficiari-del-reddito-di-cittadinanza-circolare-inps-n-75-2024\/","title":{"rendered":"Esonero contributivo per le assunzioni di beneficiari del reddito di cittadinanza.  Circolare  INPS  n. 75\/2024"},"content":{"rendered":"<p>Con circolare n. 75 del 28 giugno 2024 &#8211; l\u2019INPS ha pubblicato (sia pure per una misura che ha gi\u00e0 esaurito i propri effetti sostanziali) le istruzioni operative per la gestione previdenziale dell\u2019esonero contributivo per i lavoratori assunti e gi\u00e0 fruitori del reddito di cittadinanza. Sono interessati al beneficio esonerativo tutti i datori di lavoro privati compresi i datori di lavoro del settore agricolo. La misura \u00e8 stata introdotta con l\u2019art. 1, comma 194, della legge n. 197\/2022 (di bilancio 2023); in questa ipotesi il datore di lavoro per i rapporti nati tra 1\u00b0 gennaio 2023 e 31 dicembre 2023 (con contratto di lavoro a tempo indeterminato o se si \u00e8 trasformato il contratto da tempo determinato in tempo indeterminato) con soggetti beneficiari del reddito di cittadinanza pu\u00f2 godere dell\u2019esonero totale (100%) dei contributi previdenziali INPS (entro il limite di euro 8.000 annui); restano da pagare i contributi INAIL.<\/p>\n<p>L\u2019esonero compete anche in casi pi\u00f9 marginali quali la somministrazione, il<i> part-time <\/i>e i rapporti subordinati con le cooperativa di lavoro. Come precisa la circolare in commento le istruzioni hanno subito il significativo ritardo accennato poich\u00e9 la misura era sottoposta ab origine al vaglio della UE; al riguardo si osserva che la Commissione europea, con la decisione C(2023) 7480\u00a0<i>final\u00a0<\/i>del 31 ottobre 2023, ha autorizzato la concessione dell\u2019esonero in commento fino al 31 dicembre 2023, mentre con successiva decisione C(2024) 2326\u00a0<i>final<\/i>\u00a0del 5 aprile 2024, l\u2019applicabilit\u00e0 della misura \u00e8 stata prorogata al 30 giugno 2024. La misura (che \u00e8 alternativa a quella prevista dall\u2019art. 8 del decreto-legge n. 4\/2019 convertito dalla legge n. 26\/2019.<\/p>\n<p>Relativamente alle posizioni riferibili alle aziende agricole la circolare esplicita le\u00a0 modalit\u00e0 di esposizione dei dati relativi all\u2019esonero nella sezione &lt;ListaPosAgri&gt; del flusso Uniemens; secondo le istruzioni i datori di lavoro agricoli che intendono fruire dell\u2019esonero previsto dall\u2019articolo 1, comma 294, della legge n. 197\/2022, devono valorizzare, a partire dalla competenza di luglio 2024, in &lt;DenunciaAgriIndividuale&gt;, nell\u2019elemento &lt;DatiAgriRetribuzione&gt;, oltre ai consueti dati occupazionali e retributivi utili per la tariffazione, gli elementi di seguito specificati:<\/p>\n<p>&#8211;\u00a0\u00a0\u00a0 in &lt;Tipo Retribuzione&gt;\/&lt;CodiceRetribuzione&gt; il codice \u201cY\u201d;<\/p>\n<p>&#8211;\u00a0\u00a0\u00a0 in &lt;AgevolazioneAgr&gt;\/&lt;CodAgio&gt; il codice Agevolazione \u201cCL\u201d, che assume il significato di \u201cEsonero per assunzioni\/trasformazioni dall\u2019articolo 1, comma 294, della legge 29 dicembre 2022, n. 197\u201d. Per dichiarare l\u2019importo dell\u2019esonero spettante relativamente alle competenze pregresse, da gennaio 2023 a giugno 2024, devono essere valorizzati i seguenti elementi:<\/p>\n<p>&#8211;\u00a0\u00a0\u00a0 in &lt;Tipo Retribuzione&gt;\/&lt;CodiceRetribuzione&gt; con il codice \u201cY\u201d;<\/p>\n<p>&#8211;\u00a0\u00a0\u00a0 in &lt;AgevolazioneAgr&gt;\/&lt;CodAgio&gt; il codice agevolazione \u201cCK\u201d, che assume il significato di \u201cRecupero arretrati CodAgio \u201cCL\u201d Esonero per assunzioni\/trasformazioni dall\u2019articolo 1, comma 294, della legge 29 dicembre 2022, n. 197\u201d;<\/p>\n<p>&#8211;\u00a0\u00a0\u00a0 in &lt;Retribuzione&gt; l\u2019importo del recupero spettante, rispetto alla totalit\u00e0 dei periodi pregressi.<\/p>\n<p>Il codice agevolazione \u201cCK\u201d deve essere essere utilizzato, per conguagliare l\u2019importo dell\u2019esonero spettante rispetto ai periodi pregressi, esclusivamente nella competenza di luglio 2024 inviata entro il terzo periodo di trasmissione 2024 (entro 30 novembre 2024).<\/p>\n<p>La nota INPS specifica poi come la soglia massima di esonero della contribuzione riferita al periodo di paga mensile \u00e8 pari a\u00a0666,66 euro e, per rapporti di lavoro instaurati e risolti nel corso del mese, la soglia andr\u00e0 riproporzionata a giornata valorizzando la somma di 21,50 euro\u00a0 per ogni giorno di fruizione dell\u2019esonero contributivo. Per i rapporti di lavoro a tempo parziale, il massimale dell\u2019agevolazione deve essere proporzionalmente ridotto.<\/p>\n<p style=\"text-align: center\">\n<p style=\"text-align: center\"><b>CONTRIBUZIONI NON RIENTRANTI NELL\u2019 ESONERO <\/b><\/p>\n<p style=\"text-align: center\">I premi e i contributi dovuti all\u2019INAIL;<\/p>\n<p style=\"text-align: center\">&#8211; Il contributo al \u201cFondo per l\u2019erogazione ai lavoratori dipendenti del settore privato dei trattamenti di fine rapporto di cui all\u2019articolo 2120 del codice civile\u201d (art. 1, comma 755, L. 27 dicembre 2006, n. 296).<\/p>\n<p style=\"text-align: center\">&#8211; Il contributo ai Fondi di solidariet\u00e0 bilaterali (ex artt. articoli 26, 27 e 29, D.lgs 14 settembre 2015, n. 148), al Fondo di solidariet\u00e0 territoriale intersettoriale della Provincia autonoma di Trento e al Fondo di solidariet\u00e0 bilaterale della Provincia autonoma di Bolzano-Alto Adige Sudtirol, al Fondo di solidariet\u00e0 per il settore del trasporto aereo e del sistema aeroportuale.<\/p>\n<p style=\"text-align: center\">&#8211; Il contributo dello 0,30% per il finanziamento dei Fondi interprofessionali per la formazione continua (ex art. 118 della legge 23 dicembre 2000, n. 388).<\/p>\n<p style=\"text-align: center\">&#8211; Le contribuzioni che non hanno natura previdenziale e quelle concepite allo scopo di apportare elementi di solidariet\u00e0 alle gestioni previdenziali di riferimento.<\/p>\n<p style=\"text-align: center\">&#8211;\u00a0\u00a0\u00a0 Il contributo di solidariet\u00e0 sui versamenti destinati alla previdenza complementare e\/o ai fondi di assistenza sanitaria.<\/p>\n<p style=\"text-align: center\">&#8211;\u00a0\u00a0\u00a0 il contributo di solidariet\u00e0 per i lavoratori dello spettacolo.<\/p>\n<p style=\"text-align: center\">&#8211;\u00a0\u00a0\u00a0 il contributo di solidariet\u00e0 per gli sportivi professionisti.<\/p>\n<p>&nbsp;<\/p>\n<p>&nbsp;<\/p>\n<p>L\u2019esonero contributivo INPS \u00e8 subordinato al rispetto, oltre che delle regole poste in materia di incentivi all\u2019assunzione (ex art. 31 del D.lgs n. 150\/2015) al pieno adempimento delle regole poste a presidio e tutela delle condizioni di lavoro e dell\u2019assicurazione obbligatoria dei lavoratori (\u00a0regolarit\u00e0 degli obblighi di contribuzione previdenziale, della normativa in materia di DURC, assenza di violazioni delle norme fondamentali a tutela delle condizioni di lavoro, rispetto degli altri obblighi di legge, rispetto degli accordi e contratti collettivi nazionali, regionali, territoriali o aziendali, sottoscritti dalle Organizzazioni sindacali dei datori di lavoro e dei lavoratori comparativamente pi\u00f9 rappresentative sul piano nazionale. La circolare precisa da ultimo la compatibilit\u00e0 dell\u2019esonero INPS con la materia degli aiuti di Stato ed il rapporto con gli altri incentivi.<\/p>\n<p>(M. Mazzanti)<\/p>\n<p>&nbsp;<\/p>\n<p>&nbsp;<\/p>\n<p>&nbsp;<\/p>\n","protected":false},"excerpt":{"rendered":"<p>Con circolare n. 75 del 28 giugno 2024 &#8211; l\u2019INPS ha pubblicato (sia pure per una misura che ha gi\u00e0 esaurito i propri effetti sostanziali) le istruzioni operative per la gestione previdenziale dell\u2019esonero contributivo per i lavoratori assunti e gi\u00e0 fruitori del reddito di cittadinanza. Sono interessati al beneficio esonerativo tutti i datori di lavoro<\/p>\n","protected":false},"author":7,"featured_media":5793,"comment_status":"closed","ping_status":"closed","sticky":false,"template":"","format":"standard","meta":{"wp_mapbox_gl_js_media":[],"footnotes":""},"categories":[23,35,25],"tags":[],"class_list":["post-7255","post","type-post","status-publish","format-standard","has-post-thumbnail","hentry","category-bologna-agricola-informa","category-lavoro","category-notiziario-provinciale"],"yoast_head":"<!-- This site is optimized with the Yoast SEO plugin v26.8 - https:\/\/yoast.com\/product\/yoast-seo-wordpress\/ -->\n<title>Esonero contributivo per le assunzioni di beneficiari del reddito di cittadinanza. Circolare INPS n. 75\/2024 - Confagricoltura Bologna<\/title>\n<meta name=\"robots\" content=\"index, follow, max-snippet:-1, max-image-preview:large, max-video-preview:-1\" \/>\n<link rel=\"canonical\" href=\"https:\/\/www.confagricoltura.org\/bologna\/esonero-contributivo-per-le-assunzioni-di-beneficiari-del-reddito-di-cittadinanza-circolare-inps-n-75-2024\/\" \/>\n<meta property=\"og:locale\" content=\"it_IT\" \/>\n<meta property=\"og:type\" content=\"article\" \/>\n<meta property=\"og:title\" content=\"Esonero contributivo per le assunzioni di beneficiari del reddito di cittadinanza. Circolare INPS n. 75\/2024 - Confagricoltura Bologna\" \/>\n<meta property=\"og:description\" content=\"Con circolare n. 75 del 28 giugno 2024 &#8211; l\u2019INPS ha pubblicato (sia pure per una misura che ha gi\u00e0 esaurito i propri effetti sostanziali) le istruzioni operative per la gestione previdenziale dell\u2019esonero contributivo per i lavoratori assunti e gi\u00e0 fruitori del reddito di cittadinanza. Sono interessati al beneficio esonerativo tutti i datori di lavoro\" \/>\n<meta property=\"og:url\" content=\"https:\/\/www.confagricoltura.org\/bologna\/esonero-contributivo-per-le-assunzioni-di-beneficiari-del-reddito-di-cittadinanza-circolare-inps-n-75-2024\/\" \/>\n<meta property=\"og:site_name\" content=\"Confagricoltura Bologna\" \/>\n<meta property=\"article:published_time\" content=\"2024-07-15T13:04:16+00:00\" \/>\n<meta property=\"og:image\" content=\"https:\/\/www.confagricoltura.org\/bologna\/wp-content\/uploads\/sites\/12\/2021\/09\/INPS.jpg\" \/>\n\t<meta property=\"og:image:width\" content=\"980\" \/>\n\t<meta property=\"og:image:height\" content=\"723\" \/>\n\t<meta property=\"og:image:type\" content=\"image\/jpeg\" \/>\n<meta name=\"author\" content=\"confagricolturabologna\" \/>\n<meta name=\"twitter:card\" content=\"summary_large_image\" \/>\n<meta name=\"twitter:label1\" content=\"Scritto da\" \/>\n\t<meta name=\"twitter:data1\" content=\"confagricolturabologna\" \/>\n\t<meta name=\"twitter:label2\" content=\"Tempo di lettura stimato\" \/>\n\t<meta name=\"twitter:data2\" content=\"5 minuti\" \/>\n<script type=\"application\/ld+json\" class=\"yoast-schema-graph\">{\"@context\":\"https:\/\/schema.org\",\"@graph\":[{\"@type\":\"Article\",\"@id\":\"https:\/\/www.confagricoltura.org\/bologna\/esonero-contributivo-per-le-assunzioni-di-beneficiari-del-reddito-di-cittadinanza-circolare-inps-n-75-2024\/#article\",\"isPartOf\":{\"@id\":\"https:\/\/www.confagricoltura.org\/bologna\/esonero-contributivo-per-le-assunzioni-di-beneficiari-del-reddito-di-cittadinanza-circolare-inps-n-75-2024\/\"},\"author\":{\"name\":\"confagricolturabologna\",\"@id\":\"https:\/\/www.confagricoltura.org\/bologna\/#\/schema\/person\/277baa2a725fb840103c5f8898746c7f\"},\"headline\":\"Esonero contributivo per le assunzioni di beneficiari del reddito di cittadinanza. Circolare INPS n. 75\/2024\",\"datePublished\":\"2024-07-15T13:04:16+00:00\",\"mainEntityOfPage\":{\"@id\":\"https:\/\/www.confagricoltura.org\/bologna\/esonero-contributivo-per-le-assunzioni-di-beneficiari-del-reddito-di-cittadinanza-circolare-inps-n-75-2024\/\"},\"wordCount\":872,\"image\":{\"@id\":\"https:\/\/www.confagricoltura.org\/bologna\/esonero-contributivo-per-le-assunzioni-di-beneficiari-del-reddito-di-cittadinanza-circolare-inps-n-75-2024\/#primaryimage\"},\"thumbnailUrl\":\"https:\/\/www.confagricoltura.org\/bologna\/wp-content\/uploads\/sites\/12\/2021\/09\/INPS.jpg\",\"articleSection\":[\"Bologna Agricola Informa\",\"Lavoro\",\"Notiziario Provinciale\"],\"inLanguage\":\"it-IT\"},{\"@type\":\"WebPage\",\"@id\":\"https:\/\/www.confagricoltura.org\/bologna\/esonero-contributivo-per-le-assunzioni-di-beneficiari-del-reddito-di-cittadinanza-circolare-inps-n-75-2024\/\",\"url\":\"https:\/\/www.confagricoltura.org\/bologna\/esonero-contributivo-per-le-assunzioni-di-beneficiari-del-reddito-di-cittadinanza-circolare-inps-n-75-2024\/\",\"name\":\"Esonero contributivo per le assunzioni di beneficiari del reddito di cittadinanza. Circolare INPS n. 75\/2024 - Confagricoltura Bologna\",\"isPartOf\":{\"@id\":\"https:\/\/www.confagricoltura.org\/bologna\/#website\"},\"primaryImageOfPage\":{\"@id\":\"https:\/\/www.confagricoltura.org\/bologna\/esonero-contributivo-per-le-assunzioni-di-beneficiari-del-reddito-di-cittadinanza-circolare-inps-n-75-2024\/#primaryimage\"},\"image\":{\"@id\":\"https:\/\/www.confagricoltura.org\/bologna\/esonero-contributivo-per-le-assunzioni-di-beneficiari-del-reddito-di-cittadinanza-circolare-inps-n-75-2024\/#primaryimage\"},\"thumbnailUrl\":\"https:\/\/www.confagricoltura.org\/bologna\/wp-content\/uploads\/sites\/12\/2021\/09\/INPS.jpg\",\"datePublished\":\"2024-07-15T13:04:16+00:00\",\"author\":{\"@id\":\"https:\/\/www.confagricoltura.org\/bologna\/#\/schema\/person\/277baa2a725fb840103c5f8898746c7f\"},\"breadcrumb\":{\"@id\":\"https:\/\/www.confagricoltura.org\/bologna\/esonero-contributivo-per-le-assunzioni-di-beneficiari-del-reddito-di-cittadinanza-circolare-inps-n-75-2024\/#breadcrumb\"},\"inLanguage\":\"it-IT\",\"potentialAction\":[{\"@type\":\"ReadAction\",\"target\":[\"https:\/\/www.confagricoltura.org\/bologna\/esonero-contributivo-per-le-assunzioni-di-beneficiari-del-reddito-di-cittadinanza-circolare-inps-n-75-2024\/\"]}]},{\"@type\":\"ImageObject\",\"inLanguage\":\"it-IT\",\"@id\":\"https:\/\/www.confagricoltura.org\/bologna\/esonero-contributivo-per-le-assunzioni-di-beneficiari-del-reddito-di-cittadinanza-circolare-inps-n-75-2024\/#primaryimage\",\"url\":\"https:\/\/www.confagricoltura.org\/bologna\/wp-content\/uploads\/sites\/12\/2021\/09\/INPS.jpg\",\"contentUrl\":\"https:\/\/www.confagricoltura.org\/bologna\/wp-content\/uploads\/sites\/12\/2021\/09\/INPS.jpg\",\"width\":980,\"height\":723},{\"@type\":\"BreadcrumbList\",\"@id\":\"https:\/\/www.confagricoltura.org\/bologna\/esonero-contributivo-per-le-assunzioni-di-beneficiari-del-reddito-di-cittadinanza-circolare-inps-n-75-2024\/#breadcrumb\",\"itemListElement\":[{\"@type\":\"ListItem\",\"position\":1,\"name\":\"Home\",\"item\":\"https:\/\/www.confagricoltura.org\/bologna\/\"},{\"@type\":\"ListItem\",\"position\":2,\"name\":\"Esonero contributivo per le assunzioni di beneficiari del reddito di cittadinanza. Circolare INPS n. 75\/2024\"}]},{\"@type\":\"WebSite\",\"@id\":\"https:\/\/www.confagricoltura.org\/bologna\/#website\",\"url\":\"https:\/\/www.confagricoltura.org\/bologna\/\",\"name\":\"Confagricoltura Bologna\",\"description\":\"Dalla parte degli Agricoltori\",\"potentialAction\":[{\"@type\":\"SearchAction\",\"target\":{\"@type\":\"EntryPoint\",\"urlTemplate\":\"https:\/\/www.confagricoltura.org\/bologna\/?s={search_term_string}\"},\"query-input\":{\"@type\":\"PropertyValueSpecification\",\"valueRequired\":true,\"valueName\":\"search_term_string\"}}],\"inLanguage\":\"it-IT\"},{\"@type\":\"Person\",\"@id\":\"https:\/\/www.confagricoltura.org\/bologna\/#\/schema\/person\/277baa2a725fb840103c5f8898746c7f\",\"name\":\"confagricolturabologna\",\"image\":{\"@type\":\"ImageObject\",\"inLanguage\":\"it-IT\",\"@id\":\"https:\/\/www.confagricoltura.org\/bologna\/#\/schema\/person\/image\/\",\"url\":\"https:\/\/secure.gravatar.com\/avatar\/edd9a034f35ea6aeadaf9744d1135acc?s=96&d=mm&r=g\",\"contentUrl\":\"https:\/\/secure.gravatar.com\/avatar\/edd9a034f35ea6aeadaf9744d1135acc?s=96&d=mm&r=g\",\"caption\":\"confagricolturabologna\"},\"url\":\"https:\/\/www.confagricoltura.org\/bologna\/author\/confagricolturabologna\/\"}]}<\/script>\n<!-- \/ Yoast SEO plugin. -->","yoast_head_json":{"title":"Esonero contributivo per le assunzioni di beneficiari del reddito di cittadinanza. Circolare INPS n. 75\/2024 - Confagricoltura Bologna","robots":{"index":"index","follow":"follow","max-snippet":"max-snippet:-1","max-image-preview":"max-image-preview:large","max-video-preview":"max-video-preview:-1"},"canonical":"https:\/\/www.confagricoltura.org\/bologna\/esonero-contributivo-per-le-assunzioni-di-beneficiari-del-reddito-di-cittadinanza-circolare-inps-n-75-2024\/","og_locale":"it_IT","og_type":"article","og_title":"Esonero contributivo per le assunzioni di beneficiari del reddito di cittadinanza. Circolare INPS n. 75\/2024 - Confagricoltura Bologna","og_description":"Con circolare n. 75 del 28 giugno 2024 &#8211; l\u2019INPS ha pubblicato (sia pure per una misura che ha gi\u00e0 esaurito i propri effetti sostanziali) le istruzioni operative per la gestione previdenziale dell\u2019esonero contributivo per i lavoratori assunti e gi\u00e0 fruitori del reddito di cittadinanza. Sono interessati al beneficio esonerativo tutti i datori di lavoro","og_url":"https:\/\/www.confagricoltura.org\/bologna\/esonero-contributivo-per-le-assunzioni-di-beneficiari-del-reddito-di-cittadinanza-circolare-inps-n-75-2024\/","og_site_name":"Confagricoltura Bologna","article_published_time":"2024-07-15T13:04:16+00:00","og_image":[{"width":980,"height":723,"url":"https:\/\/www.confagricoltura.org\/bologna\/wp-content\/uploads\/sites\/12\/2021\/09\/INPS.jpg","type":"image\/jpeg"}],"author":"confagricolturabologna","twitter_card":"summary_large_image","twitter_misc":{"Scritto da":"confagricolturabologna","Tempo di lettura stimato":"5 minuti"},"schema":{"@context":"https:\/\/schema.org","@graph":[{"@type":"Article","@id":"https:\/\/www.confagricoltura.org\/bologna\/esonero-contributivo-per-le-assunzioni-di-beneficiari-del-reddito-di-cittadinanza-circolare-inps-n-75-2024\/#article","isPartOf":{"@id":"https:\/\/www.confagricoltura.org\/bologna\/esonero-contributivo-per-le-assunzioni-di-beneficiari-del-reddito-di-cittadinanza-circolare-inps-n-75-2024\/"},"author":{"name":"confagricolturabologna","@id":"https:\/\/www.confagricoltura.org\/bologna\/#\/schema\/person\/277baa2a725fb840103c5f8898746c7f"},"headline":"Esonero contributivo per le assunzioni di beneficiari del reddito di cittadinanza. Circolare INPS n. 75\/2024","datePublished":"2024-07-15T13:04:16+00:00","mainEntityOfPage":{"@id":"https:\/\/www.confagricoltura.org\/bologna\/esonero-contributivo-per-le-assunzioni-di-beneficiari-del-reddito-di-cittadinanza-circolare-inps-n-75-2024\/"},"wordCount":872,"image":{"@id":"https:\/\/www.confagricoltura.org\/bologna\/esonero-contributivo-per-le-assunzioni-di-beneficiari-del-reddito-di-cittadinanza-circolare-inps-n-75-2024\/#primaryimage"},"thumbnailUrl":"https:\/\/www.confagricoltura.org\/bologna\/wp-content\/uploads\/sites\/12\/2021\/09\/INPS.jpg","articleSection":["Bologna Agricola Informa","Lavoro","Notiziario Provinciale"],"inLanguage":"it-IT"},{"@type":"WebPage","@id":"https:\/\/www.confagricoltura.org\/bologna\/esonero-contributivo-per-le-assunzioni-di-beneficiari-del-reddito-di-cittadinanza-circolare-inps-n-75-2024\/","url":"https:\/\/www.confagricoltura.org\/bologna\/esonero-contributivo-per-le-assunzioni-di-beneficiari-del-reddito-di-cittadinanza-circolare-inps-n-75-2024\/","name":"Esonero contributivo per le assunzioni di beneficiari del reddito di cittadinanza. Circolare INPS n. 75\/2024 - Confagricoltura Bologna","isPartOf":{"@id":"https:\/\/www.confagricoltura.org\/bologna\/#website"},"primaryImageOfPage":{"@id":"https:\/\/www.confagricoltura.org\/bologna\/esonero-contributivo-per-le-assunzioni-di-beneficiari-del-reddito-di-cittadinanza-circolare-inps-n-75-2024\/#primaryimage"},"image":{"@id":"https:\/\/www.confagricoltura.org\/bologna\/esonero-contributivo-per-le-assunzioni-di-beneficiari-del-reddito-di-cittadinanza-circolare-inps-n-75-2024\/#primaryimage"},"thumbnailUrl":"https:\/\/www.confagricoltura.org\/bologna\/wp-content\/uploads\/sites\/12\/2021\/09\/INPS.jpg","datePublished":"2024-07-15T13:04:16+00:00","author":{"@id":"https:\/\/www.confagricoltura.org\/bologna\/#\/schema\/person\/277baa2a725fb840103c5f8898746c7f"},"breadcrumb":{"@id":"https:\/\/www.confagricoltura.org\/bologna\/esonero-contributivo-per-le-assunzioni-di-beneficiari-del-reddito-di-cittadinanza-circolare-inps-n-75-2024\/#breadcrumb"},"inLanguage":"it-IT","potentialAction":[{"@type":"ReadAction","target":["https:\/\/www.confagricoltura.org\/bologna\/esonero-contributivo-per-le-assunzioni-di-beneficiari-del-reddito-di-cittadinanza-circolare-inps-n-75-2024\/"]}]},{"@type":"ImageObject","inLanguage":"it-IT","@id":"https:\/\/www.confagricoltura.org\/bologna\/esonero-contributivo-per-le-assunzioni-di-beneficiari-del-reddito-di-cittadinanza-circolare-inps-n-75-2024\/#primaryimage","url":"https:\/\/www.confagricoltura.org\/bologna\/wp-content\/uploads\/sites\/12\/2021\/09\/INPS.jpg","contentUrl":"https:\/\/www.confagricoltura.org\/bologna\/wp-content\/uploads\/sites\/12\/2021\/09\/INPS.jpg","width":980,"height":723},{"@type":"BreadcrumbList","@id":"https:\/\/www.confagricoltura.org\/bologna\/esonero-contributivo-per-le-assunzioni-di-beneficiari-del-reddito-di-cittadinanza-circolare-inps-n-75-2024\/#breadcrumb","itemListElement":[{"@type":"ListItem","position":1,"name":"Home","item":"https:\/\/www.confagricoltura.org\/bologna\/"},{"@type":"ListItem","position":2,"name":"Esonero contributivo per le assunzioni di beneficiari del reddito di cittadinanza. Circolare INPS n. 75\/2024"}]},{"@type":"WebSite","@id":"https:\/\/www.confagricoltura.org\/bologna\/#website","url":"https:\/\/www.confagricoltura.org\/bologna\/","name":"Confagricoltura Bologna","description":"Dalla parte degli Agricoltori","potentialAction":[{"@type":"SearchAction","target":{"@type":"EntryPoint","urlTemplate":"https:\/\/www.confagricoltura.org\/bologna\/?s={search_term_string}"},"query-input":{"@type":"PropertyValueSpecification","valueRequired":true,"valueName":"search_term_string"}}],"inLanguage":"it-IT"},{"@type":"Person","@id":"https:\/\/www.confagricoltura.org\/bologna\/#\/schema\/person\/277baa2a725fb840103c5f8898746c7f","name":"confagricolturabologna","image":{"@type":"ImageObject","inLanguage":"it-IT","@id":"https:\/\/www.confagricoltura.org\/bologna\/#\/schema\/person\/image\/","url":"https:\/\/secure.gravatar.com\/avatar\/edd9a034f35ea6aeadaf9744d1135acc?s=96&d=mm&r=g","contentUrl":"https:\/\/secure.gravatar.com\/avatar\/edd9a034f35ea6aeadaf9744d1135acc?s=96&d=mm&r=g","caption":"confagricolturabologna"},"url":"https:\/\/www.confagricoltura.org\/bologna\/author\/confagricolturabologna\/"}]}},"_links":{"self":[{"href":"https:\/\/www.confagricoltura.org\/bologna\/wp-json\/wp\/v2\/posts\/7255","targetHints":{"allow":["GET"]}}],"collection":[{"href":"https:\/\/www.confagricoltura.org\/bologna\/wp-json\/wp\/v2\/posts"}],"about":[{"href":"https:\/\/www.confagricoltura.org\/bologna\/wp-json\/wp\/v2\/types\/post"}],"author":[{"embeddable":true,"href":"https:\/\/www.confagricoltura.org\/bologna\/wp-json\/wp\/v2\/users\/7"}],"replies":[{"embeddable":true,"href":"https:\/\/www.confagricoltura.org\/bologna\/wp-json\/wp\/v2\/comments?post=7255"}],"version-history":[{"count":1,"href":"https:\/\/www.confagricoltura.org\/bologna\/wp-json\/wp\/v2\/posts\/7255\/revisions"}],"predecessor-version":[{"id":7256,"href":"https:\/\/www.confagricoltura.org\/bologna\/wp-json\/wp\/v2\/posts\/7255\/revisions\/7256"}],"wp:featuredmedia":[{"embeddable":true,"href":"https:\/\/www.confagricoltura.org\/bologna\/wp-json\/wp\/v2\/media\/5793"}],"wp:attachment":[{"href":"https:\/\/www.confagricoltura.org\/bologna\/wp-json\/wp\/v2\/media?parent=7255"}],"wp:term":[{"taxonomy":"category","embeddable":true,"href":"https:\/\/www.confagricoltura.org\/bologna\/wp-json\/wp\/v2\/categories?post=7255"},{"taxonomy":"post_tag","embeddable":true,"href":"https:\/\/www.confagricoltura.org\/bologna\/wp-json\/wp\/v2\/tags?post=7255"}],"curies":[{"name":"wp","href":"https:\/\/api.w.org\/{rel}","templated":true}]}}