{"id":7102,"date":"2024-04-02T11:07:47","date_gmt":"2024-04-02T09:07:47","guid":{"rendered":"https:\/\/www.confagricoltura.org\/bologna\/?p=7102"},"modified":"2024-04-02T11:07:47","modified_gmt":"2024-04-02T09:07:47","slug":"conciliazioni-in-sede-protetta-la-volonta-del-dipendente-secondo-la-cassazione","status":"publish","type":"post","link":"https:\/\/www.confagricoltura.org\/bologna\/conciliazioni-in-sede-protetta-la-volonta-del-dipendente-secondo-la-cassazione\/","title":{"rendered":"Conciliazioni \u201cin sede protetta\u201d: la volont\u00e0 del dipendente secondo la Cassazione."},"content":{"rendered":"<p>Importante pronuncia della Corte di Cassazione in materia di accordi conciliativi in sede sindacale.\u00a0 Come si ricorder\u00e0 con Legge 4 novembre 2010, n. 183 (di modifica dell\u2019art. 410 c.p.c.) venne sancita la non obbligatoriet\u00e0 del previgente tentativo di conciliazione avanti alla direzione provinciale del lavoro, prodromico (come condizione di procedibilit\u00e0) alla proposizione in giudizio delle domande dei lavoratori nei confronti dei propri datori di lavoro, asseritamente inadempienti. Oggi il predetto tentativo di conciliazione \u00e8 possibile ma puramente facoltativo e non ha effetti processuali. Il tentativo, secondo la attuale disciplina, pu\u00f2 essere promosso in sede sindacale (ex art. 412ter c.p.c.) sulla base delle regole previste dai contratti collettivi; pi\u00f9 marginali le ipotesi di attivazione avanti alle commissioni di certificazione (ex art. 76, D.Lgs. 276\/2003) ovvero in in sede amministrativa (ex art. 410 c.p.c.) presso gli uffici dell\u2019ispettorato del lavoro (ITL) territorialmente competente (ex art. 413 c.p.c.)\u00a0 presso il quale sono attive le Commissioni di Conciliazione.<\/p>\n<p>Dopo la riforma preponderante \u00e8 l\u2019apporto delle conciliazioni gestite in \u201csede protetta\u201d avanti alle organizzazioni sindacali dei datori e dei lavoratori. Secondo l\u2019art. 411 c.p.c. nel caso in cui si raggiunga tra le parti l\u2019accordo conciliativo, il\u00a0 verbale correlativo, ai fini della esecutivit\u00e0,\u00a0 dovr\u00e0\u00a0 essere depositato, a cura di una delle parti o per il tramite dell\u2019associazione sindacale, presso la ITL\u00a0 competente; successivamente il capo dell\u2019ufficio accertatane l\u2019autenticit\u00e0 provveder\u00e0 al deposito presso la cancelleria del tribunale; il giudice, verificata la regolarit\u00e0 formale del deposito provveder\u00e0 ad emettere un apposito decreto\u00a0 rendendo esecutivo il contenuto del verbale di accordo.<\/p>\n<p>Gli interessati possono rinunciare al deposito alla ITL cos\u00ec come esentare le parti sindacali dall\u2019incombente.\u00a0 Normalmente il deposito non avviene per i verbali conciliativi cui si sia dato corso ed adempiuti. La Corte di Cassazione con Ordinanza n. 1975 del 18 gennaio 2024 ha sancito alcuni\u00a0 interessanti principi relativamente alle conciliazioni in sede sindacale \u201c<i>La necessit\u00e0\u00a0che la conciliazione sindacale sia sottoscritta presso una sede sindacale non \u00e8 un requisito formale, bens\u00ec funzionale ad assicurare al lavoratore la consapevolezza dell\u2019atto dispositivo che sta per compiere e, quindi, ad assicurare che la conciliazione corrisponda ad una volont\u00e0 non coartata, quindi genuina, del lavoratore\u201d\u2026..\u201cse tale consapevolezza risulti comunque acquisita, ad esempio attraverso le esaurienti spiegazioni date dal conciliatore sindacale incaricato anche dal lavoratore, lo scopo voluto dal legislatore e dalle parti collettive deve dirsi raggiunto. In tal caso la stipula del verbale di conciliazione in una sede (fisica n.d.r. ) diversa da quella sindacale\u00a0non produce alcun effetto invalidante sulla transazione<\/i>\u201d.<\/p>\n<p>In ordine all\u2019elemento funzionale della sede sindacale l\u2019ordinanza precisa che\u00a0 \u201c<i>sul piano del riparto degli oneri probatori, se la conciliazione \u00e8 stata conclusa nella sede \u201cprotetta\u201d, allora la prova della piena consapevolezza dell\u2019atto dispositivo pu\u00f2 ritenersi in re ipsa o desumersi in via presuntiva\u00a0(Cass. n. 20201\/2017)\u2026..\u00a0graver\u00e0 sul lavoratore l\u2019onere di provare che, ciononostante, egli non ha avuto effettiva assistenza sindacale.\u00a0Se invece la conciliazione \u00e8 stata conclusa in una sede diversa, allora l\u2019onere della prova grava sul datore di lavoro, il quale deve dimostrare che, nonostante la sede non \u201cprotetta\u201d, il lavoratore, grazie all\u2019effettiva assistenza sindacale, ha comunque avuto piena consapevolezza delle dichiarazioni negoziali sottoscritte<\/i>\u201d.<\/p>\n<p>In conclusione si pu\u00f2 ritenere, dal punto di vista sistematico, che la conciliazione in sede protetta \u00e8 valida qualora l\u2019accordo conciliativo sia perfezionato alla presenza del rappresentante sindacale (poich\u00e9 viene meno la inferiorit\u00e0 della posizione del dipendente),\u00a0 quando\u00a0 il rappresentante sindacale ha provveduto ad avvertire gli interessati sugli effetti sostanziali\u00a0 della conciliazione e della successiva inoppugnabilit\u00e0; parimenti \u00e8 valida quando il verbale di\u00a0 conciliazione \u00e8 sottoscritto da entrambe le parti (comprovando l\u2019elemento fiduciario e l\u2019affidamento reciproco) cos\u00ec come\u00a0 qualora dal\u00a0 verbale si possa\u00a0 desumere, con sicurezza,\u00a0 l\u2019oggetto della transazione.<\/p>\n<p>Non rileva sul punto il fatto che la conciliazione sia resa in corso di rapporto, n\u00e9 che il luogo materiale di svolgimento della conciliazione non sia la sede del sindacato, parimenti non rileva il fatto che il rappresentante sindacale presente non fosse appartenente al sindacato di iscrizione della dipendente, semprech\u00e8 l\u2019assistenza sia stata effettiva.\u00a0\u00a0 La pronuncia della cassazione si sofferma anche sul punto relativo all\u2019oggetto della conciliazione (res dubia) secondo l\u2019ordinanza in esame\u00a0<i>\u201cessa pu\u00f2 consistere anche in una situazione di incertezza circa l\u2019esistenza di diritti che la lavoratrice intenderebbe poi far valere in un successivo giudizio. La transazione, infatti, \u00e8 un negozio volto anche a prevenire l\u2019insorgere di una lite (art. 1965 c.c.)\u201d.<\/i><\/p>\n<p>(M. Mazzanti)<\/p>\n<p>&nbsp;<\/p>\n","protected":false},"excerpt":{"rendered":"<p>Importante pronuncia della Corte di Cassazione in materia di accordi conciliativi in sede sindacale.\u00a0 Come si ricorder\u00e0 con Legge 4 novembre 2010, n. 183 (di modifica dell\u2019art. 410 c.p.c.) venne sancita la non obbligatoriet\u00e0 del previgente tentativo di conciliazione avanti alla direzione provinciale del lavoro, prodromico (come condizione di procedibilit\u00e0) alla proposizione in giudizio delle<\/p>\n","protected":false},"author":7,"featured_media":5864,"comment_status":"closed","ping_status":"closed","sticky":false,"template":"","format":"standard","meta":{"wp_mapbox_gl_js_media":[],"footnotes":""},"categories":[23,37,35,25],"tags":[],"class_list":["post-7102","post","type-post","status-publish","format-standard","has-post-thumbnail","hentry","category-bologna-agricola-informa","category-informative-per-associati","category-lavoro","category-notiziario-provinciale"],"yoast_head":"<!-- This site is optimized with the Yoast SEO plugin v26.8 - https:\/\/yoast.com\/product\/yoast-seo-wordpress\/ -->\n<title>Conciliazioni \u201cin sede protetta\u201d: la volont\u00e0 del dipendente secondo la Cassazione. - Confagricoltura Bologna<\/title>\n<meta name=\"robots\" content=\"index, follow, max-snippet:-1, max-image-preview:large, max-video-preview:-1\" \/>\n<link rel=\"canonical\" href=\"https:\/\/www.confagricoltura.org\/bologna\/conciliazioni-in-sede-protetta-la-volonta-del-dipendente-secondo-la-cassazione\/\" \/>\n<meta property=\"og:locale\" content=\"it_IT\" \/>\n<meta property=\"og:type\" content=\"article\" \/>\n<meta property=\"og:title\" content=\"Conciliazioni \u201cin sede protetta\u201d: la volont\u00e0 del dipendente secondo la Cassazione. - Confagricoltura Bologna\" \/>\n<meta property=\"og:description\" content=\"Importante pronuncia della Corte di Cassazione in materia di accordi conciliativi in sede sindacale.\u00a0 Come si ricorder\u00e0 con Legge 4 novembre 2010, n. 183 (di modifica dell\u2019art. 410 c.p.c.) venne sancita la non obbligatoriet\u00e0 del previgente tentativo di conciliazione avanti alla direzione provinciale del lavoro, prodromico (come condizione di procedibilit\u00e0) alla proposizione in giudizio delle\" \/>\n<meta property=\"og:url\" content=\"https:\/\/www.confagricoltura.org\/bologna\/conciliazioni-in-sede-protetta-la-volonta-del-dipendente-secondo-la-cassazione\/\" \/>\n<meta property=\"og:site_name\" content=\"Confagricoltura Bologna\" \/>\n<meta property=\"article:published_time\" content=\"2024-04-02T09:07:47+00:00\" \/>\n<meta property=\"og:image\" content=\"https:\/\/www.confagricoltura.org\/bologna\/wp-content\/uploads\/sites\/12\/2021\/11\/Corte-di-cassazione.jpg\" \/>\n\t<meta property=\"og:image:width\" content=\"980\" \/>\n\t<meta property=\"og:image:height\" content=\"723\" \/>\n\t<meta property=\"og:image:type\" content=\"image\/jpeg\" \/>\n<meta name=\"author\" content=\"confagricolturabologna\" \/>\n<meta name=\"twitter:card\" content=\"summary_large_image\" \/>\n<meta name=\"twitter:label1\" content=\"Scritto da\" \/>\n\t<meta name=\"twitter:data1\" content=\"confagricolturabologna\" \/>\n\t<meta name=\"twitter:label2\" content=\"Tempo di lettura stimato\" \/>\n\t<meta name=\"twitter:data2\" content=\"4 minuti\" \/>\n<script type=\"application\/ld+json\" class=\"yoast-schema-graph\">{\"@context\":\"https:\/\/schema.org\",\"@graph\":[{\"@type\":\"Article\",\"@id\":\"https:\/\/www.confagricoltura.org\/bologna\/conciliazioni-in-sede-protetta-la-volonta-del-dipendente-secondo-la-cassazione\/#article\",\"isPartOf\":{\"@id\":\"https:\/\/www.confagricoltura.org\/bologna\/conciliazioni-in-sede-protetta-la-volonta-del-dipendente-secondo-la-cassazione\/\"},\"author\":{\"name\":\"confagricolturabologna\",\"@id\":\"https:\/\/www.confagricoltura.org\/bologna\/#\/schema\/person\/277baa2a725fb840103c5f8898746c7f\"},\"headline\":\"Conciliazioni \u201cin sede protetta\u201d: la volont\u00e0 del dipendente secondo la Cassazione.\",\"datePublished\":\"2024-04-02T09:07:47+00:00\",\"mainEntityOfPage\":{\"@id\":\"https:\/\/www.confagricoltura.org\/bologna\/conciliazioni-in-sede-protetta-la-volonta-del-dipendente-secondo-la-cassazione\/\"},\"wordCount\":751,\"image\":{\"@id\":\"https:\/\/www.confagricoltura.org\/bologna\/conciliazioni-in-sede-protetta-la-volonta-del-dipendente-secondo-la-cassazione\/#primaryimage\"},\"thumbnailUrl\":\"https:\/\/www.confagricoltura.org\/bologna\/wp-content\/uploads\/sites\/12\/2021\/11\/Corte-di-cassazione.jpg\",\"articleSection\":[\"Bologna Agricola Informa\",\"Informative per Associati\",\"Lavoro\",\"Notiziario Provinciale\"],\"inLanguage\":\"it-IT\"},{\"@type\":\"WebPage\",\"@id\":\"https:\/\/www.confagricoltura.org\/bologna\/conciliazioni-in-sede-protetta-la-volonta-del-dipendente-secondo-la-cassazione\/\",\"url\":\"https:\/\/www.confagricoltura.org\/bologna\/conciliazioni-in-sede-protetta-la-volonta-del-dipendente-secondo-la-cassazione\/\",\"name\":\"Conciliazioni \u201cin sede protetta\u201d: la volont\u00e0 del dipendente secondo la Cassazione. - Confagricoltura Bologna\",\"isPartOf\":{\"@id\":\"https:\/\/www.confagricoltura.org\/bologna\/#website\"},\"primaryImageOfPage\":{\"@id\":\"https:\/\/www.confagricoltura.org\/bologna\/conciliazioni-in-sede-protetta-la-volonta-del-dipendente-secondo-la-cassazione\/#primaryimage\"},\"image\":{\"@id\":\"https:\/\/www.confagricoltura.org\/bologna\/conciliazioni-in-sede-protetta-la-volonta-del-dipendente-secondo-la-cassazione\/#primaryimage\"},\"thumbnailUrl\":\"https:\/\/www.confagricoltura.org\/bologna\/wp-content\/uploads\/sites\/12\/2021\/11\/Corte-di-cassazione.jpg\",\"datePublished\":\"2024-04-02T09:07:47+00:00\",\"author\":{\"@id\":\"https:\/\/www.confagricoltura.org\/bologna\/#\/schema\/person\/277baa2a725fb840103c5f8898746c7f\"},\"breadcrumb\":{\"@id\":\"https:\/\/www.confagricoltura.org\/bologna\/conciliazioni-in-sede-protetta-la-volonta-del-dipendente-secondo-la-cassazione\/#breadcrumb\"},\"inLanguage\":\"it-IT\",\"potentialAction\":[{\"@type\":\"ReadAction\",\"target\":[\"https:\/\/www.confagricoltura.org\/bologna\/conciliazioni-in-sede-protetta-la-volonta-del-dipendente-secondo-la-cassazione\/\"]}]},{\"@type\":\"ImageObject\",\"inLanguage\":\"it-IT\",\"@id\":\"https:\/\/www.confagricoltura.org\/bologna\/conciliazioni-in-sede-protetta-la-volonta-del-dipendente-secondo-la-cassazione\/#primaryimage\",\"url\":\"https:\/\/www.confagricoltura.org\/bologna\/wp-content\/uploads\/sites\/12\/2021\/11\/Corte-di-cassazione.jpg\",\"contentUrl\":\"https:\/\/www.confagricoltura.org\/bologna\/wp-content\/uploads\/sites\/12\/2021\/11\/Corte-di-cassazione.jpg\",\"width\":980,\"height\":723},{\"@type\":\"BreadcrumbList\",\"@id\":\"https:\/\/www.confagricoltura.org\/bologna\/conciliazioni-in-sede-protetta-la-volonta-del-dipendente-secondo-la-cassazione\/#breadcrumb\",\"itemListElement\":[{\"@type\":\"ListItem\",\"position\":1,\"name\":\"Home\",\"item\":\"https:\/\/www.confagricoltura.org\/bologna\/\"},{\"@type\":\"ListItem\",\"position\":2,\"name\":\"Conciliazioni \u201cin sede protetta\u201d: la volont\u00e0 del dipendente secondo la Cassazione.\"}]},{\"@type\":\"WebSite\",\"@id\":\"https:\/\/www.confagricoltura.org\/bologna\/#website\",\"url\":\"https:\/\/www.confagricoltura.org\/bologna\/\",\"name\":\"Confagricoltura Bologna\",\"description\":\"Dalla parte degli Agricoltori\",\"potentialAction\":[{\"@type\":\"SearchAction\",\"target\":{\"@type\":\"EntryPoint\",\"urlTemplate\":\"https:\/\/www.confagricoltura.org\/bologna\/?s={search_term_string}\"},\"query-input\":{\"@type\":\"PropertyValueSpecification\",\"valueRequired\":true,\"valueName\":\"search_term_string\"}}],\"inLanguage\":\"it-IT\"},{\"@type\":\"Person\",\"@id\":\"https:\/\/www.confagricoltura.org\/bologna\/#\/schema\/person\/277baa2a725fb840103c5f8898746c7f\",\"name\":\"confagricolturabologna\",\"image\":{\"@type\":\"ImageObject\",\"inLanguage\":\"it-IT\",\"@id\":\"https:\/\/www.confagricoltura.org\/bologna\/#\/schema\/person\/image\/\",\"url\":\"https:\/\/secure.gravatar.com\/avatar\/edd9a034f35ea6aeadaf9744d1135acc?s=96&d=mm&r=g\",\"contentUrl\":\"https:\/\/secure.gravatar.com\/avatar\/edd9a034f35ea6aeadaf9744d1135acc?s=96&d=mm&r=g\",\"caption\":\"confagricolturabologna\"},\"url\":\"https:\/\/www.confagricoltura.org\/bologna\/author\/confagricolturabologna\/\"}]}<\/script>\n<!-- \/ Yoast SEO plugin. -->","yoast_head_json":{"title":"Conciliazioni \u201cin sede protetta\u201d: la volont\u00e0 del dipendente secondo la Cassazione. - Confagricoltura Bologna","robots":{"index":"index","follow":"follow","max-snippet":"max-snippet:-1","max-image-preview":"max-image-preview:large","max-video-preview":"max-video-preview:-1"},"canonical":"https:\/\/www.confagricoltura.org\/bologna\/conciliazioni-in-sede-protetta-la-volonta-del-dipendente-secondo-la-cassazione\/","og_locale":"it_IT","og_type":"article","og_title":"Conciliazioni \u201cin sede protetta\u201d: la volont\u00e0 del dipendente secondo la Cassazione. - Confagricoltura Bologna","og_description":"Importante pronuncia della Corte di Cassazione in materia di accordi conciliativi in sede sindacale.\u00a0 Come si ricorder\u00e0 con Legge 4 novembre 2010, n. 183 (di modifica dell\u2019art. 410 c.p.c.) venne sancita la non obbligatoriet\u00e0 del previgente tentativo di conciliazione avanti alla direzione provinciale del lavoro, prodromico (come condizione di procedibilit\u00e0) alla proposizione in giudizio delle","og_url":"https:\/\/www.confagricoltura.org\/bologna\/conciliazioni-in-sede-protetta-la-volonta-del-dipendente-secondo-la-cassazione\/","og_site_name":"Confagricoltura Bologna","article_published_time":"2024-04-02T09:07:47+00:00","og_image":[{"width":980,"height":723,"url":"https:\/\/www.confagricoltura.org\/bologna\/wp-content\/uploads\/sites\/12\/2021\/11\/Corte-di-cassazione.jpg","type":"image\/jpeg"}],"author":"confagricolturabologna","twitter_card":"summary_large_image","twitter_misc":{"Scritto da":"confagricolturabologna","Tempo di lettura stimato":"4 minuti"},"schema":{"@context":"https:\/\/schema.org","@graph":[{"@type":"Article","@id":"https:\/\/www.confagricoltura.org\/bologna\/conciliazioni-in-sede-protetta-la-volonta-del-dipendente-secondo-la-cassazione\/#article","isPartOf":{"@id":"https:\/\/www.confagricoltura.org\/bologna\/conciliazioni-in-sede-protetta-la-volonta-del-dipendente-secondo-la-cassazione\/"},"author":{"name":"confagricolturabologna","@id":"https:\/\/www.confagricoltura.org\/bologna\/#\/schema\/person\/277baa2a725fb840103c5f8898746c7f"},"headline":"Conciliazioni \u201cin sede protetta\u201d: la volont\u00e0 del dipendente secondo la Cassazione.","datePublished":"2024-04-02T09:07:47+00:00","mainEntityOfPage":{"@id":"https:\/\/www.confagricoltura.org\/bologna\/conciliazioni-in-sede-protetta-la-volonta-del-dipendente-secondo-la-cassazione\/"},"wordCount":751,"image":{"@id":"https:\/\/www.confagricoltura.org\/bologna\/conciliazioni-in-sede-protetta-la-volonta-del-dipendente-secondo-la-cassazione\/#primaryimage"},"thumbnailUrl":"https:\/\/www.confagricoltura.org\/bologna\/wp-content\/uploads\/sites\/12\/2021\/11\/Corte-di-cassazione.jpg","articleSection":["Bologna Agricola Informa","Informative per Associati","Lavoro","Notiziario Provinciale"],"inLanguage":"it-IT"},{"@type":"WebPage","@id":"https:\/\/www.confagricoltura.org\/bologna\/conciliazioni-in-sede-protetta-la-volonta-del-dipendente-secondo-la-cassazione\/","url":"https:\/\/www.confagricoltura.org\/bologna\/conciliazioni-in-sede-protetta-la-volonta-del-dipendente-secondo-la-cassazione\/","name":"Conciliazioni \u201cin sede protetta\u201d: la volont\u00e0 del dipendente secondo la Cassazione. - Confagricoltura Bologna","isPartOf":{"@id":"https:\/\/www.confagricoltura.org\/bologna\/#website"},"primaryImageOfPage":{"@id":"https:\/\/www.confagricoltura.org\/bologna\/conciliazioni-in-sede-protetta-la-volonta-del-dipendente-secondo-la-cassazione\/#primaryimage"},"image":{"@id":"https:\/\/www.confagricoltura.org\/bologna\/conciliazioni-in-sede-protetta-la-volonta-del-dipendente-secondo-la-cassazione\/#primaryimage"},"thumbnailUrl":"https:\/\/www.confagricoltura.org\/bologna\/wp-content\/uploads\/sites\/12\/2021\/11\/Corte-di-cassazione.jpg","datePublished":"2024-04-02T09:07:47+00:00","author":{"@id":"https:\/\/www.confagricoltura.org\/bologna\/#\/schema\/person\/277baa2a725fb840103c5f8898746c7f"},"breadcrumb":{"@id":"https:\/\/www.confagricoltura.org\/bologna\/conciliazioni-in-sede-protetta-la-volonta-del-dipendente-secondo-la-cassazione\/#breadcrumb"},"inLanguage":"it-IT","potentialAction":[{"@type":"ReadAction","target":["https:\/\/www.confagricoltura.org\/bologna\/conciliazioni-in-sede-protetta-la-volonta-del-dipendente-secondo-la-cassazione\/"]}]},{"@type":"ImageObject","inLanguage":"it-IT","@id":"https:\/\/www.confagricoltura.org\/bologna\/conciliazioni-in-sede-protetta-la-volonta-del-dipendente-secondo-la-cassazione\/#primaryimage","url":"https:\/\/www.confagricoltura.org\/bologna\/wp-content\/uploads\/sites\/12\/2021\/11\/Corte-di-cassazione.jpg","contentUrl":"https:\/\/www.confagricoltura.org\/bologna\/wp-content\/uploads\/sites\/12\/2021\/11\/Corte-di-cassazione.jpg","width":980,"height":723},{"@type":"BreadcrumbList","@id":"https:\/\/www.confagricoltura.org\/bologna\/conciliazioni-in-sede-protetta-la-volonta-del-dipendente-secondo-la-cassazione\/#breadcrumb","itemListElement":[{"@type":"ListItem","position":1,"name":"Home","item":"https:\/\/www.confagricoltura.org\/bologna\/"},{"@type":"ListItem","position":2,"name":"Conciliazioni \u201cin sede protetta\u201d: la volont\u00e0 del dipendente secondo la Cassazione."}]},{"@type":"WebSite","@id":"https:\/\/www.confagricoltura.org\/bologna\/#website","url":"https:\/\/www.confagricoltura.org\/bologna\/","name":"Confagricoltura Bologna","description":"Dalla parte degli Agricoltori","potentialAction":[{"@type":"SearchAction","target":{"@type":"EntryPoint","urlTemplate":"https:\/\/www.confagricoltura.org\/bologna\/?s={search_term_string}"},"query-input":{"@type":"PropertyValueSpecification","valueRequired":true,"valueName":"search_term_string"}}],"inLanguage":"it-IT"},{"@type":"Person","@id":"https:\/\/www.confagricoltura.org\/bologna\/#\/schema\/person\/277baa2a725fb840103c5f8898746c7f","name":"confagricolturabologna","image":{"@type":"ImageObject","inLanguage":"it-IT","@id":"https:\/\/www.confagricoltura.org\/bologna\/#\/schema\/person\/image\/","url":"https:\/\/secure.gravatar.com\/avatar\/edd9a034f35ea6aeadaf9744d1135acc?s=96&d=mm&r=g","contentUrl":"https:\/\/secure.gravatar.com\/avatar\/edd9a034f35ea6aeadaf9744d1135acc?s=96&d=mm&r=g","caption":"confagricolturabologna"},"url":"https:\/\/www.confagricoltura.org\/bologna\/author\/confagricolturabologna\/"}]}},"_links":{"self":[{"href":"https:\/\/www.confagricoltura.org\/bologna\/wp-json\/wp\/v2\/posts\/7102","targetHints":{"allow":["GET"]}}],"collection":[{"href":"https:\/\/www.confagricoltura.org\/bologna\/wp-json\/wp\/v2\/posts"}],"about":[{"href":"https:\/\/www.confagricoltura.org\/bologna\/wp-json\/wp\/v2\/types\/post"}],"author":[{"embeddable":true,"href":"https:\/\/www.confagricoltura.org\/bologna\/wp-json\/wp\/v2\/users\/7"}],"replies":[{"embeddable":true,"href":"https:\/\/www.confagricoltura.org\/bologna\/wp-json\/wp\/v2\/comments?post=7102"}],"version-history":[{"count":1,"href":"https:\/\/www.confagricoltura.org\/bologna\/wp-json\/wp\/v2\/posts\/7102\/revisions"}],"predecessor-version":[{"id":7103,"href":"https:\/\/www.confagricoltura.org\/bologna\/wp-json\/wp\/v2\/posts\/7102\/revisions\/7103"}],"wp:featuredmedia":[{"embeddable":true,"href":"https:\/\/www.confagricoltura.org\/bologna\/wp-json\/wp\/v2\/media\/5864"}],"wp:attachment":[{"href":"https:\/\/www.confagricoltura.org\/bologna\/wp-json\/wp\/v2\/media?parent=7102"}],"wp:term":[{"taxonomy":"category","embeddable":true,"href":"https:\/\/www.confagricoltura.org\/bologna\/wp-json\/wp\/v2\/categories?post=7102"},{"taxonomy":"post_tag","embeddable":true,"href":"https:\/\/www.confagricoltura.org\/bologna\/wp-json\/wp\/v2\/tags?post=7102"}],"curies":[{"name":"wp","href":"https:\/\/api.w.org\/{rel}","templated":true}]}}