{"id":7059,"date":"2024-03-04T14:37:30","date_gmt":"2024-03-04T13:37:30","guid":{"rendered":"https:\/\/www.confagricoltura.org\/bologna\/?p=7059"},"modified":"2024-03-04T14:37:30","modified_gmt":"2024-03-04T13:37:30","slug":"obbligo-di-assicurazione-per-trattori-fermi-o-circolanti-in-aree-private","status":"publish","type":"post","link":"https:\/\/www.confagricoltura.org\/bologna\/obbligo-di-assicurazione-per-trattori-fermi-o-circolanti-in-aree-private\/","title":{"rendered":"Obbligo di assicurazione per trattori fermi o circolanti in aree private."},"content":{"rendered":"<p>\u00c8 stato pubblicato il Decreto Legislativo n. 184\/2023, che recepisce la Direttiva (UE) 2021\/2118 relativa all\u2019assicurazione della responsabilit\u00e0 civile per i veicoli a motore.<\/p>\n<p>Questa normativa, gi\u00e0 in vigore dal 23 dicembre 2023, impone<b>\u00a0l\u2019obbligo di assicurare la generalit\u00e0 dei veicoli a motore, inclusi quelli custoditi o in circolazione in aree private.<\/b>\u00a0Il nuovo obbligo riguarda perci\u00f2 anche i trattori agricoli utilizzati per le lavorazioni nei fondi rustici e quelli presenti in aree private non aperte al pubblico.<\/p>\n<p>L\u2019obbligo di stipulare un\u2019assicurazione riguarda anche qualsiasi rimorchio destinato all\u2019uso con i veicoli sopra menzionati, indipendentemente dal fatto che siano collegati o meno a essi.<\/p>\n<p>Quindi, a partire dal 23 dicembre 2023, la legge impone che ogni veicolo, indipendentemente dal suo stato di circolazione o parcheggio, sia coperto da una polizza per la responsabilit\u00e0 civile, con obbligo di assicurazione estesa a tutti i veicoli a motore, indipendentemente dalle loro caratteristiche, dal terreno su cui sono utilizzati e dalla loro condizione di movimento o fermo, anche utilizzati in zone .<\/p>\n<p>con accesso limitato.<\/p>\n<p>Quanto appena detto, per\u00f2, merita un approfondimento, in quanto il testo poco chiaro della legge ha causato confusione.<\/p>\n<p>Vengono previste alcune eccezioni al nuovo obbligo assicurativo per veicoli fermi.<\/p>\n<p>Per la precisione, non sono obbligati all\u2019assicurazione della Responsabilit\u00e0 Civile Auto (RC Auto) i veicoli che non circolano pi\u00f9 perch\u00e9 demoliti, esportati o ritirati; i veicoli che non possono giuridicamente circolare, ad esempio perch\u00e9 sequestrati o confiscati; i veicoli non funzionanti, a condizione che siano privi di parti essenziali come il motore e che tale circostanza sia comunicata alla compagnia assicurativa, per un periodo massimo di dieci mesi (undici mesi per i veicoli storici). Vengono invece individuate le categorie di veicoli soggetti all\u2019assicurazione, includendo quelli a motore con velocit\u00e0 massima superiore a 25 km\/h o peso superiore a 25 kg e velocit\u00e0 massima superiore a 14 km\/h.<\/p>\n<p>Alcuni veicoli elettrici leggeri sono sottoposti a questo obbligo solo se previsto da apposito decreto ministeriale; dal 2024 vi rientrano anche i monopattini. Per quanto riguarda le sanzioni ai veicoli circolanti senza assicurazione non ci sono modifiche alle multe previste, incluse la decurtazione di punti dalla patente, il sequestro del veicolo e il ritiro della carta di circolazione.<\/p>\n<p>Ci\u00f2 significa che chiunque circola senza copertura assicurativa \u00e8 soggetto a una sanzione amministrativa che va da 866 a 3.464 euro.<\/p>\n<p>Su questa nuova normativa non \u00e8 stato possibile n\u00e9 in sede parlamentare n\u00e9, successivamente in sede di redazione di decreto ministeriale, aprire una interlocuzione per valutarne gli impatti e le modalit\u00e0 di attuazione.<\/p>\n<p>Ed \u00e8 proprio con l\u2019intento di avviare un tavolo di confronto presso il Ministero dei Trasporti che Confagricoltura, insieme agli altri operatori dei diversi settori su cui grava questa normativa, ha richiesto l\u2019approvazione di un emendamento al Dl Milleproroghe.<\/p>\n<p>L\u2019obiettivo \u00e8 quello di introdurre una modifica normativa al decreto in discussione in questi giorni alla Camera dei Deputati che posticipi almeno al 31 dicembre 2024 l\u2019entrata in vigore degli obblighi\u00a0assicurativi derivanti dal recepimento di questa Direttiva comunitaria.<\/p>\n<p>Confagricoltura \u00e8 a disposizione per ulteriori eventuali chiarimenti.<\/p>\n<p>(Uff. Sicurezza)<\/p>\n<p>&nbsp;<\/p>\n","protected":false},"excerpt":{"rendered":"<p>\u00c8 stato pubblicato il Decreto Legislativo n. 184\/2023, che recepisce la Direttiva (UE) 2021\/2118 relativa all\u2019assicurazione della responsabilit\u00e0 civile per i veicoli a motore. Questa normativa, gi\u00e0 in vigore dal 23 dicembre 2023, impone\u00a0l\u2019obbligo di assicurare la generalit\u00e0 dei veicoli a motore, inclusi quelli custoditi o in circolazione in aree private.\u00a0Il nuovo obbligo riguarda perci\u00f2<\/p>\n","protected":false},"author":7,"featured_media":5636,"comment_status":"closed","ping_status":"closed","sticky":false,"template":"","format":"standard","meta":{"wp_mapbox_gl_js_media":[],"footnotes":""},"categories":[23,37,25],"tags":[],"class_list":["post-7059","post","type-post","status-publish","format-standard","has-post-thumbnail","hentry","category-bologna-agricola-informa","category-informative-per-associati","category-notiziario-provinciale"],"yoast_head":"<!-- This site is optimized with the Yoast SEO plugin v26.8 - https:\/\/yoast.com\/product\/yoast-seo-wordpress\/ -->\n<title>Obbligo di assicurazione per trattori fermi o circolanti in aree private. - Confagricoltura Bologna<\/title>\n<meta name=\"robots\" content=\"index, follow, max-snippet:-1, max-image-preview:large, max-video-preview:-1\" \/>\n<link rel=\"canonical\" href=\"https:\/\/www.confagricoltura.org\/bologna\/obbligo-di-assicurazione-per-trattori-fermi-o-circolanti-in-aree-private\/\" \/>\n<meta property=\"og:locale\" content=\"it_IT\" \/>\n<meta property=\"og:type\" content=\"article\" \/>\n<meta property=\"og:title\" content=\"Obbligo di assicurazione per trattori fermi o circolanti in aree private. - Confagricoltura Bologna\" \/>\n<meta property=\"og:description\" content=\"\u00c8 stato pubblicato il Decreto Legislativo n. 184\/2023, che recepisce la Direttiva (UE) 2021\/2118 relativa all\u2019assicurazione della responsabilit\u00e0 civile per i veicoli a motore. Questa normativa, gi\u00e0 in vigore dal 23 dicembre 2023, impone\u00a0l\u2019obbligo di assicurare la generalit\u00e0 dei veicoli a motore, inclusi quelli custoditi o in circolazione in aree private.\u00a0Il nuovo obbligo riguarda perci\u00f2\" \/>\n<meta property=\"og:url\" content=\"https:\/\/www.confagricoltura.org\/bologna\/obbligo-di-assicurazione-per-trattori-fermi-o-circolanti-in-aree-private\/\" \/>\n<meta property=\"og:site_name\" content=\"Confagricoltura Bologna\" \/>\n<meta property=\"article:published_time\" content=\"2024-03-04T13:37:30+00:00\" \/>\n<meta property=\"og:image\" content=\"https:\/\/www.confagricoltura.org\/bologna\/wp-content\/uploads\/sites\/12\/2021\/05\/Trattore-nei-campi-1.jpg\" \/>\n\t<meta property=\"og:image:width\" content=\"980\" \/>\n\t<meta property=\"og:image:height\" content=\"723\" \/>\n\t<meta property=\"og:image:type\" content=\"image\/jpeg\" \/>\n<meta name=\"author\" content=\"confagricolturabologna\" \/>\n<meta name=\"twitter:card\" content=\"summary_large_image\" \/>\n<meta name=\"twitter:label1\" content=\"Scritto da\" \/>\n\t<meta name=\"twitter:data1\" content=\"confagricolturabologna\" \/>\n\t<meta name=\"twitter:label2\" content=\"Tempo di lettura stimato\" \/>\n\t<meta name=\"twitter:data2\" content=\"3 minuti\" \/>\n<script type=\"application\/ld+json\" class=\"yoast-schema-graph\">{\"@context\":\"https:\/\/schema.org\",\"@graph\":[{\"@type\":\"Article\",\"@id\":\"https:\/\/www.confagricoltura.org\/bologna\/obbligo-di-assicurazione-per-trattori-fermi-o-circolanti-in-aree-private\/#article\",\"isPartOf\":{\"@id\":\"https:\/\/www.confagricoltura.org\/bologna\/obbligo-di-assicurazione-per-trattori-fermi-o-circolanti-in-aree-private\/\"},\"author\":{\"name\":\"confagricolturabologna\",\"@id\":\"https:\/\/www.confagricoltura.org\/bologna\/#\/schema\/person\/277baa2a725fb840103c5f8898746c7f\"},\"headline\":\"Obbligo di assicurazione per trattori fermi o circolanti in aree private.\",\"datePublished\":\"2024-03-04T13:37:30+00:00\",\"mainEntityOfPage\":{\"@id\":\"https:\/\/www.confagricoltura.org\/bologna\/obbligo-di-assicurazione-per-trattori-fermi-o-circolanti-in-aree-private\/\"},\"wordCount\":510,\"image\":{\"@id\":\"https:\/\/www.confagricoltura.org\/bologna\/obbligo-di-assicurazione-per-trattori-fermi-o-circolanti-in-aree-private\/#primaryimage\"},\"thumbnailUrl\":\"https:\/\/www.confagricoltura.org\/bologna\/wp-content\/uploads\/sites\/12\/2021\/05\/Trattore-nei-campi-1.jpg\",\"articleSection\":[\"Bologna Agricola Informa\",\"Informative per Associati\",\"Notiziario Provinciale\"],\"inLanguage\":\"it-IT\"},{\"@type\":\"WebPage\",\"@id\":\"https:\/\/www.confagricoltura.org\/bologna\/obbligo-di-assicurazione-per-trattori-fermi-o-circolanti-in-aree-private\/\",\"url\":\"https:\/\/www.confagricoltura.org\/bologna\/obbligo-di-assicurazione-per-trattori-fermi-o-circolanti-in-aree-private\/\",\"name\":\"Obbligo di assicurazione per trattori fermi o circolanti in aree private. - Confagricoltura Bologna\",\"isPartOf\":{\"@id\":\"https:\/\/www.confagricoltura.org\/bologna\/#website\"},\"primaryImageOfPage\":{\"@id\":\"https:\/\/www.confagricoltura.org\/bologna\/obbligo-di-assicurazione-per-trattori-fermi-o-circolanti-in-aree-private\/#primaryimage\"},\"image\":{\"@id\":\"https:\/\/www.confagricoltura.org\/bologna\/obbligo-di-assicurazione-per-trattori-fermi-o-circolanti-in-aree-private\/#primaryimage\"},\"thumbnailUrl\":\"https:\/\/www.confagricoltura.org\/bologna\/wp-content\/uploads\/sites\/12\/2021\/05\/Trattore-nei-campi-1.jpg\",\"datePublished\":\"2024-03-04T13:37:30+00:00\",\"author\":{\"@id\":\"https:\/\/www.confagricoltura.org\/bologna\/#\/schema\/person\/277baa2a725fb840103c5f8898746c7f\"},\"breadcrumb\":{\"@id\":\"https:\/\/www.confagricoltura.org\/bologna\/obbligo-di-assicurazione-per-trattori-fermi-o-circolanti-in-aree-private\/#breadcrumb\"},\"inLanguage\":\"it-IT\",\"potentialAction\":[{\"@type\":\"ReadAction\",\"target\":[\"https:\/\/www.confagricoltura.org\/bologna\/obbligo-di-assicurazione-per-trattori-fermi-o-circolanti-in-aree-private\/\"]}]},{\"@type\":\"ImageObject\",\"inLanguage\":\"it-IT\",\"@id\":\"https:\/\/www.confagricoltura.org\/bologna\/obbligo-di-assicurazione-per-trattori-fermi-o-circolanti-in-aree-private\/#primaryimage\",\"url\":\"https:\/\/www.confagricoltura.org\/bologna\/wp-content\/uploads\/sites\/12\/2021\/05\/Trattore-nei-campi-1.jpg\",\"contentUrl\":\"https:\/\/www.confagricoltura.org\/bologna\/wp-content\/uploads\/sites\/12\/2021\/05\/Trattore-nei-campi-1.jpg\",\"width\":980,\"height\":723},{\"@type\":\"BreadcrumbList\",\"@id\":\"https:\/\/www.confagricoltura.org\/bologna\/obbligo-di-assicurazione-per-trattori-fermi-o-circolanti-in-aree-private\/#breadcrumb\",\"itemListElement\":[{\"@type\":\"ListItem\",\"position\":1,\"name\":\"Home\",\"item\":\"https:\/\/www.confagricoltura.org\/bologna\/\"},{\"@type\":\"ListItem\",\"position\":2,\"name\":\"Obbligo di assicurazione per trattori fermi o circolanti in aree private.\"}]},{\"@type\":\"WebSite\",\"@id\":\"https:\/\/www.confagricoltura.org\/bologna\/#website\",\"url\":\"https:\/\/www.confagricoltura.org\/bologna\/\",\"name\":\"Confagricoltura Bologna\",\"description\":\"Dalla parte degli Agricoltori\",\"potentialAction\":[{\"@type\":\"SearchAction\",\"target\":{\"@type\":\"EntryPoint\",\"urlTemplate\":\"https:\/\/www.confagricoltura.org\/bologna\/?s={search_term_string}\"},\"query-input\":{\"@type\":\"PropertyValueSpecification\",\"valueRequired\":true,\"valueName\":\"search_term_string\"}}],\"inLanguage\":\"it-IT\"},{\"@type\":\"Person\",\"@id\":\"https:\/\/www.confagricoltura.org\/bologna\/#\/schema\/person\/277baa2a725fb840103c5f8898746c7f\",\"name\":\"confagricolturabologna\",\"image\":{\"@type\":\"ImageObject\",\"inLanguage\":\"it-IT\",\"@id\":\"https:\/\/www.confagricoltura.org\/bologna\/#\/schema\/person\/image\/\",\"url\":\"https:\/\/secure.gravatar.com\/avatar\/edd9a034f35ea6aeadaf9744d1135acc?s=96&d=mm&r=g\",\"contentUrl\":\"https:\/\/secure.gravatar.com\/avatar\/edd9a034f35ea6aeadaf9744d1135acc?s=96&d=mm&r=g\",\"caption\":\"confagricolturabologna\"},\"url\":\"https:\/\/www.confagricoltura.org\/bologna\/author\/confagricolturabologna\/\"}]}<\/script>\n<!-- \/ Yoast SEO plugin. -->","yoast_head_json":{"title":"Obbligo di assicurazione per trattori fermi o circolanti in aree private. - Confagricoltura Bologna","robots":{"index":"index","follow":"follow","max-snippet":"max-snippet:-1","max-image-preview":"max-image-preview:large","max-video-preview":"max-video-preview:-1"},"canonical":"https:\/\/www.confagricoltura.org\/bologna\/obbligo-di-assicurazione-per-trattori-fermi-o-circolanti-in-aree-private\/","og_locale":"it_IT","og_type":"article","og_title":"Obbligo di assicurazione per trattori fermi o circolanti in aree private. - Confagricoltura Bologna","og_description":"\u00c8 stato pubblicato il Decreto Legislativo n. 184\/2023, che recepisce la Direttiva (UE) 2021\/2118 relativa all\u2019assicurazione della responsabilit\u00e0 civile per i veicoli a motore. Questa normativa, gi\u00e0 in vigore dal 23 dicembre 2023, impone\u00a0l\u2019obbligo di assicurare la generalit\u00e0 dei veicoli a motore, inclusi quelli custoditi o in circolazione in aree private.\u00a0Il nuovo obbligo riguarda perci\u00f2","og_url":"https:\/\/www.confagricoltura.org\/bologna\/obbligo-di-assicurazione-per-trattori-fermi-o-circolanti-in-aree-private\/","og_site_name":"Confagricoltura Bologna","article_published_time":"2024-03-04T13:37:30+00:00","og_image":[{"width":980,"height":723,"url":"https:\/\/www.confagricoltura.org\/bologna\/wp-content\/uploads\/sites\/12\/2021\/05\/Trattore-nei-campi-1.jpg","type":"image\/jpeg"}],"author":"confagricolturabologna","twitter_card":"summary_large_image","twitter_misc":{"Scritto da":"confagricolturabologna","Tempo di lettura stimato":"3 minuti"},"schema":{"@context":"https:\/\/schema.org","@graph":[{"@type":"Article","@id":"https:\/\/www.confagricoltura.org\/bologna\/obbligo-di-assicurazione-per-trattori-fermi-o-circolanti-in-aree-private\/#article","isPartOf":{"@id":"https:\/\/www.confagricoltura.org\/bologna\/obbligo-di-assicurazione-per-trattori-fermi-o-circolanti-in-aree-private\/"},"author":{"name":"confagricolturabologna","@id":"https:\/\/www.confagricoltura.org\/bologna\/#\/schema\/person\/277baa2a725fb840103c5f8898746c7f"},"headline":"Obbligo di assicurazione per trattori fermi o circolanti in aree private.","datePublished":"2024-03-04T13:37:30+00:00","mainEntityOfPage":{"@id":"https:\/\/www.confagricoltura.org\/bologna\/obbligo-di-assicurazione-per-trattori-fermi-o-circolanti-in-aree-private\/"},"wordCount":510,"image":{"@id":"https:\/\/www.confagricoltura.org\/bologna\/obbligo-di-assicurazione-per-trattori-fermi-o-circolanti-in-aree-private\/#primaryimage"},"thumbnailUrl":"https:\/\/www.confagricoltura.org\/bologna\/wp-content\/uploads\/sites\/12\/2021\/05\/Trattore-nei-campi-1.jpg","articleSection":["Bologna Agricola Informa","Informative per Associati","Notiziario Provinciale"],"inLanguage":"it-IT"},{"@type":"WebPage","@id":"https:\/\/www.confagricoltura.org\/bologna\/obbligo-di-assicurazione-per-trattori-fermi-o-circolanti-in-aree-private\/","url":"https:\/\/www.confagricoltura.org\/bologna\/obbligo-di-assicurazione-per-trattori-fermi-o-circolanti-in-aree-private\/","name":"Obbligo di assicurazione per trattori fermi o circolanti in aree private. - Confagricoltura Bologna","isPartOf":{"@id":"https:\/\/www.confagricoltura.org\/bologna\/#website"},"primaryImageOfPage":{"@id":"https:\/\/www.confagricoltura.org\/bologna\/obbligo-di-assicurazione-per-trattori-fermi-o-circolanti-in-aree-private\/#primaryimage"},"image":{"@id":"https:\/\/www.confagricoltura.org\/bologna\/obbligo-di-assicurazione-per-trattori-fermi-o-circolanti-in-aree-private\/#primaryimage"},"thumbnailUrl":"https:\/\/www.confagricoltura.org\/bologna\/wp-content\/uploads\/sites\/12\/2021\/05\/Trattore-nei-campi-1.jpg","datePublished":"2024-03-04T13:37:30+00:00","author":{"@id":"https:\/\/www.confagricoltura.org\/bologna\/#\/schema\/person\/277baa2a725fb840103c5f8898746c7f"},"breadcrumb":{"@id":"https:\/\/www.confagricoltura.org\/bologna\/obbligo-di-assicurazione-per-trattori-fermi-o-circolanti-in-aree-private\/#breadcrumb"},"inLanguage":"it-IT","potentialAction":[{"@type":"ReadAction","target":["https:\/\/www.confagricoltura.org\/bologna\/obbligo-di-assicurazione-per-trattori-fermi-o-circolanti-in-aree-private\/"]}]},{"@type":"ImageObject","inLanguage":"it-IT","@id":"https:\/\/www.confagricoltura.org\/bologna\/obbligo-di-assicurazione-per-trattori-fermi-o-circolanti-in-aree-private\/#primaryimage","url":"https:\/\/www.confagricoltura.org\/bologna\/wp-content\/uploads\/sites\/12\/2021\/05\/Trattore-nei-campi-1.jpg","contentUrl":"https:\/\/www.confagricoltura.org\/bologna\/wp-content\/uploads\/sites\/12\/2021\/05\/Trattore-nei-campi-1.jpg","width":980,"height":723},{"@type":"BreadcrumbList","@id":"https:\/\/www.confagricoltura.org\/bologna\/obbligo-di-assicurazione-per-trattori-fermi-o-circolanti-in-aree-private\/#breadcrumb","itemListElement":[{"@type":"ListItem","position":1,"name":"Home","item":"https:\/\/www.confagricoltura.org\/bologna\/"},{"@type":"ListItem","position":2,"name":"Obbligo di assicurazione per trattori fermi o circolanti in aree private."}]},{"@type":"WebSite","@id":"https:\/\/www.confagricoltura.org\/bologna\/#website","url":"https:\/\/www.confagricoltura.org\/bologna\/","name":"Confagricoltura Bologna","description":"Dalla parte degli Agricoltori","potentialAction":[{"@type":"SearchAction","target":{"@type":"EntryPoint","urlTemplate":"https:\/\/www.confagricoltura.org\/bologna\/?s={search_term_string}"},"query-input":{"@type":"PropertyValueSpecification","valueRequired":true,"valueName":"search_term_string"}}],"inLanguage":"it-IT"},{"@type":"Person","@id":"https:\/\/www.confagricoltura.org\/bologna\/#\/schema\/person\/277baa2a725fb840103c5f8898746c7f","name":"confagricolturabologna","image":{"@type":"ImageObject","inLanguage":"it-IT","@id":"https:\/\/www.confagricoltura.org\/bologna\/#\/schema\/person\/image\/","url":"https:\/\/secure.gravatar.com\/avatar\/edd9a034f35ea6aeadaf9744d1135acc?s=96&d=mm&r=g","contentUrl":"https:\/\/secure.gravatar.com\/avatar\/edd9a034f35ea6aeadaf9744d1135acc?s=96&d=mm&r=g","caption":"confagricolturabologna"},"url":"https:\/\/www.confagricoltura.org\/bologna\/author\/confagricolturabologna\/"}]}},"_links":{"self":[{"href":"https:\/\/www.confagricoltura.org\/bologna\/wp-json\/wp\/v2\/posts\/7059","targetHints":{"allow":["GET"]}}],"collection":[{"href":"https:\/\/www.confagricoltura.org\/bologna\/wp-json\/wp\/v2\/posts"}],"about":[{"href":"https:\/\/www.confagricoltura.org\/bologna\/wp-json\/wp\/v2\/types\/post"}],"author":[{"embeddable":true,"href":"https:\/\/www.confagricoltura.org\/bologna\/wp-json\/wp\/v2\/users\/7"}],"replies":[{"embeddable":true,"href":"https:\/\/www.confagricoltura.org\/bologna\/wp-json\/wp\/v2\/comments?post=7059"}],"version-history":[{"count":1,"href":"https:\/\/www.confagricoltura.org\/bologna\/wp-json\/wp\/v2\/posts\/7059\/revisions"}],"predecessor-version":[{"id":7060,"href":"https:\/\/www.confagricoltura.org\/bologna\/wp-json\/wp\/v2\/posts\/7059\/revisions\/7060"}],"wp:featuredmedia":[{"embeddable":true,"href":"https:\/\/www.confagricoltura.org\/bologna\/wp-json\/wp\/v2\/media\/5636"}],"wp:attachment":[{"href":"https:\/\/www.confagricoltura.org\/bologna\/wp-json\/wp\/v2\/media?parent=7059"}],"wp:term":[{"taxonomy":"category","embeddable":true,"href":"https:\/\/www.confagricoltura.org\/bologna\/wp-json\/wp\/v2\/categories?post=7059"},{"taxonomy":"post_tag","embeddable":true,"href":"https:\/\/www.confagricoltura.org\/bologna\/wp-json\/wp\/v2\/tags?post=7059"}],"curies":[{"name":"wp","href":"https:\/\/api.w.org\/{rel}","templated":true}]}}