{"id":6761,"date":"2023-07-31T10:51:05","date_gmt":"2023-07-31T08:51:05","guid":{"rendered":"https:\/\/www.confagricoltura.org\/bologna\/?p=6761"},"modified":"2023-07-31T10:51:06","modified_gmt":"2023-07-31T08:51:06","slug":"autonomi-agricoli-contributi-inps-le-quote-capitarie-per-il-2023","status":"publish","type":"post","link":"https:\/\/www.confagricoltura.org\/bologna\/autonomi-agricoli-contributi-inps-le-quote-capitarie-per-il-2023\/","title":{"rendered":"AUTONOMI AGRICOLI &#8211; Contributi INPS \u2013 Le quote capitarie per il 2023"},"content":{"rendered":"\n<p>Con circolare n\u00b0 59 del 04\/07\/2023, l\u2019INPS ha pubblicato le tabelle contributive per i coltivatori diretti, coloni, mezzadri e imprenditori agricoli professionali \u2013 IAP per l\u2019anno 2023.<\/p>\n\n\n\n<p><strong>Contribuzione IVS<\/strong>.<\/p>\n\n\n\n<p>Il calcolo dei contributi I.V.S., dovuti dai lavoratori autonomi dell\u2019agricoltura, come noto, si basa sulla classificazione delle aziende nelle quattro fasce di reddito convenzionale.<\/p>\n\n\n\n<p>Ciascuna azienda \u00e8 inclusa annualmente nella fascia di reddito convenzionale corrispondente al reddito agrario dei terreni condotti e\/o a quello determinato dall\u2019allevamento degli animali.<\/p>\n\n\n\n<p>La contribuzione INPS dovuta \u00e8 determinata sulla base del reddito medio convenzionale, stabilito annualmente con Decreto del Ministero del Lavoro e delle Politiche Sociali. Previste riduzioni per gli ultrasessantacinquenni, tale reddito medio, per l\u2019anno 2023, \u00e8 fissato in <strong>Euro<\/strong> <strong>61,98<\/strong>. L\u2019aliquota INPS da applicare \u00e8, per tutte le zone e fasce, pari al 24% (dal 2018).&nbsp; L\u2019importo del contributo addizionale IVS per ciascuna unit\u00e0 attiva \u00e8 pari ad <strong>\u20ac<\/strong> <strong>0,69 <\/strong>a giornata e per n\u00b0 156 giornate annue.<\/p>\n\n\n\n<p><strong>Contribuzione di maternit\u00e0.<\/strong><\/p>\n\n\n\n<p>Per il 2023 il contributo annuo di maternit\u00e0 (indennit\u00e0 giornaliera di gravidanza o puerperio) \u00e8 invariato e stabilito nella misura di \u20ac 7,49, per ciascuna unit\u00e0 attiva iscritta alla gestione INPS.<\/p>\n\n\n\n<p><strong>Contribuzione INAIL.<\/strong><\/p>\n\n\n\n<p>Il contributo, dovuto per l\u2019assicurazione contro gli infortuni sul lavoro e le malattie professionali dai coltivatori diretti, mezzadri e coloni, per l\u2019anno 2023, resta fissato nella misura capitaria annua di:<\/p>\n\n\n\n<p>\u00b7&nbsp;\u20ac 768,50 (per le zone normali)<\/p>\n\n\n\n<p>\u00b7&nbsp;\u20ac 532,18 (per i territori montani e le zone svantaggiate).<\/p>\n\n\n\n<p>Con decreto ministeriale (del 20 settembre 2022) \u00e8 stata fissata la riduzione dei contributi infortunistici nella misura del 15,17%; la predetta riduzione si applica agli elenchi di aziende individuate e trasmesse dall\u2019INAIL. Tale riduzione non riguarda le figure I.A.P. poich\u00e9 non soggette alla assicurazione INAIL.<\/p>\n\n\n\n<p><strong>Modalit\u00e0 di pagamento.<\/strong><\/p>\n\n\n\n<p>La riscossione dei contributi INPS come \u00e8 noto non avviene pi\u00f9 tramite l&#8217;invio da parte dell\u2019INPS della relativa modulistica; gli interessati dovranno viceversa trarre quanto occorrente dal sito dell\u2019Istituto (<a href=\"http:\/\/www.inps.it\">www.inps.it<\/a>); in specie il titolare del nucleo coltivatore diretto\/coloni mezzadri e l\u2019imprenditore agricolo professionale potranno scaricare e stampare dal proprio cassetto previdenziale la delega di pagamento F24, accedendo ai servizi on-line a disposizione per l\u2019utenza del \u201cCassetto Previdenziale Autonomi Agricoli\u201d, selezionando la voce \u2018Modelli F24 \u2013 Lavoratori Autonomi Agricoli\u2019. I termini di scadenza delle 4 rate previste per il pagamento sono il 17 luglio 2023 (I rata), il 18 settembre 2023 (II rata ) , il 16 novembre 2023(III rata)&nbsp; e il 16 gennaio 2024 (IV) rata).<\/p>\n\n\n\n<p>Gli imprenditori agricoli professionali (IAP) sono tenuti unicamente al pagamento dei contributi per l\u2019assicurazione contro l\u2019invalidit\u00e0, la vecchiaia ed i superstiti e al pagamento dei contributi per gravidanza e puerperio, con esclusione della quota annua per l\u2019assicurazione INAIL.<\/p>\n\n\n\n<p>Pubblichiamo le tavole riassuntive.<\/p>\n\n\n\n<p><strong>Esoneri under 40<\/strong><\/p>\n\n\n\n<p>Infine la citata circolare rammenta come la legge di bilancio per il 2023 (art. 1, c. 503, legge n. 197\/2022), abbia esteso l&#8217;esonero dal versamento dei contributi INPS (prevista anche per il\u00a0 2020, 2021 e 2022)\u00a0 ai lavoratori autonomi agricoli con meno di 40 anni di et\u00e0\u00a0 iscritti o che si iscriveranno\u00a0 alla gestione INPS per la prima volta nel corso del 2023.<\/p>\n\n\n\n<figure class=\"wp-block-table\"><table><tbody><tr><td><strong>CD\/CM<\/strong><\/td><\/tr><tr><td><strong>&nbsp;<\/strong><\/td><\/tr><tr><td>IMPORTO ANNUO DEI CONTRIBUTI DOVUTI DAI COLTIVATORI DIRETTI, COLONI, MEZZADRI<\/td><\/tr><tr><td><strong>ANNO 2023<\/strong><\/td><\/tr><tr><td>Zone normali<\/td><\/tr><tr><td>&nbsp;<\/td><td><strong>CD\/CM<\/strong><\/td><\/tr><tr><td>FASCIA&nbsp;&nbsp; 1<\/td><td>\u20ac 3.204,16<\/td><\/tr><tr><td>FASCIA&nbsp;&nbsp; 2<\/td><td>\u20ac 3.977,67<\/td><\/tr><tr><td>FASCIA&nbsp;&nbsp; 3<\/td><td>\u20ac 4.751,18<\/td><\/tr><tr><td>FASCIA&nbsp;&nbsp; 4<\/td><td>\u20ac 5.524,69<\/td><\/tr><\/tbody><\/table><\/figure>\n\n\n\n<figure class=\"wp-block-table\"><table><tbody><tr><td>IMPORTO ANNUO DEI CONTRIBUTI DOVUTI DAI COLTIVATORI DIRETTI, COLONI, MEZZADRI<\/td><\/tr><tr><td><strong>ANNO 2023<\/strong><\/td><\/tr><tr><td>Territori montani e zone svantaggiate<\/td><\/tr><tr><td>&nbsp;<\/td><td><strong>CD\/CM<\/strong><\/td><\/tr><tr><td>FASCIA&nbsp;&nbsp; 1<\/td><td>\u20ac 2.967,84<\/td><\/tr><tr><td>FASCIA&nbsp;&nbsp; 2<\/td><td>\u20ac 3.741,35<\/td><\/tr><tr><td>FASCIA&nbsp;&nbsp; 3<\/td><td>\u20ac 4.514,86<\/td><\/tr><tr><td>FASCIA&nbsp;&nbsp; 4<\/td><td>\u20ac 5.288,37<\/td><\/tr><\/tbody><\/table><\/figure>\n\n\n\n<figure class=\"wp-block-table\"><table><tbody><tr><td>IMPORTO ANNUO DEI CONTRIBUTI DOVUTI DAI COLTIVATORI DIRETTI, COLONI, MEZZADRI<\/td><\/tr><tr><td><strong>ANNO 2023<\/strong><\/td><\/tr><tr><td>Ultrasessantacinquenni pensionati \u2013 Zone normali<\/td><\/tr><tr><td>&nbsp;<\/td><td><strong>CD\/CM<\/strong><\/td><\/tr><tr><td>FASCIA 1<\/td><td>\u20ac 1.990,08<\/td><\/tr><tr><td>FASCIA 2<\/td><td>\u20ac 2.376,83<\/td><\/tr><tr><td>FASCIA 3<\/td><td>\u20ac 2.763,59<\/td><\/tr><tr><td>FASCIA 4<\/td><td>\u20ac 3.150,34<\/td><\/tr><\/tbody><\/table><\/figure>\n\n\n\n<figure class=\"wp-block-table\"><table><tbody><tr><td>IMPORTO ANNUO DEI CONTRIBUTI DOVUTI DAI COLTIVATORI DIRETTI, COLONI, MEZZADRI<\/td><\/tr><tr><td><strong>ANNO 2023<\/strong><\/td><\/tr><tr><td>Ultrasessantacinquenni pensionati &#8211; Territori montani e zone svantaggiate<\/td><\/tr><tr><td>&nbsp;<\/td><td><strong>CD\/CM<\/strong><\/td><\/tr><tr><td>FASCIA 1<\/td><td>\u20ac 1.753,76<\/td><\/tr><tr><td>FASCIA 2<\/td><td>\u20ac 2.140,51<\/td><\/tr><tr><td>FASCIA 3<\/td><td>\u20ac 2.527,27<\/td><\/tr><tr><td>FASCIA 4<\/td><td>\u20ac 2.914,02<\/td><\/tr><\/tbody><\/table><\/figure>\n\n\n\n<figure class=\"wp-block-table\"><table><tbody><tr><td><strong>&nbsp;&nbsp;<\/strong><strong>IAP<\/strong><\/td><\/tr><tr><td>&nbsp;<\/td><\/tr><tr><td>IMPORTO ANNUO DEI CONTRIBUTI DOVUTI DAGLI IMPRENDITORI AGRICOLI PROFESSIONALI<\/td><\/tr><tr><td><strong>ANNO 2023<\/strong><\/td><\/tr><tr><td>&nbsp;<\/td><td><strong>IAP<\/strong><\/td><\/tr><tr><td>FASCIA&nbsp;&nbsp; 1<\/td><td>\u20ac 2.435,66<\/td><\/tr><tr><td>FASCIA&nbsp;&nbsp; 2<\/td><td>\u20ac 3.209,17<\/td><\/tr><tr><td>FASCIA&nbsp;&nbsp; 3<\/td><td>\u20ac 3.982,68<\/td><\/tr><tr><td>FASCIA&nbsp;&nbsp; 4<\/td><td>\u20ac 4.756,19<\/td><\/tr><\/tbody><\/table><\/figure>\n\n\n\n<figure class=\"wp-block-table\"><table><tbody><tr><td>IMPORTO ANNUO DEI CONTRIBUTI DOVUTI DAGLI IMPRENDITORI AGRICOLI PROFESSIONALI<\/td><\/tr><tr><td><strong>ANNO 2023<\/strong><\/td><\/tr><tr><td>Ultrasessantacinquenni pensionati<\/td><\/tr><tr><td>&nbsp;<\/td><td><strong>IAP<\/strong><\/td><\/tr><tr><td>FASCIA 1<\/td><td>\u20ac 1.221,58<\/td><\/tr><tr><td>FASCIA 2<\/td><td>\u20ac 1.608,33<\/td><\/tr><tr><td>FASCIA 3<\/td><td>\u20ac 1.995,09<\/td><\/tr><tr><td>FASCIA 4<\/td><td>\u20ac 2.381,84<\/td><\/tr><\/tbody><\/table><\/figure>\n\n\n\n<p>(M. Mazzanti)<\/p>\n","protected":false},"excerpt":{"rendered":"<p>Con circolare n\u00b0 59 del 04\/07\/2023, l\u2019INPS ha pubblicato le tabelle contributive per i coltivatori diretti, coloni, mezzadri e imprenditori agricoli professionali \u2013 IAP per l\u2019anno 2023. Contribuzione IVS. Il calcolo dei contributi I.V.S., dovuti dai lavoratori autonomi dell\u2019agricoltura, come noto, si basa sulla classificazione delle aziende nelle quattro fasce di reddito convenzionale. Ciascuna azienda<\/p>\n","protected":false},"author":7,"featured_media":5793,"comment_status":"closed","ping_status":"closed","sticky":false,"template":"","format":"standard","meta":{"wp_mapbox_gl_js_media":[],"footnotes":""},"categories":[23,37,35,25],"tags":[],"class_list":["post-6761","post","type-post","status-publish","format-standard","has-post-thumbnail","hentry","category-bologna-agricola-informa","category-informative-per-associati","category-lavoro","category-notiziario-provinciale"],"yoast_head":"<!-- This site is optimized with the Yoast SEO plugin v26.8 - https:\/\/yoast.com\/product\/yoast-seo-wordpress\/ -->\n<title>AUTONOMI AGRICOLI - Contributi INPS \u2013 Le quote capitarie per il 2023 - Confagricoltura Bologna<\/title>\n<meta name=\"robots\" content=\"index, follow, max-snippet:-1, max-image-preview:large, max-video-preview:-1\" \/>\n<link rel=\"canonical\" href=\"https:\/\/www.confagricoltura.org\/bologna\/autonomi-agricoli-contributi-inps-le-quote-capitarie-per-il-2023\/\" \/>\n<meta property=\"og:locale\" content=\"it_IT\" \/>\n<meta property=\"og:type\" content=\"article\" \/>\n<meta property=\"og:title\" content=\"AUTONOMI AGRICOLI - Contributi INPS \u2013 Le quote capitarie per il 2023 - Confagricoltura Bologna\" \/>\n<meta property=\"og:description\" content=\"Con circolare n\u00b0 59 del 04\/07\/2023, l\u2019INPS ha pubblicato le tabelle contributive per i coltivatori diretti, coloni, mezzadri e imprenditori agricoli professionali \u2013 IAP per l\u2019anno 2023. Contribuzione IVS. Il calcolo dei contributi I.V.S., dovuti dai lavoratori autonomi dell\u2019agricoltura, come noto, si basa sulla classificazione delle aziende nelle quattro fasce di reddito convenzionale. Ciascuna azienda\" \/>\n<meta property=\"og:url\" content=\"https:\/\/www.confagricoltura.org\/bologna\/autonomi-agricoli-contributi-inps-le-quote-capitarie-per-il-2023\/\" \/>\n<meta property=\"og:site_name\" content=\"Confagricoltura Bologna\" \/>\n<meta property=\"article:published_time\" content=\"2023-07-31T08:51:05+00:00\" \/>\n<meta property=\"article:modified_time\" content=\"2023-07-31T08:51:06+00:00\" \/>\n<meta property=\"og:image\" content=\"https:\/\/www.confagricoltura.org\/bologna\/wp-content\/uploads\/sites\/12\/2021\/09\/INPS.jpg\" \/>\n\t<meta property=\"og:image:width\" content=\"980\" \/>\n\t<meta property=\"og:image:height\" content=\"723\" \/>\n\t<meta property=\"og:image:type\" content=\"image\/jpeg\" \/>\n<meta name=\"author\" content=\"confagricolturabologna\" \/>\n<meta name=\"twitter:card\" content=\"summary_large_image\" \/>\n<meta name=\"twitter:label1\" content=\"Scritto da\" \/>\n\t<meta name=\"twitter:data1\" content=\"confagricolturabologna\" \/>\n\t<meta name=\"twitter:label2\" content=\"Tempo di lettura stimato\" \/>\n\t<meta name=\"twitter:data2\" content=\"4 minuti\" \/>\n<script type=\"application\/ld+json\" class=\"yoast-schema-graph\">{\"@context\":\"https:\/\/schema.org\",\"@graph\":[{\"@type\":\"Article\",\"@id\":\"https:\/\/www.confagricoltura.org\/bologna\/autonomi-agricoli-contributi-inps-le-quote-capitarie-per-il-2023\/#article\",\"isPartOf\":{\"@id\":\"https:\/\/www.confagricoltura.org\/bologna\/autonomi-agricoli-contributi-inps-le-quote-capitarie-per-il-2023\/\"},\"author\":{\"name\":\"confagricolturabologna\",\"@id\":\"https:\/\/www.confagricoltura.org\/bologna\/#\/schema\/person\/277baa2a725fb840103c5f8898746c7f\"},\"headline\":\"AUTONOMI AGRICOLI &#8211; Contributi INPS \u2013 Le quote capitarie per il 2023\",\"datePublished\":\"2023-07-31T08:51:05+00:00\",\"dateModified\":\"2023-07-31T08:51:06+00:00\",\"mainEntityOfPage\":{\"@id\":\"https:\/\/www.confagricoltura.org\/bologna\/autonomi-agricoli-contributi-inps-le-quote-capitarie-per-il-2023\/\"},\"wordCount\":657,\"image\":{\"@id\":\"https:\/\/www.confagricoltura.org\/bologna\/autonomi-agricoli-contributi-inps-le-quote-capitarie-per-il-2023\/#primaryimage\"},\"thumbnailUrl\":\"https:\/\/www.confagricoltura.org\/bologna\/wp-content\/uploads\/sites\/12\/2021\/09\/INPS.jpg\",\"articleSection\":[\"Bologna Agricola Informa\",\"Informative per Associati\",\"Lavoro\",\"Notiziario Provinciale\"],\"inLanguage\":\"it-IT\"},{\"@type\":\"WebPage\",\"@id\":\"https:\/\/www.confagricoltura.org\/bologna\/autonomi-agricoli-contributi-inps-le-quote-capitarie-per-il-2023\/\",\"url\":\"https:\/\/www.confagricoltura.org\/bologna\/autonomi-agricoli-contributi-inps-le-quote-capitarie-per-il-2023\/\",\"name\":\"AUTONOMI AGRICOLI - Contributi INPS \u2013 Le quote capitarie per il 2023 - Confagricoltura Bologna\",\"isPartOf\":{\"@id\":\"https:\/\/www.confagricoltura.org\/bologna\/#website\"},\"primaryImageOfPage\":{\"@id\":\"https:\/\/www.confagricoltura.org\/bologna\/autonomi-agricoli-contributi-inps-le-quote-capitarie-per-il-2023\/#primaryimage\"},\"image\":{\"@id\":\"https:\/\/www.confagricoltura.org\/bologna\/autonomi-agricoli-contributi-inps-le-quote-capitarie-per-il-2023\/#primaryimage\"},\"thumbnailUrl\":\"https:\/\/www.confagricoltura.org\/bologna\/wp-content\/uploads\/sites\/12\/2021\/09\/INPS.jpg\",\"datePublished\":\"2023-07-31T08:51:05+00:00\",\"dateModified\":\"2023-07-31T08:51:06+00:00\",\"author\":{\"@id\":\"https:\/\/www.confagricoltura.org\/bologna\/#\/schema\/person\/277baa2a725fb840103c5f8898746c7f\"},\"breadcrumb\":{\"@id\":\"https:\/\/www.confagricoltura.org\/bologna\/autonomi-agricoli-contributi-inps-le-quote-capitarie-per-il-2023\/#breadcrumb\"},\"inLanguage\":\"it-IT\",\"potentialAction\":[{\"@type\":\"ReadAction\",\"target\":[\"https:\/\/www.confagricoltura.org\/bologna\/autonomi-agricoli-contributi-inps-le-quote-capitarie-per-il-2023\/\"]}]},{\"@type\":\"ImageObject\",\"inLanguage\":\"it-IT\",\"@id\":\"https:\/\/www.confagricoltura.org\/bologna\/autonomi-agricoli-contributi-inps-le-quote-capitarie-per-il-2023\/#primaryimage\",\"url\":\"https:\/\/www.confagricoltura.org\/bologna\/wp-content\/uploads\/sites\/12\/2021\/09\/INPS.jpg\",\"contentUrl\":\"https:\/\/www.confagricoltura.org\/bologna\/wp-content\/uploads\/sites\/12\/2021\/09\/INPS.jpg\",\"width\":980,\"height\":723},{\"@type\":\"BreadcrumbList\",\"@id\":\"https:\/\/www.confagricoltura.org\/bologna\/autonomi-agricoli-contributi-inps-le-quote-capitarie-per-il-2023\/#breadcrumb\",\"itemListElement\":[{\"@type\":\"ListItem\",\"position\":1,\"name\":\"Home\",\"item\":\"https:\/\/www.confagricoltura.org\/bologna\/\"},{\"@type\":\"ListItem\",\"position\":2,\"name\":\"AUTONOMI AGRICOLI &#8211; Contributi INPS \u2013 Le quote capitarie per il 2023\"}]},{\"@type\":\"WebSite\",\"@id\":\"https:\/\/www.confagricoltura.org\/bologna\/#website\",\"url\":\"https:\/\/www.confagricoltura.org\/bologna\/\",\"name\":\"Confagricoltura Bologna\",\"description\":\"Dalla parte degli Agricoltori\",\"potentialAction\":[{\"@type\":\"SearchAction\",\"target\":{\"@type\":\"EntryPoint\",\"urlTemplate\":\"https:\/\/www.confagricoltura.org\/bologna\/?s={search_term_string}\"},\"query-input\":{\"@type\":\"PropertyValueSpecification\",\"valueRequired\":true,\"valueName\":\"search_term_string\"}}],\"inLanguage\":\"it-IT\"},{\"@type\":\"Person\",\"@id\":\"https:\/\/www.confagricoltura.org\/bologna\/#\/schema\/person\/277baa2a725fb840103c5f8898746c7f\",\"name\":\"confagricolturabologna\",\"image\":{\"@type\":\"ImageObject\",\"inLanguage\":\"it-IT\",\"@id\":\"https:\/\/www.confagricoltura.org\/bologna\/#\/schema\/person\/image\/\",\"url\":\"https:\/\/secure.gravatar.com\/avatar\/edd9a034f35ea6aeadaf9744d1135acc?s=96&d=mm&r=g\",\"contentUrl\":\"https:\/\/secure.gravatar.com\/avatar\/edd9a034f35ea6aeadaf9744d1135acc?s=96&d=mm&r=g\",\"caption\":\"confagricolturabologna\"},\"url\":\"https:\/\/www.confagricoltura.org\/bologna\/author\/confagricolturabologna\/\"}]}<\/script>\n<!-- \/ Yoast SEO plugin. -->","yoast_head_json":{"title":"AUTONOMI AGRICOLI - Contributi INPS \u2013 Le quote capitarie per il 2023 - Confagricoltura Bologna","robots":{"index":"index","follow":"follow","max-snippet":"max-snippet:-1","max-image-preview":"max-image-preview:large","max-video-preview":"max-video-preview:-1"},"canonical":"https:\/\/www.confagricoltura.org\/bologna\/autonomi-agricoli-contributi-inps-le-quote-capitarie-per-il-2023\/","og_locale":"it_IT","og_type":"article","og_title":"AUTONOMI AGRICOLI - Contributi INPS \u2013 Le quote capitarie per il 2023 - Confagricoltura Bologna","og_description":"Con circolare n\u00b0 59 del 04\/07\/2023, l\u2019INPS ha pubblicato le tabelle contributive per i coltivatori diretti, coloni, mezzadri e imprenditori agricoli professionali \u2013 IAP per l\u2019anno 2023. Contribuzione IVS. Il calcolo dei contributi I.V.S., dovuti dai lavoratori autonomi dell\u2019agricoltura, come noto, si basa sulla classificazione delle aziende nelle quattro fasce di reddito convenzionale. Ciascuna azienda","og_url":"https:\/\/www.confagricoltura.org\/bologna\/autonomi-agricoli-contributi-inps-le-quote-capitarie-per-il-2023\/","og_site_name":"Confagricoltura Bologna","article_published_time":"2023-07-31T08:51:05+00:00","article_modified_time":"2023-07-31T08:51:06+00:00","og_image":[{"width":980,"height":723,"url":"https:\/\/www.confagricoltura.org\/bologna\/wp-content\/uploads\/sites\/12\/2021\/09\/INPS.jpg","type":"image\/jpeg"}],"author":"confagricolturabologna","twitter_card":"summary_large_image","twitter_misc":{"Scritto da":"confagricolturabologna","Tempo di lettura stimato":"4 minuti"},"schema":{"@context":"https:\/\/schema.org","@graph":[{"@type":"Article","@id":"https:\/\/www.confagricoltura.org\/bologna\/autonomi-agricoli-contributi-inps-le-quote-capitarie-per-il-2023\/#article","isPartOf":{"@id":"https:\/\/www.confagricoltura.org\/bologna\/autonomi-agricoli-contributi-inps-le-quote-capitarie-per-il-2023\/"},"author":{"name":"confagricolturabologna","@id":"https:\/\/www.confagricoltura.org\/bologna\/#\/schema\/person\/277baa2a725fb840103c5f8898746c7f"},"headline":"AUTONOMI AGRICOLI &#8211; Contributi INPS \u2013 Le quote capitarie per il 2023","datePublished":"2023-07-31T08:51:05+00:00","dateModified":"2023-07-31T08:51:06+00:00","mainEntityOfPage":{"@id":"https:\/\/www.confagricoltura.org\/bologna\/autonomi-agricoli-contributi-inps-le-quote-capitarie-per-il-2023\/"},"wordCount":657,"image":{"@id":"https:\/\/www.confagricoltura.org\/bologna\/autonomi-agricoli-contributi-inps-le-quote-capitarie-per-il-2023\/#primaryimage"},"thumbnailUrl":"https:\/\/www.confagricoltura.org\/bologna\/wp-content\/uploads\/sites\/12\/2021\/09\/INPS.jpg","articleSection":["Bologna Agricola Informa","Informative per Associati","Lavoro","Notiziario Provinciale"],"inLanguage":"it-IT"},{"@type":"WebPage","@id":"https:\/\/www.confagricoltura.org\/bologna\/autonomi-agricoli-contributi-inps-le-quote-capitarie-per-il-2023\/","url":"https:\/\/www.confagricoltura.org\/bologna\/autonomi-agricoli-contributi-inps-le-quote-capitarie-per-il-2023\/","name":"AUTONOMI AGRICOLI - Contributi INPS \u2013 Le quote capitarie per il 2023 - Confagricoltura Bologna","isPartOf":{"@id":"https:\/\/www.confagricoltura.org\/bologna\/#website"},"primaryImageOfPage":{"@id":"https:\/\/www.confagricoltura.org\/bologna\/autonomi-agricoli-contributi-inps-le-quote-capitarie-per-il-2023\/#primaryimage"},"image":{"@id":"https:\/\/www.confagricoltura.org\/bologna\/autonomi-agricoli-contributi-inps-le-quote-capitarie-per-il-2023\/#primaryimage"},"thumbnailUrl":"https:\/\/www.confagricoltura.org\/bologna\/wp-content\/uploads\/sites\/12\/2021\/09\/INPS.jpg","datePublished":"2023-07-31T08:51:05+00:00","dateModified":"2023-07-31T08:51:06+00:00","author":{"@id":"https:\/\/www.confagricoltura.org\/bologna\/#\/schema\/person\/277baa2a725fb840103c5f8898746c7f"},"breadcrumb":{"@id":"https:\/\/www.confagricoltura.org\/bologna\/autonomi-agricoli-contributi-inps-le-quote-capitarie-per-il-2023\/#breadcrumb"},"inLanguage":"it-IT","potentialAction":[{"@type":"ReadAction","target":["https:\/\/www.confagricoltura.org\/bologna\/autonomi-agricoli-contributi-inps-le-quote-capitarie-per-il-2023\/"]}]},{"@type":"ImageObject","inLanguage":"it-IT","@id":"https:\/\/www.confagricoltura.org\/bologna\/autonomi-agricoli-contributi-inps-le-quote-capitarie-per-il-2023\/#primaryimage","url":"https:\/\/www.confagricoltura.org\/bologna\/wp-content\/uploads\/sites\/12\/2021\/09\/INPS.jpg","contentUrl":"https:\/\/www.confagricoltura.org\/bologna\/wp-content\/uploads\/sites\/12\/2021\/09\/INPS.jpg","width":980,"height":723},{"@type":"BreadcrumbList","@id":"https:\/\/www.confagricoltura.org\/bologna\/autonomi-agricoli-contributi-inps-le-quote-capitarie-per-il-2023\/#breadcrumb","itemListElement":[{"@type":"ListItem","position":1,"name":"Home","item":"https:\/\/www.confagricoltura.org\/bologna\/"},{"@type":"ListItem","position":2,"name":"AUTONOMI AGRICOLI &#8211; Contributi INPS \u2013 Le quote capitarie per il 2023"}]},{"@type":"WebSite","@id":"https:\/\/www.confagricoltura.org\/bologna\/#website","url":"https:\/\/www.confagricoltura.org\/bologna\/","name":"Confagricoltura Bologna","description":"Dalla parte degli Agricoltori","potentialAction":[{"@type":"SearchAction","target":{"@type":"EntryPoint","urlTemplate":"https:\/\/www.confagricoltura.org\/bologna\/?s={search_term_string}"},"query-input":{"@type":"PropertyValueSpecification","valueRequired":true,"valueName":"search_term_string"}}],"inLanguage":"it-IT"},{"@type":"Person","@id":"https:\/\/www.confagricoltura.org\/bologna\/#\/schema\/person\/277baa2a725fb840103c5f8898746c7f","name":"confagricolturabologna","image":{"@type":"ImageObject","inLanguage":"it-IT","@id":"https:\/\/www.confagricoltura.org\/bologna\/#\/schema\/person\/image\/","url":"https:\/\/secure.gravatar.com\/avatar\/edd9a034f35ea6aeadaf9744d1135acc?s=96&d=mm&r=g","contentUrl":"https:\/\/secure.gravatar.com\/avatar\/edd9a034f35ea6aeadaf9744d1135acc?s=96&d=mm&r=g","caption":"confagricolturabologna"},"url":"https:\/\/www.confagricoltura.org\/bologna\/author\/confagricolturabologna\/"}]}},"_links":{"self":[{"href":"https:\/\/www.confagricoltura.org\/bologna\/wp-json\/wp\/v2\/posts\/6761","targetHints":{"allow":["GET"]}}],"collection":[{"href":"https:\/\/www.confagricoltura.org\/bologna\/wp-json\/wp\/v2\/posts"}],"about":[{"href":"https:\/\/www.confagricoltura.org\/bologna\/wp-json\/wp\/v2\/types\/post"}],"author":[{"embeddable":true,"href":"https:\/\/www.confagricoltura.org\/bologna\/wp-json\/wp\/v2\/users\/7"}],"replies":[{"embeddable":true,"href":"https:\/\/www.confagricoltura.org\/bologna\/wp-json\/wp\/v2\/comments?post=6761"}],"version-history":[{"count":1,"href":"https:\/\/www.confagricoltura.org\/bologna\/wp-json\/wp\/v2\/posts\/6761\/revisions"}],"predecessor-version":[{"id":6762,"href":"https:\/\/www.confagricoltura.org\/bologna\/wp-json\/wp\/v2\/posts\/6761\/revisions\/6762"}],"wp:featuredmedia":[{"embeddable":true,"href":"https:\/\/www.confagricoltura.org\/bologna\/wp-json\/wp\/v2\/media\/5793"}],"wp:attachment":[{"href":"https:\/\/www.confagricoltura.org\/bologna\/wp-json\/wp\/v2\/media?parent=6761"}],"wp:term":[{"taxonomy":"category","embeddable":true,"href":"https:\/\/www.confagricoltura.org\/bologna\/wp-json\/wp\/v2\/categories?post=6761"},{"taxonomy":"post_tag","embeddable":true,"href":"https:\/\/www.confagricoltura.org\/bologna\/wp-json\/wp\/v2\/tags?post=6761"}],"curies":[{"name":"wp","href":"https:\/\/api.w.org\/{rel}","templated":true}]}}