{"id":659,"date":"2016-06-13T09:51:11","date_gmt":"2016-06-13T07:51:11","guid":{"rendered":"http:\/\/www.confagricoltura.org\/bologna\/?p=659"},"modified":"2021-03-11T13:26:34","modified_gmt":"2021-03-11T12:26:34","slug":"contributi-agricoli-le-aliquote-per-il-2015-2","status":"publish","type":"post","link":"https:\/\/www.confagricoltura.org\/bologna\/contributi-agricoli-le-aliquote-per-il-2015-2\/","title":{"rendered":"Contributi agricoli \u2013 Le aliquote per il 2015."},"content":{"rendered":"<p><strong>Contributi agricoli \u2013 Le aliquote per il 2015.<\/strong><\/p>\n<p>Con circolare n\u00b0 93 del 07\/06\/2016, la Direzione Centrale Entrate dell\u2019INPS ha pubblicato le tabelle contributive per i coltivatori diretti, coloni, mezzadri e imprenditori agricoli professionali per l\u2019anno 2016. Pubblichiamo le tavole riassuntive<\/p>\n<p><b>Contribuzione IVS<\/b>.<\/p>\n<p>Il calcolo dei contributi I.V.S., dovuti dai lavoratori autonomi dell\u2019agricoltura, come noto, si basa sulla classificazione delle aziende nelle quattro fasce di reddito convenzionale. Ciascuna azienda \u00e8 inclusa annualmente nella fascia di reddito convenzionale corrispondente al reddito agrario dei terreni condotti e\/o a quello determinato dall\u2019allevamento degli animali. La contribuzione INPS dovuta \u00e8 determinata sulla base del reddito medio convenzionale, stabilito annualmente con Decreto del Ministero del Lavoro e delle Politiche Sociali. Sul punto tale reddito medio, per l\u2019anno 2016, \u00e8 stato fissato in <b>Euro<\/b> <b>56,62<\/b>.<\/p>\n<p>Queste, quindi, le aliquote da applicare:<\/p>\n<p>&nbsp;<\/p>\n<table width=\"383\">\n<tbody>\n<tr>\n<td colspan=\"5\" width=\"383\"><b><i>Aliquota di finanziamento<\/i><\/b><\/td>\n<\/tr>\n<tr>\n<td width=\"73\"><b>\u00a0<\/b><\/td>\n<td colspan=\"2\" width=\"152\"><b><i>Zona normale<\/i><\/b><\/td>\n<td colspan=\"2\" width=\"158\"><b><i>Zona svantaggiata<\/i><\/b><\/td>\n<\/tr>\n<tr>\n<td width=\"73\"><b><i>Anno<\/i><\/b><\/td>\n<td width=\"76\"><b><i>Maggiore di 21 anni<\/i><\/b><\/td>\n<td width=\"76\"><b><i>Minore di 21 anni<\/i><\/b><\/td>\n<td width=\"79\"><b><i>Maggiore di 21 anni<\/i><\/b><\/td>\n<td width=\"79\"><b><i>Minore di 21 anni<\/i><\/b><\/td>\n<\/tr>\n<tr>\n<td width=\"73\">2015<\/td>\n<td width=\"76\">22,8%<\/td>\n<td width=\"76\">21,8%<\/td>\n<td width=\"79\">21,4%<\/td>\n<td width=\"79\">19,5%<\/td>\n<\/tr>\n<tr>\n<td width=\"73\">2016<\/td>\n<td width=\"76\">23,2%<\/td>\n<td width=\"76\">22,6%<\/td>\n<td width=\"79\">22,3%<\/td>\n<td width=\"79\">21,0%<\/td>\n<\/tr>\n<tr>\n<td width=\"73\">2017<\/td>\n<td width=\"76\">23,6%<\/td>\n<td width=\"76\">23,4%<\/td>\n<td width=\"79\">23,2%<\/td>\n<td width=\"79\">22,5%<\/td>\n<\/tr>\n<tr>\n<td width=\"73\">Dal 2018<\/td>\n<td width=\"76\">24,0%<\/td>\n<td width=\"76\">24,0%<\/td>\n<td width=\"79\">24,0%<\/td>\n<td width=\"79\">24,0%<\/td>\n<\/tr>\n<\/tbody>\n<\/table>\n<p>&nbsp;<\/p>\n<table width=\"140\">\n<tbody>\n<tr>\n<td colspan=\"2\" width=\"139\">Aliquota di computo<\/td>\n<\/tr>\n<tr>\n<td width=\"54\">Anni<\/td>\n<td width=\"85\">&nbsp;<\/td>\n<\/tr>\n<tr>\n<td width=\"54\">2015<\/td>\n<td width=\"85\">22,8%<\/td>\n<\/tr>\n<tr>\n<td width=\"54\"><b>2016<\/b><\/td>\n<td width=\"85\"><b>23,2%<\/b><\/td>\n<\/tr>\n<tr>\n<td width=\"54\">2017<\/td>\n<td width=\"85\">23,6%<\/td>\n<\/tr>\n<\/tbody>\n<\/table>\n<p>&nbsp;<\/p>\n<p>Pertanto per l\u2019anno 2016 le aliquote da applicare per il calcolo dei contributi dovuti dai coltivatori diretti, mezzadri, coloni (C.D.\/C.M.) e imprenditori agricoli professionali (I.A.P.) comprensive del contributo addizionale del 2%, previsto dall\u2019art.12, ultimo comma, della legge 2 agosto 1990, n. 233 sono le seguenti: <b>A) <\/b>23,2 % (ridotta a 22,6% per i soggetti di et\u00e0 inferiore a 21 anni) per la generalit\u00e0 delle imprese; <b>B) <\/b>22,3% (ridotta a 21% per i soggetti di et\u00e0 inferiore ai 21 anni) per le imprese ubicate in territori montani o in zone svantaggiate.<\/p>\n<p>L\u2019importo del contributo addizionale \u00e8 rimasto invariato ed uguale a quello per l\u2019anno 2015, e pari ad \u20ac <b>0,66 <\/b>a giornata.<\/p>\n<p><b>Contribuzione di maternit\u00e0.<\/b><\/p>\n<p>Per il 2016 il contributo annuo di maternit\u00e0 (indennit\u00e0 giornaliera di gravidanza o puerperio) \u00e8 invariato nella misura di \u20ac 7,49, ai sensi dell\u2019articolo 49 della legge 23 dicembre 1999, n. 488.<\/p>\n<p><b>Contribuzione INAIL.<\/b><\/p>\n<p>Il contributo, dovuto per l\u2019assicurazione contro gli infortuni sul lavoro e le malattie professionali dai coltivatori diretti, mezzadri e coloni, per l\u2019anno 2016 resta fissato nella misura capitaria annua di:<\/p>\n<ul>\n<li>\u20ac 768,50 (per le zone normali)<\/li>\n<li>\u20ac 532,18 (per i territori montani e le zone svantaggiate).<\/li>\n<\/ul>\n<p><b>Modalit\u00e0 di pagamento.<\/b><\/p>\n<p>La riscossione dei predetti contributi INPS come \u00e8 noto non avverr\u00e0 pi\u00f9 tramite l&#8217;invio da parte dell\u2019INPS agli interessati di comunicazione dell\u2019importo da versare in quattro rate, tramite modello F24. Dal sito dell\u2019Istituto (www.inps.it) il titolare del nucleo coltivatore diretto\/coloni mezzadri e l\u2019imprenditore agricolo professionale in possesso di P.I.N. potr\u00e0 stampare dal proprio cassetto previdenziale la delega di pagamento F24 accedendo dai servizi on-line a disposizione per il cittadino, selezionando la voce \u2018Modelli F24 \u2013 Lavoratori Autonomi Agricoli\u2019. I termini di scadenza per il pagamento sono il 18 luglio, il 16 settembre, il 16 novembre 2016 e il 18 gennaio 2017.<\/p>\n<table width=\"669\">\n<tbody>\n<tr>\n<td colspan=\"4\" width=\"669\">\n<p style=\"text-align: center\">IMPORTO ANNUO DEI CONTRIBUTI PREVIDENZIALI<\/p>\n<p style=\"text-align: center\">DOVUTI DAI COLTIVATORI DIRETTI, MEZZADRI E COLONI e IMPRENDITORI AGRICOLI PROFESSIONALI<\/p>\n<h4 style=\"text-align: center\"><b>ANNO 2016<\/b><\/h4>\n<\/td>\n<\/tr>\n<tr>\n<td width=\"238\"><b>\u00a0<\/b><\/p>\n<p><b>Contributo<\/b><\/td>\n<td width=\"81\">&nbsp;<\/p>\n<p><b>Et\u00e0<\/b><\/td>\n<td width=\"160\">&nbsp;<\/p>\n<p><b>Zone normali<\/b><\/td>\n<td width=\"190\"><b>Territori montani<\/b><\/p>\n<p><b>e<\/b><\/p>\n<p><b>zone svantaggiate<\/b><\/td>\n<\/tr>\n<tr>\n<td rowspan=\"2\" width=\"238\">1) Assicurazione IVS + addizionale IVS Legge 233\/90<\/td>\n<td width=\"81\">&gt; 21<\/td>\n<td width=\"160\">23,2%<\/td>\n<td width=\"190\">22,3%<\/td>\n<\/tr>\n<tr>\n<td width=\"81\">&lt; 21<\/td>\n<td width=\"160\">22,6%<\/td>\n<td width=\"190\">21,0%<\/td>\n<\/tr>\n<tr>\n<td width=\"238\">2) Addizionale IVS Legge 160\/75<\/td>\n<td width=\"81\">&nbsp;<\/td>\n<td width=\"160\">\u20ac 0,66<\/td>\n<td width=\"190\">\u20ac 0,66<\/td>\n<\/tr>\n<tr>\n<td width=\"238\">3) Indennit\u00e0 gravidanza e puerperio<\/td>\n<td width=\"81\">&nbsp;<\/td>\n<td width=\"160\">\u20ac 7,49<\/td>\n<td width=\"190\">\u20ac 7,49<\/td>\n<\/tr>\n<tr>\n<td width=\"238\">4) Assicurazione INAIL<\/td>\n<td width=\"81\">&nbsp;<\/td>\n<td width=\"160\">\u20ac 768,50<\/td>\n<td width=\"190\">\u20ac 532,18<\/td>\n<\/tr>\n<\/tbody>\n<\/table>\n<p>&nbsp;<\/p>\n<p>Per la determinazione dei contributi di cui al punto 1 della Tavola sopra riportata e le relative percentuali sono calcolate in riferimento al \u201creddito medio convenzionale\u201d che per l\u2019anno 2016 \u00e8 pari a \u20ac 56,62.\u00a0\u00a0 L\u2019addizionale fissa giornaliera di\u00a0 \u20ac 0,66 del\u00a0 punto 2 \u00e8 calcolata nel limite massimo di n.156 giornate annue. I punti 3 e 4 rappresentano, rispettivamente, il contributo in cifra fissa pro-capite per l\u2019assicurazione obbligatoria gravidanza\/puerperio e per<\/p>\n<p>l\u2019INAIL. Gli imprenditori agricoli professionali (IAP) sono tenuti al pagamento dei contributi per l\u2019assicurazione contro l\u2019invalidit\u00e0, la vecchiaia ed i superstiti (punti 1 e 2) e al pagamento dei contributi per gravidanza e puerperio (punto 3), con esclusione della quota annua per l\u2019assicurazione INAIL (punto 4).<\/p>\n<p style=\"text-align: center\"><strong>CD\/CM<\/strong><\/p>\n<table width=\"333\">\n<tbody>\n<tr>\n<td colspan=\"2\" width=\"333\">IMPORTO ANNUO DEI CONTRIBUTI DOVUTI DAI COLTIVATORI DIRETTI, COLONI, MEZZADRI<\/td>\n<\/tr>\n<tr>\n<td colspan=\"2\" width=\"333\"><b>ANNO 2016<\/b><\/td>\n<\/tr>\n<tr>\n<td colspan=\"2\" width=\"333\">Maggiori di 21 anni &#8211; Zone normali<\/td>\n<\/tr>\n<tr>\n<td width=\"114\">&nbsp;<\/td>\n<td width=\"219\"><b>CD\/CM<\/b><\/td>\n<\/tr>\n<tr>\n<td width=\"114\">FASCIA\u00a0\u00a0 1<\/td>\n<td width=\"219\">\u20ac 2.928,14<\/td>\n<\/tr>\n<tr>\n<td width=\"114\">FASCIA\u00a0\u00a0 2<\/td>\n<td width=\"219\">\u20ac 3.611,20<\/td>\n<\/tr>\n<tr>\n<td width=\"114\">FASCIA\u00a0\u00a0 3<\/td>\n<td width=\"219\">\u20ac 4.294,27<\/td>\n<\/tr>\n<tr>\n<td width=\"114\">FASCIA\u00a0\u00a0 4<\/td>\n<td width=\"219\">\u20ac 4.977,33<\/td>\n<\/tr>\n<\/tbody>\n<\/table>\n<p style=\"text-align: center\">\n<table width=\"335\">\n<tbody>\n<tr>\n<td colspan=\"2\" width=\"335\">IMPORTO ANNUO DEI CONTRIBUTI DOVUTI DAI COLTIVATORI DIRETTI, COLONI,\u00a0 MEZZADRI<\/td>\n<\/tr>\n<tr>\n<td colspan=\"2\" width=\"335\"><b>ANNO 2016<\/b><\/td>\n<\/tr>\n<tr>\n<td colspan=\"2\" width=\"335\">Maggiori di 21 anni &#8211; Territori montani e zone svantaggiate<\/td>\n<\/tr>\n<tr>\n<td width=\"168\">&nbsp;<\/td>\n<td width=\"167\"><b>CD\/CM<\/b><\/td>\n<\/tr>\n<tr>\n<td width=\"168\">FASCIA\u00a0\u00a0 1<\/td>\n<td width=\"167\">\u20ac 2.612,33<\/td>\n<\/tr>\n<tr>\n<td width=\"168\">FASCIA\u00a0\u00a0 2<\/td>\n<td width=\"167\">\u20ac 3.268,89<\/td>\n<\/tr>\n<tr>\n<td width=\"168\">FASCIA\u00a0\u00a0 3<\/td>\n<td width=\"167\">\u20ac 3.925,46<\/td>\n<\/tr>\n<tr>\n<td width=\"168\">FASCIA\u00a0\u00a0 4<\/td>\n<td width=\"167\">\u20ac 4.582,02<\/td>\n<\/tr>\n<\/tbody>\n<\/table>\n<p style=\"text-align: center\">\n<table width=\"335\">\n<tbody>\n<tr>\n<td colspan=\"2\" width=\"335\">IMPORTO ANNUO DEI CONTRIBUTI DOVUTI DAI COLTIVATORI DIRETTI, COLONI, MEZZADRI<\/td>\n<\/tr>\n<tr>\n<td colspan=\"2\" width=\"335\"><b>ANNO 2016<\/b><\/td>\n<\/tr>\n<tr>\n<td colspan=\"2\" width=\"335\">Minori di 21 anni &#8211; Zone normali<\/td>\n<\/tr>\n<tr>\n<td width=\"167\">&nbsp;<\/td>\n<td width=\"168\"><b>CD\/CM<\/b><\/td>\n<\/tr>\n<tr>\n<td width=\"167\">FASCIA\u00a0\u00a0 1<\/td>\n<td width=\"168\">\u20ac 2.875,14<\/td>\n<\/tr>\n<tr>\n<td width=\"167\">FASCIA\u00a0\u00a0 2<\/td>\n<td width=\"168\">\u20ac 3.540,54<\/td>\n<\/tr>\n<tr>\n<td width=\"167\">FASCIA\u00a0\u00a0 3<\/td>\n<td width=\"168\">\u20ac 4.205,94<\/td>\n<\/tr>\n<tr>\n<td width=\"167\">FASCIA\u00a0\u00a0 4<\/td>\n<td width=\"168\">\u20ac 4.871,34<\/td>\n<\/tr>\n<\/tbody>\n<\/table>\n<p style=\"text-align: center\">\n<table width=\"343\">\n<tbody>\n<tr>\n<td colspan=\"2\" width=\"343\">IMPORTO ANNUO DEI CONTRIBUTI DOVUTI DAI COLTIVATORI DIRETTI, COLONI, MEZZADRI<\/td>\n<\/tr>\n<tr>\n<td colspan=\"2\" width=\"343\"><b>ANNO 2016<\/b><\/td>\n<\/tr>\n<tr>\n<td colspan=\"2\" width=\"343\">Minori di 21 anni &#8211; Territori montani e zone svantaggiate<\/td>\n<\/tr>\n<tr>\n<td width=\"146\">&nbsp;<\/td>\n<td width=\"197\"><b>CD\/CM<\/b><\/td>\n<\/tr>\n<tr>\n<td width=\"146\">FASCIA\u00a0\u00a0 1<\/td>\n<td width=\"197\">\u20ac 2.497,50<\/td>\n<\/tr>\n<tr>\n<td width=\"146\">FASCIA\u00a0\u00a0 2<\/td>\n<td width=\"197\">\u20ac 3.115,79<\/td>\n<\/tr>\n<tr>\n<td width=\"146\">FASCIA\u00a0\u00a0 3<\/td>\n<td width=\"197\">\u20ac 3.734,08<\/td>\n<\/tr>\n<tr>\n<td width=\"146\">FASCIA\u00a0\u00a0 4<\/td>\n<td width=\"197\">\u20ac 4.352,37<\/td>\n<\/tr>\n<\/tbody>\n<\/table>\n<p style=\"text-align: center\">\n<table width=\"337\">\n<tbody>\n<tr>\n<td colspan=\"2\" width=\"337\">IMPORTO ANNUO DEI CONTRIBUTI DOVUTI DAI COLTIVATORI DIRETTI, COLONI, MEZZADRI<\/td>\n<\/tr>\n<tr>\n<td colspan=\"2\" width=\"337\"><b>ANNO 2016<\/b><\/td>\n<\/tr>\n<tr>\n<td colspan=\"2\" width=\"337\">Ultrasessantacinquenni pensionati \u2013 Zone normali<\/td>\n<\/tr>\n<tr>\n<td width=\"168\">&nbsp;<\/td>\n<td width=\"169\"><b>CD\/CM<\/b><\/td>\n<\/tr>\n<tr>\n<td width=\"168\">FASCIA 1<\/td>\n<td width=\"169\">\u20ac 1.852,07<\/td>\n<\/tr>\n<tr>\n<td width=\"168\">FASCIA 2<\/td>\n<td width=\"169\">\u20ac 2.193,60<\/td>\n<\/tr>\n<tr>\n<td width=\"168\">FASCIA 3<\/td>\n<td width=\"169\">\u20ac 2.535,13<\/td>\n<\/tr>\n<tr>\n<td width=\"168\">FASCIA 4<\/td>\n<td width=\"169\">\u20ac 2.876,66<\/td>\n<\/tr>\n<\/tbody>\n<\/table>\n<p style=\"text-align: center\">\n<table width=\"335\">\n<tbody>\n<tr>\n<td colspan=\"2\" width=\"336\">IMPORTO ANNUO DEI CONTRIBUTI DOVUTI DAI COLTIVATORI DIRETTI, COLONI, MEZZADRI<\/td>\n<\/tr>\n<tr>\n<td colspan=\"2\" width=\"336\"><b>ANNO 2016<\/b><\/td>\n<\/tr>\n<tr>\n<td colspan=\"2\" width=\"336\">Ultrasessantacinquenni pensionati &#8211; Territori montani e zone svantaggiate<\/td>\n<\/tr>\n<tr>\n<td width=\"98\">&nbsp;<\/td>\n<td width=\"238\"><b>CD\/CM<\/b><\/td>\n<\/tr>\n<tr>\n<td width=\"98\">FASCIA 1<\/td>\n<td width=\"238\">\u20ac 1.576,00<\/td>\n<\/tr>\n<tr>\n<td width=\"98\">FASCIA 2<\/td>\n<td width=\"238\">\u20ac 1.904,28<\/td>\n<\/tr>\n<tr>\n<td width=\"98\">FASCIA 3<\/td>\n<td width=\"238\">\u20ac 2.232,56<\/td>\n<\/tr>\n<tr>\n<td width=\"98\">FASCIA 4<\/td>\n<td width=\"238\">\u20ac 2.560,85<\/td>\n<\/tr>\n<\/tbody>\n<\/table>\n<p style=\"text-align: center\">\n<p style=\"text-align: center\"><strong>IAP<\/strong><\/p>\n<p style=\"text-align: center\">\n<table width=\"336\">\n<tbody>\n<tr>\n<td colspan=\"2\" width=\"336\">IMPORTO ANNUO DEI CONTRIBUTI DOVUTI DAGLI IMPRENDITORI AGRICOLI PROFESSIONALI<\/td>\n<\/tr>\n<tr>\n<td colspan=\"2\" width=\"336\"><b>ANNO 2016<\/b><\/td>\n<\/tr>\n<tr>\n<td colspan=\"2\" width=\"336\">Maggiori di 21 anni &#8211; Zone normali<\/td>\n<\/tr>\n<tr>\n<td width=\"170\">&nbsp;<\/td>\n<td width=\"166\"><b>IAP<\/b><\/td>\n<\/tr>\n<tr>\n<td width=\"170\">FASCIA\u00a0\u00a0 1<\/td>\n<td width=\"166\">\u20ac 2.159,64<\/td>\n<\/tr>\n<tr>\n<td width=\"170\">FASCIA\u00a0\u00a0 2<\/td>\n<td width=\"166\">\u20ac 2.842,70<\/td>\n<\/tr>\n<tr>\n<td width=\"170\">FASCIA\u00a0\u00a0 3<\/td>\n<td width=\"166\">\u20ac 3.525,77<\/td>\n<\/tr>\n<tr>\n<td width=\"170\">FASCIA\u00a0\u00a0 4<\/td>\n<td width=\"166\">\u20ac 4.208,83<\/td>\n<\/tr>\n<\/tbody>\n<\/table>\n<p style=\"text-align: center\">\n<p style=\"text-align: center\">\n<table width=\"323\">\n<tbody>\n<tr>\n<td colspan=\"2\" width=\"323\">IMPORTO ANNUO DEI CONTRIBUTI DOVUTI DAGLI IMPRENDITORI AGRICOLI PROFESSIONALI<\/td>\n<\/tr>\n<tr>\n<td colspan=\"2\" width=\"323\"><b>ANNO 2016<\/b><\/td>\n<\/tr>\n<tr>\n<td colspan=\"2\" width=\"323\">Maggiori di 21 anni &#8211; Territori montani e zone svantaggiate<\/td>\n<\/tr>\n<tr>\n<td width=\"119\">&nbsp;<\/td>\n<td width=\"204\"><b>IAP<\/b><\/td>\n<\/tr>\n<tr>\n<td width=\"119\">FASCIA\u00a0\u00a0 1<\/td>\n<td width=\"204\">\u20ac 2.080,15<\/td>\n<\/tr>\n<tr>\n<td width=\"119\">FASCIA\u00a0\u00a0 2<\/td>\n<td width=\"204\">\u20ac 2.736,71<\/td>\n<\/tr>\n<tr>\n<td width=\"119\">FASCIA\u00a0\u00a0 3<\/td>\n<td width=\"204\">\u20ac 3.393,28<\/td>\n<\/tr>\n<tr>\n<td width=\"119\">FASCIA\u00a0\u00a0 4<\/td>\n<td width=\"204\">\u20ac 4.049,84<\/td>\n<\/tr>\n<\/tbody>\n<\/table>\n<p style=\"text-align: center\">\n<p style=\"text-align: center\">\n<table width=\"331\">\n<tbody>\n<tr>\n<td colspan=\"2\" width=\"331\">IMPORTO ANNUO DEI CONTRIBUTI DOVUTI DAGLI IMPRENDITORI AGRICOLI PROFESSIONALI<\/td>\n<\/tr>\n<tr>\n<td colspan=\"2\" width=\"331\"><b>ANNO 2016<\/b><\/td>\n<\/tr>\n<tr>\n<td colspan=\"2\" width=\"331\">Minori di 21 anni &#8211; Zone normali<\/td>\n<\/tr>\n<tr>\n<td width=\"98\">&nbsp;<\/td>\n<td width=\"233\"><b>IAP<\/b><\/td>\n<\/tr>\n<tr>\n<td width=\"98\">FASCIA\u00a0\u00a0 1<\/td>\n<td width=\"233\">\u20ac 2.106,64<\/td>\n<\/tr>\n<tr>\n<td width=\"98\">FASCIA\u00a0\u00a0 2<\/td>\n<td width=\"233\">\u20ac 2.772,04<\/td>\n<\/tr>\n<tr>\n<td width=\"98\">FASCIA\u00a0\u00a0 3<\/td>\n<td width=\"233\">\u20ac 3.437,44<\/td>\n<\/tr>\n<tr>\n<td width=\"98\">FASCIA\u00a0\u00a0 4<\/td>\n<td width=\"233\">\u20ac 4.102,84<\/td>\n<\/tr>\n<\/tbody>\n<\/table>\n<p style=\"text-align: center\">\n<p style=\"text-align: center\">\n<table width=\"334\">\n<tbody>\n<tr>\n<td colspan=\"2\" width=\"334\">IMPORTO ANNUO DEI CONTRIBUTI DOVUTI DAGLI IMPRENDITORI AGRICOLI PROFESSIONALI<\/td>\n<\/tr>\n<tr>\n<td colspan=\"2\" width=\"334\"><b>ANNO 2016<\/b><\/td>\n<\/tr>\n<tr>\n<td colspan=\"2\" width=\"334\">Minori di 21 anni &#8211; Territori montani e zone svantaggiate<\/td>\n<\/tr>\n<tr>\n<td width=\"107\">&nbsp;<\/td>\n<td width=\"227\"><b>IAP<\/b><\/td>\n<\/tr>\n<tr>\n<td width=\"107\">FASCIA\u00a0\u00a0 1<\/td>\n<td width=\"227\">\u20ac 1.965,32<\/td>\n<\/tr>\n<tr>\n<td width=\"107\">FASCIA\u00a0\u00a0 2<\/td>\n<td width=\"227\">\u20ac 2.583,61<\/td>\n<\/tr>\n<tr>\n<td width=\"107\">FASCIA\u00a0\u00a0 3<\/td>\n<td width=\"227\">\u20ac 3.201,90<\/td>\n<\/tr>\n<tr>\n<td width=\"107\">FASCIA\u00a0\u00a0 4<\/td>\n<td width=\"227\">\u20ac 3.820,19<\/td>\n<\/tr>\n<\/tbody>\n<\/table>\n<p style=\"text-align: center\">\n<p style=\"text-align: center\">\n<table width=\"329\">\n<tbody>\n<tr>\n<td colspan=\"2\" width=\"329\">IMPORTO ANNUO DEI CONTRIBUTI DOVUTI DAGLI IMPRENDITORI AGRICOLI PROFESSIONALI<\/td>\n<\/tr>\n<tr>\n<td colspan=\"2\" width=\"329\"><b>ANNO 2016<\/b><\/td>\n<\/tr>\n<tr>\n<td colspan=\"2\" width=\"329\">Ultrasessantacinquenni pensionati \u2013 Zone normali<\/td>\n<\/tr>\n<tr>\n<td width=\"168\">&nbsp;<\/td>\n<td width=\"161\"><b>IAP<\/b><\/td>\n<\/tr>\n<tr>\n<td width=\"168\">FASCIA 1<\/td>\n<td width=\"161\">\u20ac 1.083,57<\/td>\n<\/tr>\n<tr>\n<td width=\"168\">FASCIA 2<\/td>\n<td width=\"161\">\u20ac 1.425,10<\/td>\n<\/tr>\n<tr>\n<td width=\"168\">FASCIA 3<\/td>\n<td width=\"161\">\u20ac 1.766,63<\/td>\n<\/tr>\n<tr>\n<td width=\"168\">FASCIA 4<\/td>\n<td width=\"161\">\u20ac 2.108,16<\/td>\n<\/tr>\n<\/tbody>\n<\/table>\n<p style=\"text-align: center\">\n<p style=\"text-align: center\">\n<table width=\"335\">\n<tbody>\n<tr>\n<td colspan=\"2\" width=\"336\">IMPORTO ANNUO DEI CONTRIBUTI DOVUTI DAGLI IMPRENDITORI AGRICOLI PROFESSIONALI<\/td>\n<\/tr>\n<tr>\n<td colspan=\"2\" width=\"336\"><b>ANNO 2016<\/b><\/td>\n<\/tr>\n<tr>\n<td colspan=\"2\" width=\"336\">Ultrasessantacinquenni pensionati &#8211; Territori montani e zone svantaggiate<\/td>\n<\/tr>\n<tr>\n<td width=\"98\">&nbsp;<\/td>\n<td width=\"238\"><b>IAP<\/b><\/td>\n<\/tr>\n<tr>\n<td width=\"98\">FASCIA 1<\/td>\n<td width=\"238\">1.043,82<\/td>\n<\/tr>\n<tr>\n<td width=\"98\">FASCIA 2<\/td>\n<td width=\"238\">\u20ac 1.372,10<\/td>\n<\/tr>\n<tr>\n<td width=\"98\">FASCIA 3<\/td>\n<td width=\"238\">\u20ac 1.700,38<\/td>\n<\/tr>\n<tr>\n<td width=\"98\">FASCIA 4<\/td>\n<td width=\"238\">\u20ac 2.028,67<\/td>\n<\/tr>\n<\/tbody>\n<\/table>\n<p style=\"text-align: center\">\n<p>&nbsp;<\/p>\n<p>(M. Mazzanti)<\/p>\n<p>&nbsp;<\/p>\n<p>&nbsp;<\/p>\n<p>&nbsp;<\/p>\n","protected":false},"excerpt":{"rendered":"<p>Contributi agricoli \u2013 Le aliquote per il 2015. Con circolare n\u00b0 93 del 07\/06\/2016, la Direzione Centrale Entrate dell\u2019INPS ha pubblicato le tabelle contributive per i coltivatori diretti, coloni, mezzadri e imprenditori agricoli professionali per l\u2019anno 2016. Pubblichiamo le tavole riassuntive Contribuzione IVS. Il calcolo dei contributi I.V.S., dovuti dai lavoratori autonomi dell\u2019agricoltura, come noto,<\/p>\n","protected":false},"author":7,"featured_media":0,"comment_status":"open","ping_status":"open","sticky":false,"template":"","format":"standard","meta":{"wp_mapbox_gl_js_media":[],"footnotes":""},"categories":[29],"tags":[],"class_list":["post-659","post","type-post","status-publish","format-standard","hentry","category-archivio"],"yoast_head":"<!-- This site is optimized with the Yoast SEO plugin v26.8 - https:\/\/yoast.com\/product\/yoast-seo-wordpress\/ -->\n<title>Contributi agricoli \u2013 Le aliquote per il 2015. - Confagricoltura Bologna<\/title>\n<meta name=\"robots\" content=\"index, follow, max-snippet:-1, max-image-preview:large, max-video-preview:-1\" \/>\n<link rel=\"canonical\" href=\"https:\/\/www.confagricoltura.org\/bologna\/contributi-agricoli-le-aliquote-per-il-2015-2\/\" \/>\n<meta property=\"og:locale\" content=\"it_IT\" \/>\n<meta property=\"og:type\" content=\"article\" \/>\n<meta property=\"og:title\" content=\"Contributi agricoli \u2013 Le aliquote per il 2015. - Confagricoltura Bologna\" \/>\n<meta property=\"og:description\" content=\"Contributi agricoli \u2013 Le aliquote per il 2015. Con circolare n\u00b0 93 del 07\/06\/2016, la Direzione Centrale Entrate dell\u2019INPS ha pubblicato le tabelle contributive per i coltivatori diretti, coloni, mezzadri e imprenditori agricoli professionali per l\u2019anno 2016. Pubblichiamo le tavole riassuntive Contribuzione IVS. Il calcolo dei contributi I.V.S., dovuti dai lavoratori autonomi dell\u2019agricoltura, come noto,\" \/>\n<meta property=\"og:url\" content=\"https:\/\/www.confagricoltura.org\/bologna\/contributi-agricoli-le-aliquote-per-il-2015-2\/\" \/>\n<meta property=\"og:site_name\" content=\"Confagricoltura Bologna\" \/>\n<meta property=\"article:published_time\" content=\"2016-06-13T07:51:11+00:00\" \/>\n<meta property=\"article:modified_time\" content=\"2021-03-11T12:26:34+00:00\" \/>\n<meta name=\"author\" content=\"confagricolturabologna\" \/>\n<meta name=\"twitter:card\" content=\"summary_large_image\" \/>\n<meta name=\"twitter:label1\" content=\"Scritto da\" \/>\n\t<meta name=\"twitter:data1\" content=\"confagricolturabologna\" \/>\n\t<meta name=\"twitter:label2\" content=\"Tempo di lettura stimato\" \/>\n\t<meta name=\"twitter:data2\" content=\"5 minuti\" \/>\n<script type=\"application\/ld+json\" class=\"yoast-schema-graph\">{\"@context\":\"https:\/\/schema.org\",\"@graph\":[{\"@type\":\"Article\",\"@id\":\"https:\/\/www.confagricoltura.org\/bologna\/contributi-agricoli-le-aliquote-per-il-2015-2\/#article\",\"isPartOf\":{\"@id\":\"https:\/\/www.confagricoltura.org\/bologna\/contributi-agricoli-le-aliquote-per-il-2015-2\/\"},\"author\":{\"name\":\"confagricolturabologna\",\"@id\":\"https:\/\/www.confagricoltura.org\/bologna\/#\/schema\/person\/277baa2a725fb840103c5f8898746c7f\"},\"headline\":\"Contributi agricoli \u2013 Le aliquote per il 2015.\",\"datePublished\":\"2016-06-13T07:51:11+00:00\",\"dateModified\":\"2021-03-11T12:26:34+00:00\",\"mainEntityOfPage\":{\"@id\":\"https:\/\/www.confagricoltura.org\/bologna\/contributi-agricoli-le-aliquote-per-il-2015-2\/\"},\"wordCount\":907,\"commentCount\":0,\"articleSection\":[\"Archivio\"],\"inLanguage\":\"it-IT\"},{\"@type\":\"WebPage\",\"@id\":\"https:\/\/www.confagricoltura.org\/bologna\/contributi-agricoli-le-aliquote-per-il-2015-2\/\",\"url\":\"https:\/\/www.confagricoltura.org\/bologna\/contributi-agricoli-le-aliquote-per-il-2015-2\/\",\"name\":\"Contributi agricoli \u2013 Le aliquote per il 2015. - Confagricoltura Bologna\",\"isPartOf\":{\"@id\":\"https:\/\/www.confagricoltura.org\/bologna\/#website\"},\"datePublished\":\"2016-06-13T07:51:11+00:00\",\"dateModified\":\"2021-03-11T12:26:34+00:00\",\"author\":{\"@id\":\"https:\/\/www.confagricoltura.org\/bologna\/#\/schema\/person\/277baa2a725fb840103c5f8898746c7f\"},\"breadcrumb\":{\"@id\":\"https:\/\/www.confagricoltura.org\/bologna\/contributi-agricoli-le-aliquote-per-il-2015-2\/#breadcrumb\"},\"inLanguage\":\"it-IT\",\"potentialAction\":[{\"@type\":\"ReadAction\",\"target\":[\"https:\/\/www.confagricoltura.org\/bologna\/contributi-agricoli-le-aliquote-per-il-2015-2\/\"]}]},{\"@type\":\"BreadcrumbList\",\"@id\":\"https:\/\/www.confagricoltura.org\/bologna\/contributi-agricoli-le-aliquote-per-il-2015-2\/#breadcrumb\",\"itemListElement\":[{\"@type\":\"ListItem\",\"position\":1,\"name\":\"Home\",\"item\":\"https:\/\/www.confagricoltura.org\/bologna\/\"},{\"@type\":\"ListItem\",\"position\":2,\"name\":\"Contributi agricoli \u2013 Le aliquote per il 2015.\"}]},{\"@type\":\"WebSite\",\"@id\":\"https:\/\/www.confagricoltura.org\/bologna\/#website\",\"url\":\"https:\/\/www.confagricoltura.org\/bologna\/\",\"name\":\"Confagricoltura Bologna\",\"description\":\"Dalla parte degli Agricoltori\",\"potentialAction\":[{\"@type\":\"SearchAction\",\"target\":{\"@type\":\"EntryPoint\",\"urlTemplate\":\"https:\/\/www.confagricoltura.org\/bologna\/?s={search_term_string}\"},\"query-input\":{\"@type\":\"PropertyValueSpecification\",\"valueRequired\":true,\"valueName\":\"search_term_string\"}}],\"inLanguage\":\"it-IT\"},{\"@type\":\"Person\",\"@id\":\"https:\/\/www.confagricoltura.org\/bologna\/#\/schema\/person\/277baa2a725fb840103c5f8898746c7f\",\"name\":\"confagricolturabologna\",\"image\":{\"@type\":\"ImageObject\",\"inLanguage\":\"it-IT\",\"@id\":\"https:\/\/www.confagricoltura.org\/bologna\/#\/schema\/person\/image\/\",\"url\":\"https:\/\/secure.gravatar.com\/avatar\/edd9a034f35ea6aeadaf9744d1135acc?s=96&d=mm&r=g\",\"contentUrl\":\"https:\/\/secure.gravatar.com\/avatar\/edd9a034f35ea6aeadaf9744d1135acc?s=96&d=mm&r=g\",\"caption\":\"confagricolturabologna\"},\"url\":\"https:\/\/www.confagricoltura.org\/bologna\/author\/confagricolturabologna\/\"}]}<\/script>\n<!-- \/ Yoast SEO plugin. -->","yoast_head_json":{"title":"Contributi agricoli \u2013 Le aliquote per il 2015. - Confagricoltura Bologna","robots":{"index":"index","follow":"follow","max-snippet":"max-snippet:-1","max-image-preview":"max-image-preview:large","max-video-preview":"max-video-preview:-1"},"canonical":"https:\/\/www.confagricoltura.org\/bologna\/contributi-agricoli-le-aliquote-per-il-2015-2\/","og_locale":"it_IT","og_type":"article","og_title":"Contributi agricoli \u2013 Le aliquote per il 2015. - Confagricoltura Bologna","og_description":"Contributi agricoli \u2013 Le aliquote per il 2015. Con circolare n\u00b0 93 del 07\/06\/2016, la Direzione Centrale Entrate dell\u2019INPS ha pubblicato le tabelle contributive per i coltivatori diretti, coloni, mezzadri e imprenditori agricoli professionali per l\u2019anno 2016. Pubblichiamo le tavole riassuntive Contribuzione IVS. Il calcolo dei contributi I.V.S., dovuti dai lavoratori autonomi dell\u2019agricoltura, come noto,","og_url":"https:\/\/www.confagricoltura.org\/bologna\/contributi-agricoli-le-aliquote-per-il-2015-2\/","og_site_name":"Confagricoltura Bologna","article_published_time":"2016-06-13T07:51:11+00:00","article_modified_time":"2021-03-11T12:26:34+00:00","author":"confagricolturabologna","twitter_card":"summary_large_image","twitter_misc":{"Scritto da":"confagricolturabologna","Tempo di lettura stimato":"5 minuti"},"schema":{"@context":"https:\/\/schema.org","@graph":[{"@type":"Article","@id":"https:\/\/www.confagricoltura.org\/bologna\/contributi-agricoli-le-aliquote-per-il-2015-2\/#article","isPartOf":{"@id":"https:\/\/www.confagricoltura.org\/bologna\/contributi-agricoli-le-aliquote-per-il-2015-2\/"},"author":{"name":"confagricolturabologna","@id":"https:\/\/www.confagricoltura.org\/bologna\/#\/schema\/person\/277baa2a725fb840103c5f8898746c7f"},"headline":"Contributi agricoli \u2013 Le aliquote per il 2015.","datePublished":"2016-06-13T07:51:11+00:00","dateModified":"2021-03-11T12:26:34+00:00","mainEntityOfPage":{"@id":"https:\/\/www.confagricoltura.org\/bologna\/contributi-agricoli-le-aliquote-per-il-2015-2\/"},"wordCount":907,"commentCount":0,"articleSection":["Archivio"],"inLanguage":"it-IT"},{"@type":"WebPage","@id":"https:\/\/www.confagricoltura.org\/bologna\/contributi-agricoli-le-aliquote-per-il-2015-2\/","url":"https:\/\/www.confagricoltura.org\/bologna\/contributi-agricoli-le-aliquote-per-il-2015-2\/","name":"Contributi agricoli \u2013 Le aliquote per il 2015. - Confagricoltura Bologna","isPartOf":{"@id":"https:\/\/www.confagricoltura.org\/bologna\/#website"},"datePublished":"2016-06-13T07:51:11+00:00","dateModified":"2021-03-11T12:26:34+00:00","author":{"@id":"https:\/\/www.confagricoltura.org\/bologna\/#\/schema\/person\/277baa2a725fb840103c5f8898746c7f"},"breadcrumb":{"@id":"https:\/\/www.confagricoltura.org\/bologna\/contributi-agricoli-le-aliquote-per-il-2015-2\/#breadcrumb"},"inLanguage":"it-IT","potentialAction":[{"@type":"ReadAction","target":["https:\/\/www.confagricoltura.org\/bologna\/contributi-agricoli-le-aliquote-per-il-2015-2\/"]}]},{"@type":"BreadcrumbList","@id":"https:\/\/www.confagricoltura.org\/bologna\/contributi-agricoli-le-aliquote-per-il-2015-2\/#breadcrumb","itemListElement":[{"@type":"ListItem","position":1,"name":"Home","item":"https:\/\/www.confagricoltura.org\/bologna\/"},{"@type":"ListItem","position":2,"name":"Contributi agricoli \u2013 Le aliquote per il 2015."}]},{"@type":"WebSite","@id":"https:\/\/www.confagricoltura.org\/bologna\/#website","url":"https:\/\/www.confagricoltura.org\/bologna\/","name":"Confagricoltura Bologna","description":"Dalla parte degli Agricoltori","potentialAction":[{"@type":"SearchAction","target":{"@type":"EntryPoint","urlTemplate":"https:\/\/www.confagricoltura.org\/bologna\/?s={search_term_string}"},"query-input":{"@type":"PropertyValueSpecification","valueRequired":true,"valueName":"search_term_string"}}],"inLanguage":"it-IT"},{"@type":"Person","@id":"https:\/\/www.confagricoltura.org\/bologna\/#\/schema\/person\/277baa2a725fb840103c5f8898746c7f","name":"confagricolturabologna","image":{"@type":"ImageObject","inLanguage":"it-IT","@id":"https:\/\/www.confagricoltura.org\/bologna\/#\/schema\/person\/image\/","url":"https:\/\/secure.gravatar.com\/avatar\/edd9a034f35ea6aeadaf9744d1135acc?s=96&d=mm&r=g","contentUrl":"https:\/\/secure.gravatar.com\/avatar\/edd9a034f35ea6aeadaf9744d1135acc?s=96&d=mm&r=g","caption":"confagricolturabologna"},"url":"https:\/\/www.confagricoltura.org\/bologna\/author\/confagricolturabologna\/"}]}},"_links":{"self":[{"href":"https:\/\/www.confagricoltura.org\/bologna\/wp-json\/wp\/v2\/posts\/659","targetHints":{"allow":["GET"]}}],"collection":[{"href":"https:\/\/www.confagricoltura.org\/bologna\/wp-json\/wp\/v2\/posts"}],"about":[{"href":"https:\/\/www.confagricoltura.org\/bologna\/wp-json\/wp\/v2\/types\/post"}],"author":[{"embeddable":true,"href":"https:\/\/www.confagricoltura.org\/bologna\/wp-json\/wp\/v2\/users\/7"}],"replies":[{"embeddable":true,"href":"https:\/\/www.confagricoltura.org\/bologna\/wp-json\/wp\/v2\/comments?post=659"}],"version-history":[{"count":1,"href":"https:\/\/www.confagricoltura.org\/bologna\/wp-json\/wp\/v2\/posts\/659\/revisions"}],"predecessor-version":[{"id":5029,"href":"https:\/\/www.confagricoltura.org\/bologna\/wp-json\/wp\/v2\/posts\/659\/revisions\/5029"}],"wp:attachment":[{"href":"https:\/\/www.confagricoltura.org\/bologna\/wp-json\/wp\/v2\/media?parent=659"}],"wp:term":[{"taxonomy":"category","embeddable":true,"href":"https:\/\/www.confagricoltura.org\/bologna\/wp-json\/wp\/v2\/categories?post=659"},{"taxonomy":"post_tag","embeddable":true,"href":"https:\/\/www.confagricoltura.org\/bologna\/wp-json\/wp\/v2\/tags?post=659"}],"curies":[{"name":"wp","href":"https:\/\/api.w.org\/{rel}","templated":true}]}}