{"id":6550,"date":"2023-03-27T09:31:45","date_gmt":"2023-03-27T07:31:45","guid":{"rendered":"https:\/\/www.confagricoltura.org\/bologna\/?p=6550"},"modified":"2023-03-27T09:31:46","modified_gmt":"2023-03-27T07:31:46","slug":"il-lavoro-agricolo-subordinato-in-famiglia","status":"publish","type":"post","link":"https:\/\/www.confagricoltura.org\/bologna\/il-lavoro-agricolo-subordinato-in-famiglia\/","title":{"rendered":"Il Lavoro agricolo subordinato in famiglia"},"content":{"rendered":"\n<p>Il lavoro agricolo \u00e8 alquanto articolato poich\u00e9 rappresenta il risultato di una lenta e costante modificazione e stratificazione normativa correlata all\u2019evoluzione del diritto agrario e dei contratti agrari, del diritto del lavoro, delle modificazioni alle regole codicistiche (in specie dell\u2019art. 2135 c.c.), della normativa previdenziale e dei contratti collettivi di lavoro.<\/p>\n\n\n\n<p>Nel nostro paese preponderante \u00e8 la gestione delle aziende nelle forme dell\u2019impresa familiare o mediante societ\u00e0 di carattere familiare.<\/p>\n\n\n\n<p>Di rilievo \u00e8 poi la questione circa la compatibilit\u00e0 del lavoro subordinato in famiglia.<\/p>\n\n\n\n<p>Residuale oramai \u00e8 la figura dell\u2019impresa familiare ex art. 230 bis c.c., in derivazione delle norme agevolatrici di cui alla Legge n. 662\/1996, con la quale si sono regolarizzate le societ\u00e0 \u201cdi fatto\u201d agricole e comunque tutte le conduzioni associate inerenti all\u2019impresa agricola; sparite le comunioni tacite familiari (ex art. 2140 c.c., abrogato dall\u2019art. 205 della legge 19 maggio 1975 n\u00b0 151).<\/p>\n\n\n\n<p>Nell\u2019ambito delle collaborazioni lavorative in famiglia principio acclarato \u00e8 quello della presunzione di gratuit\u00e0: la collaborazione resa all\u2019interno di una famiglia integra, anche per gli enti ispettivi, una prestazione avente eziologia \u201cmorale\u201d, basata sulla c.d. \u201c<em>affectio vel benevolentiae causa\u201d<\/em>, e cio\u00e8 sul vincolo solidaristico ed affettivo proprio del contesto familiare; dovendosi ritenere che in un rapporto coniugale, di parentela e di affinit\u00e0 non si preveda d\u2019ordinario la corresponsione di alcun compenso.<\/p>\n\n\n\n<figure class=\"wp-block-image size-large\"><img loading=\"lazy\" decoding=\"async\" width=\"583\" height=\"556\" src=\"https:\/\/www.confagricoltura.org\/bologna\/wp-content\/uploads\/sites\/12\/2023\/03\/immagine-1.png\" alt=\"\" class=\"wp-image-6551\" srcset=\"https:\/\/www.confagricoltura.org\/bologna\/wp-content\/uploads\/sites\/12\/2023\/03\/immagine-1.png 583w, https:\/\/www.confagricoltura.org\/bologna\/wp-content\/uploads\/sites\/12\/2023\/03\/immagine-1-100x95.png 100w\" sizes=\"auto, (max-width: 583px) 100vw, 583px\" \/><\/figure>\n\n\n\n<p>Recentemente \u00e8 tornato di attualit\u00e0 il tema del lavoro subordinato in famiglia.<strong><\/strong><\/p>\n\n\n\n<p>Dal punto di vista lavoristico, il nostro ordinamento presuppone, ex art. 2094 c.c., la onerosit\u00e0 della prestazione lavorativa; in sostanza, qualsiasi attivit\u00e0 lavorativa si presume effettuata a titolo oneroso e ci\u00f2 nell\u2019ambito del rapporto sinallagmatico.<\/p>\n\n\n\n<p>Una prestazione lavorativa, come detto,&nbsp; pu\u00f2 dirsi gratuita, quando \u00e8 resa \u201c<em>per motivo di affetto e benevolenza<\/em>\u201d allo scopo di migliorare le condizioni del proprio ambito familiare nell\u2019ambito di un rapporto tra coniugi o di un vincolo tra parenti ed affini al sesto grado o di una convivenza tra datore di lavoro e lavoratore.<\/p>\n\n\n\n<p>L\u2019INPS, in sede ispettiva o di controllo, applicando la richiamata presunzione di gratuit\u00e0, sovente disconosce e\/o converte il rapporto di lavoro subordinato instaurato tra familiari. L\u2019INPS infatti, quando il lavoro \u00e8 prestato in famiglia, anche tra non conviventi,\u00a0 sostiene la inesistenza del vincolo di subordinazione ritenendo come tali rapporti siano simulati tendendo ad una illecita suddivisione di utili per le societ\u00e0, un insussistente costo aziendale, garantendo ai partecipi prestazioni assistenziali e previdenziali non dovute (maternit\u00e0, disoccupazione, prestazioni pensionistiche).<\/p>\n\n\n\n<p>La liceit\u00e0 del rapporto di subordinazione nell\u2019ambito della famiglia \u00e8 stata, viceversa e con forza argomentativa, recentemente confermata dalla Corte di Cassazione.<\/p>\n\n\n\n<p>Si conferma, in ogni caso, come la regola \u201cgenerale\u201d nell\u2019ambito familiare sia quella della \u201cpresunzione di gratuit\u00e0\u201d e, quindi, della insussistenza d\u2019ordinario della subordinazione, ancorch\u00e9 dal punto di vista sistematico l\u2019ordinamento lavoristico preveda la presunzione di onerosit\u00e0.<\/p>\n\n\n\n<p>In sede ispettiva (del lavoro) \u00e8 compito degli accertatori quello di accertare e provare che il rapporto di lavoro tra familiare sia insussistente ovvero se esistente sia reso a titolo gratuito ovvero che il datore di lavoro familiare non eserciti i poteri gerarchici nei confronti dei propri familiari. La Cassazione con la pronunzia n. 4535\/2018 (del 27 febbraio) ribadisce il consolidato orientamento sul punto.<\/p>\n\n\n\n<p>Nell\u2019analisi del rapporto, la presenza di indici oggettivi consentono di riconoscere un effettivo inserimento organizzativo e gerarchico nella organizzazione aziendale del familiare, generando la possibilit\u00e0 di riconoscere la legittimit\u00e0 e la sussistenza di un rapporto di lavoro subordinato anche tra familiari.<\/p>\n\n\n\n<p>Questi, secondo i giudici di legittimit\u00e0, gli indicatori:<\/p>\n\n\n\n<p>\u00b7&nbsp;l\u2019onerosit\u00e0 della prestazione;<\/p>\n\n\n\n<p>\u00b7&nbsp;la presenza costante presso il luogo di lavoro previsto dal contratto,<\/p>\n\n\n\n<p>\u00b7&nbsp;l\u2019osservanza di un orario,<\/p>\n\n\n\n<p>\u00b7&nbsp;il \u201cprogrammatico valersi da parte del titolare della prestazione lavorativa\u201d (del familiare);<\/p>\n\n\n\n<p>\u00b7&nbsp;la corresponsione di un compenso a cadenze fisse.<\/p>\n\n\n\n<p>In sostanza, per la Cassazione, \u00e8 possibile il riconoscimento della genuinit\u00e0 del rapporto di lavoro e la natura subordinata, anche tra familiari, quando il lavoro \u00e8 prestato in forza di un vincolo contrattuale e non soltanto \u201c<em>benevolentiae vel affectionis causa\u201d<\/em>, presunzione di gratuit\u00e0 che pu\u00f2 essere travolta&nbsp; \u201c<em>fornendo la prova dell\u2019esistenza del vincolo di subordinazione apprezzabile in riferimento alla qualit\u00e0 e quantit\u00e0 delle prestazioni svolte ed alla presenza di direttive, controlli ed indicazioni da parte del datore di lavoro<\/em>\u201d (Cass. Civ. Sez. lav., n. 12433\/2015), \u201c<em>non potendosi escludere che le prestazioni svolte possano trovare titolo in un rapporto di lavoro subordinato, del quale deve essere fornita prova<\/em>\u201d (Cass. Civ. Sez. Lav., n. 5632\/2006).<\/p>\n\n\n\n<p>Coin recente pronunzia (n. 20904\/2020) la&nbsp; Corte di Cassazione ha accentuato l\u2019aspetto \u201cgerarchico\u201d ritenendo che la presunzione di gratuit\u00e0 pu\u00f2 essere superata fornendo prova rigorosa degli elementi tipici della subordinazione, tra i quali soprattutto, l\u2019assoggettamento al potere direttivo ed organizzativo altrui e l\u2019onerosit\u00e0 della stessa.<\/p>\n\n\n\n<p>Per valutare il rapporto questi gli indicatori utili:<\/p>\n\n\n\n<p>\u00b7&nbsp;assoggettamento alle direttive del Datore del lavoro,<\/p>\n\n\n\n<p>\u00b7&nbsp;esistenza ed esercizio di un potere disciplinare di controllo di vigilanza,<\/p>\n\n\n\n<p>\u00b7&nbsp;osservanza di un definito orario di lavoro,<\/p>\n\n\n\n<p>\u00b7&nbsp;modalit\u00e0 e forma della retribuzione,<\/p>\n\n\n\n<p>\u00b7&nbsp;inserimento del lavoratore in una struttura gerarchica ed organizzata,<\/p>\n\n\n\n<p>\u00b7&nbsp;assenza del rischio di impresa in capo al lavoratore.<\/p>\n\n\n\n<p>Non indifferente poi nella dinamica \u00e8 anche il riferimento ad ulteriori elementi quali:<\/p>\n\n\n\n<p>\u00b7&nbsp;la forma dell\u2019esercizio dell\u2019attivit\u00e0 aziendale (impresa individuale, attivit\u00e0 autonoma in forma associata, societ\u00e0),<\/p>\n\n\n\n<p>\u00b7\u00a0la tipologia di legame di parentela tra le parti instauranti il rapporto di lavoro dipendente.<\/p>\n\n\n\n<p>Di rilievo sul punto la circolare INPS n. 179\/1989, che detta le regole interne all\u2019Istituto.<\/p>\n\n\n\n<p>Secondo questa datata normativa, qualora la prestazione lavorativa sia resa in un contesto di societ\u00e0 di persone (societ\u00e0 semplici, societ\u00e0 in nome collettivo e simili), questa \u00e8 da ritenersi a titolo gratuito. Il disconoscimento del rapporto di lavoro pu\u00f2 determinare effetti fiscali (indeducibilit\u00e0) ma soprattutto previdenziali, in quanto l\u2019INPS potr\u00e0 considerare il versamento dei contributi come indebito, essendo eseguito in carenza di sussistenza dei presupposti assicurativi e, pertanto, annullabili senza limiti di tempo.<\/p>\n\n\n\n<p>Da ricordare che in caso di disconoscimento, l\u2019INPS rimborser\u00e0 al datore \u201c<em>fittizio<\/em>\u201d tutti i contributi versati e ci\u00f2 nei termini prescrizionali di 10 anni, salvo il caso di accertato dolo del contribuente, in cui la contribuzione non verr\u00e0 restituita.<\/p>\n\n\n\n<p><strong>INPS ASSUNZIONE&nbsp; &#8211; Dichiarazione di parentela<\/strong><\/p>\n\n\n\n<p>L\u2019INPS con il messaggio n. 2819 del 14 luglio 2022 fornisce&nbsp; istruzioni in merito alla compilazione delle modulistiche relative alla iscrizione o variazione dell\u2019azienda. In pratica il datore di lavoro dovr\u00e0 dichiarare se tra i lavoratori assunti siano presenti dei parenti; all\u2019uopo dovr\u00e0 inserire nella modulistica il codice fiscale del lavoratore e specifica il tipo di relazione.<\/p>\n\n\n\n<p>Con questa nuova procedura che serve al datore di lavoro che inizia \/ varia un\u2019attivit\u00e0 con dipendenti per richiedere all\u2019INPS l\u2019apertura di una posizione contributiva si tende ad accentuare il controllo circa l\u2019adempimento esatto degli obblighi relativi al versamento dei contributi previdenziali ed assistenziali nei confronti dei propri lavoratori.<\/p>\n\n\n\n<p>Compilando il modulo l\u2019azienda dovr\u00e0 dichiarare se tra i lavoratori assunti in azienda vi siano anche parenti (coniuge, parenti entro il terzo grado e affini entro il secondo grado).<\/p>\n\n\n\n<p>In caso di assunzione di parenti ora si dovr\u00e0 inserire il codice fiscale del lavoratore nell\u2019apposito campo e specificare il tipo di rapporto selezionando la voce corrispondente dal menu \u201ca tendina\u201d.<\/p>\n\n\n\n<p>Nella domanda di iscrizione, la dichiarazione \u00e8 richiesta per tutte le seguenti forme giuridiche:<\/p>\n\n\n\n<p>\u00b7&nbsp;azienda agricola;<\/p>\n\n\n\n<p>\u00b7&nbsp;impresa familiare;<\/p>\n\n\n\n<p>\u00b7&nbsp;impresa individuale;<\/p>\n\n\n\n<p>\u00b7&nbsp;persona fisica;<\/p>\n\n\n\n<p>\u00b7&nbsp;proprietario di fabbricato;<\/p>\n\n\n\n<p>\u00b7&nbsp;societ\u00e0 di fatto;<\/p>\n\n\n\n<p>\u00b7&nbsp;societ\u00e0 in accomandita semplice;<\/p>\n\n\n\n<p>\u00b7&nbsp;societ\u00e0 in nome collettivo;<\/p>\n\n\n\n<p>\u00b7&nbsp;societ\u00e0 semplice;<\/p>\n\n\n\n<p>\u00b7&nbsp;studio.<\/p>\n\n\n\n<p>Il legame di parentela assume quindi una particolare rilevanza nell\u2019ambito dei rapporti di lavoro subordinato. In caso di svolgimento della prestazione di lavoro tra parenti o affini conviventi, questa viene intesa, per prassi consolidata ma meramente in via presuntiva,&nbsp; come svolta a titolo gratuito, proprio in virt\u00f9 del rapporto di parentela e degli interessi in comune.<\/p>\n\n\n\n<p>Pertanto, nell\u2019inserimento del parente o affine nell\u2019organico dell\u2019azienda \u00e8 necessario verificare l\u2019eventuale sussistenza dei requisiti che qualificano il lavoro subordinato e gli elementi utili e gli indici oggettivi che permettono di riconoscere l\u2019inserimento in azienda del parente, dal punto di vista organizzativo e gerarchico, e che definiscono perci\u00f2 il rapporto come subordinato.<\/p>\n\n\n\n<p>(M. Mazzanti)<\/p>\n","protected":false},"excerpt":{"rendered":"<p>Il lavoro agricolo \u00e8 alquanto articolato poich\u00e9 rappresenta il risultato di una lenta e costante modificazione e stratificazione normativa correlata all\u2019evoluzione del diritto agrario e dei contratti agrari, del diritto del lavoro, delle modificazioni alle regole codicistiche (in specie dell\u2019art. 2135 c.c.), della normativa previdenziale e dei contratti collettivi di lavoro. Nel nostro paese preponderante<\/p>\n","protected":false},"author":7,"featured_media":5627,"comment_status":"closed","ping_status":"closed","sticky":false,"template":"","format":"standard","meta":{"wp_mapbox_gl_js_media":[],"footnotes":""},"categories":[23,35,25],"tags":[],"class_list":["post-6550","post","type-post","status-publish","format-standard","has-post-thumbnail","hentry","category-bologna-agricola-informa","category-lavoro","category-notiziario-provinciale"],"yoast_head":"<!-- This site is optimized with the Yoast SEO plugin v26.8 - https:\/\/yoast.com\/product\/yoast-seo-wordpress\/ -->\n<title>Il Lavoro agricolo subordinato in famiglia - Confagricoltura Bologna<\/title>\n<meta name=\"robots\" content=\"index, follow, max-snippet:-1, max-image-preview:large, max-video-preview:-1\" \/>\n<link rel=\"canonical\" href=\"https:\/\/www.confagricoltura.org\/bologna\/il-lavoro-agricolo-subordinato-in-famiglia\/\" \/>\n<meta property=\"og:locale\" content=\"it_IT\" \/>\n<meta property=\"og:type\" content=\"article\" \/>\n<meta property=\"og:title\" content=\"Il Lavoro agricolo subordinato in famiglia - Confagricoltura Bologna\" \/>\n<meta property=\"og:description\" content=\"Il lavoro agricolo \u00e8 alquanto articolato poich\u00e9 rappresenta il risultato di una lenta e costante modificazione e stratificazione normativa correlata all\u2019evoluzione del diritto agrario e dei contratti agrari, del diritto del lavoro, delle modificazioni alle regole codicistiche (in specie dell\u2019art. 2135 c.c.), della normativa previdenziale e dei contratti collettivi di lavoro. Nel nostro paese preponderante\" \/>\n<meta property=\"og:url\" content=\"https:\/\/www.confagricoltura.org\/bologna\/il-lavoro-agricolo-subordinato-in-famiglia\/\" \/>\n<meta property=\"og:site_name\" content=\"Confagricoltura Bologna\" \/>\n<meta property=\"article:published_time\" content=\"2023-03-27T07:31:45+00:00\" \/>\n<meta property=\"article:modified_time\" content=\"2023-03-27T07:31:46+00:00\" \/>\n<meta property=\"og:image\" content=\"https:\/\/www.confagricoltura.org\/bologna\/wp-content\/uploads\/sites\/12\/2021\/05\/Donna-uomo-giovani-con-attrezzi.jpg\" \/>\n\t<meta property=\"og:image:width\" content=\"980\" \/>\n\t<meta property=\"og:image:height\" content=\"723\" \/>\n\t<meta property=\"og:image:type\" content=\"image\/jpeg\" \/>\n<meta name=\"author\" content=\"confagricolturabologna\" \/>\n<meta name=\"twitter:card\" content=\"summary_large_image\" \/>\n<meta name=\"twitter:label1\" content=\"Scritto da\" \/>\n\t<meta name=\"twitter:data1\" content=\"confagricolturabologna\" \/>\n\t<meta name=\"twitter:label2\" content=\"Tempo di lettura stimato\" \/>\n\t<meta name=\"twitter:data2\" content=\"6 minuti\" \/>\n<script type=\"application\/ld+json\" class=\"yoast-schema-graph\">{\"@context\":\"https:\/\/schema.org\",\"@graph\":[{\"@type\":\"Article\",\"@id\":\"https:\/\/www.confagricoltura.org\/bologna\/il-lavoro-agricolo-subordinato-in-famiglia\/#article\",\"isPartOf\":{\"@id\":\"https:\/\/www.confagricoltura.org\/bologna\/il-lavoro-agricolo-subordinato-in-famiglia\/\"},\"author\":{\"name\":\"confagricolturabologna\",\"@id\":\"https:\/\/www.confagricoltura.org\/bologna\/#\/schema\/person\/277baa2a725fb840103c5f8898746c7f\"},\"headline\":\"Il Lavoro agricolo subordinato in famiglia\",\"datePublished\":\"2023-03-27T07:31:45+00:00\",\"dateModified\":\"2023-03-27T07:31:46+00:00\",\"mainEntityOfPage\":{\"@id\":\"https:\/\/www.confagricoltura.org\/bologna\/il-lavoro-agricolo-subordinato-in-famiglia\/\"},\"wordCount\":1357,\"image\":{\"@id\":\"https:\/\/www.confagricoltura.org\/bologna\/il-lavoro-agricolo-subordinato-in-famiglia\/#primaryimage\"},\"thumbnailUrl\":\"https:\/\/www.confagricoltura.org\/bologna\/wp-content\/uploads\/sites\/12\/2021\/05\/Donna-uomo-giovani-con-attrezzi.jpg\",\"articleSection\":[\"Bologna Agricola Informa\",\"Lavoro\",\"Notiziario Provinciale\"],\"inLanguage\":\"it-IT\"},{\"@type\":\"WebPage\",\"@id\":\"https:\/\/www.confagricoltura.org\/bologna\/il-lavoro-agricolo-subordinato-in-famiglia\/\",\"url\":\"https:\/\/www.confagricoltura.org\/bologna\/il-lavoro-agricolo-subordinato-in-famiglia\/\",\"name\":\"Il Lavoro agricolo subordinato in famiglia - Confagricoltura Bologna\",\"isPartOf\":{\"@id\":\"https:\/\/www.confagricoltura.org\/bologna\/#website\"},\"primaryImageOfPage\":{\"@id\":\"https:\/\/www.confagricoltura.org\/bologna\/il-lavoro-agricolo-subordinato-in-famiglia\/#primaryimage\"},\"image\":{\"@id\":\"https:\/\/www.confagricoltura.org\/bologna\/il-lavoro-agricolo-subordinato-in-famiglia\/#primaryimage\"},\"thumbnailUrl\":\"https:\/\/www.confagricoltura.org\/bologna\/wp-content\/uploads\/sites\/12\/2021\/05\/Donna-uomo-giovani-con-attrezzi.jpg\",\"datePublished\":\"2023-03-27T07:31:45+00:00\",\"dateModified\":\"2023-03-27T07:31:46+00:00\",\"author\":{\"@id\":\"https:\/\/www.confagricoltura.org\/bologna\/#\/schema\/person\/277baa2a725fb840103c5f8898746c7f\"},\"breadcrumb\":{\"@id\":\"https:\/\/www.confagricoltura.org\/bologna\/il-lavoro-agricolo-subordinato-in-famiglia\/#breadcrumb\"},\"inLanguage\":\"it-IT\",\"potentialAction\":[{\"@type\":\"ReadAction\",\"target\":[\"https:\/\/www.confagricoltura.org\/bologna\/il-lavoro-agricolo-subordinato-in-famiglia\/\"]}]},{\"@type\":\"ImageObject\",\"inLanguage\":\"it-IT\",\"@id\":\"https:\/\/www.confagricoltura.org\/bologna\/il-lavoro-agricolo-subordinato-in-famiglia\/#primaryimage\",\"url\":\"https:\/\/www.confagricoltura.org\/bologna\/wp-content\/uploads\/sites\/12\/2021\/05\/Donna-uomo-giovani-con-attrezzi.jpg\",\"contentUrl\":\"https:\/\/www.confagricoltura.org\/bologna\/wp-content\/uploads\/sites\/12\/2021\/05\/Donna-uomo-giovani-con-attrezzi.jpg\",\"width\":980,\"height\":723},{\"@type\":\"BreadcrumbList\",\"@id\":\"https:\/\/www.confagricoltura.org\/bologna\/il-lavoro-agricolo-subordinato-in-famiglia\/#breadcrumb\",\"itemListElement\":[{\"@type\":\"ListItem\",\"position\":1,\"name\":\"Home\",\"item\":\"https:\/\/www.confagricoltura.org\/bologna\/\"},{\"@type\":\"ListItem\",\"position\":2,\"name\":\"Il Lavoro agricolo subordinato in famiglia\"}]},{\"@type\":\"WebSite\",\"@id\":\"https:\/\/www.confagricoltura.org\/bologna\/#website\",\"url\":\"https:\/\/www.confagricoltura.org\/bologna\/\",\"name\":\"Confagricoltura Bologna\",\"description\":\"Dalla parte degli Agricoltori\",\"potentialAction\":[{\"@type\":\"SearchAction\",\"target\":{\"@type\":\"EntryPoint\",\"urlTemplate\":\"https:\/\/www.confagricoltura.org\/bologna\/?s={search_term_string}\"},\"query-input\":{\"@type\":\"PropertyValueSpecification\",\"valueRequired\":true,\"valueName\":\"search_term_string\"}}],\"inLanguage\":\"it-IT\"},{\"@type\":\"Person\",\"@id\":\"https:\/\/www.confagricoltura.org\/bologna\/#\/schema\/person\/277baa2a725fb840103c5f8898746c7f\",\"name\":\"confagricolturabologna\",\"image\":{\"@type\":\"ImageObject\",\"inLanguage\":\"it-IT\",\"@id\":\"https:\/\/www.confagricoltura.org\/bologna\/#\/schema\/person\/image\/\",\"url\":\"https:\/\/secure.gravatar.com\/avatar\/edd9a034f35ea6aeadaf9744d1135acc?s=96&d=mm&r=g\",\"contentUrl\":\"https:\/\/secure.gravatar.com\/avatar\/edd9a034f35ea6aeadaf9744d1135acc?s=96&d=mm&r=g\",\"caption\":\"confagricolturabologna\"},\"url\":\"https:\/\/www.confagricoltura.org\/bologna\/author\/confagricolturabologna\/\"}]}<\/script>\n<!-- \/ Yoast SEO plugin. -->","yoast_head_json":{"title":"Il Lavoro agricolo subordinato in famiglia - Confagricoltura Bologna","robots":{"index":"index","follow":"follow","max-snippet":"max-snippet:-1","max-image-preview":"max-image-preview:large","max-video-preview":"max-video-preview:-1"},"canonical":"https:\/\/www.confagricoltura.org\/bologna\/il-lavoro-agricolo-subordinato-in-famiglia\/","og_locale":"it_IT","og_type":"article","og_title":"Il Lavoro agricolo subordinato in famiglia - Confagricoltura Bologna","og_description":"Il lavoro agricolo \u00e8 alquanto articolato poich\u00e9 rappresenta il risultato di una lenta e costante modificazione e stratificazione normativa correlata all\u2019evoluzione del diritto agrario e dei contratti agrari, del diritto del lavoro, delle modificazioni alle regole codicistiche (in specie dell\u2019art. 2135 c.c.), della normativa previdenziale e dei contratti collettivi di lavoro. Nel nostro paese preponderante","og_url":"https:\/\/www.confagricoltura.org\/bologna\/il-lavoro-agricolo-subordinato-in-famiglia\/","og_site_name":"Confagricoltura Bologna","article_published_time":"2023-03-27T07:31:45+00:00","article_modified_time":"2023-03-27T07:31:46+00:00","og_image":[{"width":980,"height":723,"url":"https:\/\/www.confagricoltura.org\/bologna\/wp-content\/uploads\/sites\/12\/2021\/05\/Donna-uomo-giovani-con-attrezzi.jpg","type":"image\/jpeg"}],"author":"confagricolturabologna","twitter_card":"summary_large_image","twitter_misc":{"Scritto da":"confagricolturabologna","Tempo di lettura stimato":"6 minuti"},"schema":{"@context":"https:\/\/schema.org","@graph":[{"@type":"Article","@id":"https:\/\/www.confagricoltura.org\/bologna\/il-lavoro-agricolo-subordinato-in-famiglia\/#article","isPartOf":{"@id":"https:\/\/www.confagricoltura.org\/bologna\/il-lavoro-agricolo-subordinato-in-famiglia\/"},"author":{"name":"confagricolturabologna","@id":"https:\/\/www.confagricoltura.org\/bologna\/#\/schema\/person\/277baa2a725fb840103c5f8898746c7f"},"headline":"Il Lavoro agricolo subordinato in famiglia","datePublished":"2023-03-27T07:31:45+00:00","dateModified":"2023-03-27T07:31:46+00:00","mainEntityOfPage":{"@id":"https:\/\/www.confagricoltura.org\/bologna\/il-lavoro-agricolo-subordinato-in-famiglia\/"},"wordCount":1357,"image":{"@id":"https:\/\/www.confagricoltura.org\/bologna\/il-lavoro-agricolo-subordinato-in-famiglia\/#primaryimage"},"thumbnailUrl":"https:\/\/www.confagricoltura.org\/bologna\/wp-content\/uploads\/sites\/12\/2021\/05\/Donna-uomo-giovani-con-attrezzi.jpg","articleSection":["Bologna Agricola Informa","Lavoro","Notiziario Provinciale"],"inLanguage":"it-IT"},{"@type":"WebPage","@id":"https:\/\/www.confagricoltura.org\/bologna\/il-lavoro-agricolo-subordinato-in-famiglia\/","url":"https:\/\/www.confagricoltura.org\/bologna\/il-lavoro-agricolo-subordinato-in-famiglia\/","name":"Il Lavoro agricolo subordinato in famiglia - Confagricoltura Bologna","isPartOf":{"@id":"https:\/\/www.confagricoltura.org\/bologna\/#website"},"primaryImageOfPage":{"@id":"https:\/\/www.confagricoltura.org\/bologna\/il-lavoro-agricolo-subordinato-in-famiglia\/#primaryimage"},"image":{"@id":"https:\/\/www.confagricoltura.org\/bologna\/il-lavoro-agricolo-subordinato-in-famiglia\/#primaryimage"},"thumbnailUrl":"https:\/\/www.confagricoltura.org\/bologna\/wp-content\/uploads\/sites\/12\/2021\/05\/Donna-uomo-giovani-con-attrezzi.jpg","datePublished":"2023-03-27T07:31:45+00:00","dateModified":"2023-03-27T07:31:46+00:00","author":{"@id":"https:\/\/www.confagricoltura.org\/bologna\/#\/schema\/person\/277baa2a725fb840103c5f8898746c7f"},"breadcrumb":{"@id":"https:\/\/www.confagricoltura.org\/bologna\/il-lavoro-agricolo-subordinato-in-famiglia\/#breadcrumb"},"inLanguage":"it-IT","potentialAction":[{"@type":"ReadAction","target":["https:\/\/www.confagricoltura.org\/bologna\/il-lavoro-agricolo-subordinato-in-famiglia\/"]}]},{"@type":"ImageObject","inLanguage":"it-IT","@id":"https:\/\/www.confagricoltura.org\/bologna\/il-lavoro-agricolo-subordinato-in-famiglia\/#primaryimage","url":"https:\/\/www.confagricoltura.org\/bologna\/wp-content\/uploads\/sites\/12\/2021\/05\/Donna-uomo-giovani-con-attrezzi.jpg","contentUrl":"https:\/\/www.confagricoltura.org\/bologna\/wp-content\/uploads\/sites\/12\/2021\/05\/Donna-uomo-giovani-con-attrezzi.jpg","width":980,"height":723},{"@type":"BreadcrumbList","@id":"https:\/\/www.confagricoltura.org\/bologna\/il-lavoro-agricolo-subordinato-in-famiglia\/#breadcrumb","itemListElement":[{"@type":"ListItem","position":1,"name":"Home","item":"https:\/\/www.confagricoltura.org\/bologna\/"},{"@type":"ListItem","position":2,"name":"Il Lavoro agricolo subordinato in famiglia"}]},{"@type":"WebSite","@id":"https:\/\/www.confagricoltura.org\/bologna\/#website","url":"https:\/\/www.confagricoltura.org\/bologna\/","name":"Confagricoltura Bologna","description":"Dalla parte degli Agricoltori","potentialAction":[{"@type":"SearchAction","target":{"@type":"EntryPoint","urlTemplate":"https:\/\/www.confagricoltura.org\/bologna\/?s={search_term_string}"},"query-input":{"@type":"PropertyValueSpecification","valueRequired":true,"valueName":"search_term_string"}}],"inLanguage":"it-IT"},{"@type":"Person","@id":"https:\/\/www.confagricoltura.org\/bologna\/#\/schema\/person\/277baa2a725fb840103c5f8898746c7f","name":"confagricolturabologna","image":{"@type":"ImageObject","inLanguage":"it-IT","@id":"https:\/\/www.confagricoltura.org\/bologna\/#\/schema\/person\/image\/","url":"https:\/\/secure.gravatar.com\/avatar\/edd9a034f35ea6aeadaf9744d1135acc?s=96&d=mm&r=g","contentUrl":"https:\/\/secure.gravatar.com\/avatar\/edd9a034f35ea6aeadaf9744d1135acc?s=96&d=mm&r=g","caption":"confagricolturabologna"},"url":"https:\/\/www.confagricoltura.org\/bologna\/author\/confagricolturabologna\/"}]}},"_links":{"self":[{"href":"https:\/\/www.confagricoltura.org\/bologna\/wp-json\/wp\/v2\/posts\/6550","targetHints":{"allow":["GET"]}}],"collection":[{"href":"https:\/\/www.confagricoltura.org\/bologna\/wp-json\/wp\/v2\/posts"}],"about":[{"href":"https:\/\/www.confagricoltura.org\/bologna\/wp-json\/wp\/v2\/types\/post"}],"author":[{"embeddable":true,"href":"https:\/\/www.confagricoltura.org\/bologna\/wp-json\/wp\/v2\/users\/7"}],"replies":[{"embeddable":true,"href":"https:\/\/www.confagricoltura.org\/bologna\/wp-json\/wp\/v2\/comments?post=6550"}],"version-history":[{"count":1,"href":"https:\/\/www.confagricoltura.org\/bologna\/wp-json\/wp\/v2\/posts\/6550\/revisions"}],"predecessor-version":[{"id":6552,"href":"https:\/\/www.confagricoltura.org\/bologna\/wp-json\/wp\/v2\/posts\/6550\/revisions\/6552"}],"wp:featuredmedia":[{"embeddable":true,"href":"https:\/\/www.confagricoltura.org\/bologna\/wp-json\/wp\/v2\/media\/5627"}],"wp:attachment":[{"href":"https:\/\/www.confagricoltura.org\/bologna\/wp-json\/wp\/v2\/media?parent=6550"}],"wp:term":[{"taxonomy":"category","embeddable":true,"href":"https:\/\/www.confagricoltura.org\/bologna\/wp-json\/wp\/v2\/categories?post=6550"},{"taxonomy":"post_tag","embeddable":true,"href":"https:\/\/www.confagricoltura.org\/bologna\/wp-json\/wp\/v2\/tags?post=6550"}],"curies":[{"name":"wp","href":"https:\/\/api.w.org\/{rel}","templated":true}]}}