{"id":6204,"date":"2022-06-01T09:29:40","date_gmt":"2022-06-01T07:29:40","guid":{"rendered":"https:\/\/www.confagricoltura.org\/bologna\/?p=6204"},"modified":"2022-06-01T09:29:41","modified_gmt":"2022-06-01T07:29:41","slug":"indennita-una-tantum-per-lavoratori-dipendenti-e-pensionati","status":"publish","type":"post","link":"https:\/\/www.confagricoltura.org\/bologna\/indennita-una-tantum-per-lavoratori-dipendenti-e-pensionati\/","title":{"rendered":"Indennit\u00e0 una tantum per lavoratori dipendenti e pensionati."},"content":{"rendered":"\n<p>Pubblicato (vedi Gazzetta Ufficiale n. 114 del 17 maggio 2022) il <a href=\"https:\/\/www.dottrinalavoro.it\/notizie-c\/governo-misure-in-materia-di-produttivita-delle-imprese-e-di-politiche-sociali\">Decreto legge 17 maggio 2022&nbsp; n. 50<\/a> con il quale (articolo 31)&nbsp; si stabilisce la erogazione di&nbsp; una&nbsp;indennit\u00e0&nbsp;<em>una tantum<\/em>&nbsp;per i lavoratori dipendenti&nbsp;); la precitata somma indennitaria \u00e8 concepita in favore di tutti i lavoratori dipendenti i quali percepiscano una remunerazione stipendiale mensile (imponibile previdenziale) &nbsp;non superiore a 2.692 euro,&nbsp; semprech\u00e9&nbsp;nel periodo gennaio aprile&nbsp; 2022 abbiano beneficiato dell\u2019esonero dello 0,8%&nbsp;sui contributi previdenziali, per almeno una mensilit\u00e0; la norma indennitaria non si applica&nbsp; ai rapporti di lavoro domestico.<\/p>\n\n\n\n<p>Gli interessati peraltro non dovranno essere titolari di trattamenti di fonte pubblica quali emolumenti pensionistici, assegno sociale, di pensione o assegno per invalidi civili, ciechi e sordomuti, trattamenti di accompagnamento alla pensione, del reddito di cittadinanza; onde ottenere la provvidenza il dipendente ha l\u2019obbligo di dichiarare di non essere titolare delle prestazioni&nbsp;pensionistiche e simili ovvero del&nbsp; RdC &#8211; reddito di cittadinanza.<\/p>\n\n\n\n<p>La somma indennitaria&nbsp;<strong><em>una tantum<\/em><\/strong><strong>&nbsp;\u00e8 fissata nell\u2019 importo di&nbsp;<\/strong><strong>200 euro<\/strong><strong> e verr\u00e0 riversata al dipendente <\/strong><strong>automaticamente<\/strong><strong> a cura<\/strong><strong> dei datori di lavoro<\/strong><strong>.<\/strong> La norma prevede che la somma una tantum sia corrisposta unitamente alla &nbsp;retribuzione del <strong>mese di luglio 2022<\/strong>.<\/p>\n\n\n\n<p>Dal punto di vista contabile&nbsp; nel luglio 2022,&nbsp;il credito maturato dalla parte datrice in ragione della predetta erogazione &nbsp;verr\u00e0 portato in compensazione utilizzando la&nbsp; denuncia&nbsp;UNIEMENS; ovviamente&nbsp; sul punto si attendono le relative istruzioni dell\u2019Istituto.&nbsp;<\/p>\n\n\n\n<p>La norma precisa opportunamente che l\u2019una tantum compete al dipendente, qualora costui sia titolare di pi\u00f9 rapporti di lavoro una sola volta. L\u2019indennit\u00e0 una tantum predetta non \u00e8 pignorabile, cedibile, o sequestrabile. Da notare che l\u2019importo di 200 euro al titolo erogati al lavoratore non costituisce, sia ai fini fiscali che previdenziali o assistenziali, reddito imponibile.<\/p>\n\n\n\n<p>Analogamente, il successivo articolo 32,&nbsp;&nbsp; prevede la corresponsione dell\u2019 Indennit\u00e0 una tantum in favore di soggetti residenti in Italia quando titolari di uno o pi\u00f9 trattamenti pensionistici di fonte pubblica obbligatoria, di pensione o assegno sociale, di pensione o assegno per invalidi civili, ciechi e sordomuti, nonch\u00e9 di trattamenti di accompagnamento alla pensione; tali trattamenti dovranno essere decorrenti dal 30 giugno 2022; i pensionati e soggetti equiparati per ricevere la una tantum,&nbsp; pari a 200 euro, dovranno possedere un&nbsp; reddito personale assoggettabile ad IRPEF, al netto dei contributi previdenziali e assistenziali, non superiore ( per l&#8217;anno 2021) a 35.000 euro (non formano reddito a questi fini&nbsp; i trattamenti di fine rapporto comunque denominati, il reddito della casa di abitazione e le competenze arretrate sottoposte a tassazione separata).<\/p>\n\n\n\n<p>La una tantum \u00e8 erogata d\u2019ufficio, a cura&nbsp; dell\u2019INPS, unitamente alla mensilit\u00e0 di luglio 2022. Regole analoghe per il pensionati&nbsp; non gestiti dall&#8217;INPS. Anche per i pensionati l\u2019indennit\u00e0 una tantum&nbsp; non costituisce reddito ai fini fiscali ne&#8217; ai fini della corresponsione di prestazioni previdenziali ed assistenziali, non e&#8217; cedibile, sequestrabile, ne&#8217; pignorabile. L&#8217;indennit\u00e0 \u00e8 corrisposta, a ciascun soggetto avente diritto, una sola volta, anche nel caso in cui tale soggetto svolga attivit\u00e0 lavorativa.<\/p>\n\n\n\n<p>La norma prevede poi, per i lavoratori domestici che abbiano attualmente in essere uno o pi\u00f9 rapporti di lavoro, la corresponsione a cura dell&#8217;INPS, a domanda dell\u2019interessato (anche per il tramite dei patronati), nel mese di luglio 2022&nbsp; della predetta indennit\u00e0 una tantum pari a 200 euro.<\/p>\n\n\n\n<p>Analogamente per gli operai agricoli che nel corso del 2022 percepiscano l&#8217;indennit\u00e0 di disoccupazione agricola (competenza 2021), per&nbsp; i titolari di rapporti di collaborazione coordinata e continuativa&nbsp; la una tantum \u00e8 prevista anche in favore dei&nbsp; lavoratori&nbsp; stagionali del turismo, termali dello sport&nbsp; e del settore dello spettacolo, dei lavoratori a tempo determinato e intermittenti (che, nel 2021 abbiano svolto la prestazione per almeno 50 giornate ed altres\u00ec ai&nbsp; lavoratori autonomi, privi di partita IVA.&nbsp; Previsto in genere il limite reddituale loro ascrivibile&nbsp; di&nbsp; 35.000 euro per l&#8217;anno 2021.<\/p>\n\n\n\n<p>L\u2019una tantum \u00e8 riconosciuta anche agli incaricati alle vendite a domicilio ed ai&nbsp; titolari di contratti autonomi occasionali ex art.&nbsp; 2222 c.c., agli iscritti alla gestione separata INPS. Anche per tutte le richiamate categorie&nbsp; l\u2019indennit\u00e0 di 200&nbsp; euro non concorre alla formazione del reddito.<\/p>\n\n\n\n<p>(M. Mazzanti)<\/p>\n","protected":false},"excerpt":{"rendered":"<p>Pubblicato (vedi Gazzetta Ufficiale n. 114 del 17 maggio 2022) il Decreto legge 17 maggio 2022&nbsp; n. 50 con il quale (articolo 31)&nbsp; si stabilisce la erogazione di&nbsp; una&nbsp;indennit\u00e0&nbsp;una tantum&nbsp;per i lavoratori dipendenti&nbsp;); la precitata somma indennitaria \u00e8 concepita in favore di tutti i lavoratori dipendenti i quali percepiscano una remunerazione stipendiale mensile (imponibile previdenziale)<\/p>\n","protected":false},"author":7,"featured_media":5536,"comment_status":"closed","ping_status":"closed","sticky":false,"template":"","format":"standard","meta":{"wp_mapbox_gl_js_media":[],"footnotes":""},"categories":[23,37,35,25],"tags":[],"class_list":["post-6204","post","type-post","status-publish","format-standard","has-post-thumbnail","hentry","category-bologna-agricola-informa","category-informative-per-associati","category-lavoro","category-notiziario-provinciale"],"yoast_head":"<!-- This site is optimized with the Yoast SEO plugin v26.8 - https:\/\/yoast.com\/product\/yoast-seo-wordpress\/ -->\n<title>Indennit\u00e0 una tantum per lavoratori dipendenti e pensionati. - Confagricoltura Bologna<\/title>\n<meta name=\"robots\" content=\"index, follow, max-snippet:-1, max-image-preview:large, max-video-preview:-1\" \/>\n<link rel=\"canonical\" href=\"https:\/\/www.confagricoltura.org\/bologna\/indennita-una-tantum-per-lavoratori-dipendenti-e-pensionati\/\" \/>\n<meta property=\"og:locale\" content=\"it_IT\" \/>\n<meta property=\"og:type\" content=\"article\" \/>\n<meta property=\"og:title\" content=\"Indennit\u00e0 una tantum per lavoratori dipendenti e pensionati. - Confagricoltura Bologna\" \/>\n<meta property=\"og:description\" content=\"Pubblicato (vedi Gazzetta Ufficiale n. 114 del 17 maggio 2022) il Decreto legge 17 maggio 2022&nbsp; n. 50 con il quale (articolo 31)&nbsp; si stabilisce la erogazione di&nbsp; una&nbsp;indennit\u00e0&nbsp;una tantum&nbsp;per i lavoratori dipendenti&nbsp;); la precitata somma indennitaria \u00e8 concepita in favore di tutti i lavoratori dipendenti i quali percepiscano una remunerazione stipendiale mensile (imponibile previdenziale)\" \/>\n<meta property=\"og:url\" content=\"https:\/\/www.confagricoltura.org\/bologna\/indennita-una-tantum-per-lavoratori-dipendenti-e-pensionati\/\" \/>\n<meta property=\"og:site_name\" content=\"Confagricoltura Bologna\" \/>\n<meta property=\"article:published_time\" content=\"2022-06-01T07:29:40+00:00\" \/>\n<meta property=\"article:modified_time\" content=\"2022-06-01T07:29:41+00:00\" \/>\n<meta property=\"og:image\" content=\"https:\/\/www.confagricoltura.org\/bologna\/wp-content\/uploads\/sites\/12\/2021\/03\/Gazzetta-Ufficiale.jpg\" \/>\n\t<meta property=\"og:image:width\" content=\"980\" \/>\n\t<meta property=\"og:image:height\" content=\"723\" \/>\n\t<meta property=\"og:image:type\" content=\"image\/jpeg\" \/>\n<meta name=\"author\" content=\"confagricolturabologna\" \/>\n<meta name=\"twitter:card\" content=\"summary_large_image\" \/>\n<meta name=\"twitter:label1\" content=\"Scritto da\" \/>\n\t<meta name=\"twitter:data1\" content=\"confagricolturabologna\" \/>\n\t<meta name=\"twitter:label2\" content=\"Tempo di lettura stimato\" \/>\n\t<meta name=\"twitter:data2\" content=\"3 minuti\" \/>\n<script type=\"application\/ld+json\" class=\"yoast-schema-graph\">{\"@context\":\"https:\/\/schema.org\",\"@graph\":[{\"@type\":\"Article\",\"@id\":\"https:\/\/www.confagricoltura.org\/bologna\/indennita-una-tantum-per-lavoratori-dipendenti-e-pensionati\/#article\",\"isPartOf\":{\"@id\":\"https:\/\/www.confagricoltura.org\/bologna\/indennita-una-tantum-per-lavoratori-dipendenti-e-pensionati\/\"},\"author\":{\"name\":\"confagricolturabologna\",\"@id\":\"https:\/\/www.confagricoltura.org\/bologna\/#\/schema\/person\/277baa2a725fb840103c5f8898746c7f\"},\"headline\":\"Indennit\u00e0 una tantum per lavoratori dipendenti e pensionati.\",\"datePublished\":\"2022-06-01T07:29:40+00:00\",\"dateModified\":\"2022-06-01T07:29:41+00:00\",\"mainEntityOfPage\":{\"@id\":\"https:\/\/www.confagricoltura.org\/bologna\/indennita-una-tantum-per-lavoratori-dipendenti-e-pensionati\/\"},\"wordCount\":706,\"image\":{\"@id\":\"https:\/\/www.confagricoltura.org\/bologna\/indennita-una-tantum-per-lavoratori-dipendenti-e-pensionati\/#primaryimage\"},\"thumbnailUrl\":\"https:\/\/www.confagricoltura.org\/bologna\/wp-content\/uploads\/sites\/12\/2021\/03\/Gazzetta-Ufficiale.jpg\",\"articleSection\":[\"Bologna Agricola Informa\",\"Informative per Associati\",\"Lavoro\",\"Notiziario Provinciale\"],\"inLanguage\":\"it-IT\"},{\"@type\":\"WebPage\",\"@id\":\"https:\/\/www.confagricoltura.org\/bologna\/indennita-una-tantum-per-lavoratori-dipendenti-e-pensionati\/\",\"url\":\"https:\/\/www.confagricoltura.org\/bologna\/indennita-una-tantum-per-lavoratori-dipendenti-e-pensionati\/\",\"name\":\"Indennit\u00e0 una tantum per lavoratori dipendenti e pensionati. - Confagricoltura Bologna\",\"isPartOf\":{\"@id\":\"https:\/\/www.confagricoltura.org\/bologna\/#website\"},\"primaryImageOfPage\":{\"@id\":\"https:\/\/www.confagricoltura.org\/bologna\/indennita-una-tantum-per-lavoratori-dipendenti-e-pensionati\/#primaryimage\"},\"image\":{\"@id\":\"https:\/\/www.confagricoltura.org\/bologna\/indennita-una-tantum-per-lavoratori-dipendenti-e-pensionati\/#primaryimage\"},\"thumbnailUrl\":\"https:\/\/www.confagricoltura.org\/bologna\/wp-content\/uploads\/sites\/12\/2021\/03\/Gazzetta-Ufficiale.jpg\",\"datePublished\":\"2022-06-01T07:29:40+00:00\",\"dateModified\":\"2022-06-01T07:29:41+00:00\",\"author\":{\"@id\":\"https:\/\/www.confagricoltura.org\/bologna\/#\/schema\/person\/277baa2a725fb840103c5f8898746c7f\"},\"breadcrumb\":{\"@id\":\"https:\/\/www.confagricoltura.org\/bologna\/indennita-una-tantum-per-lavoratori-dipendenti-e-pensionati\/#breadcrumb\"},\"inLanguage\":\"it-IT\",\"potentialAction\":[{\"@type\":\"ReadAction\",\"target\":[\"https:\/\/www.confagricoltura.org\/bologna\/indennita-una-tantum-per-lavoratori-dipendenti-e-pensionati\/\"]}]},{\"@type\":\"ImageObject\",\"inLanguage\":\"it-IT\",\"@id\":\"https:\/\/www.confagricoltura.org\/bologna\/indennita-una-tantum-per-lavoratori-dipendenti-e-pensionati\/#primaryimage\",\"url\":\"https:\/\/www.confagricoltura.org\/bologna\/wp-content\/uploads\/sites\/12\/2021\/03\/Gazzetta-Ufficiale.jpg\",\"contentUrl\":\"https:\/\/www.confagricoltura.org\/bologna\/wp-content\/uploads\/sites\/12\/2021\/03\/Gazzetta-Ufficiale.jpg\",\"width\":980,\"height\":723},{\"@type\":\"BreadcrumbList\",\"@id\":\"https:\/\/www.confagricoltura.org\/bologna\/indennita-una-tantum-per-lavoratori-dipendenti-e-pensionati\/#breadcrumb\",\"itemListElement\":[{\"@type\":\"ListItem\",\"position\":1,\"name\":\"Home\",\"item\":\"https:\/\/www.confagricoltura.org\/bologna\/\"},{\"@type\":\"ListItem\",\"position\":2,\"name\":\"Indennit\u00e0 una tantum per lavoratori dipendenti e pensionati.\"}]},{\"@type\":\"WebSite\",\"@id\":\"https:\/\/www.confagricoltura.org\/bologna\/#website\",\"url\":\"https:\/\/www.confagricoltura.org\/bologna\/\",\"name\":\"Confagricoltura Bologna\",\"description\":\"Dalla parte degli Agricoltori\",\"potentialAction\":[{\"@type\":\"SearchAction\",\"target\":{\"@type\":\"EntryPoint\",\"urlTemplate\":\"https:\/\/www.confagricoltura.org\/bologna\/?s={search_term_string}\"},\"query-input\":{\"@type\":\"PropertyValueSpecification\",\"valueRequired\":true,\"valueName\":\"search_term_string\"}}],\"inLanguage\":\"it-IT\"},{\"@type\":\"Person\",\"@id\":\"https:\/\/www.confagricoltura.org\/bologna\/#\/schema\/person\/277baa2a725fb840103c5f8898746c7f\",\"name\":\"confagricolturabologna\",\"image\":{\"@type\":\"ImageObject\",\"inLanguage\":\"it-IT\",\"@id\":\"https:\/\/www.confagricoltura.org\/bologna\/#\/schema\/person\/image\/\",\"url\":\"https:\/\/secure.gravatar.com\/avatar\/edd9a034f35ea6aeadaf9744d1135acc?s=96&d=mm&r=g\",\"contentUrl\":\"https:\/\/secure.gravatar.com\/avatar\/edd9a034f35ea6aeadaf9744d1135acc?s=96&d=mm&r=g\",\"caption\":\"confagricolturabologna\"},\"url\":\"https:\/\/www.confagricoltura.org\/bologna\/author\/confagricolturabologna\/\"}]}<\/script>\n<!-- \/ Yoast SEO plugin. -->","yoast_head_json":{"title":"Indennit\u00e0 una tantum per lavoratori dipendenti e pensionati. - Confagricoltura Bologna","robots":{"index":"index","follow":"follow","max-snippet":"max-snippet:-1","max-image-preview":"max-image-preview:large","max-video-preview":"max-video-preview:-1"},"canonical":"https:\/\/www.confagricoltura.org\/bologna\/indennita-una-tantum-per-lavoratori-dipendenti-e-pensionati\/","og_locale":"it_IT","og_type":"article","og_title":"Indennit\u00e0 una tantum per lavoratori dipendenti e pensionati. - Confagricoltura Bologna","og_description":"Pubblicato (vedi Gazzetta Ufficiale n. 114 del 17 maggio 2022) il Decreto legge 17 maggio 2022&nbsp; n. 50 con il quale (articolo 31)&nbsp; si stabilisce la erogazione di&nbsp; una&nbsp;indennit\u00e0&nbsp;una tantum&nbsp;per i lavoratori dipendenti&nbsp;); la precitata somma indennitaria \u00e8 concepita in favore di tutti i lavoratori dipendenti i quali percepiscano una remunerazione stipendiale mensile (imponibile previdenziale)","og_url":"https:\/\/www.confagricoltura.org\/bologna\/indennita-una-tantum-per-lavoratori-dipendenti-e-pensionati\/","og_site_name":"Confagricoltura Bologna","article_published_time":"2022-06-01T07:29:40+00:00","article_modified_time":"2022-06-01T07:29:41+00:00","og_image":[{"width":980,"height":723,"url":"https:\/\/www.confagricoltura.org\/bologna\/wp-content\/uploads\/sites\/12\/2021\/03\/Gazzetta-Ufficiale.jpg","type":"image\/jpeg"}],"author":"confagricolturabologna","twitter_card":"summary_large_image","twitter_misc":{"Scritto da":"confagricolturabologna","Tempo di lettura stimato":"3 minuti"},"schema":{"@context":"https:\/\/schema.org","@graph":[{"@type":"Article","@id":"https:\/\/www.confagricoltura.org\/bologna\/indennita-una-tantum-per-lavoratori-dipendenti-e-pensionati\/#article","isPartOf":{"@id":"https:\/\/www.confagricoltura.org\/bologna\/indennita-una-tantum-per-lavoratori-dipendenti-e-pensionati\/"},"author":{"name":"confagricolturabologna","@id":"https:\/\/www.confagricoltura.org\/bologna\/#\/schema\/person\/277baa2a725fb840103c5f8898746c7f"},"headline":"Indennit\u00e0 una tantum per lavoratori dipendenti e pensionati.","datePublished":"2022-06-01T07:29:40+00:00","dateModified":"2022-06-01T07:29:41+00:00","mainEntityOfPage":{"@id":"https:\/\/www.confagricoltura.org\/bologna\/indennita-una-tantum-per-lavoratori-dipendenti-e-pensionati\/"},"wordCount":706,"image":{"@id":"https:\/\/www.confagricoltura.org\/bologna\/indennita-una-tantum-per-lavoratori-dipendenti-e-pensionati\/#primaryimage"},"thumbnailUrl":"https:\/\/www.confagricoltura.org\/bologna\/wp-content\/uploads\/sites\/12\/2021\/03\/Gazzetta-Ufficiale.jpg","articleSection":["Bologna Agricola Informa","Informative per Associati","Lavoro","Notiziario Provinciale"],"inLanguage":"it-IT"},{"@type":"WebPage","@id":"https:\/\/www.confagricoltura.org\/bologna\/indennita-una-tantum-per-lavoratori-dipendenti-e-pensionati\/","url":"https:\/\/www.confagricoltura.org\/bologna\/indennita-una-tantum-per-lavoratori-dipendenti-e-pensionati\/","name":"Indennit\u00e0 una tantum per lavoratori dipendenti e pensionati. - Confagricoltura Bologna","isPartOf":{"@id":"https:\/\/www.confagricoltura.org\/bologna\/#website"},"primaryImageOfPage":{"@id":"https:\/\/www.confagricoltura.org\/bologna\/indennita-una-tantum-per-lavoratori-dipendenti-e-pensionati\/#primaryimage"},"image":{"@id":"https:\/\/www.confagricoltura.org\/bologna\/indennita-una-tantum-per-lavoratori-dipendenti-e-pensionati\/#primaryimage"},"thumbnailUrl":"https:\/\/www.confagricoltura.org\/bologna\/wp-content\/uploads\/sites\/12\/2021\/03\/Gazzetta-Ufficiale.jpg","datePublished":"2022-06-01T07:29:40+00:00","dateModified":"2022-06-01T07:29:41+00:00","author":{"@id":"https:\/\/www.confagricoltura.org\/bologna\/#\/schema\/person\/277baa2a725fb840103c5f8898746c7f"},"breadcrumb":{"@id":"https:\/\/www.confagricoltura.org\/bologna\/indennita-una-tantum-per-lavoratori-dipendenti-e-pensionati\/#breadcrumb"},"inLanguage":"it-IT","potentialAction":[{"@type":"ReadAction","target":["https:\/\/www.confagricoltura.org\/bologna\/indennita-una-tantum-per-lavoratori-dipendenti-e-pensionati\/"]}]},{"@type":"ImageObject","inLanguage":"it-IT","@id":"https:\/\/www.confagricoltura.org\/bologna\/indennita-una-tantum-per-lavoratori-dipendenti-e-pensionati\/#primaryimage","url":"https:\/\/www.confagricoltura.org\/bologna\/wp-content\/uploads\/sites\/12\/2021\/03\/Gazzetta-Ufficiale.jpg","contentUrl":"https:\/\/www.confagricoltura.org\/bologna\/wp-content\/uploads\/sites\/12\/2021\/03\/Gazzetta-Ufficiale.jpg","width":980,"height":723},{"@type":"BreadcrumbList","@id":"https:\/\/www.confagricoltura.org\/bologna\/indennita-una-tantum-per-lavoratori-dipendenti-e-pensionati\/#breadcrumb","itemListElement":[{"@type":"ListItem","position":1,"name":"Home","item":"https:\/\/www.confagricoltura.org\/bologna\/"},{"@type":"ListItem","position":2,"name":"Indennit\u00e0 una tantum per lavoratori dipendenti e pensionati."}]},{"@type":"WebSite","@id":"https:\/\/www.confagricoltura.org\/bologna\/#website","url":"https:\/\/www.confagricoltura.org\/bologna\/","name":"Confagricoltura Bologna","description":"Dalla parte degli Agricoltori","potentialAction":[{"@type":"SearchAction","target":{"@type":"EntryPoint","urlTemplate":"https:\/\/www.confagricoltura.org\/bologna\/?s={search_term_string}"},"query-input":{"@type":"PropertyValueSpecification","valueRequired":true,"valueName":"search_term_string"}}],"inLanguage":"it-IT"},{"@type":"Person","@id":"https:\/\/www.confagricoltura.org\/bologna\/#\/schema\/person\/277baa2a725fb840103c5f8898746c7f","name":"confagricolturabologna","image":{"@type":"ImageObject","inLanguage":"it-IT","@id":"https:\/\/www.confagricoltura.org\/bologna\/#\/schema\/person\/image\/","url":"https:\/\/secure.gravatar.com\/avatar\/edd9a034f35ea6aeadaf9744d1135acc?s=96&d=mm&r=g","contentUrl":"https:\/\/secure.gravatar.com\/avatar\/edd9a034f35ea6aeadaf9744d1135acc?s=96&d=mm&r=g","caption":"confagricolturabologna"},"url":"https:\/\/www.confagricoltura.org\/bologna\/author\/confagricolturabologna\/"}]}},"_links":{"self":[{"href":"https:\/\/www.confagricoltura.org\/bologna\/wp-json\/wp\/v2\/posts\/6204","targetHints":{"allow":["GET"]}}],"collection":[{"href":"https:\/\/www.confagricoltura.org\/bologna\/wp-json\/wp\/v2\/posts"}],"about":[{"href":"https:\/\/www.confagricoltura.org\/bologna\/wp-json\/wp\/v2\/types\/post"}],"author":[{"embeddable":true,"href":"https:\/\/www.confagricoltura.org\/bologna\/wp-json\/wp\/v2\/users\/7"}],"replies":[{"embeddable":true,"href":"https:\/\/www.confagricoltura.org\/bologna\/wp-json\/wp\/v2\/comments?post=6204"}],"version-history":[{"count":1,"href":"https:\/\/www.confagricoltura.org\/bologna\/wp-json\/wp\/v2\/posts\/6204\/revisions"}],"predecessor-version":[{"id":6205,"href":"https:\/\/www.confagricoltura.org\/bologna\/wp-json\/wp\/v2\/posts\/6204\/revisions\/6205"}],"wp:featuredmedia":[{"embeddable":true,"href":"https:\/\/www.confagricoltura.org\/bologna\/wp-json\/wp\/v2\/media\/5536"}],"wp:attachment":[{"href":"https:\/\/www.confagricoltura.org\/bologna\/wp-json\/wp\/v2\/media?parent=6204"}],"wp:term":[{"taxonomy":"category","embeddable":true,"href":"https:\/\/www.confagricoltura.org\/bologna\/wp-json\/wp\/v2\/categories?post=6204"},{"taxonomy":"post_tag","embeddable":true,"href":"https:\/\/www.confagricoltura.org\/bologna\/wp-json\/wp\/v2\/tags?post=6204"}],"curies":[{"name":"wp","href":"https:\/\/api.w.org\/{rel}","templated":true}]}}