{"id":6068,"date":"2022-03-16T09:47:56","date_gmt":"2022-03-16T08:47:56","guid":{"rendered":"https:\/\/www.confagricoltura.org\/bologna\/?p=6068"},"modified":"2022-03-16T09:47:57","modified_gmt":"2022-03-16T08:47:57","slug":"arretrati-di-retribuzione-chiarimenti-agenzia-delle-entrate","status":"publish","type":"post","link":"https:\/\/www.confagricoltura.org\/bologna\/arretrati-di-retribuzione-chiarimenti-agenzia-delle-entrate\/","title":{"rendered":"Arretrati di retribuzione &#8211; Chiarimenti Agenzia delle Entrate."},"content":{"rendered":"\n<p>A seguito di un interpello, l\u2019Agenzia delle Entrate, con risposta n. 49\/2022, ha chiarito il trattamento fiscale da applicare ai compensi erogati nell\u2019anno successivo a quello di maturazione.<\/p>\n\n\n\n<p>Il quesito era relativo alla corresponsione da parte dell\u2019ente esponente, ai propri dipendenti, in qualit\u00e0 di sostituto d\u2019imposta, di alcuni emolumenti denominati in vario modo: \u201c<em>premio di risultato<\/em>\u201d, \u201c<em>indennit\u00e0 <\/em><em>di responsabilit\u00e0<\/em>\u201d e \u201c<em>incremento di efficienza aziendale<\/em>\u201d e tutti riferibili ad accordi intercorsi e stigmatizzati in un atto normativo interno.<\/p>\n\n\n\n<p>Il &#8220;<strong><em>premio di risultato<\/em><\/strong>&#8221; risulta assegnato &#8220;in funzione del contributo apportato ai risultati conseguiti dall&#8217;unit\u00e0 di appartenenza&#8221;; l&#8217;importo del &#8220;<em>premio di risultato<\/em>&#8221; e la ripartizione tra le diverse unit\u00e0 organizzative, sono stabiliti annualmente entro il 31 dicembre dell&#8217;anno di riferimento, con delibera dell\u2019ente esponente, &#8220;sentite le organizzazioni sindacali&#8221;, tale premio \u00e8 a corresponsione &#8220;<em>posticipata<\/em>&#8220;.<\/p>\n\n\n\n<p>L\u2019&#8221;<strong><em>indennit\u00e0 di responsabilit\u00e0<\/em><\/strong>&#8221; spetta viceversa a specifiche figure apicali, in ragione del &#8220;positivo riscontro del raggiungimento degli obiettivi assegnati, nella misura stabilita con delibera\u2026., sentite le organizzazioni sindacali&#8221;. A differenza del &#8220;premio di risultato&#8221;, per l'&#8221;<em>indennit\u00e0 di responsabilit\u00e0<\/em>&#8220;, l&#8217;erogazione non presuppone necessariamente uno specifico provvedimento da parte dell&#8217;Istante, a meno che non intervenga una variazione degli importi inizialmente stabiliti.<\/p>\n\n\n\n<p>Relativamente all'&#8221;<strong><em>incremento efficienza aziendale<\/em><\/strong>&#8220;, si noti come la somma da corrispondere al personale sia conteggiata applicando il parametro percentuale concordato annualmente con i sindacati alla voce retributiva &#8220;stipendio annuo lordo&#8221;, secondo le tabelle in vigore al primo gennaio dell&#8217;anno di riferimento del compenso e sulla base della posizione organico-retributiva ricoperta dal\u00a0 dipendente.<\/p>\n\n\n\n<p>Sulla base degli elementi forniti, il parere dell\u2019Agenzia (richiamando l\u2019art. 17, comma 1, lettera b) del TUIR, nonch\u00e9 le circolari 23\/1997, 55\/E\/2001 e la risoluzione 43\/E\/2004) si pu\u00f2 cos\u00ec riassumere e ci\u00f2 in particolare rispetto alla applicabilit\u00e0 della tassazione separata.<\/p>\n\n\n\n<p>Secondo l\u2019Agenzia, le situazioni rilevanti ai fini della applicazione della (pi\u00f9 favorevole)&nbsp; tassazione separata sono:<\/p>\n\n\n\n<p><strong>a) <\/strong>quelle di &#8220;carattere giuridico&#8221;, che consistono nel sopraggiungere di norme legislative, di contratti collettivi, di sentenze o di atti amministrativi, ai quali \u00e8 sicuramente estranea l&#8217;ipotesi di un accordo tra le parti in ordine ad un rinvio del tutto strumentale nel pagamento delle somme spettanti;<\/p>\n\n\n\n<p><strong>b) <\/strong>quelle consistenti in &#8220;oggettive situazioni di fatto&#8221;, che impediscono il pagamento delle somme riconosciute spettanti entro i limiti di tempo ordinariamente adottati dalla generalit\u00e0 dei sostituti d&#8217;imposta.<\/p>\n\n\n\n<p>Quando ricorre una delle cause giuridiche (ex art. 17, comma 1, lettera b) del TUIR) e cio\u00e8 il sopraggiungere, rispetto al periodo di maturazione, di norme legislative, di contratti collettivi, di sentenze o di atti amministrativi, in base ai quali sono corrisposti \u00abemolumenti arretrati per prestazioni di lavoro dipendente riferibili ad anni precedenti\u00bb, non deve essere effettuata alcuna indagine in ordine al &#8220;ritardo&#8221; nella corresponsione, mentre la predetta indagine va sempre effettuata quando il &#8220;ritardo&#8221; \u00e8 determinato da circostanze di fatto.<\/p>\n\n\n\n<p>La prassi dell\u2019Agenzia trova applicazione quando l&#8217;erogazione degli emolumenti al personale avvenga in &#8220;ritardo&#8221; successivamente all&#8217;anno di riferimento.<\/p>\n\n\n\n<p>Valutando il caso concreto, l\u2019Agenzia, pertanto, ritiene che, relativamente al premio di produttivit\u00e0 ed alla indennit\u00e0 di responsabilit\u00e0, essendo la corresponsione normata dal regolamento interno ed, in particolare, tenendo conto che \u201cla norma prevede che entro il 31 dicembre dell&#8217;anno di riferimento, l&#8217;ente determini con propria delibera, sentite le organizzazioni sindacali, l&#8217;importo complessivo destinato al premio di risultato dell&#8217;anno precedente, nonch\u00e9 la ripartizione dell&#8217;importo complessivo tra le diverse unit\u00e0 organizzative&#8221;, le somme &#8220;fisiologicamente&#8221; corrisposte, per i motivi innanzi detti,&nbsp; nell&#8217;anno successivo rispetto a quello di maturazione siano da assoggettarsi a tassazione ordinaria.<\/p>\n\n\n\n<p>Le somme riconosciute in relazione all'&#8221;incremento di efficienza aziendale&#8221;, risultano secondo l\u2019Agenzia delle Entrate, &#8220;una forma di compenso dell&#8217;anno in corso, in quanto spettante al personale secondo &#8220;la posizione organico retributiva ricoperta da ciascun dipendente&#8221; legittimandosi&nbsp; anche in questo caso la applicazione della tassazione ordinaria, in quanto, la definizione degli importi individuali avviene sulla base delle disposizioni del regolamento interno, che gi\u00e0 prevede la corresponsione delle somme anche nell&#8217;anno successivo a quello di maturazione, non essendo perci\u00f2 ravvisabile anche in tale fattispecie la circostanza del &#8220;ritardo&#8221;, cui conseguirebbe eventualmente l&#8217;applicazione della tassazione separata.<\/p>\n\n\n\n<p>(M. Mazzanti)<strong><\/strong><\/p>\n","protected":false},"excerpt":{"rendered":"<p>A seguito di un interpello, l\u2019Agenzia delle Entrate, con risposta n. 49\/2022, ha chiarito il trattamento fiscale da applicare ai compensi erogati nell\u2019anno successivo a quello di maturazione.<\/p>\n","protected":false},"author":7,"featured_media":5577,"comment_status":"closed","ping_status":"closed","sticky":false,"template":"","format":"standard","meta":{"wp_mapbox_gl_js_media":[],"footnotes":""},"categories":[23,37,35,25],"tags":[],"class_list":["post-6068","post","type-post","status-publish","format-standard","has-post-thumbnail","hentry","category-bologna-agricola-informa","category-informative-per-associati","category-lavoro","category-notiziario-provinciale"],"yoast_head":"<!-- This site is optimized with the Yoast SEO plugin v26.8 - https:\/\/yoast.com\/product\/yoast-seo-wordpress\/ -->\n<title>Arretrati di retribuzione - Chiarimenti Agenzia delle Entrate. - Confagricoltura Bologna<\/title>\n<meta name=\"robots\" content=\"index, follow, max-snippet:-1, max-image-preview:large, max-video-preview:-1\" \/>\n<link rel=\"canonical\" href=\"https:\/\/www.confagricoltura.org\/bologna\/arretrati-di-retribuzione-chiarimenti-agenzia-delle-entrate\/\" \/>\n<meta property=\"og:locale\" content=\"it_IT\" \/>\n<meta property=\"og:type\" content=\"article\" \/>\n<meta property=\"og:title\" content=\"Arretrati di retribuzione - Chiarimenti Agenzia delle Entrate. - Confagricoltura Bologna\" \/>\n<meta property=\"og:description\" content=\"A seguito di un interpello, l\u2019Agenzia delle Entrate, con risposta n. 49\/2022, ha chiarito il trattamento fiscale da applicare ai compensi erogati nell\u2019anno successivo a quello di maturazione.\" \/>\n<meta property=\"og:url\" content=\"https:\/\/www.confagricoltura.org\/bologna\/arretrati-di-retribuzione-chiarimenti-agenzia-delle-entrate\/\" \/>\n<meta property=\"og:site_name\" content=\"Confagricoltura Bologna\" \/>\n<meta property=\"article:published_time\" content=\"2022-03-16T08:47:56+00:00\" \/>\n<meta property=\"article:modified_time\" content=\"2022-03-16T08:47:57+00:00\" \/>\n<meta property=\"og:image\" content=\"https:\/\/www.confagricoltura.org\/bologna\/wp-content\/uploads\/sites\/12\/2021\/04\/Agenzia-delle-entrate.jpg\" \/>\n\t<meta property=\"og:image:width\" content=\"980\" \/>\n\t<meta property=\"og:image:height\" content=\"723\" \/>\n\t<meta property=\"og:image:type\" content=\"image\/jpeg\" \/>\n<meta name=\"author\" content=\"confagricolturabologna\" \/>\n<meta name=\"twitter:card\" content=\"summary_large_image\" \/>\n<meta name=\"twitter:label1\" content=\"Scritto da\" \/>\n\t<meta name=\"twitter:data1\" content=\"confagricolturabologna\" \/>\n\t<meta name=\"twitter:label2\" content=\"Tempo di lettura stimato\" \/>\n\t<meta name=\"twitter:data2\" content=\"3 minuti\" \/>\n<script type=\"application\/ld+json\" class=\"yoast-schema-graph\">{\"@context\":\"https:\/\/schema.org\",\"@graph\":[{\"@type\":\"Article\",\"@id\":\"https:\/\/www.confagricoltura.org\/bologna\/arretrati-di-retribuzione-chiarimenti-agenzia-delle-entrate\/#article\",\"isPartOf\":{\"@id\":\"https:\/\/www.confagricoltura.org\/bologna\/arretrati-di-retribuzione-chiarimenti-agenzia-delle-entrate\/\"},\"author\":{\"name\":\"confagricolturabologna\",\"@id\":\"https:\/\/www.confagricoltura.org\/bologna\/#\/schema\/person\/277baa2a725fb840103c5f8898746c7f\"},\"headline\":\"Arretrati di retribuzione &#8211; Chiarimenti Agenzia delle Entrate.\",\"datePublished\":\"2022-03-16T08:47:56+00:00\",\"dateModified\":\"2022-03-16T08:47:57+00:00\",\"mainEntityOfPage\":{\"@id\":\"https:\/\/www.confagricoltura.org\/bologna\/arretrati-di-retribuzione-chiarimenti-agenzia-delle-entrate\/\"},\"wordCount\":691,\"image\":{\"@id\":\"https:\/\/www.confagricoltura.org\/bologna\/arretrati-di-retribuzione-chiarimenti-agenzia-delle-entrate\/#primaryimage\"},\"thumbnailUrl\":\"https:\/\/www.confagricoltura.org\/bologna\/wp-content\/uploads\/sites\/12\/2021\/04\/Agenzia-delle-entrate.jpg\",\"articleSection\":[\"Bologna Agricola Informa\",\"Informative per Associati\",\"Lavoro\",\"Notiziario Provinciale\"],\"inLanguage\":\"it-IT\"},{\"@type\":\"WebPage\",\"@id\":\"https:\/\/www.confagricoltura.org\/bologna\/arretrati-di-retribuzione-chiarimenti-agenzia-delle-entrate\/\",\"url\":\"https:\/\/www.confagricoltura.org\/bologna\/arretrati-di-retribuzione-chiarimenti-agenzia-delle-entrate\/\",\"name\":\"Arretrati di retribuzione - Chiarimenti Agenzia delle Entrate. - Confagricoltura Bologna\",\"isPartOf\":{\"@id\":\"https:\/\/www.confagricoltura.org\/bologna\/#website\"},\"primaryImageOfPage\":{\"@id\":\"https:\/\/www.confagricoltura.org\/bologna\/arretrati-di-retribuzione-chiarimenti-agenzia-delle-entrate\/#primaryimage\"},\"image\":{\"@id\":\"https:\/\/www.confagricoltura.org\/bologna\/arretrati-di-retribuzione-chiarimenti-agenzia-delle-entrate\/#primaryimage\"},\"thumbnailUrl\":\"https:\/\/www.confagricoltura.org\/bologna\/wp-content\/uploads\/sites\/12\/2021\/04\/Agenzia-delle-entrate.jpg\",\"datePublished\":\"2022-03-16T08:47:56+00:00\",\"dateModified\":\"2022-03-16T08:47:57+00:00\",\"author\":{\"@id\":\"https:\/\/www.confagricoltura.org\/bologna\/#\/schema\/person\/277baa2a725fb840103c5f8898746c7f\"},\"breadcrumb\":{\"@id\":\"https:\/\/www.confagricoltura.org\/bologna\/arretrati-di-retribuzione-chiarimenti-agenzia-delle-entrate\/#breadcrumb\"},\"inLanguage\":\"it-IT\",\"potentialAction\":[{\"@type\":\"ReadAction\",\"target\":[\"https:\/\/www.confagricoltura.org\/bologna\/arretrati-di-retribuzione-chiarimenti-agenzia-delle-entrate\/\"]}]},{\"@type\":\"ImageObject\",\"inLanguage\":\"it-IT\",\"@id\":\"https:\/\/www.confagricoltura.org\/bologna\/arretrati-di-retribuzione-chiarimenti-agenzia-delle-entrate\/#primaryimage\",\"url\":\"https:\/\/www.confagricoltura.org\/bologna\/wp-content\/uploads\/sites\/12\/2021\/04\/Agenzia-delle-entrate.jpg\",\"contentUrl\":\"https:\/\/www.confagricoltura.org\/bologna\/wp-content\/uploads\/sites\/12\/2021\/04\/Agenzia-delle-entrate.jpg\",\"width\":980,\"height\":723},{\"@type\":\"BreadcrumbList\",\"@id\":\"https:\/\/www.confagricoltura.org\/bologna\/arretrati-di-retribuzione-chiarimenti-agenzia-delle-entrate\/#breadcrumb\",\"itemListElement\":[{\"@type\":\"ListItem\",\"position\":1,\"name\":\"Home\",\"item\":\"https:\/\/www.confagricoltura.org\/bologna\/\"},{\"@type\":\"ListItem\",\"position\":2,\"name\":\"Arretrati di retribuzione &#8211; Chiarimenti Agenzia delle Entrate.\"}]},{\"@type\":\"WebSite\",\"@id\":\"https:\/\/www.confagricoltura.org\/bologna\/#website\",\"url\":\"https:\/\/www.confagricoltura.org\/bologna\/\",\"name\":\"Confagricoltura Bologna\",\"description\":\"Dalla parte degli Agricoltori\",\"potentialAction\":[{\"@type\":\"SearchAction\",\"target\":{\"@type\":\"EntryPoint\",\"urlTemplate\":\"https:\/\/www.confagricoltura.org\/bologna\/?s={search_term_string}\"},\"query-input\":{\"@type\":\"PropertyValueSpecification\",\"valueRequired\":true,\"valueName\":\"search_term_string\"}}],\"inLanguage\":\"it-IT\"},{\"@type\":\"Person\",\"@id\":\"https:\/\/www.confagricoltura.org\/bologna\/#\/schema\/person\/277baa2a725fb840103c5f8898746c7f\",\"name\":\"confagricolturabologna\",\"image\":{\"@type\":\"ImageObject\",\"inLanguage\":\"it-IT\",\"@id\":\"https:\/\/www.confagricoltura.org\/bologna\/#\/schema\/person\/image\/\",\"url\":\"https:\/\/secure.gravatar.com\/avatar\/edd9a034f35ea6aeadaf9744d1135acc?s=96&d=mm&r=g\",\"contentUrl\":\"https:\/\/secure.gravatar.com\/avatar\/edd9a034f35ea6aeadaf9744d1135acc?s=96&d=mm&r=g\",\"caption\":\"confagricolturabologna\"},\"url\":\"https:\/\/www.confagricoltura.org\/bologna\/author\/confagricolturabologna\/\"}]}<\/script>\n<!-- \/ Yoast SEO plugin. -->","yoast_head_json":{"title":"Arretrati di retribuzione - Chiarimenti Agenzia delle Entrate. - Confagricoltura Bologna","robots":{"index":"index","follow":"follow","max-snippet":"max-snippet:-1","max-image-preview":"max-image-preview:large","max-video-preview":"max-video-preview:-1"},"canonical":"https:\/\/www.confagricoltura.org\/bologna\/arretrati-di-retribuzione-chiarimenti-agenzia-delle-entrate\/","og_locale":"it_IT","og_type":"article","og_title":"Arretrati di retribuzione - Chiarimenti Agenzia delle Entrate. - Confagricoltura Bologna","og_description":"A seguito di un interpello, l\u2019Agenzia delle Entrate, con risposta n. 49\/2022, ha chiarito il trattamento fiscale da applicare ai compensi erogati nell\u2019anno successivo a quello di maturazione.","og_url":"https:\/\/www.confagricoltura.org\/bologna\/arretrati-di-retribuzione-chiarimenti-agenzia-delle-entrate\/","og_site_name":"Confagricoltura Bologna","article_published_time":"2022-03-16T08:47:56+00:00","article_modified_time":"2022-03-16T08:47:57+00:00","og_image":[{"width":980,"height":723,"url":"https:\/\/www.confagricoltura.org\/bologna\/wp-content\/uploads\/sites\/12\/2021\/04\/Agenzia-delle-entrate.jpg","type":"image\/jpeg"}],"author":"confagricolturabologna","twitter_card":"summary_large_image","twitter_misc":{"Scritto da":"confagricolturabologna","Tempo di lettura stimato":"3 minuti"},"schema":{"@context":"https:\/\/schema.org","@graph":[{"@type":"Article","@id":"https:\/\/www.confagricoltura.org\/bologna\/arretrati-di-retribuzione-chiarimenti-agenzia-delle-entrate\/#article","isPartOf":{"@id":"https:\/\/www.confagricoltura.org\/bologna\/arretrati-di-retribuzione-chiarimenti-agenzia-delle-entrate\/"},"author":{"name":"confagricolturabologna","@id":"https:\/\/www.confagricoltura.org\/bologna\/#\/schema\/person\/277baa2a725fb840103c5f8898746c7f"},"headline":"Arretrati di retribuzione &#8211; Chiarimenti Agenzia delle Entrate.","datePublished":"2022-03-16T08:47:56+00:00","dateModified":"2022-03-16T08:47:57+00:00","mainEntityOfPage":{"@id":"https:\/\/www.confagricoltura.org\/bologna\/arretrati-di-retribuzione-chiarimenti-agenzia-delle-entrate\/"},"wordCount":691,"image":{"@id":"https:\/\/www.confagricoltura.org\/bologna\/arretrati-di-retribuzione-chiarimenti-agenzia-delle-entrate\/#primaryimage"},"thumbnailUrl":"https:\/\/www.confagricoltura.org\/bologna\/wp-content\/uploads\/sites\/12\/2021\/04\/Agenzia-delle-entrate.jpg","articleSection":["Bologna Agricola Informa","Informative per Associati","Lavoro","Notiziario Provinciale"],"inLanguage":"it-IT"},{"@type":"WebPage","@id":"https:\/\/www.confagricoltura.org\/bologna\/arretrati-di-retribuzione-chiarimenti-agenzia-delle-entrate\/","url":"https:\/\/www.confagricoltura.org\/bologna\/arretrati-di-retribuzione-chiarimenti-agenzia-delle-entrate\/","name":"Arretrati di retribuzione - Chiarimenti Agenzia delle Entrate. - Confagricoltura Bologna","isPartOf":{"@id":"https:\/\/www.confagricoltura.org\/bologna\/#website"},"primaryImageOfPage":{"@id":"https:\/\/www.confagricoltura.org\/bologna\/arretrati-di-retribuzione-chiarimenti-agenzia-delle-entrate\/#primaryimage"},"image":{"@id":"https:\/\/www.confagricoltura.org\/bologna\/arretrati-di-retribuzione-chiarimenti-agenzia-delle-entrate\/#primaryimage"},"thumbnailUrl":"https:\/\/www.confagricoltura.org\/bologna\/wp-content\/uploads\/sites\/12\/2021\/04\/Agenzia-delle-entrate.jpg","datePublished":"2022-03-16T08:47:56+00:00","dateModified":"2022-03-16T08:47:57+00:00","author":{"@id":"https:\/\/www.confagricoltura.org\/bologna\/#\/schema\/person\/277baa2a725fb840103c5f8898746c7f"},"breadcrumb":{"@id":"https:\/\/www.confagricoltura.org\/bologna\/arretrati-di-retribuzione-chiarimenti-agenzia-delle-entrate\/#breadcrumb"},"inLanguage":"it-IT","potentialAction":[{"@type":"ReadAction","target":["https:\/\/www.confagricoltura.org\/bologna\/arretrati-di-retribuzione-chiarimenti-agenzia-delle-entrate\/"]}]},{"@type":"ImageObject","inLanguage":"it-IT","@id":"https:\/\/www.confagricoltura.org\/bologna\/arretrati-di-retribuzione-chiarimenti-agenzia-delle-entrate\/#primaryimage","url":"https:\/\/www.confagricoltura.org\/bologna\/wp-content\/uploads\/sites\/12\/2021\/04\/Agenzia-delle-entrate.jpg","contentUrl":"https:\/\/www.confagricoltura.org\/bologna\/wp-content\/uploads\/sites\/12\/2021\/04\/Agenzia-delle-entrate.jpg","width":980,"height":723},{"@type":"BreadcrumbList","@id":"https:\/\/www.confagricoltura.org\/bologna\/arretrati-di-retribuzione-chiarimenti-agenzia-delle-entrate\/#breadcrumb","itemListElement":[{"@type":"ListItem","position":1,"name":"Home","item":"https:\/\/www.confagricoltura.org\/bologna\/"},{"@type":"ListItem","position":2,"name":"Arretrati di retribuzione &#8211; Chiarimenti Agenzia delle Entrate."}]},{"@type":"WebSite","@id":"https:\/\/www.confagricoltura.org\/bologna\/#website","url":"https:\/\/www.confagricoltura.org\/bologna\/","name":"Confagricoltura Bologna","description":"Dalla parte degli Agricoltori","potentialAction":[{"@type":"SearchAction","target":{"@type":"EntryPoint","urlTemplate":"https:\/\/www.confagricoltura.org\/bologna\/?s={search_term_string}"},"query-input":{"@type":"PropertyValueSpecification","valueRequired":true,"valueName":"search_term_string"}}],"inLanguage":"it-IT"},{"@type":"Person","@id":"https:\/\/www.confagricoltura.org\/bologna\/#\/schema\/person\/277baa2a725fb840103c5f8898746c7f","name":"confagricolturabologna","image":{"@type":"ImageObject","inLanguage":"it-IT","@id":"https:\/\/www.confagricoltura.org\/bologna\/#\/schema\/person\/image\/","url":"https:\/\/secure.gravatar.com\/avatar\/edd9a034f35ea6aeadaf9744d1135acc?s=96&d=mm&r=g","contentUrl":"https:\/\/secure.gravatar.com\/avatar\/edd9a034f35ea6aeadaf9744d1135acc?s=96&d=mm&r=g","caption":"confagricolturabologna"},"url":"https:\/\/www.confagricoltura.org\/bologna\/author\/confagricolturabologna\/"}]}},"_links":{"self":[{"href":"https:\/\/www.confagricoltura.org\/bologna\/wp-json\/wp\/v2\/posts\/6068","targetHints":{"allow":["GET"]}}],"collection":[{"href":"https:\/\/www.confagricoltura.org\/bologna\/wp-json\/wp\/v2\/posts"}],"about":[{"href":"https:\/\/www.confagricoltura.org\/bologna\/wp-json\/wp\/v2\/types\/post"}],"author":[{"embeddable":true,"href":"https:\/\/www.confagricoltura.org\/bologna\/wp-json\/wp\/v2\/users\/7"}],"replies":[{"embeddable":true,"href":"https:\/\/www.confagricoltura.org\/bologna\/wp-json\/wp\/v2\/comments?post=6068"}],"version-history":[{"count":1,"href":"https:\/\/www.confagricoltura.org\/bologna\/wp-json\/wp\/v2\/posts\/6068\/revisions"}],"predecessor-version":[{"id":6069,"href":"https:\/\/www.confagricoltura.org\/bologna\/wp-json\/wp\/v2\/posts\/6068\/revisions\/6069"}],"wp:featuredmedia":[{"embeddable":true,"href":"https:\/\/www.confagricoltura.org\/bologna\/wp-json\/wp\/v2\/media\/5577"}],"wp:attachment":[{"href":"https:\/\/www.confagricoltura.org\/bologna\/wp-json\/wp\/v2\/media?parent=6068"}],"wp:term":[{"taxonomy":"category","embeddable":true,"href":"https:\/\/www.confagricoltura.org\/bologna\/wp-json\/wp\/v2\/categories?post=6068"},{"taxonomy":"post_tag","embeddable":true,"href":"https:\/\/www.confagricoltura.org\/bologna\/wp-json\/wp\/v2\/tags?post=6068"}],"curies":[{"name":"wp","href":"https:\/\/api.w.org\/{rel}","templated":true}]}}