{"id":5912,"date":"2021-12-02T15:30:30","date_gmt":"2021-12-02T14:30:30","guid":{"rendered":"https:\/\/www.confagricoltura.org\/bologna\/?p=5912"},"modified":"2021-12-02T15:30:31","modified_gmt":"2021-12-02T14:30:31","slug":"impianti-audiovisivi-e-altri-strumenti-di-controllo-sul-posto-di-lavoro","status":"publish","type":"post","link":"https:\/\/www.confagricoltura.org\/bologna\/impianti-audiovisivi-e-altri-strumenti-di-controllo-sul-posto-di-lavoro\/","title":{"rendered":"Impianti audiovisivi e altri strumenti di controllo sul posto di lavoro."},"content":{"rendered":"\n<p>Come si ricorder\u00e0, con la riforma introdotta dal Jobs Act ( art. 23, comma 1,\u00a0<a href=\"https:\/\/www.altalex.com\/documents\/news\/2015\/09\/24\/jobs-act-il-decreto-attuativo-in-materia-di-rapporto-di-lavoro-e-pari-opportunita\">D.Lgs. 14 settembre 2015, n. 151<\/a>)\u00a0 a decorrere dal 24 settembre 2015 venne completamente ridisegnata la normativa, datata oramai ad oltre quarant\u2019anni addietro, prevista in origine dall\u2019art. 4 della legge n. 300\/1970 (Statuto dei Lavoratori), ampliando la applicabilit\u00e0 dei controlli audiovisivi nell\u2019ambito del lavoro.<\/p>\n\n\n\n<p><\/p>\n\n\n\n<p>Con una genesi giurisprudenziale, restavano fuori dal divieto previsto dallo Statuto i \u201ccontrolli difensivi\u201d cio\u00e8 riferibili a possibili comportamenti illeciti&nbsp;dei lavoratori e&nbsp;lesivi del patrimonio&nbsp;e&nbsp;dell\u2019immagine della azienda (Cass. 13266\/2018; Cass. 10637\/2017); la nuova formulazione dell\u2019art. 4 avendo inserito unitamente alle esigenze organizzative e produttive e alla sicurezza sul lavoro, anche l\u2019esigenza di tutela del patrimonio aziendale, parrebbe aver recepito il citato orientamento giurisprudenziale&nbsp;in merito ai controlli difensivi.&nbsp;&nbsp;<\/p>\n\n\n\n<p>In difetto di accordo la regola prevede il&nbsp; ruolo sussidiario della Direzione Territoriale del Lavoro, che a fronte del mancato accordo o in assenza di accordo&nbsp; sindacale, potr\u00e0 rilasciare direttamente l\u2019autorizzazione (per le imprese operanti su territori diversi \u00e8 viceversa competente il Ministero del lavoro).<\/p>\n\n\n\n<p>La novit\u00e0 della norma consiste invece nell\u2019esonero dal percorso di autorizzazione, sia sindacale che amministrativo, relativamente all\u2019installazione di quegli strumenti che servono al dipendente per eseguire la prestazione lavorativa e di quelli necessari per registrare gli accessi e le presenze.<\/p>\n\n\n\n<p>Questi strumenti, quindi, potranno essere installati e utilizzati senza la necessit\u00e0 di seguire le procedure di autorizzazione ordinarie, pur in armonia con le esigenze pi\u00f9 volte rimarcate dal Garante della Privacy. Ancora pi\u00f9 interessante \u00e8 l\u2019ulteriore possibilit\u00e0 che si \u00e8 introdotta e cio\u00e8 quella relativa alla utilizzabilit\u00e0 &#8220;a tutti i fini connessi ai rapporti di lavoro&#8221; le informazioni raccolte attraverso i dispositivi di controllo a distanza (articolo 4, c.3, dello Statuto dei lavoratori, come novellato dall&#8217;art. 23 del d.lgs. n.151\/2015).\u00a0 Le informazioni cos\u00ec raccolte potranno essere utilizzate, a fronte di adeguata informazione ai lavoratori delle modalit\u00e0 d\u2019uso degli strumenti loro affidati e delle modalit\u00e0 di effettuazione dei controlli in ottemperanza a quanto previsto dalle disposizioni in materia di protezione dei dati personali (Codice della privacy).<\/p>\n\n\n\n<p>In sostanza, secondo la nuova normativa, tali informazioni sono utilizzabili a tutti i fini connessi al rapporto di lavoro, soprattutto di carattere disciplinare.<\/p>\n\n\n\n<p>Con il Jobs Act si instaura un sistema in connessione alla tipologia di strumentazione utilizzata nel lavoro: &#8211; per gli impianti audiovisivi e gli altri strumenti tali da consentire il controllo a distanza del lavoratore resta il consolidato divieto di installazione (salve le citate deroghe e le specificit\u00e0 del caso); &#8211; per gli strumenti di lavoro e per gli strumenti di registrazione di accessi e presenze non si ha alcun divieto per l\u2019uso n\u00e9 si deve ricorrere ad accordi o autorizzazioni; &#8211; in ogni caso&nbsp; il datore ha l\u2019obbligo di adeguatamente informare&nbsp; i propri dipendenti; come si accennava il comma 3 dell\u2019art. 4 St. Lav. prevede che i dati raccolti (da apparecchi e strumenti di lavoro) sono utilizzabili&nbsp;a tutti i fini inerenti il rapporto di lavoro&nbsp;e quindi anche ai fini disciplinari, ci\u00f2 qualora il datore fornisca ai dipendenti :&nbsp; &#8211; una adeguata informazione&nbsp;mediante la elaborazione e diffusione di policy&nbsp;aziendale che illustri le modalit\u00e0 d\u2019uso degli strumenti e soprattutto i metodi di effettuazione dei controlli; &#8211;&nbsp;nel rispetto della normativa sulla&nbsp;Privacy in merito alla raccolta e al trattamento dei dati.<\/p>\n\n\n\n<p>Venendo meno queste due condizioni&nbsp;i dati raccolti dagli strumenti di lavoro od audiovisivi non possono essere utilizzati a nessun fine, tantomeno in sede giudiziale per dimostrare l\u2019illegittimit\u00e0 od illiceit\u00e0 del comportamento del dipendente. In particolare la&nbsp;policy aziendale , deve contenere e precisare&nbsp; gli strumenti che consentono il controllo a distanza, le caratteristiche, il funzionamento, le&nbsp;modalit\u00e0 e le regole di utilizzo ma soprattutto&nbsp; il tipo di controlli&nbsp;aziendali possibili, ancora si dovranno precisare &nbsp;i dati conservati&nbsp;e i soggetti deputati all\u2019accesso, le&nbsp;modalit\u00e0 e i tempi di conservazione dei dati e&nbsp;le sanzioni&nbsp;eventualmente applicabili al dipendente\/trasgressore (sul punto si vedano le pronunzie del Tribunale di Roma, Ordinanza del 13\/06\/2018, n. 57668 e del Tribunale di Torino, sentenza del 19\/09\/2018, n. 1664).<\/p>\n\n\n\n<p>Ai fini di legge sono da considerare strumenti di lavoro&nbsp; \u201cgli apparecchi, dispositivi, apparati e congegni che costituiscono il&nbsp;mezzo indispensabile&nbsp;al lavoratore per adempiere la prestazione lavorativa dedotta in contratto, e che per tale finalit\u00e0 siano stati posti in uso e messi a sua disposizione\u201d (circolare INL&nbsp;&nbsp;n. 2 del 07\/11\/2016), ovvero \u201c i dispositivi \u201cutilizzati in via&nbsp;primaria ed essenziale&nbsp;per l\u2019esecuzione dell\u2019attivit\u00e0 lavorativa\u201d, ovvero \u201cdirettamente preordinati all\u2019esecuzione della prestazione lavorativa\u201d (Garante privacy con&nbsp;&nbsp;verifica preliminare del 16\/03\/2017). Importante \u00e8 che tra lo strumento di rilevazione dati e l\u2019attivit\u00e0 lavorativa vi sia un intrinseco nesso di strumentalit\u00e0 (Corte di Appello di Venezia,&nbsp; sentenza 2 agosto 2019) Sono pacificamente strumenti di lavoro i computer aziendali e la posta elettronica (Tribunale di Roma, sentenza del 24\/03\/2017), rispetto a tali strumenti la giurisprudenza ha chiarito che le policy aziendali debbono prevedere, ed i lavoratori debbono essere informati, il fatto ad es. che gli&nbsp;accessi a Internet effettuati dal dipendente durante il servizio, possano essere controllati dal datore di lavoro secondo modalit\u00e0 che consentano anche di verificarne la tipologia e la durata.<\/p>\n\n\n\n<p>Rispetto al nuovo art. 4 dello statuto quindi resta chiaro come il datore possa trattare i dati personali dei dipendenti \u2013 purch\u00e8 non sensibili \u2013 alla condizione che siano applicate le condizioni di liceit\u00e0 come sancite dall\u2019art. 11 D.Lgs. 196\/2003 e dall\u2019art. 5 Regolamento UE 2016\/679, relativamente alle modalit\u00e0 di svolgimento del trattamento\u00a0ispirate ai criteri di necessit\u00e0 e trasparenza, proporzionalit\u00e0, evitando modalit\u00e0 di controllo sulle attivit\u00e0 del lavoratore indiscriminate, massive e prolungate assicurando procedure di controllo con regole predeterminate e conosciute dai dipendenti, che dovranno quindi esserne del tutto consapevoli sia per quanto attiene alla tipologia dei dati raccolti (che dovranno comunque essere pertinenti, adeguati, non eccedenti e\u00a0 funzionali alle finalit\u00e0 dichiarate dal datore nella informativa, tendenzialmente anonimi, quando non indispensabili e conservati per il tempo astrattamente utile, rispetto alle finalit\u00e0 dichiarate), ma anche relativamente alle modalit\u00e0 di raccolta, utilizzazione, consultazione o trattamento. In tema di videosorveglianza aziendale poi non \u00e8 ozioso rammentare il\u00a0 provvedimento del Garante del\u00a0 22 Febbraio 201 secondo cui \u201cla rilevazione delle immagini pu\u00f2 avvenire senza consenso, qualora sia effettuata nell\u2019intento di perseguire un legittimo interesse del titolare o di un terzo attraverso la raccolta di mezzi di prova o perseguendo fini di tutela di persone e beni rispetto a possibili aggressioni, furti, rapine, danneggiamenti, atti di vandalismo, o finalit\u00e0 di prevenzione di incendi o di sicurezza del lavoro\u201d.\u00a0 Il datore che violi l\u2019art. 4 dello Statuto \u00e8 punito con una sanzione penale (ammenda da \u20ac 154 ad \u20ac 1.549 e nei casi pi\u00f9 rilevanti, con l\u2019arresto da 14 giorni ad 1 anno).\u00a0 Recentemente la Corte di Cassazione (sentenza Terza sezione penale n. 3255\/2021) ha stabilito che deve escludersi la configurabilit\u00e0 del reato concernente la violazione della disciplina di cui all&#8217;art. 4, primo e secondo comma, e 38 della legge del 20 maggio 1970, n. 300,\u00a0\u201cquando l&#8217;impianto audiovisivo o di controllo a distanza, sebbene installato sul luogo di lavoro in difetto di accordo con le rappresentanze sindacali legittimate, o di autorizzazione dell&#8217;Ispettorato del Lavoro, sia strettamente funzionale alla tutela del patrimonio aziendale, sempre, per\u00f2, che il suo utilizzo non implichi un significativo controllo sull&#8217;ordinario svolgimento dell&#8217;attivit\u00e0 lavorativa dei dipendenti, o debba restare necessariamente &#8220;riservato&#8221; per consentire l&#8217;accertamento di gravi condotte illecite degli stessi\u201d.\u00a0 Come si accennava anche all\u2019inizio, il principale\u00a0 orientamento giurisprudenziale sul tema riteneva che\u00a0 i risultati delle videoriprese effettuate per tutelare il patrimonio aziendale\u00a0 dai possibili comportamenti lesivi dei lavoratori sono utilizzabili nel processo penale, poich\u00e9,\u00a0\u201cle norme dello Statuto dei lavoratori poste a presidio della loro riservatezza non proibiscono i cosiddetti controlli difensivi del patrimonio aziendale e non giustificano pertanto l&#8217;esistenza di un divieto probatorio\u201d.\u00a0 In precedenza la Cassazione (sentenza n. 20722\/2010)\u00a0 precisava\u00a0 che \u00abla finalit\u00e0 di controllo a difesa del patrimonio aziendale non \u00e8 da ritenersi sacrificata dalle norme dello Statuto dei lavoratori\u00bb, dovendosi interpretare l&#8217;art. 4 dello Statuto\u00a0 ispirandosi, in chiave sistematica, ad un equo e ragionevole bilanciamento tra le norme\u00a0 costituzionali che presidiano\u00a0 i diritti dei lavoratori (dignit\u00e0\u00a0e libert\u00e0), della persona (artt. 1, 3, 35 e 38 Cost.) ed il libero esercizio delle attivit\u00e0 economica e di\u00a0 impresa (art. 41 Cost.).<\/p>\n\n\n\n<p>(M. Mazzanti)<\/p>\n","protected":false},"excerpt":{"rendered":"<p>Come si ricorder\u00e0, con la riforma introdotta dal Jobs Act ( art. 23, comma 1,\u00a0D.Lgs. 14 settembre 2015, n. 151)\u00a0 a decorrere dal 24 settembre 2015 venne completamente ridisegnata la normativa, datata oramai ad oltre quarant\u2019anni addietro, prevista in origine dall\u2019art. 4 della legge n. 300\/1970 (Statuto dei Lavoratori), ampliando la applicabilit\u00e0 dei controlli audiovisivi<\/p>\n","protected":false},"author":7,"featured_media":5913,"comment_status":"closed","ping_status":"closed","sticky":false,"template":"","format":"standard","meta":{"wp_mapbox_gl_js_media":[],"footnotes":""},"categories":[23,37,25],"tags":[],"class_list":["post-5912","post","type-post","status-publish","format-standard","has-post-thumbnail","hentry","category-bologna-agricola-informa","category-informative-per-associati","category-notiziario-provinciale"],"yoast_head":"<!-- This site is optimized with the Yoast SEO plugin v26.8 - https:\/\/yoast.com\/product\/yoast-seo-wordpress\/ -->\n<title>Impianti audiovisivi e altri strumenti di controllo sul posto di lavoro. - Confagricoltura Bologna<\/title>\n<meta name=\"robots\" content=\"index, follow, max-snippet:-1, max-image-preview:large, max-video-preview:-1\" \/>\n<link rel=\"canonical\" href=\"https:\/\/www.confagricoltura.org\/bologna\/impianti-audiovisivi-e-altri-strumenti-di-controllo-sul-posto-di-lavoro\/\" \/>\n<meta property=\"og:locale\" content=\"it_IT\" \/>\n<meta property=\"og:type\" content=\"article\" \/>\n<meta property=\"og:title\" content=\"Impianti audiovisivi e altri strumenti di controllo sul posto di lavoro. - Confagricoltura Bologna\" \/>\n<meta property=\"og:description\" content=\"Come si ricorder\u00e0, con la riforma introdotta dal Jobs Act ( art. 23, comma 1,\u00a0D.Lgs. 14 settembre 2015, n. 151)\u00a0 a decorrere dal 24 settembre 2015 venne completamente ridisegnata la normativa, datata oramai ad oltre quarant\u2019anni addietro, prevista in origine dall\u2019art. 4 della legge n. 300\/1970 (Statuto dei Lavoratori), ampliando la applicabilit\u00e0 dei controlli audiovisivi\" \/>\n<meta property=\"og:url\" content=\"https:\/\/www.confagricoltura.org\/bologna\/impianti-audiovisivi-e-altri-strumenti-di-controllo-sul-posto-di-lavoro\/\" \/>\n<meta property=\"og:site_name\" content=\"Confagricoltura Bologna\" \/>\n<meta property=\"article:published_time\" content=\"2021-12-02T14:30:30+00:00\" \/>\n<meta property=\"article:modified_time\" content=\"2021-12-02T14:30:31+00:00\" \/>\n<meta property=\"og:image\" content=\"https:\/\/www.confagricoltura.org\/bologna\/wp-content\/uploads\/sites\/12\/2021\/12\/Camera-control.jpg\" \/>\n\t<meta property=\"og:image:width\" content=\"1600\" \/>\n\t<meta property=\"og:image:height\" content=\"1180\" \/>\n\t<meta property=\"og:image:type\" content=\"image\/jpeg\" \/>\n<meta name=\"author\" content=\"confagricolturabologna\" \/>\n<meta name=\"twitter:card\" content=\"summary_large_image\" \/>\n<meta name=\"twitter:label1\" content=\"Scritto da\" \/>\n\t<meta name=\"twitter:data1\" content=\"confagricolturabologna\" \/>\n\t<meta name=\"twitter:label2\" content=\"Tempo di lettura stimato\" \/>\n\t<meta name=\"twitter:data2\" content=\"6 minuti\" \/>\n<script type=\"application\/ld+json\" class=\"yoast-schema-graph\">{\"@context\":\"https:\/\/schema.org\",\"@graph\":[{\"@type\":\"Article\",\"@id\":\"https:\/\/www.confagricoltura.org\/bologna\/impianti-audiovisivi-e-altri-strumenti-di-controllo-sul-posto-di-lavoro\/#article\",\"isPartOf\":{\"@id\":\"https:\/\/www.confagricoltura.org\/bologna\/impianti-audiovisivi-e-altri-strumenti-di-controllo-sul-posto-di-lavoro\/\"},\"author\":{\"name\":\"confagricolturabologna\",\"@id\":\"https:\/\/www.confagricoltura.org\/bologna\/#\/schema\/person\/277baa2a725fb840103c5f8898746c7f\"},\"headline\":\"Impianti audiovisivi e altri strumenti di controllo sul posto di lavoro.\",\"datePublished\":\"2021-12-02T14:30:30+00:00\",\"dateModified\":\"2021-12-02T14:30:31+00:00\",\"mainEntityOfPage\":{\"@id\":\"https:\/\/www.confagricoltura.org\/bologna\/impianti-audiovisivi-e-altri-strumenti-di-controllo-sul-posto-di-lavoro\/\"},\"wordCount\":1392,\"image\":{\"@id\":\"https:\/\/www.confagricoltura.org\/bologna\/impianti-audiovisivi-e-altri-strumenti-di-controllo-sul-posto-di-lavoro\/#primaryimage\"},\"thumbnailUrl\":\"https:\/\/www.confagricoltura.org\/bologna\/wp-content\/uploads\/sites\/12\/2021\/12\/Camera-control.jpg\",\"articleSection\":[\"Bologna Agricola Informa\",\"Informative per Associati\",\"Notiziario Provinciale\"],\"inLanguage\":\"it-IT\"},{\"@type\":\"WebPage\",\"@id\":\"https:\/\/www.confagricoltura.org\/bologna\/impianti-audiovisivi-e-altri-strumenti-di-controllo-sul-posto-di-lavoro\/\",\"url\":\"https:\/\/www.confagricoltura.org\/bologna\/impianti-audiovisivi-e-altri-strumenti-di-controllo-sul-posto-di-lavoro\/\",\"name\":\"Impianti audiovisivi e altri strumenti di controllo sul posto di lavoro. - Confagricoltura Bologna\",\"isPartOf\":{\"@id\":\"https:\/\/www.confagricoltura.org\/bologna\/#website\"},\"primaryImageOfPage\":{\"@id\":\"https:\/\/www.confagricoltura.org\/bologna\/impianti-audiovisivi-e-altri-strumenti-di-controllo-sul-posto-di-lavoro\/#primaryimage\"},\"image\":{\"@id\":\"https:\/\/www.confagricoltura.org\/bologna\/impianti-audiovisivi-e-altri-strumenti-di-controllo-sul-posto-di-lavoro\/#primaryimage\"},\"thumbnailUrl\":\"https:\/\/www.confagricoltura.org\/bologna\/wp-content\/uploads\/sites\/12\/2021\/12\/Camera-control.jpg\",\"datePublished\":\"2021-12-02T14:30:30+00:00\",\"dateModified\":\"2021-12-02T14:30:31+00:00\",\"author\":{\"@id\":\"https:\/\/www.confagricoltura.org\/bologna\/#\/schema\/person\/277baa2a725fb840103c5f8898746c7f\"},\"breadcrumb\":{\"@id\":\"https:\/\/www.confagricoltura.org\/bologna\/impianti-audiovisivi-e-altri-strumenti-di-controllo-sul-posto-di-lavoro\/#breadcrumb\"},\"inLanguage\":\"it-IT\",\"potentialAction\":[{\"@type\":\"ReadAction\",\"target\":[\"https:\/\/www.confagricoltura.org\/bologna\/impianti-audiovisivi-e-altri-strumenti-di-controllo-sul-posto-di-lavoro\/\"]}]},{\"@type\":\"ImageObject\",\"inLanguage\":\"it-IT\",\"@id\":\"https:\/\/www.confagricoltura.org\/bologna\/impianti-audiovisivi-e-altri-strumenti-di-controllo-sul-posto-di-lavoro\/#primaryimage\",\"url\":\"https:\/\/www.confagricoltura.org\/bologna\/wp-content\/uploads\/sites\/12\/2021\/12\/Camera-control.jpg\",\"contentUrl\":\"https:\/\/www.confagricoltura.org\/bologna\/wp-content\/uploads\/sites\/12\/2021\/12\/Camera-control.jpg\",\"width\":1600,\"height\":1180},{\"@type\":\"BreadcrumbList\",\"@id\":\"https:\/\/www.confagricoltura.org\/bologna\/impianti-audiovisivi-e-altri-strumenti-di-controllo-sul-posto-di-lavoro\/#breadcrumb\",\"itemListElement\":[{\"@type\":\"ListItem\",\"position\":1,\"name\":\"Home\",\"item\":\"https:\/\/www.confagricoltura.org\/bologna\/\"},{\"@type\":\"ListItem\",\"position\":2,\"name\":\"Impianti audiovisivi e altri strumenti di controllo sul posto di lavoro.\"}]},{\"@type\":\"WebSite\",\"@id\":\"https:\/\/www.confagricoltura.org\/bologna\/#website\",\"url\":\"https:\/\/www.confagricoltura.org\/bologna\/\",\"name\":\"Confagricoltura Bologna\",\"description\":\"Dalla parte degli Agricoltori\",\"potentialAction\":[{\"@type\":\"SearchAction\",\"target\":{\"@type\":\"EntryPoint\",\"urlTemplate\":\"https:\/\/www.confagricoltura.org\/bologna\/?s={search_term_string}\"},\"query-input\":{\"@type\":\"PropertyValueSpecification\",\"valueRequired\":true,\"valueName\":\"search_term_string\"}}],\"inLanguage\":\"it-IT\"},{\"@type\":\"Person\",\"@id\":\"https:\/\/www.confagricoltura.org\/bologna\/#\/schema\/person\/277baa2a725fb840103c5f8898746c7f\",\"name\":\"confagricolturabologna\",\"image\":{\"@type\":\"ImageObject\",\"inLanguage\":\"it-IT\",\"@id\":\"https:\/\/www.confagricoltura.org\/bologna\/#\/schema\/person\/image\/\",\"url\":\"https:\/\/secure.gravatar.com\/avatar\/edd9a034f35ea6aeadaf9744d1135acc?s=96&d=mm&r=g\",\"contentUrl\":\"https:\/\/secure.gravatar.com\/avatar\/edd9a034f35ea6aeadaf9744d1135acc?s=96&d=mm&r=g\",\"caption\":\"confagricolturabologna\"},\"url\":\"https:\/\/www.confagricoltura.org\/bologna\/author\/confagricolturabologna\/\"}]}<\/script>\n<!-- \/ Yoast SEO plugin. -->","yoast_head_json":{"title":"Impianti audiovisivi e altri strumenti di controllo sul posto di lavoro. - Confagricoltura Bologna","robots":{"index":"index","follow":"follow","max-snippet":"max-snippet:-1","max-image-preview":"max-image-preview:large","max-video-preview":"max-video-preview:-1"},"canonical":"https:\/\/www.confagricoltura.org\/bologna\/impianti-audiovisivi-e-altri-strumenti-di-controllo-sul-posto-di-lavoro\/","og_locale":"it_IT","og_type":"article","og_title":"Impianti audiovisivi e altri strumenti di controllo sul posto di lavoro. - Confagricoltura Bologna","og_description":"Come si ricorder\u00e0, con la riforma introdotta dal Jobs Act ( art. 23, comma 1,\u00a0D.Lgs. 14 settembre 2015, n. 151)\u00a0 a decorrere dal 24 settembre 2015 venne completamente ridisegnata la normativa, datata oramai ad oltre quarant\u2019anni addietro, prevista in origine dall\u2019art. 4 della legge n. 300\/1970 (Statuto dei Lavoratori), ampliando la applicabilit\u00e0 dei controlli audiovisivi","og_url":"https:\/\/www.confagricoltura.org\/bologna\/impianti-audiovisivi-e-altri-strumenti-di-controllo-sul-posto-di-lavoro\/","og_site_name":"Confagricoltura Bologna","article_published_time":"2021-12-02T14:30:30+00:00","article_modified_time":"2021-12-02T14:30:31+00:00","og_image":[{"width":1600,"height":1180,"url":"https:\/\/www.confagricoltura.org\/bologna\/wp-content\/uploads\/sites\/12\/2021\/12\/Camera-control.jpg","type":"image\/jpeg"}],"author":"confagricolturabologna","twitter_card":"summary_large_image","twitter_misc":{"Scritto da":"confagricolturabologna","Tempo di lettura stimato":"6 minuti"},"schema":{"@context":"https:\/\/schema.org","@graph":[{"@type":"Article","@id":"https:\/\/www.confagricoltura.org\/bologna\/impianti-audiovisivi-e-altri-strumenti-di-controllo-sul-posto-di-lavoro\/#article","isPartOf":{"@id":"https:\/\/www.confagricoltura.org\/bologna\/impianti-audiovisivi-e-altri-strumenti-di-controllo-sul-posto-di-lavoro\/"},"author":{"name":"confagricolturabologna","@id":"https:\/\/www.confagricoltura.org\/bologna\/#\/schema\/person\/277baa2a725fb840103c5f8898746c7f"},"headline":"Impianti audiovisivi e altri strumenti di controllo sul posto di lavoro.","datePublished":"2021-12-02T14:30:30+00:00","dateModified":"2021-12-02T14:30:31+00:00","mainEntityOfPage":{"@id":"https:\/\/www.confagricoltura.org\/bologna\/impianti-audiovisivi-e-altri-strumenti-di-controllo-sul-posto-di-lavoro\/"},"wordCount":1392,"image":{"@id":"https:\/\/www.confagricoltura.org\/bologna\/impianti-audiovisivi-e-altri-strumenti-di-controllo-sul-posto-di-lavoro\/#primaryimage"},"thumbnailUrl":"https:\/\/www.confagricoltura.org\/bologna\/wp-content\/uploads\/sites\/12\/2021\/12\/Camera-control.jpg","articleSection":["Bologna Agricola Informa","Informative per Associati","Notiziario Provinciale"],"inLanguage":"it-IT"},{"@type":"WebPage","@id":"https:\/\/www.confagricoltura.org\/bologna\/impianti-audiovisivi-e-altri-strumenti-di-controllo-sul-posto-di-lavoro\/","url":"https:\/\/www.confagricoltura.org\/bologna\/impianti-audiovisivi-e-altri-strumenti-di-controllo-sul-posto-di-lavoro\/","name":"Impianti audiovisivi e altri strumenti di controllo sul posto di lavoro. - Confagricoltura Bologna","isPartOf":{"@id":"https:\/\/www.confagricoltura.org\/bologna\/#website"},"primaryImageOfPage":{"@id":"https:\/\/www.confagricoltura.org\/bologna\/impianti-audiovisivi-e-altri-strumenti-di-controllo-sul-posto-di-lavoro\/#primaryimage"},"image":{"@id":"https:\/\/www.confagricoltura.org\/bologna\/impianti-audiovisivi-e-altri-strumenti-di-controllo-sul-posto-di-lavoro\/#primaryimage"},"thumbnailUrl":"https:\/\/www.confagricoltura.org\/bologna\/wp-content\/uploads\/sites\/12\/2021\/12\/Camera-control.jpg","datePublished":"2021-12-02T14:30:30+00:00","dateModified":"2021-12-02T14:30:31+00:00","author":{"@id":"https:\/\/www.confagricoltura.org\/bologna\/#\/schema\/person\/277baa2a725fb840103c5f8898746c7f"},"breadcrumb":{"@id":"https:\/\/www.confagricoltura.org\/bologna\/impianti-audiovisivi-e-altri-strumenti-di-controllo-sul-posto-di-lavoro\/#breadcrumb"},"inLanguage":"it-IT","potentialAction":[{"@type":"ReadAction","target":["https:\/\/www.confagricoltura.org\/bologna\/impianti-audiovisivi-e-altri-strumenti-di-controllo-sul-posto-di-lavoro\/"]}]},{"@type":"ImageObject","inLanguage":"it-IT","@id":"https:\/\/www.confagricoltura.org\/bologna\/impianti-audiovisivi-e-altri-strumenti-di-controllo-sul-posto-di-lavoro\/#primaryimage","url":"https:\/\/www.confagricoltura.org\/bologna\/wp-content\/uploads\/sites\/12\/2021\/12\/Camera-control.jpg","contentUrl":"https:\/\/www.confagricoltura.org\/bologna\/wp-content\/uploads\/sites\/12\/2021\/12\/Camera-control.jpg","width":1600,"height":1180},{"@type":"BreadcrumbList","@id":"https:\/\/www.confagricoltura.org\/bologna\/impianti-audiovisivi-e-altri-strumenti-di-controllo-sul-posto-di-lavoro\/#breadcrumb","itemListElement":[{"@type":"ListItem","position":1,"name":"Home","item":"https:\/\/www.confagricoltura.org\/bologna\/"},{"@type":"ListItem","position":2,"name":"Impianti audiovisivi e altri strumenti di controllo sul posto di lavoro."}]},{"@type":"WebSite","@id":"https:\/\/www.confagricoltura.org\/bologna\/#website","url":"https:\/\/www.confagricoltura.org\/bologna\/","name":"Confagricoltura Bologna","description":"Dalla parte degli Agricoltori","potentialAction":[{"@type":"SearchAction","target":{"@type":"EntryPoint","urlTemplate":"https:\/\/www.confagricoltura.org\/bologna\/?s={search_term_string}"},"query-input":{"@type":"PropertyValueSpecification","valueRequired":true,"valueName":"search_term_string"}}],"inLanguage":"it-IT"},{"@type":"Person","@id":"https:\/\/www.confagricoltura.org\/bologna\/#\/schema\/person\/277baa2a725fb840103c5f8898746c7f","name":"confagricolturabologna","image":{"@type":"ImageObject","inLanguage":"it-IT","@id":"https:\/\/www.confagricoltura.org\/bologna\/#\/schema\/person\/image\/","url":"https:\/\/secure.gravatar.com\/avatar\/edd9a034f35ea6aeadaf9744d1135acc?s=96&d=mm&r=g","contentUrl":"https:\/\/secure.gravatar.com\/avatar\/edd9a034f35ea6aeadaf9744d1135acc?s=96&d=mm&r=g","caption":"confagricolturabologna"},"url":"https:\/\/www.confagricoltura.org\/bologna\/author\/confagricolturabologna\/"}]}},"_links":{"self":[{"href":"https:\/\/www.confagricoltura.org\/bologna\/wp-json\/wp\/v2\/posts\/5912","targetHints":{"allow":["GET"]}}],"collection":[{"href":"https:\/\/www.confagricoltura.org\/bologna\/wp-json\/wp\/v2\/posts"}],"about":[{"href":"https:\/\/www.confagricoltura.org\/bologna\/wp-json\/wp\/v2\/types\/post"}],"author":[{"embeddable":true,"href":"https:\/\/www.confagricoltura.org\/bologna\/wp-json\/wp\/v2\/users\/7"}],"replies":[{"embeddable":true,"href":"https:\/\/www.confagricoltura.org\/bologna\/wp-json\/wp\/v2\/comments?post=5912"}],"version-history":[{"count":1,"href":"https:\/\/www.confagricoltura.org\/bologna\/wp-json\/wp\/v2\/posts\/5912\/revisions"}],"predecessor-version":[{"id":5914,"href":"https:\/\/www.confagricoltura.org\/bologna\/wp-json\/wp\/v2\/posts\/5912\/revisions\/5914"}],"wp:featuredmedia":[{"embeddable":true,"href":"https:\/\/www.confagricoltura.org\/bologna\/wp-json\/wp\/v2\/media\/5913"}],"wp:attachment":[{"href":"https:\/\/www.confagricoltura.org\/bologna\/wp-json\/wp\/v2\/media?parent=5912"}],"wp:term":[{"taxonomy":"category","embeddable":true,"href":"https:\/\/www.confagricoltura.org\/bologna\/wp-json\/wp\/v2\/categories?post=5912"},{"taxonomy":"post_tag","embeddable":true,"href":"https:\/\/www.confagricoltura.org\/bologna\/wp-json\/wp\/v2\/tags?post=5912"}],"curies":[{"name":"wp","href":"https:\/\/api.w.org\/{rel}","templated":true}]}}