{"id":5885,"date":"2021-11-15T10:45:41","date_gmt":"2021-11-15T09:45:41","guid":{"rendered":"https:\/\/www.confagricoltura.org\/bologna\/?p=5885"},"modified":"2021-11-15T10:45:42","modified_gmt":"2021-11-15T09:45:42","slug":"decreto-fiscale-d-l-n-146-2021-misure-urgenti-in-materia-economica-e-fiscale","status":"publish","type":"post","link":"https:\/\/www.confagricoltura.org\/bologna\/decreto-fiscale-d-l-n-146-2021-misure-urgenti-in-materia-economica-e-fiscale\/","title":{"rendered":"DECRETO \u201cFISCALE\u201d D.L. N. 146\/2021: misure urgenti in materia economica e fiscale."},"content":{"rendered":"\n<p>Con la pubblicazione nella G.U. del 21.10.2021 del D.L. N. 146\/2021 sono entrate in vigore dal 22.10.2021 alcune misure economiche, fiscali e di tutela del lavoro. Si riepilogano le novit\u00e0 fiscali di rilievo.<\/p>\n\n\n\n<p><strong>&#8211; Rimessione in termini per la rottamazione-ter e saldo e stralcio<\/strong><\/p>\n\n\n\n<p>La disposizione in commento interviene per ridefinire i termini di pagamento delle rate delle definizioni&nbsp; delle c.d. \u201cRottamazione ter\u201d&nbsp; (ex art. 3 del D. L. 119\/2018) e&nbsp; \u201csaldo e stralcio\u201d (ex art. 1, c. 184, della L. 145\/2018), ai sensi delle quali, si ricorda,&nbsp; l\u2019effetto di inefficacia delle stesse definizioni, per mancato tempestivo pagamento anche di una sola rata, non si produce nei casi di tardivit\u00e0 non superiore a cinque giorni, in applicazione del principio del lieve inadempimento, prevedendo un nuovo termine del 30 novembre 2021 per effettuare il pagamento, senza incorrere nella predetta inefficacia, delle rate scadute nel 2020 e nel periodo che va dal 28 febbraio&nbsp; al 31 luglio 2021.<\/p>\n\n\n\n<p>Si ricorda che le rate oggetto del nuovo differimento avrebbero dovuto essere versate entro i seguenti termini, a norma del D.L. n. 73\/2021 (Sostegni bis\u201d):<\/p>\n\n\n\n<p>il 31 luglio 2021, per le rate in scadenza il 28 febbraio e il 31 marzo 2020;<\/p>\n\n\n\n<p>il 31 agosto 2021, per la rata in scadenza il 31 maggio 2020;<\/p>\n\n\n\n<p>il 30 settembre 2021, per la rata in scadenza il 31 luglio 2020;<\/p>\n\n\n\n<p>il 31 ottobre 2021, per la rata in scadenza il 30 novembre 2020;<\/p>\n\n\n\n<p>il 30 novembre 2021, per le rate in scadenza il 28 febbraio, il 31 marzo, il 31 maggio e il 31 luglio 2021.<\/p>\n\n\n\n<p>Sul punto, va anche evidenziato che la proroga del pagamento risolve anche la problematica che si venuta a creare per effetto della disciplina sulla rottamazione dei ruoli fino a 5.000 euro prevista dall\u2019art. 4 del D.L. n. 41\/2021, che ha previsto l\u2019annullamento automatico per tutti i carichi affidati agli Agenti per la riscossione, inferiori alla predetta soglia, che si perfeziona entro il prossimo 31 ottobre, riguardanti le annualit\u00e0 dal 2000 al 2010. Infatti, con la proroga dei termini delle rate da rottamazione dei ruoli al 30 novembre i contribuenti hanno il tempo di verificare sul sito dell\u2019Agenzia delle entrate \u2013 Riscossione, con un apposito programma, le rate dovute omettendo i ruoli che hanno i requisiti oggettivi per essere annullati automaticamente, senza correre il rischio di pagare somme maggiori rispetto a quelle dovute, che non verrebbero rimborsate, n\u00e9 somme inferiori a quanto dovuto, circostanza che impedirebbe il perfezionarsi della rottamazione.<\/p>\n\n\n\n<p><strong>&#8211; Estensione del termine di pagamento per le cartelle di pagamento notificate dal 1\/09\/2021 al 31\/12\/2021<\/strong><\/p>\n\n\n\n<p>Con la norma in esame viene fissato un termine pi\u00f9 lungo di 150 giorni, invece dei canonici 60 giorni, per il pagamento delle cartelle di pagamento notificate dal 1\u00b0settembre al 31 dicembre 2021. Pertanto, fino allo scadere del predetto termine dei 150 giorni dalla notifica, non saranno dovuti interessi di mora e l\u2019agente della riscossione non potr\u00e0 dare corso all\u2019attivit\u00e0 di recupero coattivo del debito iscritto a ruolo.<\/p>\n\n\n\n<p>Tale differimento, tuttavia, non vale ai fini del computo dei termini per la proposizione del ricorso che resta di 60 giorni dalla notifica della cartella. Peraltro, prima dello spirare del termine potr\u00e0 essere richiesta la dilazione dei ruoli, per cui, se la stessa viene presentata entro il prossimo 31 dicembre, trova applicazione l\u2019innalzamento dei 60.000 euro a 100.000 euro del limite entro cui non occorre dimostrare la difficolt\u00e0 economica per ottenere la dilazione, nonch\u00e8 il termine del mancato pagamento di 10 rate anzich\u00e9 di 5 rate, anche non consecutive, per la verifica della decadenza.<\/p>\n\n\n\n<p><strong>&#8211; Estensione della rateazione per i piani di dilazione<\/strong><\/p>\n\n\n\n<p>Nell\u2019ottica di attenuare gli effetti economici negativi della pandemia si interviene sul numero di rate, che, se non pagate, determinano la decadenza da provvedimenti di rateizzazione precedentemente concessi, estendendolo da 10 a 18 rate, limitatamente ai piani di rateizzazione in essere alla data di inizio del periodo di sospensione di cui all\u2019art. 68 del D.L. n. 18\/2020 (8 marzo 2020).<\/p>\n\n\n\n<p>Pi\u00f9 in particolare, il comma 2, dell\u2019art. 3 dispone che i debitori decaduti, alla data di entrata in vigore del decreto legge in commento (22\/10\/2021), dai piani di dilazione in essere alla data dell\u20198 marzo 2020, sono automaticamente riammessi ai medesimi piani, per i quali il termine di pagamento delle rate sospese \u00e8 fissato al 31 ottobre 2021. Peraltro, a tali piani, ai fini della verifica della decadenza, si applicano le disposizioni di cui al primo comma, cio\u00e8 l\u2019aumento da 10 a 18 rate delle rate non pagate (v. sopra). Sul punto, si ricorda che il 30 settembre \u00e8 scaduto il termine ultimo di pagamento per i versamenti affidati all\u2019Agente della riscossione con scadenza tra l\u20198 marzo 2020 e il 31 agosto 2021, che viene pertanto prorogato dalla norma in esame al prossimo 31 ottobre.<\/p>\n\n\n\n<p>Per completezza si precisa che per le dilazioni richieste dopo l\u20198 marzo 2020 e fino al 31 dicembre 2021, resta invece confermato che la soglia di decadenza dal beneficio del termine \u00e8 di dieci rate non pagate. Per quanto riguarda, infine, i contribuenti gi\u00e0 decaduti dal beneficio della dilazione prima dell\u2019inizio della pandemia (08\/03\/2020), l\u2019art. 13 decies, c. 5, del D.L. n. 137\/2020 (decreto Ristori) aveva gi\u00e0 previsto la possibilit\u00e0 di presentare una nuova richiesta di rateizzazione entro il prossimo 31 dicembre, senza la necessit\u00e0 di saldare le rate scadute alla data di presentazione.<\/p>\n\n\n\n<p>A norma del comma 3 dell\u2019art. 3, restano validi gli atti e i provvedimenti adottati dall\u2019Agente della riscossione nel periodo dal 1\u00b0 ottobre 2021 alla data di entrata in vigore del decreto legge in commento e sono fatti salvi gli effetti prodottisi e i rapporti giuridici sorti sulla base degli stessi. Restano, inoltre, acquisiti, per quanto attiene ai versamenti delle rate sospese eventualmente eseguiti nello stesso periodo, gli interessi di mora corrisposti e le sanzioni e le somme aggiuntive gi\u00e0 corrisposte.<\/p>\n\n\n\n<p><strong>&#8211; Disposizioni urgenti in materia fiscale<\/strong><\/p>\n\n\n\n<p>E\u2019 intodotta una sanatoria dei crediti di imposta per le spese di ricerca e sviluppo per consentire alle imprese che si siano avvalse, in modo non corretto, della previgente disciplina del credito d\u2019imposta per attivit\u00e0 di ricerca e sviluppo di cui all\u2019articolo 3 del decreto-legge n. 145 del 2013 di procedere alla regolarizzazione della propria posizione fiscale, senza applicazione di sanzioni e interessi, attraverso il riversamento anche rateale dell\u2019importo del credito non spettante utilizzato in compensazione.<\/p>\n\n\n\n<p>Pi\u00f9 in particolare, in considerazione delle oggettive difficolt\u00e0 tecniche e delle incertezze che caratterizzano la materia, \u00e8 concessa la possibilit\u00e0 di regolarizzare, in relazione al periodo d\u2019imposta al 31 dicembre 2019 e ai periodi d\u2019imposta precedenti, le posizioni per le imprese che nei suddetti periodi d\u2019imposta abbiano realmente svolto, sostenendo le relative spese, attivit\u00e0 in tutto o in parte non qualificabili come attivit\u00e0 di ricerca e sviluppo ammissibili al credito d\u2019imposta. Non possono comunque avvalersi della procedura di riversamento i contribuenti che hanno posto in essere condotte fraudolente, simulate, tramite l\u2019utilizzo di documenti, contratti e documentazione contabile falsa.<\/p>\n\n\n\n<p>Apposito comma include tra i soggetti abilitati alla trasmissione delle dichiarazioni annuali e all\u2019apposizione del visto di conformit\u00e0 sulle dichiarazioni trasmesse ai sensi dell\u2019art. 35 del D. Lgs. n. 241\/1997 anche i revisori legali iscritti nel Registro dei revisori legali, di cui al D.Lgs. n. 39\/2010.<\/p>\n\n\n\n<p>E\u2019 previsto un incremento di 100 milioni di euro per l\u2019anno 2021 del fondo costituito per incentivare l\u2019acquisto di autovetture meno inquinanti. L\u2019incentivo per l\u2019acquisto di veicoli con specifici requisiti previsti dalla norma \u00e8 corrisposto dal venditore che lo recupera sotto forma di credito di imposta.<\/p>\n\n\n\n<p>(E. Cricca)<\/p>\n","protected":false},"excerpt":{"rendered":"<p>Con la pubblicazione nella G.U. del 21.10.2021 del D.L. N. 146\/2021 sono entrate in vigore dal 22.10.2021 alcune misure economiche, fiscali e di tutela del lavoro. Si riepilogano le novit\u00e0 fiscali di rilievo. &#8211; Rimessione in termini per la rottamazione-ter e saldo e stralcio La disposizione in commento interviene per ridefinire i termini di pagamento<\/p>\n","protected":false},"author":7,"featured_media":5536,"comment_status":"closed","ping_status":"closed","sticky":false,"template":"","format":"standard","meta":{"wp_mapbox_gl_js_media":[],"footnotes":""},"categories":[23,36,25],"tags":[],"class_list":["post-5885","post","type-post","status-publish","format-standard","has-post-thumbnail","hentry","category-bologna-agricola-informa","category-informative-fiscali","category-notiziario-provinciale"],"yoast_head":"<!-- This site is optimized with the Yoast SEO plugin v26.8 - https:\/\/yoast.com\/product\/yoast-seo-wordpress\/ -->\n<title>DECRETO \u201cFISCALE\u201d D.L. N. 146\/2021: misure urgenti in materia economica e fiscale. - Confagricoltura Bologna<\/title>\n<meta name=\"robots\" content=\"index, follow, max-snippet:-1, max-image-preview:large, max-video-preview:-1\" \/>\n<link rel=\"canonical\" href=\"https:\/\/www.confagricoltura.org\/bologna\/decreto-fiscale-d-l-n-146-2021-misure-urgenti-in-materia-economica-e-fiscale\/\" \/>\n<meta property=\"og:locale\" content=\"it_IT\" \/>\n<meta property=\"og:type\" content=\"article\" \/>\n<meta property=\"og:title\" content=\"DECRETO \u201cFISCALE\u201d D.L. N. 146\/2021: misure urgenti in materia economica e fiscale. - Confagricoltura Bologna\" \/>\n<meta property=\"og:description\" content=\"Con la pubblicazione nella G.U. del 21.10.2021 del D.L. N. 146\/2021 sono entrate in vigore dal 22.10.2021 alcune misure economiche, fiscali e di tutela del lavoro. Si riepilogano le novit\u00e0 fiscali di rilievo. &#8211; Rimessione in termini per la rottamazione-ter e saldo e stralcio La disposizione in commento interviene per ridefinire i termini di pagamento\" \/>\n<meta property=\"og:url\" content=\"https:\/\/www.confagricoltura.org\/bologna\/decreto-fiscale-d-l-n-146-2021-misure-urgenti-in-materia-economica-e-fiscale\/\" \/>\n<meta property=\"og:site_name\" content=\"Confagricoltura Bologna\" \/>\n<meta property=\"article:published_time\" content=\"2021-11-15T09:45:41+00:00\" \/>\n<meta property=\"article:modified_time\" content=\"2021-11-15T09:45:42+00:00\" \/>\n<meta property=\"og:image\" content=\"https:\/\/www.confagricoltura.org\/bologna\/wp-content\/uploads\/sites\/12\/2021\/03\/Gazzetta-Ufficiale.jpg\" \/>\n\t<meta property=\"og:image:width\" content=\"980\" \/>\n\t<meta property=\"og:image:height\" content=\"723\" \/>\n\t<meta property=\"og:image:type\" content=\"image\/jpeg\" \/>\n<meta name=\"author\" content=\"confagricolturabologna\" \/>\n<meta name=\"twitter:card\" content=\"summary_large_image\" \/>\n<meta name=\"twitter:label1\" content=\"Scritto da\" \/>\n\t<meta name=\"twitter:data1\" content=\"confagricolturabologna\" \/>\n\t<meta name=\"twitter:label2\" content=\"Tempo di lettura stimato\" \/>\n\t<meta name=\"twitter:data2\" content=\"6 minuti\" \/>\n<script type=\"application\/ld+json\" class=\"yoast-schema-graph\">{\"@context\":\"https:\/\/schema.org\",\"@graph\":[{\"@type\":\"Article\",\"@id\":\"https:\/\/www.confagricoltura.org\/bologna\/decreto-fiscale-d-l-n-146-2021-misure-urgenti-in-materia-economica-e-fiscale\/#article\",\"isPartOf\":{\"@id\":\"https:\/\/www.confagricoltura.org\/bologna\/decreto-fiscale-d-l-n-146-2021-misure-urgenti-in-materia-economica-e-fiscale\/\"},\"author\":{\"name\":\"confagricolturabologna\",\"@id\":\"https:\/\/www.confagricoltura.org\/bologna\/#\/schema\/person\/277baa2a725fb840103c5f8898746c7f\"},\"headline\":\"DECRETO \u201cFISCALE\u201d D.L. N. 146\/2021: misure urgenti in materia economica e fiscale.\",\"datePublished\":\"2021-11-15T09:45:41+00:00\",\"dateModified\":\"2021-11-15T09:45:42+00:00\",\"mainEntityOfPage\":{\"@id\":\"https:\/\/www.confagricoltura.org\/bologna\/decreto-fiscale-d-l-n-146-2021-misure-urgenti-in-materia-economica-e-fiscale\/\"},\"wordCount\":1189,\"image\":{\"@id\":\"https:\/\/www.confagricoltura.org\/bologna\/decreto-fiscale-d-l-n-146-2021-misure-urgenti-in-materia-economica-e-fiscale\/#primaryimage\"},\"thumbnailUrl\":\"https:\/\/www.confagricoltura.org\/bologna\/wp-content\/uploads\/sites\/12\/2021\/03\/Gazzetta-Ufficiale.jpg\",\"articleSection\":[\"Bologna Agricola Informa\",\"Informative Fiscali\",\"Notiziario Provinciale\"],\"inLanguage\":\"it-IT\"},{\"@type\":\"WebPage\",\"@id\":\"https:\/\/www.confagricoltura.org\/bologna\/decreto-fiscale-d-l-n-146-2021-misure-urgenti-in-materia-economica-e-fiscale\/\",\"url\":\"https:\/\/www.confagricoltura.org\/bologna\/decreto-fiscale-d-l-n-146-2021-misure-urgenti-in-materia-economica-e-fiscale\/\",\"name\":\"DECRETO \u201cFISCALE\u201d D.L. N. 146\/2021: misure urgenti in materia economica e fiscale. - Confagricoltura Bologna\",\"isPartOf\":{\"@id\":\"https:\/\/www.confagricoltura.org\/bologna\/#website\"},\"primaryImageOfPage\":{\"@id\":\"https:\/\/www.confagricoltura.org\/bologna\/decreto-fiscale-d-l-n-146-2021-misure-urgenti-in-materia-economica-e-fiscale\/#primaryimage\"},\"image\":{\"@id\":\"https:\/\/www.confagricoltura.org\/bologna\/decreto-fiscale-d-l-n-146-2021-misure-urgenti-in-materia-economica-e-fiscale\/#primaryimage\"},\"thumbnailUrl\":\"https:\/\/www.confagricoltura.org\/bologna\/wp-content\/uploads\/sites\/12\/2021\/03\/Gazzetta-Ufficiale.jpg\",\"datePublished\":\"2021-11-15T09:45:41+00:00\",\"dateModified\":\"2021-11-15T09:45:42+00:00\",\"author\":{\"@id\":\"https:\/\/www.confagricoltura.org\/bologna\/#\/schema\/person\/277baa2a725fb840103c5f8898746c7f\"},\"breadcrumb\":{\"@id\":\"https:\/\/www.confagricoltura.org\/bologna\/decreto-fiscale-d-l-n-146-2021-misure-urgenti-in-materia-economica-e-fiscale\/#breadcrumb\"},\"inLanguage\":\"it-IT\",\"potentialAction\":[{\"@type\":\"ReadAction\",\"target\":[\"https:\/\/www.confagricoltura.org\/bologna\/decreto-fiscale-d-l-n-146-2021-misure-urgenti-in-materia-economica-e-fiscale\/\"]}]},{\"@type\":\"ImageObject\",\"inLanguage\":\"it-IT\",\"@id\":\"https:\/\/www.confagricoltura.org\/bologna\/decreto-fiscale-d-l-n-146-2021-misure-urgenti-in-materia-economica-e-fiscale\/#primaryimage\",\"url\":\"https:\/\/www.confagricoltura.org\/bologna\/wp-content\/uploads\/sites\/12\/2021\/03\/Gazzetta-Ufficiale.jpg\",\"contentUrl\":\"https:\/\/www.confagricoltura.org\/bologna\/wp-content\/uploads\/sites\/12\/2021\/03\/Gazzetta-Ufficiale.jpg\",\"width\":980,\"height\":723},{\"@type\":\"BreadcrumbList\",\"@id\":\"https:\/\/www.confagricoltura.org\/bologna\/decreto-fiscale-d-l-n-146-2021-misure-urgenti-in-materia-economica-e-fiscale\/#breadcrumb\",\"itemListElement\":[{\"@type\":\"ListItem\",\"position\":1,\"name\":\"Home\",\"item\":\"https:\/\/www.confagricoltura.org\/bologna\/\"},{\"@type\":\"ListItem\",\"position\":2,\"name\":\"DECRETO \u201cFISCALE\u201d D.L. N. 146\/2021: misure urgenti in materia economica e fiscale.\"}]},{\"@type\":\"WebSite\",\"@id\":\"https:\/\/www.confagricoltura.org\/bologna\/#website\",\"url\":\"https:\/\/www.confagricoltura.org\/bologna\/\",\"name\":\"Confagricoltura Bologna\",\"description\":\"Dalla parte degli Agricoltori\",\"potentialAction\":[{\"@type\":\"SearchAction\",\"target\":{\"@type\":\"EntryPoint\",\"urlTemplate\":\"https:\/\/www.confagricoltura.org\/bologna\/?s={search_term_string}\"},\"query-input\":{\"@type\":\"PropertyValueSpecification\",\"valueRequired\":true,\"valueName\":\"search_term_string\"}}],\"inLanguage\":\"it-IT\"},{\"@type\":\"Person\",\"@id\":\"https:\/\/www.confagricoltura.org\/bologna\/#\/schema\/person\/277baa2a725fb840103c5f8898746c7f\",\"name\":\"confagricolturabologna\",\"image\":{\"@type\":\"ImageObject\",\"inLanguage\":\"it-IT\",\"@id\":\"https:\/\/www.confagricoltura.org\/bologna\/#\/schema\/person\/image\/\",\"url\":\"https:\/\/secure.gravatar.com\/avatar\/edd9a034f35ea6aeadaf9744d1135acc?s=96&d=mm&r=g\",\"contentUrl\":\"https:\/\/secure.gravatar.com\/avatar\/edd9a034f35ea6aeadaf9744d1135acc?s=96&d=mm&r=g\",\"caption\":\"confagricolturabologna\"},\"url\":\"https:\/\/www.confagricoltura.org\/bologna\/author\/confagricolturabologna\/\"}]}<\/script>\n<!-- \/ Yoast SEO plugin. -->","yoast_head_json":{"title":"DECRETO \u201cFISCALE\u201d D.L. N. 146\/2021: misure urgenti in materia economica e fiscale. - Confagricoltura Bologna","robots":{"index":"index","follow":"follow","max-snippet":"max-snippet:-1","max-image-preview":"max-image-preview:large","max-video-preview":"max-video-preview:-1"},"canonical":"https:\/\/www.confagricoltura.org\/bologna\/decreto-fiscale-d-l-n-146-2021-misure-urgenti-in-materia-economica-e-fiscale\/","og_locale":"it_IT","og_type":"article","og_title":"DECRETO \u201cFISCALE\u201d D.L. N. 146\/2021: misure urgenti in materia economica e fiscale. - Confagricoltura Bologna","og_description":"Con la pubblicazione nella G.U. del 21.10.2021 del D.L. N. 146\/2021 sono entrate in vigore dal 22.10.2021 alcune misure economiche, fiscali e di tutela del lavoro. Si riepilogano le novit\u00e0 fiscali di rilievo. &#8211; Rimessione in termini per la rottamazione-ter e saldo e stralcio La disposizione in commento interviene per ridefinire i termini di pagamento","og_url":"https:\/\/www.confagricoltura.org\/bologna\/decreto-fiscale-d-l-n-146-2021-misure-urgenti-in-materia-economica-e-fiscale\/","og_site_name":"Confagricoltura Bologna","article_published_time":"2021-11-15T09:45:41+00:00","article_modified_time":"2021-11-15T09:45:42+00:00","og_image":[{"width":980,"height":723,"url":"https:\/\/www.confagricoltura.org\/bologna\/wp-content\/uploads\/sites\/12\/2021\/03\/Gazzetta-Ufficiale.jpg","type":"image\/jpeg"}],"author":"confagricolturabologna","twitter_card":"summary_large_image","twitter_misc":{"Scritto da":"confagricolturabologna","Tempo di lettura stimato":"6 minuti"},"schema":{"@context":"https:\/\/schema.org","@graph":[{"@type":"Article","@id":"https:\/\/www.confagricoltura.org\/bologna\/decreto-fiscale-d-l-n-146-2021-misure-urgenti-in-materia-economica-e-fiscale\/#article","isPartOf":{"@id":"https:\/\/www.confagricoltura.org\/bologna\/decreto-fiscale-d-l-n-146-2021-misure-urgenti-in-materia-economica-e-fiscale\/"},"author":{"name":"confagricolturabologna","@id":"https:\/\/www.confagricoltura.org\/bologna\/#\/schema\/person\/277baa2a725fb840103c5f8898746c7f"},"headline":"DECRETO \u201cFISCALE\u201d D.L. N. 146\/2021: misure urgenti in materia economica e fiscale.","datePublished":"2021-11-15T09:45:41+00:00","dateModified":"2021-11-15T09:45:42+00:00","mainEntityOfPage":{"@id":"https:\/\/www.confagricoltura.org\/bologna\/decreto-fiscale-d-l-n-146-2021-misure-urgenti-in-materia-economica-e-fiscale\/"},"wordCount":1189,"image":{"@id":"https:\/\/www.confagricoltura.org\/bologna\/decreto-fiscale-d-l-n-146-2021-misure-urgenti-in-materia-economica-e-fiscale\/#primaryimage"},"thumbnailUrl":"https:\/\/www.confagricoltura.org\/bologna\/wp-content\/uploads\/sites\/12\/2021\/03\/Gazzetta-Ufficiale.jpg","articleSection":["Bologna Agricola Informa","Informative Fiscali","Notiziario Provinciale"],"inLanguage":"it-IT"},{"@type":"WebPage","@id":"https:\/\/www.confagricoltura.org\/bologna\/decreto-fiscale-d-l-n-146-2021-misure-urgenti-in-materia-economica-e-fiscale\/","url":"https:\/\/www.confagricoltura.org\/bologna\/decreto-fiscale-d-l-n-146-2021-misure-urgenti-in-materia-economica-e-fiscale\/","name":"DECRETO \u201cFISCALE\u201d D.L. N. 146\/2021: misure urgenti in materia economica e fiscale. - Confagricoltura Bologna","isPartOf":{"@id":"https:\/\/www.confagricoltura.org\/bologna\/#website"},"primaryImageOfPage":{"@id":"https:\/\/www.confagricoltura.org\/bologna\/decreto-fiscale-d-l-n-146-2021-misure-urgenti-in-materia-economica-e-fiscale\/#primaryimage"},"image":{"@id":"https:\/\/www.confagricoltura.org\/bologna\/decreto-fiscale-d-l-n-146-2021-misure-urgenti-in-materia-economica-e-fiscale\/#primaryimage"},"thumbnailUrl":"https:\/\/www.confagricoltura.org\/bologna\/wp-content\/uploads\/sites\/12\/2021\/03\/Gazzetta-Ufficiale.jpg","datePublished":"2021-11-15T09:45:41+00:00","dateModified":"2021-11-15T09:45:42+00:00","author":{"@id":"https:\/\/www.confagricoltura.org\/bologna\/#\/schema\/person\/277baa2a725fb840103c5f8898746c7f"},"breadcrumb":{"@id":"https:\/\/www.confagricoltura.org\/bologna\/decreto-fiscale-d-l-n-146-2021-misure-urgenti-in-materia-economica-e-fiscale\/#breadcrumb"},"inLanguage":"it-IT","potentialAction":[{"@type":"ReadAction","target":["https:\/\/www.confagricoltura.org\/bologna\/decreto-fiscale-d-l-n-146-2021-misure-urgenti-in-materia-economica-e-fiscale\/"]}]},{"@type":"ImageObject","inLanguage":"it-IT","@id":"https:\/\/www.confagricoltura.org\/bologna\/decreto-fiscale-d-l-n-146-2021-misure-urgenti-in-materia-economica-e-fiscale\/#primaryimage","url":"https:\/\/www.confagricoltura.org\/bologna\/wp-content\/uploads\/sites\/12\/2021\/03\/Gazzetta-Ufficiale.jpg","contentUrl":"https:\/\/www.confagricoltura.org\/bologna\/wp-content\/uploads\/sites\/12\/2021\/03\/Gazzetta-Ufficiale.jpg","width":980,"height":723},{"@type":"BreadcrumbList","@id":"https:\/\/www.confagricoltura.org\/bologna\/decreto-fiscale-d-l-n-146-2021-misure-urgenti-in-materia-economica-e-fiscale\/#breadcrumb","itemListElement":[{"@type":"ListItem","position":1,"name":"Home","item":"https:\/\/www.confagricoltura.org\/bologna\/"},{"@type":"ListItem","position":2,"name":"DECRETO \u201cFISCALE\u201d D.L. N. 146\/2021: misure urgenti in materia economica e fiscale."}]},{"@type":"WebSite","@id":"https:\/\/www.confagricoltura.org\/bologna\/#website","url":"https:\/\/www.confagricoltura.org\/bologna\/","name":"Confagricoltura Bologna","description":"Dalla parte degli Agricoltori","potentialAction":[{"@type":"SearchAction","target":{"@type":"EntryPoint","urlTemplate":"https:\/\/www.confagricoltura.org\/bologna\/?s={search_term_string}"},"query-input":{"@type":"PropertyValueSpecification","valueRequired":true,"valueName":"search_term_string"}}],"inLanguage":"it-IT"},{"@type":"Person","@id":"https:\/\/www.confagricoltura.org\/bologna\/#\/schema\/person\/277baa2a725fb840103c5f8898746c7f","name":"confagricolturabologna","image":{"@type":"ImageObject","inLanguage":"it-IT","@id":"https:\/\/www.confagricoltura.org\/bologna\/#\/schema\/person\/image\/","url":"https:\/\/secure.gravatar.com\/avatar\/edd9a034f35ea6aeadaf9744d1135acc?s=96&d=mm&r=g","contentUrl":"https:\/\/secure.gravatar.com\/avatar\/edd9a034f35ea6aeadaf9744d1135acc?s=96&d=mm&r=g","caption":"confagricolturabologna"},"url":"https:\/\/www.confagricoltura.org\/bologna\/author\/confagricolturabologna\/"}]}},"_links":{"self":[{"href":"https:\/\/www.confagricoltura.org\/bologna\/wp-json\/wp\/v2\/posts\/5885","targetHints":{"allow":["GET"]}}],"collection":[{"href":"https:\/\/www.confagricoltura.org\/bologna\/wp-json\/wp\/v2\/posts"}],"about":[{"href":"https:\/\/www.confagricoltura.org\/bologna\/wp-json\/wp\/v2\/types\/post"}],"author":[{"embeddable":true,"href":"https:\/\/www.confagricoltura.org\/bologna\/wp-json\/wp\/v2\/users\/7"}],"replies":[{"embeddable":true,"href":"https:\/\/www.confagricoltura.org\/bologna\/wp-json\/wp\/v2\/comments?post=5885"}],"version-history":[{"count":1,"href":"https:\/\/www.confagricoltura.org\/bologna\/wp-json\/wp\/v2\/posts\/5885\/revisions"}],"predecessor-version":[{"id":5886,"href":"https:\/\/www.confagricoltura.org\/bologna\/wp-json\/wp\/v2\/posts\/5885\/revisions\/5886"}],"wp:featuredmedia":[{"embeddable":true,"href":"https:\/\/www.confagricoltura.org\/bologna\/wp-json\/wp\/v2\/media\/5536"}],"wp:attachment":[{"href":"https:\/\/www.confagricoltura.org\/bologna\/wp-json\/wp\/v2\/media?parent=5885"}],"wp:term":[{"taxonomy":"category","embeddable":true,"href":"https:\/\/www.confagricoltura.org\/bologna\/wp-json\/wp\/v2\/categories?post=5885"},{"taxonomy":"post_tag","embeddable":true,"href":"https:\/\/www.confagricoltura.org\/bologna\/wp-json\/wp\/v2\/tags?post=5885"}],"curies":[{"name":"wp","href":"https:\/\/api.w.org\/{rel}","templated":true}]}}