{"id":5810,"date":"2021-09-30T09:41:31","date_gmt":"2021-09-30T07:41:31","guid":{"rendered":"https:\/\/www.confagricoltura.org\/bologna\/?p=5810"},"modified":"2021-09-30T09:41:33","modified_gmt":"2021-09-30T07:41:33","slug":"agricoltura-reddito-di-cittadinanza-e-politiche-attive-del-lavoro","status":"publish","type":"post","link":"https:\/\/www.confagricoltura.org\/bologna\/agricoltura-reddito-di-cittadinanza-e-politiche-attive-del-lavoro\/","title":{"rendered":"Agricoltura, reddito di cittadinanza e politiche attive del lavoro."},"content":{"rendered":"\n<p>Le enormi somme stanziate in questi anni ed il risultato modesto raggiunto sul versante lavoro rappresentano il \u201cde profundis\u201d per il reddito di Cittadinanza.<\/p>\n\n\n\n<p>Solo 152 mila percettori del reddito di cittadinanza (elaborazione dati della CGIA di Mestre) hanno trovato un posto di lavoro grazie ai navigator, su oltre 1 milione di beneficiari che hanno percepito in media quasi 7 mila euro l\u2019anno (secondo le stime INPS, ad agosto 2021, sono infatti 1,24 milioni i nuclei percettori, con una platea totale di interessati di oltre tre milioni).<\/p>\n\n\n\n<p>Ogni posto di lavoro \u201ccreato\u201d \u00e8 costato allo Stato 52 mila euro, il doppio del costo medio annuo di un operaio. L\u2019istituto non ha contribuito a creare lavoro n\u00e9 a contrastare la disoccupazione, a fronte ad un costo complessivo nel triennio di 19,6 miliardi (3,8 nel 2019 &#8211; 7,2 nel 2020 e 8,6 miliardi per il 2021); con previsione per il 2022 di una spesa di per il 2022 di 7,7 miliardi.<\/p>\n\n\n\n<p>A fronte dell\u2019imponente somma spesa, tra gli oltre tre milioni di percettori del reddito solamente 1,15 milioni hanno sottoscritto un Patto per il lavoro, rendendosi disponibili a trovare un\u2019occupazione e solo 152 mila hanno trovato una stabile occupazione.<\/p>\n\n\n\n<p>Secondo l\u2019ANPAL le persone che ricevono il reddito sono difficilmente occupabili e privi di esperienza lavorativa alle spalle talch\u00e9 al 90% permarranno nell\u2019attuale stato di disoccupazione.&nbsp; I dati attestano che il reddito di cittadinanza \u00e8 assistenza; primeggia per numero di percettori, infatti, il Sud: il 20% abita nelle province di Caserta e Napoli, dove si concentrano complessivamente quasi 703 mila beneficiari; a Roma sono 240.065, a Palermo 212.544, a Catania 169.250, a Milano 122.873, a Torino 104.638 ed a Bari 92.233.<\/p>\n\n\n\n<p>E\u2019 forte lo scompenso tra le somme stanziate per il reddito di cittadinanza e le altre somme spese dallo Stato per il lavoro (a fronte dei circa 27 miliardi di euro il totale del costo del reddito di cittadinanza, nel periodo 2019 \u2013 2022, alle politiche attive per il lavoro sono destinate risorse per 9,7 miliardi. Di fatto il reddito di cittadinanza ha ostacolato la ricerca di lavoratori nei settori tradizionalmente legati alla stagionalit\u00e0, il turismo, la ristorazione l\u2019agricoltura, il terziario e l\u2019industria legata alle commesse.<\/p>\n\n\n\n<p>L\u2019Italia investe poco nel futuro, nei giovani, nell\u2019istruzione, nella formazione professionale, tecnica e universitaria, nella ricerca! Anche l\u2019Agricoltura ha bisogno di un cambio di passo. La massa monetaria a disposizione, distratta da illusorie e fallimentari esperienze nate per illusoriamente eradicare la povert\u00e0 (sic!), pu\u00f2 essere investita tutta sul futuro dei lavoratori, giovani o meno giovani, comunque in cerca di occupazione, favorendo le donne in un percorso teso alla parit\u00e0 di genere.<\/p>\n\n\n\n<p>Occorre mettere in rete le competenze pubbliche e private in materia di avviamento al lavoro; investire nella rete infrastrutturale tecnologica e sulle banche dati, mettendo in relazione sinergica i centri per l\u2019impiego (che debbono tornare dalle Regioni allo Stato), le agenzie private, le associazioni di categoria (Agrijob per Confagricoltura), gli enti bilaterali sia nazionali che provinciali, istituzionalizzando il \u201creferral\u201d, che non si riduce alla banale \u201craccomandazione\u201d, puntando sulla formazione professionale,&nbsp; durante il contratto&nbsp; o perso&nbsp; il lavoro , e&nbsp; sulla riprofilazione degli addetti agricoli mediante il \u201creskilling\u201d.<\/p>\n\n\n\n<p>\u00a0Gli agricoltori hanno gi\u00e0 immaginato il prossimo futuro, in specie nell\u2019ambito della contrattazione collettiva, anche provinciale)\u00a0 puntando sulla formazione dei lavoratori, individuando nel settore le aree multifunzionali, quelle specialistiche delle produzione animale e della produzione vegetale, puntando sulla nuova qualificazione del personale per accrescere il livello professionale,\u00a0 le conoscenze teorico \u2013 pratiche degli addetti alla conduzione di macchine operatrici (sempre pi\u00f9 complesse),\u00a0 degli operai presenti nelle aziende lattiero \/ casearie, negli allevamenti, i dipendenti della filiera del vino,  ai lavoratori delle aziende orto \u2013 floro \u2013 frutticole, valorizzando le metodologie colturali\u00a0 innovative (in serra, al coperto, senza terra, fungicole, idroponiche, acquacoltura).<\/p>\n\n\n\n<p>Nell\u2019ambito della riforma del reddito di cittadinanza si operi con decisione, si cancelli questo obbrobrio, inutile e costoso, si punti tutto sulle persone, sul lavoro e sulla potenzialit\u00e0 del personale, si riqualifichi l\u2019assistenza ai bisognosi guardando al lavoro e non alla malintesa socialit\u00e0 assistenzialista; con i miliardi recuperati dal reddito di cittadinanza si creer\u00e0 lavoro buono e&nbsp; utile,&nbsp; si consentir\u00e0 anche agli agricoltori di mantenere il primato italiano delle eccellenze, consolidando i gi\u00e0 soddisfacenti risultati occupazionali della corrente pur difficile&nbsp; annata agraria.<\/p>\n\n\n\n<p>(M. Mazzanti)<\/p>\n","protected":false},"excerpt":{"rendered":"<p>Le enormi somme stanziate in questi anni ed il risultato modesto raggiunto sul versante lavoro rappresentano il \u201cde profundis\u201d per il reddito di Cittadinanza. <\/p>\n","protected":false},"author":7,"featured_media":5811,"comment_status":"closed","ping_status":"closed","sticky":false,"template":"","format":"standard","meta":{"wp_mapbox_gl_js_media":[],"footnotes":""},"categories":[23,37,35,25],"tags":[],"class_list":["post-5810","post","type-post","status-publish","format-standard","has-post-thumbnail","hentry","category-bologna-agricola-informa","category-informative-per-associati","category-lavoro","category-notiziario-provinciale"],"yoast_head":"<!-- This site is optimized with the Yoast SEO plugin v26.8 - https:\/\/yoast.com\/product\/yoast-seo-wordpress\/ -->\n<title>Agricoltura, reddito di cittadinanza e politiche attive del lavoro. - Confagricoltura Bologna<\/title>\n<meta name=\"robots\" content=\"index, follow, max-snippet:-1, max-image-preview:large, max-video-preview:-1\" \/>\n<link rel=\"canonical\" href=\"https:\/\/www.confagricoltura.org\/bologna\/agricoltura-reddito-di-cittadinanza-e-politiche-attive-del-lavoro\/\" \/>\n<meta property=\"og:locale\" content=\"it_IT\" \/>\n<meta property=\"og:type\" content=\"article\" \/>\n<meta property=\"og:title\" content=\"Agricoltura, reddito di cittadinanza e politiche attive del lavoro. - Confagricoltura Bologna\" \/>\n<meta property=\"og:description\" content=\"Le enormi somme stanziate in questi anni ed il risultato modesto raggiunto sul versante lavoro rappresentano il \u201cde profundis\u201d per il reddito di Cittadinanza.\" \/>\n<meta property=\"og:url\" content=\"https:\/\/www.confagricoltura.org\/bologna\/agricoltura-reddito-di-cittadinanza-e-politiche-attive-del-lavoro\/\" \/>\n<meta property=\"og:site_name\" content=\"Confagricoltura Bologna\" \/>\n<meta property=\"article:published_time\" content=\"2021-09-30T07:41:31+00:00\" \/>\n<meta property=\"article:modified_time\" content=\"2021-09-30T07:41:33+00:00\" \/>\n<meta property=\"og:image\" content=\"https:\/\/www.confagricoltura.org\/bologna\/wp-content\/uploads\/sites\/12\/2021\/09\/Reddito-di-cittadinanza.jpg\" \/>\n\t<meta property=\"og:image:width\" content=\"980\" \/>\n\t<meta property=\"og:image:height\" content=\"723\" \/>\n\t<meta property=\"og:image:type\" content=\"image\/jpeg\" \/>\n<meta name=\"author\" content=\"confagricolturabologna\" \/>\n<meta name=\"twitter:card\" content=\"summary_large_image\" \/>\n<meta name=\"twitter:label1\" content=\"Scritto da\" \/>\n\t<meta name=\"twitter:data1\" content=\"confagricolturabologna\" \/>\n\t<meta name=\"twitter:label2\" content=\"Tempo di lettura stimato\" \/>\n\t<meta name=\"twitter:data2\" content=\"4 minuti\" \/>\n<script type=\"application\/ld+json\" class=\"yoast-schema-graph\">{\"@context\":\"https:\/\/schema.org\",\"@graph\":[{\"@type\":\"Article\",\"@id\":\"https:\/\/www.confagricoltura.org\/bologna\/agricoltura-reddito-di-cittadinanza-e-politiche-attive-del-lavoro\/#article\",\"isPartOf\":{\"@id\":\"https:\/\/www.confagricoltura.org\/bologna\/agricoltura-reddito-di-cittadinanza-e-politiche-attive-del-lavoro\/\"},\"author\":{\"name\":\"confagricolturabologna\",\"@id\":\"https:\/\/www.confagricoltura.org\/bologna\/#\/schema\/person\/277baa2a725fb840103c5f8898746c7f\"},\"headline\":\"Agricoltura, reddito di cittadinanza e politiche attive del lavoro.\",\"datePublished\":\"2021-09-30T07:41:31+00:00\",\"dateModified\":\"2021-09-30T07:41:33+00:00\",\"mainEntityOfPage\":{\"@id\":\"https:\/\/www.confagricoltura.org\/bologna\/agricoltura-reddito-di-cittadinanza-e-politiche-attive-del-lavoro\/\"},\"wordCount\":700,\"image\":{\"@id\":\"https:\/\/www.confagricoltura.org\/bologna\/agricoltura-reddito-di-cittadinanza-e-politiche-attive-del-lavoro\/#primaryimage\"},\"thumbnailUrl\":\"https:\/\/www.confagricoltura.org\/bologna\/wp-content\/uploads\/sites\/12\/2021\/09\/Reddito-di-cittadinanza.jpg\",\"articleSection\":[\"Bologna Agricola Informa\",\"Informative per Associati\",\"Lavoro\",\"Notiziario Provinciale\"],\"inLanguage\":\"it-IT\"},{\"@type\":\"WebPage\",\"@id\":\"https:\/\/www.confagricoltura.org\/bologna\/agricoltura-reddito-di-cittadinanza-e-politiche-attive-del-lavoro\/\",\"url\":\"https:\/\/www.confagricoltura.org\/bologna\/agricoltura-reddito-di-cittadinanza-e-politiche-attive-del-lavoro\/\",\"name\":\"Agricoltura, reddito di cittadinanza e politiche attive del lavoro. - Confagricoltura Bologna\",\"isPartOf\":{\"@id\":\"https:\/\/www.confagricoltura.org\/bologna\/#website\"},\"primaryImageOfPage\":{\"@id\":\"https:\/\/www.confagricoltura.org\/bologna\/agricoltura-reddito-di-cittadinanza-e-politiche-attive-del-lavoro\/#primaryimage\"},\"image\":{\"@id\":\"https:\/\/www.confagricoltura.org\/bologna\/agricoltura-reddito-di-cittadinanza-e-politiche-attive-del-lavoro\/#primaryimage\"},\"thumbnailUrl\":\"https:\/\/www.confagricoltura.org\/bologna\/wp-content\/uploads\/sites\/12\/2021\/09\/Reddito-di-cittadinanza.jpg\",\"datePublished\":\"2021-09-30T07:41:31+00:00\",\"dateModified\":\"2021-09-30T07:41:33+00:00\",\"author\":{\"@id\":\"https:\/\/www.confagricoltura.org\/bologna\/#\/schema\/person\/277baa2a725fb840103c5f8898746c7f\"},\"breadcrumb\":{\"@id\":\"https:\/\/www.confagricoltura.org\/bologna\/agricoltura-reddito-di-cittadinanza-e-politiche-attive-del-lavoro\/#breadcrumb\"},\"inLanguage\":\"it-IT\",\"potentialAction\":[{\"@type\":\"ReadAction\",\"target\":[\"https:\/\/www.confagricoltura.org\/bologna\/agricoltura-reddito-di-cittadinanza-e-politiche-attive-del-lavoro\/\"]}]},{\"@type\":\"ImageObject\",\"inLanguage\":\"it-IT\",\"@id\":\"https:\/\/www.confagricoltura.org\/bologna\/agricoltura-reddito-di-cittadinanza-e-politiche-attive-del-lavoro\/#primaryimage\",\"url\":\"https:\/\/www.confagricoltura.org\/bologna\/wp-content\/uploads\/sites\/12\/2021\/09\/Reddito-di-cittadinanza.jpg\",\"contentUrl\":\"https:\/\/www.confagricoltura.org\/bologna\/wp-content\/uploads\/sites\/12\/2021\/09\/Reddito-di-cittadinanza.jpg\",\"width\":980,\"height\":723},{\"@type\":\"BreadcrumbList\",\"@id\":\"https:\/\/www.confagricoltura.org\/bologna\/agricoltura-reddito-di-cittadinanza-e-politiche-attive-del-lavoro\/#breadcrumb\",\"itemListElement\":[{\"@type\":\"ListItem\",\"position\":1,\"name\":\"Home\",\"item\":\"https:\/\/www.confagricoltura.org\/bologna\/\"},{\"@type\":\"ListItem\",\"position\":2,\"name\":\"Agricoltura, reddito di cittadinanza e politiche attive del lavoro.\"}]},{\"@type\":\"WebSite\",\"@id\":\"https:\/\/www.confagricoltura.org\/bologna\/#website\",\"url\":\"https:\/\/www.confagricoltura.org\/bologna\/\",\"name\":\"Confagricoltura Bologna\",\"description\":\"Dalla parte degli Agricoltori\",\"potentialAction\":[{\"@type\":\"SearchAction\",\"target\":{\"@type\":\"EntryPoint\",\"urlTemplate\":\"https:\/\/www.confagricoltura.org\/bologna\/?s={search_term_string}\"},\"query-input\":{\"@type\":\"PropertyValueSpecification\",\"valueRequired\":true,\"valueName\":\"search_term_string\"}}],\"inLanguage\":\"it-IT\"},{\"@type\":\"Person\",\"@id\":\"https:\/\/www.confagricoltura.org\/bologna\/#\/schema\/person\/277baa2a725fb840103c5f8898746c7f\",\"name\":\"confagricolturabologna\",\"image\":{\"@type\":\"ImageObject\",\"inLanguage\":\"it-IT\",\"@id\":\"https:\/\/www.confagricoltura.org\/bologna\/#\/schema\/person\/image\/\",\"url\":\"https:\/\/secure.gravatar.com\/avatar\/edd9a034f35ea6aeadaf9744d1135acc?s=96&d=mm&r=g\",\"contentUrl\":\"https:\/\/secure.gravatar.com\/avatar\/edd9a034f35ea6aeadaf9744d1135acc?s=96&d=mm&r=g\",\"caption\":\"confagricolturabologna\"},\"url\":\"https:\/\/www.confagricoltura.org\/bologna\/author\/confagricolturabologna\/\"}]}<\/script>\n<!-- \/ Yoast SEO plugin. -->","yoast_head_json":{"title":"Agricoltura, reddito di cittadinanza e politiche attive del lavoro. - Confagricoltura Bologna","robots":{"index":"index","follow":"follow","max-snippet":"max-snippet:-1","max-image-preview":"max-image-preview:large","max-video-preview":"max-video-preview:-1"},"canonical":"https:\/\/www.confagricoltura.org\/bologna\/agricoltura-reddito-di-cittadinanza-e-politiche-attive-del-lavoro\/","og_locale":"it_IT","og_type":"article","og_title":"Agricoltura, reddito di cittadinanza e politiche attive del lavoro. - Confagricoltura Bologna","og_description":"Le enormi somme stanziate in questi anni ed il risultato modesto raggiunto sul versante lavoro rappresentano il \u201cde profundis\u201d per il reddito di Cittadinanza.","og_url":"https:\/\/www.confagricoltura.org\/bologna\/agricoltura-reddito-di-cittadinanza-e-politiche-attive-del-lavoro\/","og_site_name":"Confagricoltura Bologna","article_published_time":"2021-09-30T07:41:31+00:00","article_modified_time":"2021-09-30T07:41:33+00:00","og_image":[{"width":980,"height":723,"url":"https:\/\/www.confagricoltura.org\/bologna\/wp-content\/uploads\/sites\/12\/2021\/09\/Reddito-di-cittadinanza.jpg","type":"image\/jpeg"}],"author":"confagricolturabologna","twitter_card":"summary_large_image","twitter_misc":{"Scritto da":"confagricolturabologna","Tempo di lettura stimato":"4 minuti"},"schema":{"@context":"https:\/\/schema.org","@graph":[{"@type":"Article","@id":"https:\/\/www.confagricoltura.org\/bologna\/agricoltura-reddito-di-cittadinanza-e-politiche-attive-del-lavoro\/#article","isPartOf":{"@id":"https:\/\/www.confagricoltura.org\/bologna\/agricoltura-reddito-di-cittadinanza-e-politiche-attive-del-lavoro\/"},"author":{"name":"confagricolturabologna","@id":"https:\/\/www.confagricoltura.org\/bologna\/#\/schema\/person\/277baa2a725fb840103c5f8898746c7f"},"headline":"Agricoltura, reddito di cittadinanza e politiche attive del lavoro.","datePublished":"2021-09-30T07:41:31+00:00","dateModified":"2021-09-30T07:41:33+00:00","mainEntityOfPage":{"@id":"https:\/\/www.confagricoltura.org\/bologna\/agricoltura-reddito-di-cittadinanza-e-politiche-attive-del-lavoro\/"},"wordCount":700,"image":{"@id":"https:\/\/www.confagricoltura.org\/bologna\/agricoltura-reddito-di-cittadinanza-e-politiche-attive-del-lavoro\/#primaryimage"},"thumbnailUrl":"https:\/\/www.confagricoltura.org\/bologna\/wp-content\/uploads\/sites\/12\/2021\/09\/Reddito-di-cittadinanza.jpg","articleSection":["Bologna Agricola Informa","Informative per Associati","Lavoro","Notiziario Provinciale"],"inLanguage":"it-IT"},{"@type":"WebPage","@id":"https:\/\/www.confagricoltura.org\/bologna\/agricoltura-reddito-di-cittadinanza-e-politiche-attive-del-lavoro\/","url":"https:\/\/www.confagricoltura.org\/bologna\/agricoltura-reddito-di-cittadinanza-e-politiche-attive-del-lavoro\/","name":"Agricoltura, reddito di cittadinanza e politiche attive del lavoro. - Confagricoltura Bologna","isPartOf":{"@id":"https:\/\/www.confagricoltura.org\/bologna\/#website"},"primaryImageOfPage":{"@id":"https:\/\/www.confagricoltura.org\/bologna\/agricoltura-reddito-di-cittadinanza-e-politiche-attive-del-lavoro\/#primaryimage"},"image":{"@id":"https:\/\/www.confagricoltura.org\/bologna\/agricoltura-reddito-di-cittadinanza-e-politiche-attive-del-lavoro\/#primaryimage"},"thumbnailUrl":"https:\/\/www.confagricoltura.org\/bologna\/wp-content\/uploads\/sites\/12\/2021\/09\/Reddito-di-cittadinanza.jpg","datePublished":"2021-09-30T07:41:31+00:00","dateModified":"2021-09-30T07:41:33+00:00","author":{"@id":"https:\/\/www.confagricoltura.org\/bologna\/#\/schema\/person\/277baa2a725fb840103c5f8898746c7f"},"breadcrumb":{"@id":"https:\/\/www.confagricoltura.org\/bologna\/agricoltura-reddito-di-cittadinanza-e-politiche-attive-del-lavoro\/#breadcrumb"},"inLanguage":"it-IT","potentialAction":[{"@type":"ReadAction","target":["https:\/\/www.confagricoltura.org\/bologna\/agricoltura-reddito-di-cittadinanza-e-politiche-attive-del-lavoro\/"]}]},{"@type":"ImageObject","inLanguage":"it-IT","@id":"https:\/\/www.confagricoltura.org\/bologna\/agricoltura-reddito-di-cittadinanza-e-politiche-attive-del-lavoro\/#primaryimage","url":"https:\/\/www.confagricoltura.org\/bologna\/wp-content\/uploads\/sites\/12\/2021\/09\/Reddito-di-cittadinanza.jpg","contentUrl":"https:\/\/www.confagricoltura.org\/bologna\/wp-content\/uploads\/sites\/12\/2021\/09\/Reddito-di-cittadinanza.jpg","width":980,"height":723},{"@type":"BreadcrumbList","@id":"https:\/\/www.confagricoltura.org\/bologna\/agricoltura-reddito-di-cittadinanza-e-politiche-attive-del-lavoro\/#breadcrumb","itemListElement":[{"@type":"ListItem","position":1,"name":"Home","item":"https:\/\/www.confagricoltura.org\/bologna\/"},{"@type":"ListItem","position":2,"name":"Agricoltura, reddito di cittadinanza e politiche attive del lavoro."}]},{"@type":"WebSite","@id":"https:\/\/www.confagricoltura.org\/bologna\/#website","url":"https:\/\/www.confagricoltura.org\/bologna\/","name":"Confagricoltura Bologna","description":"Dalla parte degli Agricoltori","potentialAction":[{"@type":"SearchAction","target":{"@type":"EntryPoint","urlTemplate":"https:\/\/www.confagricoltura.org\/bologna\/?s={search_term_string}"},"query-input":{"@type":"PropertyValueSpecification","valueRequired":true,"valueName":"search_term_string"}}],"inLanguage":"it-IT"},{"@type":"Person","@id":"https:\/\/www.confagricoltura.org\/bologna\/#\/schema\/person\/277baa2a725fb840103c5f8898746c7f","name":"confagricolturabologna","image":{"@type":"ImageObject","inLanguage":"it-IT","@id":"https:\/\/www.confagricoltura.org\/bologna\/#\/schema\/person\/image\/","url":"https:\/\/secure.gravatar.com\/avatar\/edd9a034f35ea6aeadaf9744d1135acc?s=96&d=mm&r=g","contentUrl":"https:\/\/secure.gravatar.com\/avatar\/edd9a034f35ea6aeadaf9744d1135acc?s=96&d=mm&r=g","caption":"confagricolturabologna"},"url":"https:\/\/www.confagricoltura.org\/bologna\/author\/confagricolturabologna\/"}]}},"_links":{"self":[{"href":"https:\/\/www.confagricoltura.org\/bologna\/wp-json\/wp\/v2\/posts\/5810","targetHints":{"allow":["GET"]}}],"collection":[{"href":"https:\/\/www.confagricoltura.org\/bologna\/wp-json\/wp\/v2\/posts"}],"about":[{"href":"https:\/\/www.confagricoltura.org\/bologna\/wp-json\/wp\/v2\/types\/post"}],"author":[{"embeddable":true,"href":"https:\/\/www.confagricoltura.org\/bologna\/wp-json\/wp\/v2\/users\/7"}],"replies":[{"embeddable":true,"href":"https:\/\/www.confagricoltura.org\/bologna\/wp-json\/wp\/v2\/comments?post=5810"}],"version-history":[{"count":1,"href":"https:\/\/www.confagricoltura.org\/bologna\/wp-json\/wp\/v2\/posts\/5810\/revisions"}],"predecessor-version":[{"id":5812,"href":"https:\/\/www.confagricoltura.org\/bologna\/wp-json\/wp\/v2\/posts\/5810\/revisions\/5812"}],"wp:featuredmedia":[{"embeddable":true,"href":"https:\/\/www.confagricoltura.org\/bologna\/wp-json\/wp\/v2\/media\/5811"}],"wp:attachment":[{"href":"https:\/\/www.confagricoltura.org\/bologna\/wp-json\/wp\/v2\/media?parent=5810"}],"wp:term":[{"taxonomy":"category","embeddable":true,"href":"https:\/\/www.confagricoltura.org\/bologna\/wp-json\/wp\/v2\/categories?post=5810"},{"taxonomy":"post_tag","embeddable":true,"href":"https:\/\/www.confagricoltura.org\/bologna\/wp-json\/wp\/v2\/tags?post=5810"}],"curies":[{"name":"wp","href":"https:\/\/api.w.org\/{rel}","templated":true}]}}