{"id":5792,"date":"2021-09-16T12:41:39","date_gmt":"2021-09-16T10:41:39","guid":{"rendered":"https:\/\/www.confagricoltura.org\/bologna\/?p=5792"},"modified":"2021-09-16T12:41:40","modified_gmt":"2021-09-16T10:41:40","slug":"filiere-agricole-esonero-contributivo-straordinario-ex-art-222-c-2-l-n-77-2020-istruzioni-i-n-p-s","status":"publish","type":"post","link":"https:\/\/www.confagricoltura.org\/bologna\/filiere-agricole-esonero-contributivo-straordinario-ex-art-222-c-2-l-n-77-2020-istruzioni-i-n-p-s\/","title":{"rendered":"Filiere Agricole: esonero contributivo straordinario ex art. 222, c. 2, L. n. 77\/2020 \u2013 istruzioni I.N.P.S.."},"content":{"rendered":"\n<p>Come si ricorder\u00e0 in relazione alla emergenza COVID era stato previsto, nell\u2019ambito della decretazione emergenziale,\u00a0 l\u2019esonero\u00a0 straordinario della quota di contribuzione dovuta,\u00a0per il periodo dal 1\u00b0 gennaio al 30 giugno 2020, dai datori di lavoro delle imprese appartenenti alle filiere agrituristiche, apistiche, brassicole, cerealicole, florovivaistiche, vitivinicole, nonch\u00e9 dell\u2019allevamento, dell\u2019ippicoltura, della pesca e dell\u2019acquacoltura.\u00a0<\/p>\n\n\n\n<p>L\u2019INPS\u00a0\u00a0 sul punto ha, a suo tempo emanato la\u00a0<a href=\"https:\/\/servizi2.inps.it\/Servizi\/CircMessStd\/VisualizzaDoc.aspx?sVirtualUrl=%2fCircolari%2fCircolare%20numero%2057%20del%2012-04-2021.htm\">circolare 12 aprile 2021, n. 57<\/a>\u00a0 relativamente\u00a0 ai requisiti ed alle modalit\u00e0 di accesso al predetto esonero straordinario; con successivo <a href=\"https:\/\/servizi2.inps.it\/Servizi\/CircMessStd\/VisualizzaDoc.aspx?sVirtualUrl=%2fMessaggi%2fMessaggio%20numero%201850%20del%2007-05-2021.htm\">messaggio 7 maggio 2021, n. 1850<\/a>\u00a0, l\u2019INPS ha disposto la sospensione delle procedure correlate alla necessit\u00e0 di definire il modulo per l\u2019accesso al beneficio, disponendo altres\u00ec il differimento del termine per la presentazione delle domande.\u00a0 Con recente circolare, n. 130 del 31 agosto 2021,\u00a0 l\u2019 INPS ha reso di pubblico dominio il nuovo modulo di domanda, utile agli operatori del settore agricolo, per poter accedere alle provvidenze COVID relative all\u2019esonero contributivo disciplinato ed introdotto dall\u2019art. 222, comma 2, L. n. 77\/2020; come si ricorder\u00e0 l\u2019esonero compete ai datori di lavoro operanti in precise e specifiche filiere agricole, della pesca e dell\u2019acquacoltura come innanzi meglio precisate; la nuova circolare INPS prevede poi il nuovo termine di presentazione delle domande che andranno in scadenza al 30 settembre 2021.<\/p>\n\n\n\n<figure class=\"wp-block-image size-large\"><img loading=\"lazy\" decoding=\"async\" width=\"980\" height=\"723\" src=\"https:\/\/www.confagricoltura.org\/bologna\/wp-content\/uploads\/sites\/12\/2021\/09\/INPS.jpg\" alt=\"\" class=\"wp-image-5793\" srcset=\"https:\/\/www.confagricoltura.org\/bologna\/wp-content\/uploads\/sites\/12\/2021\/09\/INPS.jpg 980w, https:\/\/www.confagricoltura.org\/bologna\/wp-content\/uploads\/sites\/12\/2021\/09\/INPS-768x567.jpg 768w, https:\/\/www.confagricoltura.org\/bologna\/wp-content\/uploads\/sites\/12\/2021\/09\/INPS-100x74.jpg 100w\" sizes=\"auto, (max-width: 980px) 100vw, 980px\" \/><\/figure>\n\n\n\n<p>La nuova circolare si riallaccia alle precedenti note INPS con le quali, viste le difficolt\u00e0 operative (vedi da ultimo il messaggio INPS n. 1850 del 7 maggio 2021) l\u2019Istituto aveva previsto la sospensione del precedente modulo <em>\u201cEsonero Art. 222 DL 34\/2020\u201d<\/em> per la presentazione della domanda di esonero contributivo straordinario del primo semestre 2020.<\/p>\n\n\n\n<p>Le modificazioni da apportare erano funzionali alla semplificazione della procedura di autorizzazione dell\u2019esonero anche tenendo conto dei pareri del Ministero dell\u2019Agricoltura e del Ministero del Lavoro nonch\u00e9 delle successivamente subentrate modifiche&nbsp; normative (art. 19, comma 2 bis, D.L. n. 41\/2021 convertito in Legge n. 69\/2021).<\/p>\n\n\n\n<p>La circolare precisa che il nuovo modulo <em>\u201cEsonero Art.222 DL 34\/2020\u201d<\/em> utile per l\u2019inoltro&nbsp; delle domande di esonero \u00e8 disponibile nel \u201c<em>Portale delle Agevolazioni\u201d<\/em> (ex <em>\u201cDiResCo\u201d<\/em>), sul sito istituzionale <a href=\"http:\/\/www.inps.it\"><em>www.inps.it<\/em><\/a>; sulla base delle modifiche apportate alle norme previgenti&nbsp; non si dovranno pi\u00f9&nbsp; indicare dettagliatamente tutti gli aiuti concessi ovvero richiesti in attesa di esito, nel rispetto del paragrafo 3.1. del c.d. \u201c<em>Quadro temporaneo\u201d<\/em> nell\u2019anno 2020, nel nuovo modello infatti \u00e8 ora necessario dichiarare di non aver superato i limiti individuali fissati dalla comunicazione della Commissione europea del 19 marzo 2020 C(2020)1863.&nbsp;<\/p>\n\n\n\n<p>Le aziende agricole che versano all\u2019INPS la contribuzione agricola unificata CAU possono, diversamente da quanto previsto in precedenza, nella fase di compilazione della domanda, modificare l\u2019importo precompilato dalla procedura per i periodi di competenza dal 1\u00b0 gennaio 2020 al 30 giugno 2020, come risultanti negli archivi centralizzati per le emissioni dei trimestri relativi all\u2019anno 2020.<\/p>\n\n\n\n<p>Le domande gi\u00e0 inoltrate in passato, utilizzando&nbsp; il modulo preesistente, sono dall\u2019INPS&nbsp; ritenute utili per accedere all\u2019esonero e, pertanto, non \u00e8 quindi indispensabile inoltrare una nuova domanda; ci\u00f2 sar\u00e0 necessario unicamente per i casi nei quali l\u2019azienda agricola intenda modificare il contenuto della domanda gi\u00e0 agli atti dell\u2019Istituto, in questa marginale ipotesi l\u2019azienda ha l\u2019obbligo di&nbsp; annullare l\u2019istanza gi\u00e0 inviata mediante la funzione <em>\u201cRinuncia allo sgravio\u201d<\/em> e quindi potr\u00e0 poi presentare una nuova domanda).<\/p>\n\n\n\n<p>La nuova circolare INPS precisa inoltre che l\u2019importo autorizzato in via definitiva (all\u2019esito dell\u2019istruttoria, del controllo dei limiti individuali e viste le compatibilit\u00e0 finanziarie stanziate dalla legge) verr\u00e0<\/p>\n\n\n\n<p>comunicato, tramite PEC, a ciascun contribuente.<\/p>\n\n\n\n<p>Una volta validata e autorizzata l\u2019 istanza l\u2019INPS proceder\u00e0 alla rielaborazione degli avvisi di pagamento relativi al primo e secondo trimestre 2020, considerando l\u2019agevolazione di competenza dell\u2019istante. La circolare prevede poi che coloro i quali non abbiano effettuato alcun versamento dei contributi del primo e secondo trimestre 2020 (in scadenza al 16 settembre e 16 dicembre 2020) dovranno procedere&nbsp; al versamento della contribuzione, nella diversa misura ricalcolata dall\u2019Istituto previdenziale, entro 30 giorni dalla comunicazione dell\u2019INPS (che sar\u00e0 trasmessa a mezzo pec) con la quale l\u2019istituto&nbsp; autorizza in via definitiva lo sgravio;&nbsp; le aziende agricole&nbsp; che abbiano&nbsp; in passato corrisposto i contributi relativi al primo e secondo trimestre 2020, con gli importi non sgravati e quindi pieni,&nbsp; potranno invece chiedere la compensazione delle somme, corrisposte in eccesso, con i contributi scadenti successivamente,&nbsp; utilizzando la modulistica (compilabile telematicamente) rinvenibile nel cassetto previdenziale dell\u2019azienda interessata.<\/p>\n\n\n\n<p>(M. Mazzanti)<\/p>\n","protected":false},"excerpt":{"rendered":"<p>Come si ricorder\u00e0 in relazione alla emergenza COVID era stato previsto, nell\u2019ambito della decretazione emergenziale,\u00a0 l\u2019esonero\u00a0 straordinario della quota di contribuzione dovuta,\u00a0per il periodo dal 1\u00b0 gennaio al 30 giugno 2020, dai datori di lavoro delle imprese appartenenti alle filiere agrituristiche, apistiche, brassicole, cerealicole, florovivaistiche, vitivinicole, nonch\u00e9 dell\u2019allevamento, dell\u2019ippicoltura, della pesca e dell\u2019acquacoltura.\u00a0 L\u2019INPS\u00a0\u00a0 sul<\/p>\n","protected":false},"author":7,"featured_media":5782,"comment_status":"closed","ping_status":"closed","sticky":false,"template":"","format":"standard","meta":{"wp_mapbox_gl_js_media":[],"footnotes":""},"categories":[23,37,35,25],"tags":[],"class_list":["post-5792","post","type-post","status-publish","format-standard","has-post-thumbnail","hentry","category-bologna-agricola-informa","category-informative-per-associati","category-lavoro","category-notiziario-provinciale"],"yoast_head":"<!-- This site is optimized with the Yoast SEO plugin v26.8 - https:\/\/yoast.com\/product\/yoast-seo-wordpress\/ -->\n<title>Filiere Agricole: esonero contributivo straordinario ex art. 222, c. 2, L. n. 77\/2020 \u2013 istruzioni I.N.P.S.. - Confagricoltura Bologna<\/title>\n<meta name=\"robots\" content=\"index, follow, max-snippet:-1, max-image-preview:large, max-video-preview:-1\" \/>\n<link rel=\"canonical\" href=\"https:\/\/www.confagricoltura.org\/bologna\/filiere-agricole-esonero-contributivo-straordinario-ex-art-222-c-2-l-n-77-2020-istruzioni-i-n-p-s\/\" \/>\n<meta property=\"og:locale\" content=\"it_IT\" \/>\n<meta property=\"og:type\" content=\"article\" \/>\n<meta property=\"og:title\" content=\"Filiere Agricole: esonero contributivo straordinario ex art. 222, c. 2, L. n. 77\/2020 \u2013 istruzioni I.N.P.S.. - Confagricoltura Bologna\" \/>\n<meta property=\"og:description\" content=\"Come si ricorder\u00e0 in relazione alla emergenza COVID era stato previsto, nell\u2019ambito della decretazione emergenziale,\u00a0 l\u2019esonero\u00a0 straordinario della quota di contribuzione dovuta,\u00a0per il periodo dal 1\u00b0 gennaio al 30 giugno 2020, dai datori di lavoro delle imprese appartenenti alle filiere agrituristiche, apistiche, brassicole, cerealicole, florovivaistiche, vitivinicole, nonch\u00e9 dell\u2019allevamento, dell\u2019ippicoltura, della pesca e dell\u2019acquacoltura.\u00a0 L\u2019INPS\u00a0\u00a0 sul\" \/>\n<meta property=\"og:url\" content=\"https:\/\/www.confagricoltura.org\/bologna\/filiere-agricole-esonero-contributivo-straordinario-ex-art-222-c-2-l-n-77-2020-istruzioni-i-n-p-s\/\" \/>\n<meta property=\"og:site_name\" content=\"Confagricoltura Bologna\" \/>\n<meta property=\"article:published_time\" content=\"2021-09-16T10:41:39+00:00\" \/>\n<meta property=\"article:modified_time\" content=\"2021-09-16T10:41:40+00:00\" \/>\n<meta property=\"og:image\" content=\"https:\/\/www.confagricoltura.org\/bologna\/wp-content\/uploads\/sites\/12\/2021\/09\/Covid-2.jpg\" \/>\n\t<meta property=\"og:image:width\" content=\"980\" \/>\n\t<meta property=\"og:image:height\" content=\"723\" \/>\n\t<meta property=\"og:image:type\" content=\"image\/jpeg\" \/>\n<meta name=\"author\" content=\"confagricolturabologna\" \/>\n<meta name=\"twitter:card\" content=\"summary_large_image\" \/>\n<meta name=\"twitter:label1\" content=\"Scritto da\" \/>\n\t<meta name=\"twitter:data1\" content=\"confagricolturabologna\" \/>\n\t<meta name=\"twitter:label2\" content=\"Tempo di lettura stimato\" \/>\n\t<meta name=\"twitter:data2\" content=\"4 minuti\" \/>\n<script type=\"application\/ld+json\" class=\"yoast-schema-graph\">{\"@context\":\"https:\/\/schema.org\",\"@graph\":[{\"@type\":\"Article\",\"@id\":\"https:\/\/www.confagricoltura.org\/bologna\/filiere-agricole-esonero-contributivo-straordinario-ex-art-222-c-2-l-n-77-2020-istruzioni-i-n-p-s\/#article\",\"isPartOf\":{\"@id\":\"https:\/\/www.confagricoltura.org\/bologna\/filiere-agricole-esonero-contributivo-straordinario-ex-art-222-c-2-l-n-77-2020-istruzioni-i-n-p-s\/\"},\"author\":{\"name\":\"confagricolturabologna\",\"@id\":\"https:\/\/www.confagricoltura.org\/bologna\/#\/schema\/person\/277baa2a725fb840103c5f8898746c7f\"},\"headline\":\"Filiere Agricole: esonero contributivo straordinario ex art. 222, c. 2, L. n. 77\/2020 \u2013 istruzioni I.N.P.S..\",\"datePublished\":\"2021-09-16T10:41:39+00:00\",\"dateModified\":\"2021-09-16T10:41:40+00:00\",\"mainEntityOfPage\":{\"@id\":\"https:\/\/www.confagricoltura.org\/bologna\/filiere-agricole-esonero-contributivo-straordinario-ex-art-222-c-2-l-n-77-2020-istruzioni-i-n-p-s\/\"},\"wordCount\":730,\"image\":{\"@id\":\"https:\/\/www.confagricoltura.org\/bologna\/filiere-agricole-esonero-contributivo-straordinario-ex-art-222-c-2-l-n-77-2020-istruzioni-i-n-p-s\/#primaryimage\"},\"thumbnailUrl\":\"https:\/\/www.confagricoltura.org\/bologna\/wp-content\/uploads\/sites\/12\/2021\/09\/Covid-2.jpg\",\"articleSection\":[\"Bologna Agricola Informa\",\"Informative per Associati\",\"Lavoro\",\"Notiziario Provinciale\"],\"inLanguage\":\"it-IT\"},{\"@type\":\"WebPage\",\"@id\":\"https:\/\/www.confagricoltura.org\/bologna\/filiere-agricole-esonero-contributivo-straordinario-ex-art-222-c-2-l-n-77-2020-istruzioni-i-n-p-s\/\",\"url\":\"https:\/\/www.confagricoltura.org\/bologna\/filiere-agricole-esonero-contributivo-straordinario-ex-art-222-c-2-l-n-77-2020-istruzioni-i-n-p-s\/\",\"name\":\"Filiere Agricole: esonero contributivo straordinario ex art. 222, c. 2, L. n. 77\/2020 \u2013 istruzioni I.N.P.S.. - Confagricoltura Bologna\",\"isPartOf\":{\"@id\":\"https:\/\/www.confagricoltura.org\/bologna\/#website\"},\"primaryImageOfPage\":{\"@id\":\"https:\/\/www.confagricoltura.org\/bologna\/filiere-agricole-esonero-contributivo-straordinario-ex-art-222-c-2-l-n-77-2020-istruzioni-i-n-p-s\/#primaryimage\"},\"image\":{\"@id\":\"https:\/\/www.confagricoltura.org\/bologna\/filiere-agricole-esonero-contributivo-straordinario-ex-art-222-c-2-l-n-77-2020-istruzioni-i-n-p-s\/#primaryimage\"},\"thumbnailUrl\":\"https:\/\/www.confagricoltura.org\/bologna\/wp-content\/uploads\/sites\/12\/2021\/09\/Covid-2.jpg\",\"datePublished\":\"2021-09-16T10:41:39+00:00\",\"dateModified\":\"2021-09-16T10:41:40+00:00\",\"author\":{\"@id\":\"https:\/\/www.confagricoltura.org\/bologna\/#\/schema\/person\/277baa2a725fb840103c5f8898746c7f\"},\"breadcrumb\":{\"@id\":\"https:\/\/www.confagricoltura.org\/bologna\/filiere-agricole-esonero-contributivo-straordinario-ex-art-222-c-2-l-n-77-2020-istruzioni-i-n-p-s\/#breadcrumb\"},\"inLanguage\":\"it-IT\",\"potentialAction\":[{\"@type\":\"ReadAction\",\"target\":[\"https:\/\/www.confagricoltura.org\/bologna\/filiere-agricole-esonero-contributivo-straordinario-ex-art-222-c-2-l-n-77-2020-istruzioni-i-n-p-s\/\"]}]},{\"@type\":\"ImageObject\",\"inLanguage\":\"it-IT\",\"@id\":\"https:\/\/www.confagricoltura.org\/bologna\/filiere-agricole-esonero-contributivo-straordinario-ex-art-222-c-2-l-n-77-2020-istruzioni-i-n-p-s\/#primaryimage\",\"url\":\"https:\/\/www.confagricoltura.org\/bologna\/wp-content\/uploads\/sites\/12\/2021\/09\/Covid-2.jpg\",\"contentUrl\":\"https:\/\/www.confagricoltura.org\/bologna\/wp-content\/uploads\/sites\/12\/2021\/09\/Covid-2.jpg\",\"width\":980,\"height\":723},{\"@type\":\"BreadcrumbList\",\"@id\":\"https:\/\/www.confagricoltura.org\/bologna\/filiere-agricole-esonero-contributivo-straordinario-ex-art-222-c-2-l-n-77-2020-istruzioni-i-n-p-s\/#breadcrumb\",\"itemListElement\":[{\"@type\":\"ListItem\",\"position\":1,\"name\":\"Home\",\"item\":\"https:\/\/www.confagricoltura.org\/bologna\/\"},{\"@type\":\"ListItem\",\"position\":2,\"name\":\"Filiere Agricole: esonero contributivo straordinario ex art. 222, c. 2, L. n. 77\/2020 \u2013 istruzioni I.N.P.S..\"}]},{\"@type\":\"WebSite\",\"@id\":\"https:\/\/www.confagricoltura.org\/bologna\/#website\",\"url\":\"https:\/\/www.confagricoltura.org\/bologna\/\",\"name\":\"Confagricoltura Bologna\",\"description\":\"Dalla parte degli Agricoltori\",\"potentialAction\":[{\"@type\":\"SearchAction\",\"target\":{\"@type\":\"EntryPoint\",\"urlTemplate\":\"https:\/\/www.confagricoltura.org\/bologna\/?s={search_term_string}\"},\"query-input\":{\"@type\":\"PropertyValueSpecification\",\"valueRequired\":true,\"valueName\":\"search_term_string\"}}],\"inLanguage\":\"it-IT\"},{\"@type\":\"Person\",\"@id\":\"https:\/\/www.confagricoltura.org\/bologna\/#\/schema\/person\/277baa2a725fb840103c5f8898746c7f\",\"name\":\"confagricolturabologna\",\"image\":{\"@type\":\"ImageObject\",\"inLanguage\":\"it-IT\",\"@id\":\"https:\/\/www.confagricoltura.org\/bologna\/#\/schema\/person\/image\/\",\"url\":\"https:\/\/secure.gravatar.com\/avatar\/edd9a034f35ea6aeadaf9744d1135acc?s=96&d=mm&r=g\",\"contentUrl\":\"https:\/\/secure.gravatar.com\/avatar\/edd9a034f35ea6aeadaf9744d1135acc?s=96&d=mm&r=g\",\"caption\":\"confagricolturabologna\"},\"url\":\"https:\/\/www.confagricoltura.org\/bologna\/author\/confagricolturabologna\/\"}]}<\/script>\n<!-- \/ Yoast SEO plugin. -->","yoast_head_json":{"title":"Filiere Agricole: esonero contributivo straordinario ex art. 222, c. 2, L. n. 77\/2020 \u2013 istruzioni I.N.P.S.. - Confagricoltura Bologna","robots":{"index":"index","follow":"follow","max-snippet":"max-snippet:-1","max-image-preview":"max-image-preview:large","max-video-preview":"max-video-preview:-1"},"canonical":"https:\/\/www.confagricoltura.org\/bologna\/filiere-agricole-esonero-contributivo-straordinario-ex-art-222-c-2-l-n-77-2020-istruzioni-i-n-p-s\/","og_locale":"it_IT","og_type":"article","og_title":"Filiere Agricole: esonero contributivo straordinario ex art. 222, c. 2, L. n. 77\/2020 \u2013 istruzioni I.N.P.S.. - Confagricoltura Bologna","og_description":"Come si ricorder\u00e0 in relazione alla emergenza COVID era stato previsto, nell\u2019ambito della decretazione emergenziale,\u00a0 l\u2019esonero\u00a0 straordinario della quota di contribuzione dovuta,\u00a0per il periodo dal 1\u00b0 gennaio al 30 giugno 2020, dai datori di lavoro delle imprese appartenenti alle filiere agrituristiche, apistiche, brassicole, cerealicole, florovivaistiche, vitivinicole, nonch\u00e9 dell\u2019allevamento, dell\u2019ippicoltura, della pesca e dell\u2019acquacoltura.\u00a0 L\u2019INPS\u00a0\u00a0 sul","og_url":"https:\/\/www.confagricoltura.org\/bologna\/filiere-agricole-esonero-contributivo-straordinario-ex-art-222-c-2-l-n-77-2020-istruzioni-i-n-p-s\/","og_site_name":"Confagricoltura Bologna","article_published_time":"2021-09-16T10:41:39+00:00","article_modified_time":"2021-09-16T10:41:40+00:00","og_image":[{"width":980,"height":723,"url":"https:\/\/www.confagricoltura.org\/bologna\/wp-content\/uploads\/sites\/12\/2021\/09\/Covid-2.jpg","type":"image\/jpeg"}],"author":"confagricolturabologna","twitter_card":"summary_large_image","twitter_misc":{"Scritto da":"confagricolturabologna","Tempo di lettura stimato":"4 minuti"},"schema":{"@context":"https:\/\/schema.org","@graph":[{"@type":"Article","@id":"https:\/\/www.confagricoltura.org\/bologna\/filiere-agricole-esonero-contributivo-straordinario-ex-art-222-c-2-l-n-77-2020-istruzioni-i-n-p-s\/#article","isPartOf":{"@id":"https:\/\/www.confagricoltura.org\/bologna\/filiere-agricole-esonero-contributivo-straordinario-ex-art-222-c-2-l-n-77-2020-istruzioni-i-n-p-s\/"},"author":{"name":"confagricolturabologna","@id":"https:\/\/www.confagricoltura.org\/bologna\/#\/schema\/person\/277baa2a725fb840103c5f8898746c7f"},"headline":"Filiere Agricole: esonero contributivo straordinario ex art. 222, c. 2, L. n. 77\/2020 \u2013 istruzioni I.N.P.S..","datePublished":"2021-09-16T10:41:39+00:00","dateModified":"2021-09-16T10:41:40+00:00","mainEntityOfPage":{"@id":"https:\/\/www.confagricoltura.org\/bologna\/filiere-agricole-esonero-contributivo-straordinario-ex-art-222-c-2-l-n-77-2020-istruzioni-i-n-p-s\/"},"wordCount":730,"image":{"@id":"https:\/\/www.confagricoltura.org\/bologna\/filiere-agricole-esonero-contributivo-straordinario-ex-art-222-c-2-l-n-77-2020-istruzioni-i-n-p-s\/#primaryimage"},"thumbnailUrl":"https:\/\/www.confagricoltura.org\/bologna\/wp-content\/uploads\/sites\/12\/2021\/09\/Covid-2.jpg","articleSection":["Bologna Agricola Informa","Informative per Associati","Lavoro","Notiziario Provinciale"],"inLanguage":"it-IT"},{"@type":"WebPage","@id":"https:\/\/www.confagricoltura.org\/bologna\/filiere-agricole-esonero-contributivo-straordinario-ex-art-222-c-2-l-n-77-2020-istruzioni-i-n-p-s\/","url":"https:\/\/www.confagricoltura.org\/bologna\/filiere-agricole-esonero-contributivo-straordinario-ex-art-222-c-2-l-n-77-2020-istruzioni-i-n-p-s\/","name":"Filiere Agricole: esonero contributivo straordinario ex art. 222, c. 2, L. n. 77\/2020 \u2013 istruzioni I.N.P.S.. - Confagricoltura Bologna","isPartOf":{"@id":"https:\/\/www.confagricoltura.org\/bologna\/#website"},"primaryImageOfPage":{"@id":"https:\/\/www.confagricoltura.org\/bologna\/filiere-agricole-esonero-contributivo-straordinario-ex-art-222-c-2-l-n-77-2020-istruzioni-i-n-p-s\/#primaryimage"},"image":{"@id":"https:\/\/www.confagricoltura.org\/bologna\/filiere-agricole-esonero-contributivo-straordinario-ex-art-222-c-2-l-n-77-2020-istruzioni-i-n-p-s\/#primaryimage"},"thumbnailUrl":"https:\/\/www.confagricoltura.org\/bologna\/wp-content\/uploads\/sites\/12\/2021\/09\/Covid-2.jpg","datePublished":"2021-09-16T10:41:39+00:00","dateModified":"2021-09-16T10:41:40+00:00","author":{"@id":"https:\/\/www.confagricoltura.org\/bologna\/#\/schema\/person\/277baa2a725fb840103c5f8898746c7f"},"breadcrumb":{"@id":"https:\/\/www.confagricoltura.org\/bologna\/filiere-agricole-esonero-contributivo-straordinario-ex-art-222-c-2-l-n-77-2020-istruzioni-i-n-p-s\/#breadcrumb"},"inLanguage":"it-IT","potentialAction":[{"@type":"ReadAction","target":["https:\/\/www.confagricoltura.org\/bologna\/filiere-agricole-esonero-contributivo-straordinario-ex-art-222-c-2-l-n-77-2020-istruzioni-i-n-p-s\/"]}]},{"@type":"ImageObject","inLanguage":"it-IT","@id":"https:\/\/www.confagricoltura.org\/bologna\/filiere-agricole-esonero-contributivo-straordinario-ex-art-222-c-2-l-n-77-2020-istruzioni-i-n-p-s\/#primaryimage","url":"https:\/\/www.confagricoltura.org\/bologna\/wp-content\/uploads\/sites\/12\/2021\/09\/Covid-2.jpg","contentUrl":"https:\/\/www.confagricoltura.org\/bologna\/wp-content\/uploads\/sites\/12\/2021\/09\/Covid-2.jpg","width":980,"height":723},{"@type":"BreadcrumbList","@id":"https:\/\/www.confagricoltura.org\/bologna\/filiere-agricole-esonero-contributivo-straordinario-ex-art-222-c-2-l-n-77-2020-istruzioni-i-n-p-s\/#breadcrumb","itemListElement":[{"@type":"ListItem","position":1,"name":"Home","item":"https:\/\/www.confagricoltura.org\/bologna\/"},{"@type":"ListItem","position":2,"name":"Filiere Agricole: esonero contributivo straordinario ex art. 222, c. 2, L. n. 77\/2020 \u2013 istruzioni I.N.P.S.."}]},{"@type":"WebSite","@id":"https:\/\/www.confagricoltura.org\/bologna\/#website","url":"https:\/\/www.confagricoltura.org\/bologna\/","name":"Confagricoltura Bologna","description":"Dalla parte degli Agricoltori","potentialAction":[{"@type":"SearchAction","target":{"@type":"EntryPoint","urlTemplate":"https:\/\/www.confagricoltura.org\/bologna\/?s={search_term_string}"},"query-input":{"@type":"PropertyValueSpecification","valueRequired":true,"valueName":"search_term_string"}}],"inLanguage":"it-IT"},{"@type":"Person","@id":"https:\/\/www.confagricoltura.org\/bologna\/#\/schema\/person\/277baa2a725fb840103c5f8898746c7f","name":"confagricolturabologna","image":{"@type":"ImageObject","inLanguage":"it-IT","@id":"https:\/\/www.confagricoltura.org\/bologna\/#\/schema\/person\/image\/","url":"https:\/\/secure.gravatar.com\/avatar\/edd9a034f35ea6aeadaf9744d1135acc?s=96&d=mm&r=g","contentUrl":"https:\/\/secure.gravatar.com\/avatar\/edd9a034f35ea6aeadaf9744d1135acc?s=96&d=mm&r=g","caption":"confagricolturabologna"},"url":"https:\/\/www.confagricoltura.org\/bologna\/author\/confagricolturabologna\/"}]}},"_links":{"self":[{"href":"https:\/\/www.confagricoltura.org\/bologna\/wp-json\/wp\/v2\/posts\/5792","targetHints":{"allow":["GET"]}}],"collection":[{"href":"https:\/\/www.confagricoltura.org\/bologna\/wp-json\/wp\/v2\/posts"}],"about":[{"href":"https:\/\/www.confagricoltura.org\/bologna\/wp-json\/wp\/v2\/types\/post"}],"author":[{"embeddable":true,"href":"https:\/\/www.confagricoltura.org\/bologna\/wp-json\/wp\/v2\/users\/7"}],"replies":[{"embeddable":true,"href":"https:\/\/www.confagricoltura.org\/bologna\/wp-json\/wp\/v2\/comments?post=5792"}],"version-history":[{"count":1,"href":"https:\/\/www.confagricoltura.org\/bologna\/wp-json\/wp\/v2\/posts\/5792\/revisions"}],"predecessor-version":[{"id":5794,"href":"https:\/\/www.confagricoltura.org\/bologna\/wp-json\/wp\/v2\/posts\/5792\/revisions\/5794"}],"wp:featuredmedia":[{"embeddable":true,"href":"https:\/\/www.confagricoltura.org\/bologna\/wp-json\/wp\/v2\/media\/5782"}],"wp:attachment":[{"href":"https:\/\/www.confagricoltura.org\/bologna\/wp-json\/wp\/v2\/media?parent=5792"}],"wp:term":[{"taxonomy":"category","embeddable":true,"href":"https:\/\/www.confagricoltura.org\/bologna\/wp-json\/wp\/v2\/categories?post=5792"},{"taxonomy":"post_tag","embeddable":true,"href":"https:\/\/www.confagricoltura.org\/bologna\/wp-json\/wp\/v2\/tags?post=5792"}],"curies":[{"name":"wp","href":"https:\/\/api.w.org\/{rel}","templated":true}]}}