{"id":5784,"date":"2021-09-16T12:34:49","date_gmt":"2021-09-16T10:34:49","guid":{"rendered":"https:\/\/www.confagricoltura.org\/bologna\/?p=5784"},"modified":"2021-09-16T12:34:50","modified_gmt":"2021-09-16T10:34:50","slug":"istituzione-albo-vigneti-eroici-o-storici","status":"publish","type":"post","link":"https:\/\/www.confagricoltura.org\/bologna\/istituzione-albo-vigneti-eroici-o-storici\/","title":{"rendered":"Istituzione Albo Vigneti Eroici o Storici."},"content":{"rendered":"\n<p>L\u2019art. 7 della Legge 12 dicembre 2016, n. 238 \u201cDisciplina organica della coltivazione della vite e della produzione e del commercio del vino\u201d ha introdotto le disposizioni per la \u201cSalvaguardia dei vigneti eroici o storici\u201d allo scopo di promuovere interventi di ripristino, recupero, manutenzione e salvaguardia dei vigneti delle aree soggette a rischio di dissesto idrogeologico o aventi particolare pregio paesaggistico, storico e ambientale, denominati <strong>\u201cvigneti eroici o storici\u201d<\/strong>.<\/p>\n\n\n\n<p>Con D.M. 30 giugno 2020 sono specificati i criteri per l\u2019individuazione dei territori idonei ad essere riconosciuti come tali insieme alle tipologie di intervento attuabili e ai parametri a cui i vigneti devono rispondere, i criteri di priorit\u00e0 per gli interventi nei vigneti eroici o storici, dando alle Regioni il compito di:<\/p>\n\n\n\n<p>\u00b7&nbsp;stabilire le modalit\u00e0 per la presentazione delle domande per il riconoscimento di vigneto eroico o storico;<\/p>\n\n\n\n<p>\u00b7&nbsp;svolgere le istruttorie e pubblicare l\u2019elenco dei vigneti riconosciuti;<\/p>\n\n\n\n<p>\u00b7&nbsp;provvedere allo svolgimento dei controlli degli interventi per i quali sono stati erogati i contributi.<\/p>\n\n\n\n<p>Si considerano <strong>eroici<\/strong> i vigneti che possiedono almeno una delle caratteristiche individuate al punto 1, oltre ad almeno uno dei requisiti individuati al punto 2:<\/p>\n\n\n\n<p><strong>1. <\/strong>Essere situati in una delle seguenti aree:<\/p>\n\n\n\n<p>\u00b7&nbsp;soggette a rischio di dissesto idrogeologico;<\/p>\n\n\n\n<p>\u00b7&nbsp;ove le condizioni orografiche creano impedimenti alla meccanizzazione, ovvero:<\/p>\n\n\n\n<p>i. pendenza media del terreno superiore al 30%<\/p>\n\n\n\n<p>Ii. altitudine media superiore ai 500 metri s.l.m.<\/p>\n\n\n\n<p>\u00b7&nbsp;aventi particolare pregio paesaggistico e ambientale, ai sensi dell\u2019articolo 19 del Piano Paesistico Territoriale Regionale (PTPR), e successivamente i Piani Territoriali di Coordinamento Provinciale (PTCP);<\/p>\n\n\n\n<p>\u00b7\u00a0localizzate su piccole isole.<\/p>\n\n\n\n<p><strong>2. <\/strong>Possedere almeno uno dei seguenti requisiti:<\/p>\n\n\n\n<p>\u00b7&nbsp;pendenza media del terreno superiore al 30%;<\/p>\n\n\n\n<p>\u00b7&nbsp;altitudine media superiore ai 500 metri s.l.m. ad esclusione dei vigneti situati su altopiano;<\/p>\n\n\n\n<p>\u00b7&nbsp;sistemazioni degli impianti viticoli su terrazze e gradoni;<\/p>\n\n\n\n<p>\u00b7&nbsp;localizzate su piccole isole.<\/p>\n\n\n\n<p>Si considerano <strong>storici<\/strong> i vigneti la cui presenza \u00e8 segnalata in una determinata superficie\/particella in&nbsp; data <strong>antecedente al 1960<\/strong> e che hanno almeno uno dei seguenti requisiti:<\/p>\n\n\n\n<p>A) forme di allevamento tradizionali legate al luogo di produzione, quali:<\/p>\n\n\n\n<p>\u00b7&nbsp;Alberata\/Piantata con tutori vivi;<\/p>\n\n\n\n<p>\u00b7&nbsp;Raggi o Bellussi;<\/p>\n\n\n\n<p>\u00b7&nbsp;Semi Bellussi;<\/p>\n\n\n\n<p>\u00b7&nbsp;Pergoletta romagnola;<\/p>\n\n\n\n<p>\u00b7&nbsp;Alberello;<\/p>\n\n\n\n<p>\u00b7&nbsp;Palizzata di Ziano Piacentino.<\/p>\n\n\n\n<p>B) presenza di sistemazioni idraulico-agrarie storiche o di particolare pregio paesaggistico, quali:<\/p>\n\n\n\n<p>\u00b7&nbsp;Terrazzamento;<\/p>\n\n\n\n<p>\u00b7&nbsp;Ciglionamento;<\/p>\n\n\n\n<p>\u00b7&nbsp;Rittochino;<\/p>\n\n\n\n<p>\u00b7&nbsp;Cavalcapoggio;<\/p>\n\n\n\n<p>\u00b7&nbsp;Girapoggio;<\/p>\n\n\n\n<p>\u00b7&nbsp;Spina.<\/p>\n\n\n\n<p>Sono altres\u00ec definiti <strong>storici<\/strong> i vigneti:<\/p>\n\n\n\n<p>a)&nbsp;appartenenti a paesaggi iscritti nel Registro Nazionale dei Paesaggi Rurali di interesse Storico, purch\u00e9 la viticoltura costituisca la motivazione dell\u2019iscrizione e i vigneti presentino le caratteristiche principali dell\u2019iscrizione;<\/p>\n\n\n\n<p>b)&nbsp;afferenti a territori che hanno ottenuto dell\u2019Unesco il riconoscimento di eccezionale valore universale e ove il criterio di iscrizione nella lista dei siti Unesco si riferisca esclusivamente o in modo complementare alla viticoltura;<\/p>\n\n\n\n<p>c)&nbsp;ricadenti in aree oggetto di specifiche leggi regionali o individuate dai piani paesaggistici volte alla conservazione e valorizzazione di specifici territori vitivinicoli.<\/p>\n\n\n\n<p>Pu\u00f2 presentare domanda di riconoscimento qualsiasi viticoltore che abbia in conduzione vigneti, coltivati con variet\u00e0 di uve da vino, qualificabili come <strong>eroici<\/strong> o <strong>storici<\/strong>,<strong> <\/strong>sulla base delle definizioni precedenti.<\/p>\n\n\n\n<p>Al momento della presentazione della domanda, il richiedente deve:<\/p>\n\n\n\n<p>\u00b7&nbsp;risultare iscritto all\u2019Anagrafe regionale delle Aziende Agricole di cui al R.R. n. 17\/2003 con fascicolo anagrafico in gestione digitale formalmente corretto e validato;<\/p>\n\n\n\n<p>\u00b7&nbsp;aver registrato un indirizzo valido di PEC (posta elettronica certificata) nell\u2019Anagrafe regionale delle Aziende Agricole.<\/p>\n\n\n\n<p>I viticoltori interessati a richiedere l\u2019iscrizione dei vigneti in conduzione nell\u2019elenco regionale dei vigneti eroici o storici presentano apposita domanda di riconoscimento al Servizio Organizzazioni di mercato e sinergie di filiera della Direzione generale Agricoltura, caccia e pesca tramite l\u2019applicativo informatico predisposto per la presentazione delle istanze relative ai procedimenti per la gestione del potenziale viticolo regionale, denominato Applicazione notifiche vitivinicolo (detto SIL_ASS).<\/p>\n\n\n\n<p>Ogni conduttore potr\u00e0 presentare <strong>una sola domanda per sessione (1 gennaio-31 marzo; 1 aprile-30 giugno; 1 luglio-30 settembre; 1 ottobre-31 dicembre)<\/strong> per il 2021 la scadenza del 30 settembre \u00e8 prorogata al 15 ottobre. Nel caso in cui un conduttore presenti pi\u00f9 di una domanda, verr\u00e0 istruita solo la prima domanda presentata seguendo l\u2019ordine cronologico, mentre le successive domande verranno respinte.<\/p>\n\n\n\n<p>\u00c8 possibile presentare rinuncia tramite l\u2019Applicazione notifiche vitivinicolo (SIL_ASS) o nel caso in cui la rinuncia avvenga durante il periodo istruttorio, \u00e8 necessario inviare l\u2019istanza di rinuncia tramite PEC all\u2019indirizzo <a href=\"mailto:agrapa@postacert.regione.emilia-romagna.it\"><strong>agrapa@postacert.regione.emilia-romagna.it<\/strong><\/a>.<\/p>\n\n\n\n<p>Al momento di presentazione della domanda deve essere scelto se il riconoscimento \u00e8 per un vigneto eroico o un vigneto storico o per ambedue e devono essere selezionate le UNAR per cui si chiede il riconoscimento tra quelle gi\u00e0 presenti nello schedario viticolo.<\/p>\n\n\n\n<p>La domanda, compilata in ogni sua parte, deve essere protocollata a sistema allegando la seguente documentazione:<\/p>\n\n\n\n<p>a)&nbsp;un unico file PDF contenente almeno 4 foto attuali per ognuna delle UNAR di cui si richiede il riconoscimento, dove sia chiaramente visibile il contesto circostante, la forma di allevamento, e\/o la sistemazione idraulico-agraria tradizionale, se utilizzata quale requisito;<\/p>\n\n\n\n<p>b)&nbsp;documento di identit\u00e0 in corso di validit\u00e0;<\/p>\n\n\n\n<p>c)&nbsp;marca da bollo secondo il valore vigente;<\/p>\n\n\n\n<p>d)&nbsp;consenso del proprietario quando il conduttore non \u00e8 il proprietario esclusivo delle UNAR per le quali si presenta la domanda.<\/p>\n\n\n\n<p>Qualora la domanda di riconoscimento delle UNAR \u00e8 invece basata su altri requisiti tra quelli previsti, nello specifico aree:<\/p>\n\n\n\n<p>a)&nbsp;aventi particolare pregio paesaggistico e ambientale;<\/p>\n\n\n\n<p>b)&nbsp;appartenenti a paesaggi iscritti nel Registro Nazionale dei Paesaggi Rurali di interesse Storico, purch\u00e9 la viticoltura costituisca la motivazione dell\u2019iscrizione ed i vigneti presentino le caratteristiche principali dell\u2019iscrizione;<\/p>\n\n\n\n<p>c)&nbsp;afferenti a territori che hanno ottenuto dell\u2019Unesco il riconoscimento di eccezionale valore universale e ove il criterio di iscrizione nella lista dei siti Unesco si riferisca esclusivamente o in modo complementare alla viticoltura;<\/p>\n\n\n\n<p>d)&nbsp;ricadenti in aree oggetto di specifiche leggi regionali o individuate dai piani paesaggistici volte alla conservazione e valorizzazione di specifici territori vitivinicoli,<\/p>\n\n\n\n<p>\u00e8 necessario allegare una dichiarazione sostitutiva di atto notorio nel quale indicare i riferimenti normativi e la tipologia di area a cui si fa riferimento.<\/p>\n\n\n\n<p>Per impianti viticoli su terrazze e gradoni o su terreni aventi sistemazioni idraulico-agrarie storiche, dovr\u00e0 essere fornita documentazione fotografica esaustiva allegata alla domanda di riconoscimento.<\/p>\n\n\n\n<p>Nel caso in cui si chieda il riconoscimento di vigneti storici per vigneti estirpati e reimpiantati dopo il 1960 \u00e8 altres\u00ec necessario allegare la documentazione che attesti l\u2019esistenza del vigneto anteriormente al 1960, quale:<\/p>\n\n\n\n<p>\u00c8 comunque facolt\u00e0 del conduttore richiedere la cancellazione di una o pi\u00f9 UNAR dall\u2019elenco dei vigneti eroici o storici.<\/p>\n\n\n\n<p>L\u2019istanza di cancellazione va inoltrata via PEC all\u2019indirizzo <strong>agrapa@postacert.regione.emilia-romagna.it<\/strong><strong>.<\/strong><\/p>\n\n\n\n<p>Gli uffici di Confagricoltura Bologna sono a disposizione per qualsiasi ulteriore informazione in merito.<\/p>\n\n\n\n<p>(A. Caprara)<\/p>\n","protected":false},"excerpt":{"rendered":"<p>L\u2019art. 7 della Legge 12 dicembre 2016, n. 238 \u201cDisciplina organica della coltivazione della vite e della produzione e del commercio del vino\u201d ha introdotto le disposizioni per la \u201cSalvaguardia dei vigneti eroici o storici\u201d allo scopo di promuovere interventi di ripristino, recupero, manutenzione e salvaguardia dei vigneti delle aree soggette a rischio di dissesto<\/p>\n","protected":false},"author":7,"featured_media":5785,"comment_status":"closed","ping_status":"closed","sticky":false,"template":"","format":"standard","meta":{"wp_mapbox_gl_js_media":[],"footnotes":""},"categories":[23,37,25,16],"tags":[],"class_list":["post-5784","post","type-post","status-publish","format-standard","has-post-thumbnail","hentry","category-bologna-agricola-informa","category-informative-per-associati","category-notiziario-provinciale","category-settore-vitivinicolo"],"yoast_head":"<!-- This site is optimized with the Yoast SEO plugin v26.8 - https:\/\/yoast.com\/product\/yoast-seo-wordpress\/ -->\n<title>Istituzione Albo Vigneti Eroici o Storici. - Confagricoltura Bologna<\/title>\n<meta name=\"robots\" content=\"index, follow, max-snippet:-1, max-image-preview:large, max-video-preview:-1\" \/>\n<link rel=\"canonical\" href=\"https:\/\/www.confagricoltura.org\/bologna\/istituzione-albo-vigneti-eroici-o-storici\/\" \/>\n<meta property=\"og:locale\" content=\"it_IT\" \/>\n<meta property=\"og:type\" content=\"article\" \/>\n<meta property=\"og:title\" content=\"Istituzione Albo Vigneti Eroici o Storici. - Confagricoltura Bologna\" \/>\n<meta property=\"og:description\" content=\"L\u2019art. 7 della Legge 12 dicembre 2016, n. 238 \u201cDisciplina organica della coltivazione della vite e della produzione e del commercio del vino\u201d ha introdotto le disposizioni per la \u201cSalvaguardia dei vigneti eroici o storici\u201d allo scopo di promuovere interventi di ripristino, recupero, manutenzione e salvaguardia dei vigneti delle aree soggette a rischio di dissesto\" \/>\n<meta property=\"og:url\" content=\"https:\/\/www.confagricoltura.org\/bologna\/istituzione-albo-vigneti-eroici-o-storici\/\" \/>\n<meta property=\"og:site_name\" content=\"Confagricoltura Bologna\" \/>\n<meta property=\"article:published_time\" content=\"2021-09-16T10:34:49+00:00\" \/>\n<meta property=\"article:modified_time\" content=\"2021-09-16T10:34:50+00:00\" \/>\n<meta property=\"og:image\" content=\"https:\/\/www.confagricoltura.org\/bologna\/wp-content\/uploads\/sites\/12\/2021\/09\/Vigneto-1.jpg\" \/>\n\t<meta property=\"og:image:width\" content=\"980\" \/>\n\t<meta property=\"og:image:height\" content=\"723\" \/>\n\t<meta property=\"og:image:type\" content=\"image\/jpeg\" \/>\n<meta name=\"author\" content=\"confagricolturabologna\" \/>\n<meta name=\"twitter:card\" content=\"summary_large_image\" \/>\n<meta name=\"twitter:label1\" content=\"Scritto da\" \/>\n\t<meta name=\"twitter:data1\" content=\"confagricolturabologna\" \/>\n\t<meta name=\"twitter:label2\" content=\"Tempo di lettura stimato\" \/>\n\t<meta name=\"twitter:data2\" content=\"5 minuti\" \/>\n<script type=\"application\/ld+json\" class=\"yoast-schema-graph\">{\"@context\":\"https:\/\/schema.org\",\"@graph\":[{\"@type\":\"Article\",\"@id\":\"https:\/\/www.confagricoltura.org\/bologna\/istituzione-albo-vigneti-eroici-o-storici\/#article\",\"isPartOf\":{\"@id\":\"https:\/\/www.confagricoltura.org\/bologna\/istituzione-albo-vigneti-eroici-o-storici\/\"},\"author\":{\"name\":\"confagricolturabologna\",\"@id\":\"https:\/\/www.confagricoltura.org\/bologna\/#\/schema\/person\/277baa2a725fb840103c5f8898746c7f\"},\"headline\":\"Istituzione Albo Vigneti Eroici o Storici.\",\"datePublished\":\"2021-09-16T10:34:49+00:00\",\"dateModified\":\"2021-09-16T10:34:50+00:00\",\"mainEntityOfPage\":{\"@id\":\"https:\/\/www.confagricoltura.org\/bologna\/istituzione-albo-vigneti-eroici-o-storici\/\"},\"wordCount\":1112,\"image\":{\"@id\":\"https:\/\/www.confagricoltura.org\/bologna\/istituzione-albo-vigneti-eroici-o-storici\/#primaryimage\"},\"thumbnailUrl\":\"https:\/\/www.confagricoltura.org\/bologna\/wp-content\/uploads\/sites\/12\/2021\/09\/Vigneto-1.jpg\",\"articleSection\":[\"Bologna Agricola Informa\",\"Informative per Associati\",\"Notiziario Provinciale\",\"Settore vitivinicolo\"],\"inLanguage\":\"it-IT\"},{\"@type\":\"WebPage\",\"@id\":\"https:\/\/www.confagricoltura.org\/bologna\/istituzione-albo-vigneti-eroici-o-storici\/\",\"url\":\"https:\/\/www.confagricoltura.org\/bologna\/istituzione-albo-vigneti-eroici-o-storici\/\",\"name\":\"Istituzione Albo Vigneti Eroici o Storici. - Confagricoltura Bologna\",\"isPartOf\":{\"@id\":\"https:\/\/www.confagricoltura.org\/bologna\/#website\"},\"primaryImageOfPage\":{\"@id\":\"https:\/\/www.confagricoltura.org\/bologna\/istituzione-albo-vigneti-eroici-o-storici\/#primaryimage\"},\"image\":{\"@id\":\"https:\/\/www.confagricoltura.org\/bologna\/istituzione-albo-vigneti-eroici-o-storici\/#primaryimage\"},\"thumbnailUrl\":\"https:\/\/www.confagricoltura.org\/bologna\/wp-content\/uploads\/sites\/12\/2021\/09\/Vigneto-1.jpg\",\"datePublished\":\"2021-09-16T10:34:49+00:00\",\"dateModified\":\"2021-09-16T10:34:50+00:00\",\"author\":{\"@id\":\"https:\/\/www.confagricoltura.org\/bologna\/#\/schema\/person\/277baa2a725fb840103c5f8898746c7f\"},\"breadcrumb\":{\"@id\":\"https:\/\/www.confagricoltura.org\/bologna\/istituzione-albo-vigneti-eroici-o-storici\/#breadcrumb\"},\"inLanguage\":\"it-IT\",\"potentialAction\":[{\"@type\":\"ReadAction\",\"target\":[\"https:\/\/www.confagricoltura.org\/bologna\/istituzione-albo-vigneti-eroici-o-storici\/\"]}]},{\"@type\":\"ImageObject\",\"inLanguage\":\"it-IT\",\"@id\":\"https:\/\/www.confagricoltura.org\/bologna\/istituzione-albo-vigneti-eroici-o-storici\/#primaryimage\",\"url\":\"https:\/\/www.confagricoltura.org\/bologna\/wp-content\/uploads\/sites\/12\/2021\/09\/Vigneto-1.jpg\",\"contentUrl\":\"https:\/\/www.confagricoltura.org\/bologna\/wp-content\/uploads\/sites\/12\/2021\/09\/Vigneto-1.jpg\",\"width\":980,\"height\":723},{\"@type\":\"BreadcrumbList\",\"@id\":\"https:\/\/www.confagricoltura.org\/bologna\/istituzione-albo-vigneti-eroici-o-storici\/#breadcrumb\",\"itemListElement\":[{\"@type\":\"ListItem\",\"position\":1,\"name\":\"Home\",\"item\":\"https:\/\/www.confagricoltura.org\/bologna\/\"},{\"@type\":\"ListItem\",\"position\":2,\"name\":\"Istituzione Albo Vigneti Eroici o Storici.\"}]},{\"@type\":\"WebSite\",\"@id\":\"https:\/\/www.confagricoltura.org\/bologna\/#website\",\"url\":\"https:\/\/www.confagricoltura.org\/bologna\/\",\"name\":\"Confagricoltura Bologna\",\"description\":\"Dalla parte degli Agricoltori\",\"potentialAction\":[{\"@type\":\"SearchAction\",\"target\":{\"@type\":\"EntryPoint\",\"urlTemplate\":\"https:\/\/www.confagricoltura.org\/bologna\/?s={search_term_string}\"},\"query-input\":{\"@type\":\"PropertyValueSpecification\",\"valueRequired\":true,\"valueName\":\"search_term_string\"}}],\"inLanguage\":\"it-IT\"},{\"@type\":\"Person\",\"@id\":\"https:\/\/www.confagricoltura.org\/bologna\/#\/schema\/person\/277baa2a725fb840103c5f8898746c7f\",\"name\":\"confagricolturabologna\",\"image\":{\"@type\":\"ImageObject\",\"inLanguage\":\"it-IT\",\"@id\":\"https:\/\/www.confagricoltura.org\/bologna\/#\/schema\/person\/image\/\",\"url\":\"https:\/\/secure.gravatar.com\/avatar\/edd9a034f35ea6aeadaf9744d1135acc?s=96&d=mm&r=g\",\"contentUrl\":\"https:\/\/secure.gravatar.com\/avatar\/edd9a034f35ea6aeadaf9744d1135acc?s=96&d=mm&r=g\",\"caption\":\"confagricolturabologna\"},\"url\":\"https:\/\/www.confagricoltura.org\/bologna\/author\/confagricolturabologna\/\"}]}<\/script>\n<!-- \/ Yoast SEO plugin. -->","yoast_head_json":{"title":"Istituzione Albo Vigneti Eroici o Storici. - Confagricoltura Bologna","robots":{"index":"index","follow":"follow","max-snippet":"max-snippet:-1","max-image-preview":"max-image-preview:large","max-video-preview":"max-video-preview:-1"},"canonical":"https:\/\/www.confagricoltura.org\/bologna\/istituzione-albo-vigneti-eroici-o-storici\/","og_locale":"it_IT","og_type":"article","og_title":"Istituzione Albo Vigneti Eroici o Storici. - Confagricoltura Bologna","og_description":"L\u2019art. 7 della Legge 12 dicembre 2016, n. 238 \u201cDisciplina organica della coltivazione della vite e della produzione e del commercio del vino\u201d ha introdotto le disposizioni per la \u201cSalvaguardia dei vigneti eroici o storici\u201d allo scopo di promuovere interventi di ripristino, recupero, manutenzione e salvaguardia dei vigneti delle aree soggette a rischio di dissesto","og_url":"https:\/\/www.confagricoltura.org\/bologna\/istituzione-albo-vigneti-eroici-o-storici\/","og_site_name":"Confagricoltura Bologna","article_published_time":"2021-09-16T10:34:49+00:00","article_modified_time":"2021-09-16T10:34:50+00:00","og_image":[{"width":980,"height":723,"url":"https:\/\/www.confagricoltura.org\/bologna\/wp-content\/uploads\/sites\/12\/2021\/09\/Vigneto-1.jpg","type":"image\/jpeg"}],"author":"confagricolturabologna","twitter_card":"summary_large_image","twitter_misc":{"Scritto da":"confagricolturabologna","Tempo di lettura stimato":"5 minuti"},"schema":{"@context":"https:\/\/schema.org","@graph":[{"@type":"Article","@id":"https:\/\/www.confagricoltura.org\/bologna\/istituzione-albo-vigneti-eroici-o-storici\/#article","isPartOf":{"@id":"https:\/\/www.confagricoltura.org\/bologna\/istituzione-albo-vigneti-eroici-o-storici\/"},"author":{"name":"confagricolturabologna","@id":"https:\/\/www.confagricoltura.org\/bologna\/#\/schema\/person\/277baa2a725fb840103c5f8898746c7f"},"headline":"Istituzione Albo Vigneti Eroici o Storici.","datePublished":"2021-09-16T10:34:49+00:00","dateModified":"2021-09-16T10:34:50+00:00","mainEntityOfPage":{"@id":"https:\/\/www.confagricoltura.org\/bologna\/istituzione-albo-vigneti-eroici-o-storici\/"},"wordCount":1112,"image":{"@id":"https:\/\/www.confagricoltura.org\/bologna\/istituzione-albo-vigneti-eroici-o-storici\/#primaryimage"},"thumbnailUrl":"https:\/\/www.confagricoltura.org\/bologna\/wp-content\/uploads\/sites\/12\/2021\/09\/Vigneto-1.jpg","articleSection":["Bologna Agricola Informa","Informative per Associati","Notiziario Provinciale","Settore vitivinicolo"],"inLanguage":"it-IT"},{"@type":"WebPage","@id":"https:\/\/www.confagricoltura.org\/bologna\/istituzione-albo-vigneti-eroici-o-storici\/","url":"https:\/\/www.confagricoltura.org\/bologna\/istituzione-albo-vigneti-eroici-o-storici\/","name":"Istituzione Albo Vigneti Eroici o Storici. - Confagricoltura Bologna","isPartOf":{"@id":"https:\/\/www.confagricoltura.org\/bologna\/#website"},"primaryImageOfPage":{"@id":"https:\/\/www.confagricoltura.org\/bologna\/istituzione-albo-vigneti-eroici-o-storici\/#primaryimage"},"image":{"@id":"https:\/\/www.confagricoltura.org\/bologna\/istituzione-albo-vigneti-eroici-o-storici\/#primaryimage"},"thumbnailUrl":"https:\/\/www.confagricoltura.org\/bologna\/wp-content\/uploads\/sites\/12\/2021\/09\/Vigneto-1.jpg","datePublished":"2021-09-16T10:34:49+00:00","dateModified":"2021-09-16T10:34:50+00:00","author":{"@id":"https:\/\/www.confagricoltura.org\/bologna\/#\/schema\/person\/277baa2a725fb840103c5f8898746c7f"},"breadcrumb":{"@id":"https:\/\/www.confagricoltura.org\/bologna\/istituzione-albo-vigneti-eroici-o-storici\/#breadcrumb"},"inLanguage":"it-IT","potentialAction":[{"@type":"ReadAction","target":["https:\/\/www.confagricoltura.org\/bologna\/istituzione-albo-vigneti-eroici-o-storici\/"]}]},{"@type":"ImageObject","inLanguage":"it-IT","@id":"https:\/\/www.confagricoltura.org\/bologna\/istituzione-albo-vigneti-eroici-o-storici\/#primaryimage","url":"https:\/\/www.confagricoltura.org\/bologna\/wp-content\/uploads\/sites\/12\/2021\/09\/Vigneto-1.jpg","contentUrl":"https:\/\/www.confagricoltura.org\/bologna\/wp-content\/uploads\/sites\/12\/2021\/09\/Vigneto-1.jpg","width":980,"height":723},{"@type":"BreadcrumbList","@id":"https:\/\/www.confagricoltura.org\/bologna\/istituzione-albo-vigneti-eroici-o-storici\/#breadcrumb","itemListElement":[{"@type":"ListItem","position":1,"name":"Home","item":"https:\/\/www.confagricoltura.org\/bologna\/"},{"@type":"ListItem","position":2,"name":"Istituzione Albo Vigneti Eroici o Storici."}]},{"@type":"WebSite","@id":"https:\/\/www.confagricoltura.org\/bologna\/#website","url":"https:\/\/www.confagricoltura.org\/bologna\/","name":"Confagricoltura Bologna","description":"Dalla parte degli Agricoltori","potentialAction":[{"@type":"SearchAction","target":{"@type":"EntryPoint","urlTemplate":"https:\/\/www.confagricoltura.org\/bologna\/?s={search_term_string}"},"query-input":{"@type":"PropertyValueSpecification","valueRequired":true,"valueName":"search_term_string"}}],"inLanguage":"it-IT"},{"@type":"Person","@id":"https:\/\/www.confagricoltura.org\/bologna\/#\/schema\/person\/277baa2a725fb840103c5f8898746c7f","name":"confagricolturabologna","image":{"@type":"ImageObject","inLanguage":"it-IT","@id":"https:\/\/www.confagricoltura.org\/bologna\/#\/schema\/person\/image\/","url":"https:\/\/secure.gravatar.com\/avatar\/edd9a034f35ea6aeadaf9744d1135acc?s=96&d=mm&r=g","contentUrl":"https:\/\/secure.gravatar.com\/avatar\/edd9a034f35ea6aeadaf9744d1135acc?s=96&d=mm&r=g","caption":"confagricolturabologna"},"url":"https:\/\/www.confagricoltura.org\/bologna\/author\/confagricolturabologna\/"}]}},"_links":{"self":[{"href":"https:\/\/www.confagricoltura.org\/bologna\/wp-json\/wp\/v2\/posts\/5784","targetHints":{"allow":["GET"]}}],"collection":[{"href":"https:\/\/www.confagricoltura.org\/bologna\/wp-json\/wp\/v2\/posts"}],"about":[{"href":"https:\/\/www.confagricoltura.org\/bologna\/wp-json\/wp\/v2\/types\/post"}],"author":[{"embeddable":true,"href":"https:\/\/www.confagricoltura.org\/bologna\/wp-json\/wp\/v2\/users\/7"}],"replies":[{"embeddable":true,"href":"https:\/\/www.confagricoltura.org\/bologna\/wp-json\/wp\/v2\/comments?post=5784"}],"version-history":[{"count":1,"href":"https:\/\/www.confagricoltura.org\/bologna\/wp-json\/wp\/v2\/posts\/5784\/revisions"}],"predecessor-version":[{"id":5786,"href":"https:\/\/www.confagricoltura.org\/bologna\/wp-json\/wp\/v2\/posts\/5784\/revisions\/5786"}],"wp:featuredmedia":[{"embeddable":true,"href":"https:\/\/www.confagricoltura.org\/bologna\/wp-json\/wp\/v2\/media\/5785"}],"wp:attachment":[{"href":"https:\/\/www.confagricoltura.org\/bologna\/wp-json\/wp\/v2\/media?parent=5784"}],"wp:term":[{"taxonomy":"category","embeddable":true,"href":"https:\/\/www.confagricoltura.org\/bologna\/wp-json\/wp\/v2\/categories?post=5784"},{"taxonomy":"post_tag","embeddable":true,"href":"https:\/\/www.confagricoltura.org\/bologna\/wp-json\/wp\/v2\/tags?post=5784"}],"curies":[{"name":"wp","href":"https:\/\/api.w.org\/{rel}","templated":true}]}}