{"id":5650,"date":"2021-06-01T11:49:18","date_gmt":"2021-06-01T09:49:18","guid":{"rendered":"https:\/\/www.confagricoltura.org\/bologna\/?p=5650"},"modified":"2021-06-01T11:49:19","modified_gmt":"2021-06-01T09:49:19","slug":"principali-norme-del-d-l-sostegni-bis-in-materia-di-lavoro-e-previdenza","status":"publish","type":"post","link":"https:\/\/www.confagricoltura.org\/bologna\/principali-norme-del-d-l-sostegni-bis-in-materia-di-lavoro-e-previdenza\/","title":{"rendered":"Principali norme del D.L. Sostegni Bis in materia di lavoro e previdenza."},"content":{"rendered":"\n<p>Ancora non si \u00e8 asciugato l\u2019inchiostro per la pubblicazione in Gazzetta (supplemento ordinario n. 120 del 21 maggio 2021) della legge di conversione (Legge 21 maggio 2021 n. 69) di conversione del D.L. 22 marzo 2021 n.41, c.d. decreto \u201csostegni\u201d, che gi\u00e0 avanza il decreto legge \u201csostegni bis\u201d.<\/p>\n\n\n\n<p>Ancora non si \u00e8 asciugato l\u2019inchiostro per la pubblicazione in Gazzetta (supplemento ordinario n. 120 del 21 maggio 2021) della legge di conversione (Legge 21 maggio 2021 n. 69) di conversione del D.L. 22 marzo 2021 n.41, c.d. decreto \u201csostegni\u201d, che gi\u00e0 avanza il decreto legge \u201csostegni bis\u201d.<\/p>\n\n\n\n<p><strong>Cassa integrazione<\/strong><\/p>\n\n\n\n<p>Il testo approvato dal consiglio dei ministri il 20 maggio u.s. prevede ulteriori disposizioni in materia di trattamenti di  integrazione salariale; in specie la norma prevede che, in alternativa ai trattamenti di integrazione, i datori di lavoro privati i quali nel primo semestre dell\u2019anno 2021 abbiano subito una contrazione del fatturato almeno del 50% rispetto al primo semestre dell\u2019anno 2019, hanno la facolt\u00e0 di inoltrare all\u2019INPS la domanda di cassa integrazione guadagni straordinaria in deroga alle disposizioni di legge (D.Lgs. 14 settembre 2015, n. 148) per una durata massima di 26 settimane nel periodo tra la data di entrata in vigore del decreto \u201cristori bis\u201d e la data del\u00a0 31 dicembre 2021. Nella precitata ipotesi\u00a0 la riduzione media oraria non potr\u00e0 essere superiore all\u201980 per cento dell\u2019orario giornaliero, settimanale o mensile dei lavoratori interessati dall\u2019accordo collettivo. Il decreto stanzia all\u2019uopo, per il 2021, la somma massima di 557,8 milioni di euro.<\/p>\n\n\n\n<p><strong>Incentivo alla assunzione<\/strong><\/p>\n\n\n\n<p>Interessante appare, ad una prima lettura (anche se sono esclusi i datori di lavoro dell\u2019agricoltura e domestici)&nbsp; la nuova norma prevista in materia di decontribuzione, denominata \u201ccontratto di rioccupazione\u201d; il decreto legge prevede infatti, con efficacia sino al 31 ottobre 2021, la istituzione del contratto di<strong> <\/strong>&nbsp;rioccupazione che si sostanzia per essere un contratto di lavoro subordinato a tempo indeterminato volto ad incentivare l\u2019inserimento nel mercato del lavoro dei lavoratori in stato di disoccupazione&nbsp; (art.19 del D.Lgs. n. 150\/2015) nella fase di ripresa delle attivit\u00e0 dopo l\u2019emergenza epidemiologica da Covid -19.<\/p>\n\n\n\n<p>Di fatto si tratta di un contratto a tempo indeterminato con un periodo di prova di sei mesi. Il contratto dovr\u00e0 essere formalizzato tra le parti in forma scritta ai fini della prova.<\/p>\n\n\n\n<p>Alla base del predetto contratto vi \u00e8 la condizionante definizione, acquisito il consenso del lavoratore, di un progetto individuale di inserimento, volto al conseguimento in capo al lavoratore delle necessarie competenze professionali proprie del contesto nuovo lavorativo.<\/p>\n\n\n\n<p>Il progetto individuale di inserimento ha una durata di sei mesi (di prova in sintesi); per questo lasso di tempo al datore di lavoro &nbsp;\u00e8 riconosciuto l\u2019esonero dal versamento del 100% dei contributi previdenziali&nbsp;INPS a carico azienda, restano da corrispondere i premi e contributi INAIL nel limite massimo di importo pari a 6.000 euro su base annua.<\/p>\n\n\n\n<p>La norma prevede che per accedere al predetto contratto il datore non abbia effettuato, <strong>&nbsp;<\/strong>nei sei mesi precedenti l\u2019assunzione, licenziamenti individuali per giustificato motivo oggettivo, o a licenziamenti collettivi.<\/p>\n\n\n\n<p>Nel caso in cui il datore proceda al licenziamento del dipendente nei sei mesi di prova o alla fine del periodo di inserimento questi dovr\u00e0 versare la omessa contribuzione.<\/p>\n\n\n\n<p>La norma prevede altres\u00ec alcuni casi di revoca dell\u2019esonero. La norma non ha limiti di et\u00e0, territoriali o di genere.<\/p>\n\n\n\n<p>Se non diversamente previsto, al contratto di rioccupazione si applica, in toto, la disciplina ordinaria in materia di rapporto di lavoro subordinato a tempo indeterminato anche in materia di licenziamento illegittimo con relative sanzioni, al termine del periodo di inserimento le parti possono &#8211; ai sensi dell\u2019articolo 2118 C.C. &#8211; recedere con preavviso dal contratto, continuando ad applicarsi la norma in esame qualora nessuna delle parti comunichi il recesso&nbsp; il rapporto prosegue come normale&nbsp; rapporto di lavoro subordinato a tempo indeterminato.<\/p>\n\n\n\n<p><strong>Una Tantum per turismo e spettacolo<\/strong><\/p>\n\n\n\n<p>La nuova disposizione prevede,&nbsp; in favore dei lavoratori dello spettacolo,&nbsp; gi\u00e0 beneficiari dell&#8217;indennit\u00e0 in precedenza prevista e disciplinata dall\u2019art.10 del decreto-legge 22 marzo 2021, n. 41, il riconoscimento di una somma&nbsp; una tantum&nbsp; indennitaria&nbsp; pari a euro 1.600. <strong><\/strong><\/p>\n\n\n\n<p><strong>Decontribuzione settori del turismo e degli stabilimenti termali e del commercio<\/strong><\/p>\n\n\n\n<p>Il decreto in esame prevede ancora per i datori di lavoro privati dei settori del turismo e degli stabilimenti termali e del commercio l&#8217;esonero dal versamento dei contributi previdenziali INPS a carico ditta, da utilizzare entro il 31 dicembre 2021, sia pure con il limite del doppio delle ore di integrazione salariale gi\u00e0 utilizzate in precedenza (gennaio, febbraio e marzo 2021); da versare i premi INAIL.<\/p>\n\n\n\n<p><strong>Proroga CIGS per cessazione e incremento del Fondo sociale per occupazione e formazione<\/strong><\/p>\n\n\n\n<p>Allo scopo di sostenere i lavoratori,&nbsp; in questa complessa fase economica e fino al 31 dicembre 2021, per le aziende aventi rilevanza strategica territoriale e che abbiano avviato il processo di cessazione aziendale, potr\u00e0 essere autorizzata una proroga, per sei mesi,&nbsp; della CIGS.<\/p>\n\n\n\n<p><strong>Sostegno per l\u2019agricoltura, la pesca, l\u2019acquacoltura e il settore agrituristico<\/strong><\/p>\n\n\n\n<p>Il decreto prevede alcune disposizioni per sostenere, nel settore agricolo l\u2019imprenditoria femminile e l\u2019incremento occupazionale. In sintesi sono estese alle donne, senza limiti di et\u00e0, le&nbsp; misure agevolative di sgravio contributivo INPS, gi\u00e0 previste per l\u2019avvio delle nuove imprese agricole per i giovani fino all\u2019et\u00e0 di 40 anni.<\/p>\n\n\n\n<p>Il decreto legge consente agli organismi pagatori di corrispondere, entro il 31 luglio di ciascun anno (semprech\u00e9 perduri la pandemia) un\u2019anticipazione (fino al 70%) sulle somme richieste con la domanda PAC.&nbsp; Per sostenere l\u2019incremento occupazionale agricolo, salvi i criteri codicistici (art. 2135 c.c.) per il rispetto della prevalenza, il personale occupato nell\u2019attivit\u00e0 agrituristica \u00e8 considerato lavoratore agricolo anche ai fini della valutazione del rapporto di connessione tra attivit\u00e0 agricola ed attivit\u00e0 agrituristica.<\/p>\n\n\n\n<p><strong>Indennit\u00e0 per i lavoratori del settore agricolo e della pesca<\/strong><\/p>\n\n\n\n<p>Agli&nbsp;operai agricoli a tempo determinato&nbsp;che, nel 2020, abbiano effettuato&nbsp;almeno 50 giornate&nbsp;effettive di attivit\u00e0 di lavoro agricolo, il decreto assegna una nuova indennit\u00e0 \u201cuna tantum\u201d pari a 800 euro, erogata a cura dell\u2019INPS.<\/p>\n\n\n\n<p>La somma non genera accrediti contributivi. I lavoratori per poter accedere alla provvidenza non dovranno essere titolari di contratto di lavoro subordinato a tempo indeterminato o di&nbsp; pensione; la somma non concorre alla formazione del reddito ed \u00e8 incompatibile con la riscossione del reddito di cittadinanza e del reddito di emergenza, n\u00e9&nbsp; \u00e8 cumulabile con le altre provvidenze previste dal DL.&nbsp; 22 marzo 2021, n. 41 (art. 10); la somma viceversa \u00e8 cumulabile con l\u2019assegno ordinario di invalidit\u00e0. Il decreto prevede un limite di spesa (per l\u2019anno 2021) di 448 milioni di euro.<\/p>\n\n\n\n<p>La norma prevede che i lavoratori interessati debbano inviare la relativa domanda all&#8217;INPS&nbsp;entro il 30 giugno 2021; l\u2019INPS provveder\u00e0 ad emanare le relative norme procedurali e ad implementare la modulistica del caso.<\/p>\n\n\n\n<p>Ai lavoratori autonomi della pesca compresi i soci di cooperative, che esercitano professionalmente la pesca in acque marittime, interne e lagunari, non titolari di pensione e non iscritti ad altre forme previdenziali obbligatorie, ad esclusione della gestione separata&nbsp; \u00e8 riconosciuta, per il mese di maggio 2021, un&#8217;indennit\u00e0 di 950 euro&nbsp;. La misura \u00e8 finanziata con uno stanziamento, per il 2021, di 3,8 milioni di euro.<\/p>\n\n\n\n<p><strong>Esonero contributivo a <\/strong><strong>favore delle filiere agricole appartenenti ai settori agrituristico e vitivinicolo<\/strong><\/p>\n\n\n\n<p>In soccorso delle aziende appartenenti alle filiere dell\u2019agriturismo e del vitivinicolo incluse le aziende produttrici di vino e birra ed&nbsp; individuate dai codici ATECO 01.21.00, 11.02.10, 11.02.20, 11.05, 55.20.52, 56.10.12, si prevede l\u2019esonero dal versamento dei contributi previdenziali e assistenziali per la quota a carico dei datori e per il mese di febbraio 2021; da versare invece i&nbsp; contributi dovuti all\u2019INAIL.<\/p>\n\n\n\n<p>Analogamente l\u2019 esonero \u00e8 previsto in favore degli imprenditori agricoli professionali, ai coltivatori diretti, ai mezzadri e ai coloni, sempre avuto riguardo alla contribuzione per il mese di febbraio 2021. L\u2019esonero \u00e8 finanziato 72,5 milioni di euro<strong>.<\/strong><\/p>\n\n\n\n<p><strong>Reddito di Emergenza<\/strong><\/p>\n\n\n\n<p>Il decreto proroga anche il reddito di emergenza che, si ricorda, \u00e8 una misura di aiuto alle famiglie e\u00a0 di sostegno economico istituita con l\u2019articolo 82 del decreto-legge 19 maggio 2020, n. 34, in favore dei nuclei familiari in difficolt\u00e0 a causa dell\u2019emergenza epidemiologica da Covid-19.<\/p>\n\n\n\n<p>La misura dovrebbe riguardare periodi&nbsp; relativi a 4 mensilit\u00e0 (importo base di euro 400, moltiplicato per il coefficiente familiare, con un massimo di 800 euro, 840 euro se si \u00e8 in presenza di disabili).<\/p>\n\n\n\n<p><strong>Blocco dei licenziamenti<\/strong><\/p>\n\n\n\n<p>Il decreto \u201csostegni bis\u201d \u00e8 ancora in itinere, e non risulta ancora approdato in Gazzetta Ufficiale,&nbsp; poich\u00e9 a sorpresa il&nbsp; ministro del Lavoro, Andrea Orlando, ha predisposto senza condivisione alcuna, in questi giorni,&nbsp; il blocco dei licenziamenti dopo il 30 giugno 2021. Il decreto \u201csostegni 1\u201d, appena convertito,&nbsp; infatti aveva risolto la questione licenziamenti: ivi si prevede un regime particolare (in questa emergenza COVID&nbsp; si ricorda che in Italia &#8211; unico paese al mondo \u2013 il blocco dei licenziamenti \u00e8 in vigore da febbraio 2020), termine blocco al&nbsp; 30 giugno per le imprese del settore&nbsp; manifatturiero ed edilizio, 31 ottobre per i settori&nbsp; terziario e piccole imprese rientranti nel campo di applicazione della cig in deroga e del Fis.<\/p>\n\n\n\n<p>La proposta di Orlando viceversa prevede nel caso di accesso dell\u2019impresa alla cassa integrazione guadagni, con causale Covid-19, la proroga del blocco dei licenziamenti al 28 agosto; ancora se una impresa utilizza la cassa ordinaria non \u00e8 tenuta al versamento delle addizionali e comunque non potr\u00e0 procedere ai licenziamenti nel periodo di utilizzo della cig.<\/p>\n\n\n\n<p>(M. Mazzanti)<\/p>\n","protected":false},"excerpt":{"rendered":"<p>Ancora non si \u00e8 asciugato l\u2019inchiostro per la pubblicazione in Gazzetta (supplemento ordinario n. 120 del 21 maggio 2021) della legge di conversione (Legge 21 maggio 2021 n. 69) di conversione del D.L. 22 marzo 2021 n.41, c.d. decreto \u201csostegni\u201d, che gi\u00e0 avanza il decreto legge \u201csostegni bis\u201d. <\/p>\n","protected":false},"author":7,"featured_media":5536,"comment_status":"closed","ping_status":"closed","sticky":false,"template":"","format":"standard","meta":{"wp_mapbox_gl_js_media":[],"footnotes":""},"categories":[23,35],"tags":[],"class_list":["post-5650","post","type-post","status-publish","format-standard","has-post-thumbnail","hentry","category-bologna-agricola-informa","category-lavoro"],"yoast_head":"<!-- This site is optimized with the Yoast SEO plugin v26.8 - https:\/\/yoast.com\/product\/yoast-seo-wordpress\/ -->\n<title>Principali norme del D.L. Sostegni Bis in materia di lavoro e previdenza. - Confagricoltura Bologna<\/title>\n<meta name=\"robots\" content=\"index, follow, max-snippet:-1, max-image-preview:large, max-video-preview:-1\" \/>\n<link rel=\"canonical\" href=\"https:\/\/www.confagricoltura.org\/bologna\/principali-norme-del-d-l-sostegni-bis-in-materia-di-lavoro-e-previdenza\/\" \/>\n<meta property=\"og:locale\" content=\"it_IT\" \/>\n<meta property=\"og:type\" content=\"article\" \/>\n<meta property=\"og:title\" content=\"Principali norme del D.L. Sostegni Bis in materia di lavoro e previdenza. - Confagricoltura Bologna\" \/>\n<meta property=\"og:description\" content=\"Ancora non si \u00e8 asciugato l\u2019inchiostro per la pubblicazione in Gazzetta (supplemento ordinario n. 120 del 21 maggio 2021) della legge di conversione (Legge 21 maggio 2021 n. 69) di conversione del D.L. 22 marzo 2021 n.41, c.d. decreto \u201csostegni\u201d, che gi\u00e0 avanza il decreto legge \u201csostegni bis\u201d.\" \/>\n<meta property=\"og:url\" content=\"https:\/\/www.confagricoltura.org\/bologna\/principali-norme-del-d-l-sostegni-bis-in-materia-di-lavoro-e-previdenza\/\" \/>\n<meta property=\"og:site_name\" content=\"Confagricoltura Bologna\" \/>\n<meta property=\"article:published_time\" content=\"2021-06-01T09:49:18+00:00\" \/>\n<meta property=\"article:modified_time\" content=\"2021-06-01T09:49:19+00:00\" \/>\n<meta property=\"og:image\" content=\"https:\/\/www.confagricoltura.org\/bologna\/wp-content\/uploads\/sites\/12\/2021\/03\/Gazzetta-Ufficiale.jpg\" \/>\n\t<meta property=\"og:image:width\" content=\"980\" \/>\n\t<meta property=\"og:image:height\" content=\"723\" \/>\n\t<meta property=\"og:image:type\" content=\"image\/jpeg\" \/>\n<meta name=\"author\" content=\"confagricolturabologna\" \/>\n<meta name=\"twitter:card\" content=\"summary_large_image\" \/>\n<meta name=\"twitter:label1\" content=\"Scritto da\" \/>\n\t<meta name=\"twitter:data1\" content=\"confagricolturabologna\" \/>\n\t<meta name=\"twitter:label2\" content=\"Tempo di lettura stimato\" \/>\n\t<meta name=\"twitter:data2\" content=\"7 minuti\" \/>\n<script type=\"application\/ld+json\" class=\"yoast-schema-graph\">{\"@context\":\"https:\/\/schema.org\",\"@graph\":[{\"@type\":\"Article\",\"@id\":\"https:\/\/www.confagricoltura.org\/bologna\/principali-norme-del-d-l-sostegni-bis-in-materia-di-lavoro-e-previdenza\/#article\",\"isPartOf\":{\"@id\":\"https:\/\/www.confagricoltura.org\/bologna\/principali-norme-del-d-l-sostegni-bis-in-materia-di-lavoro-e-previdenza\/\"},\"author\":{\"name\":\"confagricolturabologna\",\"@id\":\"https:\/\/www.confagricoltura.org\/bologna\/#\/schema\/person\/277baa2a725fb840103c5f8898746c7f\"},\"headline\":\"Principali norme del D.L. Sostegni Bis in materia di lavoro e previdenza.\",\"datePublished\":\"2021-06-01T09:49:18+00:00\",\"dateModified\":\"2021-06-01T09:49:19+00:00\",\"mainEntityOfPage\":{\"@id\":\"https:\/\/www.confagricoltura.org\/bologna\/principali-norme-del-d-l-sostegni-bis-in-materia-di-lavoro-e-previdenza\/\"},\"wordCount\":1543,\"image\":{\"@id\":\"https:\/\/www.confagricoltura.org\/bologna\/principali-norme-del-d-l-sostegni-bis-in-materia-di-lavoro-e-previdenza\/#primaryimage\"},\"thumbnailUrl\":\"https:\/\/www.confagricoltura.org\/bologna\/wp-content\/uploads\/sites\/12\/2021\/03\/Gazzetta-Ufficiale.jpg\",\"articleSection\":[\"Bologna Agricola Informa\",\"Lavoro\"],\"inLanguage\":\"it-IT\"},{\"@type\":\"WebPage\",\"@id\":\"https:\/\/www.confagricoltura.org\/bologna\/principali-norme-del-d-l-sostegni-bis-in-materia-di-lavoro-e-previdenza\/\",\"url\":\"https:\/\/www.confagricoltura.org\/bologna\/principali-norme-del-d-l-sostegni-bis-in-materia-di-lavoro-e-previdenza\/\",\"name\":\"Principali norme del D.L. Sostegni Bis in materia di lavoro e previdenza. - Confagricoltura Bologna\",\"isPartOf\":{\"@id\":\"https:\/\/www.confagricoltura.org\/bologna\/#website\"},\"primaryImageOfPage\":{\"@id\":\"https:\/\/www.confagricoltura.org\/bologna\/principali-norme-del-d-l-sostegni-bis-in-materia-di-lavoro-e-previdenza\/#primaryimage\"},\"image\":{\"@id\":\"https:\/\/www.confagricoltura.org\/bologna\/principali-norme-del-d-l-sostegni-bis-in-materia-di-lavoro-e-previdenza\/#primaryimage\"},\"thumbnailUrl\":\"https:\/\/www.confagricoltura.org\/bologna\/wp-content\/uploads\/sites\/12\/2021\/03\/Gazzetta-Ufficiale.jpg\",\"datePublished\":\"2021-06-01T09:49:18+00:00\",\"dateModified\":\"2021-06-01T09:49:19+00:00\",\"author\":{\"@id\":\"https:\/\/www.confagricoltura.org\/bologna\/#\/schema\/person\/277baa2a725fb840103c5f8898746c7f\"},\"breadcrumb\":{\"@id\":\"https:\/\/www.confagricoltura.org\/bologna\/principali-norme-del-d-l-sostegni-bis-in-materia-di-lavoro-e-previdenza\/#breadcrumb\"},\"inLanguage\":\"it-IT\",\"potentialAction\":[{\"@type\":\"ReadAction\",\"target\":[\"https:\/\/www.confagricoltura.org\/bologna\/principali-norme-del-d-l-sostegni-bis-in-materia-di-lavoro-e-previdenza\/\"]}]},{\"@type\":\"ImageObject\",\"inLanguage\":\"it-IT\",\"@id\":\"https:\/\/www.confagricoltura.org\/bologna\/principali-norme-del-d-l-sostegni-bis-in-materia-di-lavoro-e-previdenza\/#primaryimage\",\"url\":\"https:\/\/www.confagricoltura.org\/bologna\/wp-content\/uploads\/sites\/12\/2021\/03\/Gazzetta-Ufficiale.jpg\",\"contentUrl\":\"https:\/\/www.confagricoltura.org\/bologna\/wp-content\/uploads\/sites\/12\/2021\/03\/Gazzetta-Ufficiale.jpg\",\"width\":980,\"height\":723},{\"@type\":\"BreadcrumbList\",\"@id\":\"https:\/\/www.confagricoltura.org\/bologna\/principali-norme-del-d-l-sostegni-bis-in-materia-di-lavoro-e-previdenza\/#breadcrumb\",\"itemListElement\":[{\"@type\":\"ListItem\",\"position\":1,\"name\":\"Home\",\"item\":\"https:\/\/www.confagricoltura.org\/bologna\/\"},{\"@type\":\"ListItem\",\"position\":2,\"name\":\"Principali norme del D.L. Sostegni Bis in materia di lavoro e previdenza.\"}]},{\"@type\":\"WebSite\",\"@id\":\"https:\/\/www.confagricoltura.org\/bologna\/#website\",\"url\":\"https:\/\/www.confagricoltura.org\/bologna\/\",\"name\":\"Confagricoltura Bologna\",\"description\":\"Dalla parte degli Agricoltori\",\"potentialAction\":[{\"@type\":\"SearchAction\",\"target\":{\"@type\":\"EntryPoint\",\"urlTemplate\":\"https:\/\/www.confagricoltura.org\/bologna\/?s={search_term_string}\"},\"query-input\":{\"@type\":\"PropertyValueSpecification\",\"valueRequired\":true,\"valueName\":\"search_term_string\"}}],\"inLanguage\":\"it-IT\"},{\"@type\":\"Person\",\"@id\":\"https:\/\/www.confagricoltura.org\/bologna\/#\/schema\/person\/277baa2a725fb840103c5f8898746c7f\",\"name\":\"confagricolturabologna\",\"image\":{\"@type\":\"ImageObject\",\"inLanguage\":\"it-IT\",\"@id\":\"https:\/\/www.confagricoltura.org\/bologna\/#\/schema\/person\/image\/\",\"url\":\"https:\/\/secure.gravatar.com\/avatar\/edd9a034f35ea6aeadaf9744d1135acc?s=96&d=mm&r=g\",\"contentUrl\":\"https:\/\/secure.gravatar.com\/avatar\/edd9a034f35ea6aeadaf9744d1135acc?s=96&d=mm&r=g\",\"caption\":\"confagricolturabologna\"},\"url\":\"https:\/\/www.confagricoltura.org\/bologna\/author\/confagricolturabologna\/\"}]}<\/script>\n<!-- \/ Yoast SEO plugin. -->","yoast_head_json":{"title":"Principali norme del D.L. Sostegni Bis in materia di lavoro e previdenza. - Confagricoltura Bologna","robots":{"index":"index","follow":"follow","max-snippet":"max-snippet:-1","max-image-preview":"max-image-preview:large","max-video-preview":"max-video-preview:-1"},"canonical":"https:\/\/www.confagricoltura.org\/bologna\/principali-norme-del-d-l-sostegni-bis-in-materia-di-lavoro-e-previdenza\/","og_locale":"it_IT","og_type":"article","og_title":"Principali norme del D.L. Sostegni Bis in materia di lavoro e previdenza. - Confagricoltura Bologna","og_description":"Ancora non si \u00e8 asciugato l\u2019inchiostro per la pubblicazione in Gazzetta (supplemento ordinario n. 120 del 21 maggio 2021) della legge di conversione (Legge 21 maggio 2021 n. 69) di conversione del D.L. 22 marzo 2021 n.41, c.d. decreto \u201csostegni\u201d, che gi\u00e0 avanza il decreto legge \u201csostegni bis\u201d.","og_url":"https:\/\/www.confagricoltura.org\/bologna\/principali-norme-del-d-l-sostegni-bis-in-materia-di-lavoro-e-previdenza\/","og_site_name":"Confagricoltura Bologna","article_published_time":"2021-06-01T09:49:18+00:00","article_modified_time":"2021-06-01T09:49:19+00:00","og_image":[{"width":980,"height":723,"url":"https:\/\/www.confagricoltura.org\/bologna\/wp-content\/uploads\/sites\/12\/2021\/03\/Gazzetta-Ufficiale.jpg","type":"image\/jpeg"}],"author":"confagricolturabologna","twitter_card":"summary_large_image","twitter_misc":{"Scritto da":"confagricolturabologna","Tempo di lettura stimato":"7 minuti"},"schema":{"@context":"https:\/\/schema.org","@graph":[{"@type":"Article","@id":"https:\/\/www.confagricoltura.org\/bologna\/principali-norme-del-d-l-sostegni-bis-in-materia-di-lavoro-e-previdenza\/#article","isPartOf":{"@id":"https:\/\/www.confagricoltura.org\/bologna\/principali-norme-del-d-l-sostegni-bis-in-materia-di-lavoro-e-previdenza\/"},"author":{"name":"confagricolturabologna","@id":"https:\/\/www.confagricoltura.org\/bologna\/#\/schema\/person\/277baa2a725fb840103c5f8898746c7f"},"headline":"Principali norme del D.L. Sostegni Bis in materia di lavoro e previdenza.","datePublished":"2021-06-01T09:49:18+00:00","dateModified":"2021-06-01T09:49:19+00:00","mainEntityOfPage":{"@id":"https:\/\/www.confagricoltura.org\/bologna\/principali-norme-del-d-l-sostegni-bis-in-materia-di-lavoro-e-previdenza\/"},"wordCount":1543,"image":{"@id":"https:\/\/www.confagricoltura.org\/bologna\/principali-norme-del-d-l-sostegni-bis-in-materia-di-lavoro-e-previdenza\/#primaryimage"},"thumbnailUrl":"https:\/\/www.confagricoltura.org\/bologna\/wp-content\/uploads\/sites\/12\/2021\/03\/Gazzetta-Ufficiale.jpg","articleSection":["Bologna Agricola Informa","Lavoro"],"inLanguage":"it-IT"},{"@type":"WebPage","@id":"https:\/\/www.confagricoltura.org\/bologna\/principali-norme-del-d-l-sostegni-bis-in-materia-di-lavoro-e-previdenza\/","url":"https:\/\/www.confagricoltura.org\/bologna\/principali-norme-del-d-l-sostegni-bis-in-materia-di-lavoro-e-previdenza\/","name":"Principali norme del D.L. Sostegni Bis in materia di lavoro e previdenza. - Confagricoltura Bologna","isPartOf":{"@id":"https:\/\/www.confagricoltura.org\/bologna\/#website"},"primaryImageOfPage":{"@id":"https:\/\/www.confagricoltura.org\/bologna\/principali-norme-del-d-l-sostegni-bis-in-materia-di-lavoro-e-previdenza\/#primaryimage"},"image":{"@id":"https:\/\/www.confagricoltura.org\/bologna\/principali-norme-del-d-l-sostegni-bis-in-materia-di-lavoro-e-previdenza\/#primaryimage"},"thumbnailUrl":"https:\/\/www.confagricoltura.org\/bologna\/wp-content\/uploads\/sites\/12\/2021\/03\/Gazzetta-Ufficiale.jpg","datePublished":"2021-06-01T09:49:18+00:00","dateModified":"2021-06-01T09:49:19+00:00","author":{"@id":"https:\/\/www.confagricoltura.org\/bologna\/#\/schema\/person\/277baa2a725fb840103c5f8898746c7f"},"breadcrumb":{"@id":"https:\/\/www.confagricoltura.org\/bologna\/principali-norme-del-d-l-sostegni-bis-in-materia-di-lavoro-e-previdenza\/#breadcrumb"},"inLanguage":"it-IT","potentialAction":[{"@type":"ReadAction","target":["https:\/\/www.confagricoltura.org\/bologna\/principali-norme-del-d-l-sostegni-bis-in-materia-di-lavoro-e-previdenza\/"]}]},{"@type":"ImageObject","inLanguage":"it-IT","@id":"https:\/\/www.confagricoltura.org\/bologna\/principali-norme-del-d-l-sostegni-bis-in-materia-di-lavoro-e-previdenza\/#primaryimage","url":"https:\/\/www.confagricoltura.org\/bologna\/wp-content\/uploads\/sites\/12\/2021\/03\/Gazzetta-Ufficiale.jpg","contentUrl":"https:\/\/www.confagricoltura.org\/bologna\/wp-content\/uploads\/sites\/12\/2021\/03\/Gazzetta-Ufficiale.jpg","width":980,"height":723},{"@type":"BreadcrumbList","@id":"https:\/\/www.confagricoltura.org\/bologna\/principali-norme-del-d-l-sostegni-bis-in-materia-di-lavoro-e-previdenza\/#breadcrumb","itemListElement":[{"@type":"ListItem","position":1,"name":"Home","item":"https:\/\/www.confagricoltura.org\/bologna\/"},{"@type":"ListItem","position":2,"name":"Principali norme del D.L. Sostegni Bis in materia di lavoro e previdenza."}]},{"@type":"WebSite","@id":"https:\/\/www.confagricoltura.org\/bologna\/#website","url":"https:\/\/www.confagricoltura.org\/bologna\/","name":"Confagricoltura Bologna","description":"Dalla parte degli Agricoltori","potentialAction":[{"@type":"SearchAction","target":{"@type":"EntryPoint","urlTemplate":"https:\/\/www.confagricoltura.org\/bologna\/?s={search_term_string}"},"query-input":{"@type":"PropertyValueSpecification","valueRequired":true,"valueName":"search_term_string"}}],"inLanguage":"it-IT"},{"@type":"Person","@id":"https:\/\/www.confagricoltura.org\/bologna\/#\/schema\/person\/277baa2a725fb840103c5f8898746c7f","name":"confagricolturabologna","image":{"@type":"ImageObject","inLanguage":"it-IT","@id":"https:\/\/www.confagricoltura.org\/bologna\/#\/schema\/person\/image\/","url":"https:\/\/secure.gravatar.com\/avatar\/edd9a034f35ea6aeadaf9744d1135acc?s=96&d=mm&r=g","contentUrl":"https:\/\/secure.gravatar.com\/avatar\/edd9a034f35ea6aeadaf9744d1135acc?s=96&d=mm&r=g","caption":"confagricolturabologna"},"url":"https:\/\/www.confagricoltura.org\/bologna\/author\/confagricolturabologna\/"}]}},"_links":{"self":[{"href":"https:\/\/www.confagricoltura.org\/bologna\/wp-json\/wp\/v2\/posts\/5650","targetHints":{"allow":["GET"]}}],"collection":[{"href":"https:\/\/www.confagricoltura.org\/bologna\/wp-json\/wp\/v2\/posts"}],"about":[{"href":"https:\/\/www.confagricoltura.org\/bologna\/wp-json\/wp\/v2\/types\/post"}],"author":[{"embeddable":true,"href":"https:\/\/www.confagricoltura.org\/bologna\/wp-json\/wp\/v2\/users\/7"}],"replies":[{"embeddable":true,"href":"https:\/\/www.confagricoltura.org\/bologna\/wp-json\/wp\/v2\/comments?post=5650"}],"version-history":[{"count":1,"href":"https:\/\/www.confagricoltura.org\/bologna\/wp-json\/wp\/v2\/posts\/5650\/revisions"}],"predecessor-version":[{"id":5651,"href":"https:\/\/www.confagricoltura.org\/bologna\/wp-json\/wp\/v2\/posts\/5650\/revisions\/5651"}],"wp:featuredmedia":[{"embeddable":true,"href":"https:\/\/www.confagricoltura.org\/bologna\/wp-json\/wp\/v2\/media\/5536"}],"wp:attachment":[{"href":"https:\/\/www.confagricoltura.org\/bologna\/wp-json\/wp\/v2\/media?parent=5650"}],"wp:term":[{"taxonomy":"category","embeddable":true,"href":"https:\/\/www.confagricoltura.org\/bologna\/wp-json\/wp\/v2\/categories?post=5650"},{"taxonomy":"post_tag","embeddable":true,"href":"https:\/\/www.confagricoltura.org\/bologna\/wp-json\/wp\/v2\/tags?post=5650"}],"curies":[{"name":"wp","href":"https:\/\/api.w.org\/{rel}","templated":true}]}}