{"id":548,"date":"2016-04-27T14:42:44","date_gmt":"2016-04-27T12:42:44","guid":{"rendered":"http:\/\/www.confagricoltura.org\/bologna\/?p=548"},"modified":"2021-03-11T13:26:34","modified_gmt":"2021-03-11T12:26:34","slug":"rifiuti-agricoli-mud-2016","status":"publish","type":"post","link":"https:\/\/www.confagricoltura.org\/bologna\/rifiuti-agricoli-mud-2016\/","title":{"rendered":"Rifiuti Agricoli: MUD 2016."},"content":{"rendered":"<p><strong>Rifiuti Agricoli: MUD 2016.<\/strong><\/p>\n<p>Si comunica che, con la Legge 28 dicembre 2015, n. 221 , si introduce una sostanziale semplificazione in materia di rifiuti agricoli, viene di fatto riconosciuta la possibilit\u00e0 per alcune categorie, tra cui le imprese agricole, di assolvere all\u2019obbligo di registrazione nel registro di carico e scarico dei rifiuti ed all&#8217;obbligo di comunicazione al Catasto dei rifiuti tramite il Mud attraverso la compilazione e conservazione, in ordine cronologico, dei formulari di trasporto.<\/p>\n<p>La Direzione Generale per i rifiuti e l\u2019inquinamento (DG RIN) del Ministero dell\u2019Ambiente, con nota Prot. 0005298 dell\u201911 aprile 2016, ha confermato:<\/p>\n<p><b>\u201c le imprese agricole di cui all&#8217;articolo 2135 del codice civile, nonch\u00e9 i soggetti esercenti attivit\u00e0 ricadenti nell&#8217;ambito dei codici ATECO 96.02.01, 96.02.02 e 96.09.02 (es. centri estetici e tatuatori )<\/b> <b>assolvono all&#8217;obbligo di presentazione del modello unico di dichiarazione ambientale (MUD), di cui al decreto legislativo 3 aprile 2006, n. 152, attraverso la compilazione e conservazione, in ordine cronologico, dei formulari di trasporto e quindi con riferimento al Mud 2016 riferito ai rifiuti prodotti nell\u2019anno 2015\u201d.<\/b><\/p>\n<p>Per le imprese non soggette all\u2019esonero si ricorda che, il <b>30 aprile 2016 scade<\/b> il termine per la presentazione della dichiarazione <b>MUD 2016 <\/b>(Decreto del Presidente del Consiglio dei Ministri del 17\/12\/2014) pertanto, sono tenuti a comunicare i dati relativi ai rifiuti prodotti e smaltiti dal <b>1\u00b0 gennaio 2015 al 31 dicembre 2015<\/b> i seguenti soggetti:<\/p>\n<ul>\n<li>Chiunque effettua a titolo professionale attivit\u00e0 di raccolta e trasporto rifiuti<\/li>\n<li>Commercianti ed intermediari di rifiuti senza detenzione<\/li>\n<li>Imprese ed Enti che effettuano operazioni di recupero e smaltimento dei rifiuti<\/li>\n<li>Imprese ed Enti produttori iniziali di rifiuti pericolosi<\/li>\n<li>Imprese ed Enti produttori che hanno pi\u00f9 di 10 dipendenti e sono produttori iniziali di rifiuti non pericolosi derivanti da lavorazioni industriali, da lavorazioni artigianali e da attivit\u00e0 di recupero e smaltimento di rifiuti, fanghi prodotti dalla potabilizzazione e da altri trattamenti delle acque e della depurazione delle acque reflue e da abbattimento dei fumi (come previsto dall\u2019articolo 184 comma 3 lettere c), d)e g)).<\/li>\n<\/ul>\n<p>I soggetti che producono nella propria Unit\u00e0 locale <b>non pi\u00f9 di 7 rifiuti e per ogni rifiuto utilizzano, non pi\u00f9 di 3 trasportatori e 3 destinatari finali,<\/b> possono presentare la comunicazione <b>Rifiuti Speciali Semplificata,<\/b> in modalit\u00e0 cartacea con raccomandata senza avviso di ricevimento, presso la camera di commercio competente, previo pagamento dei diritti di segreteria. <b>Per tutti gli altri soggetti, la presentazione della comunicazione rifiuti speciali deve avvenire obbligatoriamente in via telematica. <\/b><\/p>\n<p>Informazioni, modulistica e software sono scaricabili dal sito <a href=\"http:\/\/www.ecocerved.it\/\">www.ecocerved.it<\/a> dal sito <a href=\"http:\/\/www.mudtelematico.it\/\">www.mudtelematico.it<\/a> e dal sito della camera di commercio industria, artigianato ed agricoltura competente.<\/p>\n<p>Sono esonerati dalla presentazione della dichiarazione MUD tutti coloro che nel 2015 hanno eseguito il trasporto dei propri rifiuti speciali in conto proprio, verso centri di raccolta, che hanno aderito all\u2019Accordo di Programma Provinciale e tutti coloro che hanno aderito ad una convenzione per lo smaltimento dei rifiuti con il sistema di raccolta porta a porta (CASCINA PULITA SRL, SPECIALTRASPORTI SRL), in entrambi i casi \u00e8 il Gestore del centro di raccolta che assolve l\u2019obbligo di dichiarazione per i produttori, nel caso del sistema porta a porta previa delega.<\/p>\n<p>(S. Santoni)<\/p>\n<p>&nbsp;<\/p>\n<p>&nbsp;<\/p>\n","protected":false},"excerpt":{"rendered":"<p>Rifiuti Agricoli: MUD 2016. Si comunica che, con la Legge 28 dicembre 2015, n. 221 , si introduce una sostanziale semplificazione in materia di rifiuti agricoli, viene di fatto riconosciuta la possibilit\u00e0 per alcune categorie, tra cui le imprese agricole, di assolvere all\u2019obbligo di registrazione nel registro di carico e scarico dei rifiuti ed all&#8217;obbligo<\/p>\n","protected":false},"author":7,"featured_media":0,"comment_status":"open","ping_status":"open","sticky":false,"template":"","format":"standard","meta":{"wp_mapbox_gl_js_media":[],"footnotes":""},"categories":[29],"tags":[],"class_list":["post-548","post","type-post","status-publish","format-standard","hentry","category-archivio"],"yoast_head":"<!-- This site is optimized with the Yoast SEO plugin v26.8 - https:\/\/yoast.com\/product\/yoast-seo-wordpress\/ -->\n<title>Rifiuti Agricoli: MUD 2016. - Confagricoltura Bologna<\/title>\n<meta name=\"robots\" content=\"index, follow, max-snippet:-1, max-image-preview:large, max-video-preview:-1\" \/>\n<link rel=\"canonical\" href=\"https:\/\/www.confagricoltura.org\/bologna\/rifiuti-agricoli-mud-2016\/\" \/>\n<meta property=\"og:locale\" content=\"it_IT\" \/>\n<meta property=\"og:type\" content=\"article\" \/>\n<meta property=\"og:title\" content=\"Rifiuti Agricoli: MUD 2016. - Confagricoltura Bologna\" \/>\n<meta property=\"og:description\" content=\"Rifiuti Agricoli: MUD 2016. Si comunica che, con la Legge 28 dicembre 2015, n. 221 , si introduce una sostanziale semplificazione in materia di rifiuti agricoli, viene di fatto riconosciuta la possibilit\u00e0 per alcune categorie, tra cui le imprese agricole, di assolvere all\u2019obbligo di registrazione nel registro di carico e scarico dei rifiuti ed all&#8217;obbligo\" \/>\n<meta property=\"og:url\" content=\"https:\/\/www.confagricoltura.org\/bologna\/rifiuti-agricoli-mud-2016\/\" \/>\n<meta property=\"og:site_name\" content=\"Confagricoltura Bologna\" \/>\n<meta property=\"article:published_time\" content=\"2016-04-27T12:42:44+00:00\" \/>\n<meta property=\"article:modified_time\" content=\"2021-03-11T12:26:34+00:00\" \/>\n<meta name=\"author\" content=\"confagricolturabologna\" \/>\n<meta name=\"twitter:card\" content=\"summary_large_image\" \/>\n<meta name=\"twitter:label1\" content=\"Scritto da\" \/>\n\t<meta name=\"twitter:data1\" content=\"confagricolturabologna\" \/>\n\t<meta name=\"twitter:label2\" content=\"Tempo di lettura stimato\" \/>\n\t<meta name=\"twitter:data2\" content=\"3 minuti\" \/>\n<script type=\"application\/ld+json\" class=\"yoast-schema-graph\">{\"@context\":\"https:\/\/schema.org\",\"@graph\":[{\"@type\":\"Article\",\"@id\":\"https:\/\/www.confagricoltura.org\/bologna\/rifiuti-agricoli-mud-2016\/#article\",\"isPartOf\":{\"@id\":\"https:\/\/www.confagricoltura.org\/bologna\/rifiuti-agricoli-mud-2016\/\"},\"author\":{\"name\":\"confagricolturabologna\",\"@id\":\"https:\/\/www.confagricoltura.org\/bologna\/#\/schema\/person\/277baa2a725fb840103c5f8898746c7f\"},\"headline\":\"Rifiuti Agricoli: MUD 2016.\",\"datePublished\":\"2016-04-27T12:42:44+00:00\",\"dateModified\":\"2021-03-11T12:26:34+00:00\",\"mainEntityOfPage\":{\"@id\":\"https:\/\/www.confagricoltura.org\/bologna\/rifiuti-agricoli-mud-2016\/\"},\"wordCount\":509,\"commentCount\":0,\"articleSection\":[\"Archivio\"],\"inLanguage\":\"it-IT\"},{\"@type\":\"WebPage\",\"@id\":\"https:\/\/www.confagricoltura.org\/bologna\/rifiuti-agricoli-mud-2016\/\",\"url\":\"https:\/\/www.confagricoltura.org\/bologna\/rifiuti-agricoli-mud-2016\/\",\"name\":\"Rifiuti Agricoli: MUD 2016. - Confagricoltura Bologna\",\"isPartOf\":{\"@id\":\"https:\/\/www.confagricoltura.org\/bologna\/#website\"},\"datePublished\":\"2016-04-27T12:42:44+00:00\",\"dateModified\":\"2021-03-11T12:26:34+00:00\",\"author\":{\"@id\":\"https:\/\/www.confagricoltura.org\/bologna\/#\/schema\/person\/277baa2a725fb840103c5f8898746c7f\"},\"breadcrumb\":{\"@id\":\"https:\/\/www.confagricoltura.org\/bologna\/rifiuti-agricoli-mud-2016\/#breadcrumb\"},\"inLanguage\":\"it-IT\",\"potentialAction\":[{\"@type\":\"ReadAction\",\"target\":[\"https:\/\/www.confagricoltura.org\/bologna\/rifiuti-agricoli-mud-2016\/\"]}]},{\"@type\":\"BreadcrumbList\",\"@id\":\"https:\/\/www.confagricoltura.org\/bologna\/rifiuti-agricoli-mud-2016\/#breadcrumb\",\"itemListElement\":[{\"@type\":\"ListItem\",\"position\":1,\"name\":\"Home\",\"item\":\"https:\/\/www.confagricoltura.org\/bologna\/\"},{\"@type\":\"ListItem\",\"position\":2,\"name\":\"Rifiuti Agricoli: MUD 2016.\"}]},{\"@type\":\"WebSite\",\"@id\":\"https:\/\/www.confagricoltura.org\/bologna\/#website\",\"url\":\"https:\/\/www.confagricoltura.org\/bologna\/\",\"name\":\"Confagricoltura Bologna\",\"description\":\"Dalla parte degli Agricoltori\",\"potentialAction\":[{\"@type\":\"SearchAction\",\"target\":{\"@type\":\"EntryPoint\",\"urlTemplate\":\"https:\/\/www.confagricoltura.org\/bologna\/?s={search_term_string}\"},\"query-input\":{\"@type\":\"PropertyValueSpecification\",\"valueRequired\":true,\"valueName\":\"search_term_string\"}}],\"inLanguage\":\"it-IT\"},{\"@type\":\"Person\",\"@id\":\"https:\/\/www.confagricoltura.org\/bologna\/#\/schema\/person\/277baa2a725fb840103c5f8898746c7f\",\"name\":\"confagricolturabologna\",\"image\":{\"@type\":\"ImageObject\",\"inLanguage\":\"it-IT\",\"@id\":\"https:\/\/www.confagricoltura.org\/bologna\/#\/schema\/person\/image\/\",\"url\":\"https:\/\/secure.gravatar.com\/avatar\/edd9a034f35ea6aeadaf9744d1135acc?s=96&d=mm&r=g\",\"contentUrl\":\"https:\/\/secure.gravatar.com\/avatar\/edd9a034f35ea6aeadaf9744d1135acc?s=96&d=mm&r=g\",\"caption\":\"confagricolturabologna\"},\"url\":\"https:\/\/www.confagricoltura.org\/bologna\/author\/confagricolturabologna\/\"}]}<\/script>\n<!-- \/ Yoast SEO plugin. -->","yoast_head_json":{"title":"Rifiuti Agricoli: MUD 2016. - Confagricoltura Bologna","robots":{"index":"index","follow":"follow","max-snippet":"max-snippet:-1","max-image-preview":"max-image-preview:large","max-video-preview":"max-video-preview:-1"},"canonical":"https:\/\/www.confagricoltura.org\/bologna\/rifiuti-agricoli-mud-2016\/","og_locale":"it_IT","og_type":"article","og_title":"Rifiuti Agricoli: MUD 2016. - Confagricoltura Bologna","og_description":"Rifiuti Agricoli: MUD 2016. Si comunica che, con la Legge 28 dicembre 2015, n. 221 , si introduce una sostanziale semplificazione in materia di rifiuti agricoli, viene di fatto riconosciuta la possibilit\u00e0 per alcune categorie, tra cui le imprese agricole, di assolvere all\u2019obbligo di registrazione nel registro di carico e scarico dei rifiuti ed all&#8217;obbligo","og_url":"https:\/\/www.confagricoltura.org\/bologna\/rifiuti-agricoli-mud-2016\/","og_site_name":"Confagricoltura Bologna","article_published_time":"2016-04-27T12:42:44+00:00","article_modified_time":"2021-03-11T12:26:34+00:00","author":"confagricolturabologna","twitter_card":"summary_large_image","twitter_misc":{"Scritto da":"confagricolturabologna","Tempo di lettura stimato":"3 minuti"},"schema":{"@context":"https:\/\/schema.org","@graph":[{"@type":"Article","@id":"https:\/\/www.confagricoltura.org\/bologna\/rifiuti-agricoli-mud-2016\/#article","isPartOf":{"@id":"https:\/\/www.confagricoltura.org\/bologna\/rifiuti-agricoli-mud-2016\/"},"author":{"name":"confagricolturabologna","@id":"https:\/\/www.confagricoltura.org\/bologna\/#\/schema\/person\/277baa2a725fb840103c5f8898746c7f"},"headline":"Rifiuti Agricoli: MUD 2016.","datePublished":"2016-04-27T12:42:44+00:00","dateModified":"2021-03-11T12:26:34+00:00","mainEntityOfPage":{"@id":"https:\/\/www.confagricoltura.org\/bologna\/rifiuti-agricoli-mud-2016\/"},"wordCount":509,"commentCount":0,"articleSection":["Archivio"],"inLanguage":"it-IT"},{"@type":"WebPage","@id":"https:\/\/www.confagricoltura.org\/bologna\/rifiuti-agricoli-mud-2016\/","url":"https:\/\/www.confagricoltura.org\/bologna\/rifiuti-agricoli-mud-2016\/","name":"Rifiuti Agricoli: MUD 2016. - Confagricoltura Bologna","isPartOf":{"@id":"https:\/\/www.confagricoltura.org\/bologna\/#website"},"datePublished":"2016-04-27T12:42:44+00:00","dateModified":"2021-03-11T12:26:34+00:00","author":{"@id":"https:\/\/www.confagricoltura.org\/bologna\/#\/schema\/person\/277baa2a725fb840103c5f8898746c7f"},"breadcrumb":{"@id":"https:\/\/www.confagricoltura.org\/bologna\/rifiuti-agricoli-mud-2016\/#breadcrumb"},"inLanguage":"it-IT","potentialAction":[{"@type":"ReadAction","target":["https:\/\/www.confagricoltura.org\/bologna\/rifiuti-agricoli-mud-2016\/"]}]},{"@type":"BreadcrumbList","@id":"https:\/\/www.confagricoltura.org\/bologna\/rifiuti-agricoli-mud-2016\/#breadcrumb","itemListElement":[{"@type":"ListItem","position":1,"name":"Home","item":"https:\/\/www.confagricoltura.org\/bologna\/"},{"@type":"ListItem","position":2,"name":"Rifiuti Agricoli: MUD 2016."}]},{"@type":"WebSite","@id":"https:\/\/www.confagricoltura.org\/bologna\/#website","url":"https:\/\/www.confagricoltura.org\/bologna\/","name":"Confagricoltura Bologna","description":"Dalla parte degli Agricoltori","potentialAction":[{"@type":"SearchAction","target":{"@type":"EntryPoint","urlTemplate":"https:\/\/www.confagricoltura.org\/bologna\/?s={search_term_string}"},"query-input":{"@type":"PropertyValueSpecification","valueRequired":true,"valueName":"search_term_string"}}],"inLanguage":"it-IT"},{"@type":"Person","@id":"https:\/\/www.confagricoltura.org\/bologna\/#\/schema\/person\/277baa2a725fb840103c5f8898746c7f","name":"confagricolturabologna","image":{"@type":"ImageObject","inLanguage":"it-IT","@id":"https:\/\/www.confagricoltura.org\/bologna\/#\/schema\/person\/image\/","url":"https:\/\/secure.gravatar.com\/avatar\/edd9a034f35ea6aeadaf9744d1135acc?s=96&d=mm&r=g","contentUrl":"https:\/\/secure.gravatar.com\/avatar\/edd9a034f35ea6aeadaf9744d1135acc?s=96&d=mm&r=g","caption":"confagricolturabologna"},"url":"https:\/\/www.confagricoltura.org\/bologna\/author\/confagricolturabologna\/"}]}},"_links":{"self":[{"href":"https:\/\/www.confagricoltura.org\/bologna\/wp-json\/wp\/v2\/posts\/548","targetHints":{"allow":["GET"]}}],"collection":[{"href":"https:\/\/www.confagricoltura.org\/bologna\/wp-json\/wp\/v2\/posts"}],"about":[{"href":"https:\/\/www.confagricoltura.org\/bologna\/wp-json\/wp\/v2\/types\/post"}],"author":[{"embeddable":true,"href":"https:\/\/www.confagricoltura.org\/bologna\/wp-json\/wp\/v2\/users\/7"}],"replies":[{"embeddable":true,"href":"https:\/\/www.confagricoltura.org\/bologna\/wp-json\/wp\/v2\/comments?post=548"}],"version-history":[{"count":1,"href":"https:\/\/www.confagricoltura.org\/bologna\/wp-json\/wp\/v2\/posts\/548\/revisions"}],"predecessor-version":[{"id":5044,"href":"https:\/\/www.confagricoltura.org\/bologna\/wp-json\/wp\/v2\/posts\/548\/revisions\/5044"}],"wp:attachment":[{"href":"https:\/\/www.confagricoltura.org\/bologna\/wp-json\/wp\/v2\/media?parent=548"}],"wp:term":[{"taxonomy":"category","embeddable":true,"href":"https:\/\/www.confagricoltura.org\/bologna\/wp-json\/wp\/v2\/categories?post=548"},{"taxonomy":"post_tag","embeddable":true,"href":"https:\/\/www.confagricoltura.org\/bologna\/wp-json\/wp\/v2\/tags?post=548"}],"curies":[{"name":"wp","href":"https:\/\/api.w.org\/{rel}","templated":true}]}}