{"id":543,"date":"2016-04-12T10:35:29","date_gmt":"2016-04-12T08:35:29","guid":{"rendered":"http:\/\/www.confagricoltura.org\/bologna\/?p=543"},"modified":"2021-03-11T13:26:34","modified_gmt":"2021-03-11T12:26:34","slug":"mutua-fima-fondo-sanitario-gli-agricoltori-ed-cittadini","status":"publish","type":"post","link":"https:\/\/www.confagricoltura.org\/bologna\/mutua-fima-fondo-sanitario-gli-agricoltori-ed-cittadini\/","title":{"rendered":"MUTUA FIMA: nuovo fondo sanitario per gli agricoltori ed i cittadini."},"content":{"rendered":"<p>Per far fronte alla riduzione dei servizi della sanit\u00e0 pubblica ed offrire agli agricoltori ed ai cittadini una maggiore garanzia di assistenza sanitaria, \u00e8 stata costituita la \u201cNuova MUTUA FIMA\u201d, societ\u00e0 di mutuo soccorso promossa da Confagricoltura e dal Sindacato Nazionale Pensionati, che fornisce una serie di importanti tutele per la salute,<\/p>\n<p>l\u2019assistenza e la non autosufficienza.<\/p>\n<p><b>MUTUA FIMA <\/b>presenta una gamma di prodotti in grado di interessare tutti gli individui e le famiglie italiane, in quanto offre accessibilit\u00e0 immediata a prestazioni che il Servizio Sanitario Nazionale offre con tempi di attesa lunghissimi (visite specialistiche ed Alta Diagnostica).<\/p>\n<p>Ecco alcuni target specifici:<\/p>\n<ul>\n<li>GIOVANI: Check up dedicato alla prevenzione (oncologica e cardiovascolare) sulla prevengo a partire dalla formula base (che per la fascia 0-49 costa solo \u20ac200 l&#8217;anno);<\/li>\n<li>ANZIANI: Limite di et\u00e0 (Vita Intera) e prestazioni di solito non previste per il target (visite specialistiche e Alta Diagnostica nella Prevengo plus fascia 71\/80);<\/li>\n<li>ANZIANI: Capitale per non auto sufficienza previsto per tutte le et\u00e0;<\/li>\n<li>AZIENDE: Offerta di welfare sanitario in linea con le novit\u00e0 proposte dalla legge di stabilit\u00e0 2016 (Premi di produttivit\u00e0, fino a \u20ac 2500, possono essere sostituiti da coperture sanitaria con beneficio della completa deducibilit\u00e0).<\/li>\n<\/ul>\n<p>Le procedure offerte sono \u201ca vita intera\u201d, ovvero non disdettabili unilateralmente come fanno tutte le compagnie di Assicurazione in caso di sinistro. Altro vantaggio della MUTUA FIMA \u00e8 che il pagamento del sussidio annuale \u00e8 detraibile fiscalmente. L\u2019adesione a MUTUA FIMA \u00e8 semplice e veloce, e le formalit\u00e0 sono minime.<\/p>\n<p><b>MUTUA FIMA <\/b>offre per il 2016 tre prodotti:<\/p>\n<p><img loading=\"lazy\" decoding=\"async\" class=\"alignnone size-full wp-image-544 img-responsive\" src=\"http:\/\/www.confagricoltura.org\/bologna\/wp-content\/uploads\/sites\/4\/2016\/04\/Mutua-Fima.jpg\" alt=\"Mutua Fima\" width=\"821\" height=\"323\" \/><\/p>\n<p><b>VERDE SALUTE<\/b><\/p>\n<p>Verde Salute \u00e8 un prodotto di assistenza sanitaria complementare a 360\u00b0 e offre queste coperture:<\/p>\n<ul>\n<li>Ricoveri, con o senza interventi chirurgici;<\/li>\n<li>Alta diagnostica e Visite Specialistiche;<\/li>\n<li>Assistenza domiciliare e Ticket;<\/li>\n<li>Et\u00e0 di ingresso massima: 75 anni;<\/li>\n<\/ul>\n<p>I costi dei sussidi Verde Salute sono i seguenti:<\/p>\n<table width=\"575\">\n<tbody>\n<tr>\n<td width=\"69\">\n<p style=\"text-align: center\"><b>0-20<\/b><\/p>\n<\/td>\n<td style=\"text-align: center\" width=\"61\"><b>21-30<\/b><\/td>\n<td style=\"text-align: center\" width=\"61\"><b>31-40<\/b><\/td>\n<td style=\"text-align: center\" width=\"69\"><b>41-50<\/b><\/td>\n<td style=\"text-align: center\" width=\"70\"><b>51-60<\/b><\/td>\n<td style=\"text-align: center\" width=\"69\"><b>61-70<\/b><\/td>\n<td style=\"text-align: center\" width=\"61\"><b>71-75<\/b><\/td>\n<td style=\"text-align: center\" width=\"61\"><b>76-80<\/b><\/td>\n<td style=\"text-align: center\" width=\"53\"><b>81+<\/b><\/td>\n<\/tr>\n<tr>\n<td style=\"text-align: center\" width=\"69\"><b>\u20ac420<\/b><\/td>\n<td style=\"text-align: center\" width=\"61\"><b>\u20ac460<\/b><\/td>\n<td style=\"text-align: center\" width=\"61\"><b>\u20ac560<\/b><\/td>\n<td style=\"text-align: center\" width=\"69\"><b>\u20ac930<\/b><\/td>\n<td style=\"text-align: center\" width=\"70\"><b>\u20ac1.180<\/b><\/td>\n<td style=\"text-align: center\" width=\"69\"><b>\u20ac1.850<\/b><\/td>\n<td style=\"text-align: center\" width=\"61\"><b>\u20ac2.310<\/b><\/td>\n<td style=\"text-align: center\" width=\"61\"><b>\u20ac2.760<\/b><\/td>\n<td width=\"53\">\n<p style=\"text-align: center\"><b>\u20ac2.900<\/b><\/p>\n<\/td>\n<\/tr>\n<\/tbody>\n<\/table>\n<p>&nbsp;<\/p>\n<p><i>A questi importi va aggiunta la <\/i><i>quota associativa<\/i><i> pari a \u20ac20 per ogni socio<\/i><\/p>\n<p><i>Per i NUOVI nuclei familiari \u00e8 previsto uno sconto progressivo del 5-10-15-20% rispettivamente per 2,3,4, 5 o pi\u00f9 membri<\/i><\/p>\n<p><b>PREVENGO<\/b><\/p>\n<p>Prevengo \u00e8 un prodotto di assistenza sanitaria complementare che offre:<\/p>\n<p>\u00a8\u00a0Rimborso Spese di cura per intervento chirurgico da elenco (pagina successiva);<\/p>\n<p>\u00a8\u00a0Visite Specialistiche ed accertamenti diagnostici pre e post intervento;<\/p>\n<p>\u00a8\u00a0Un capitale in caso di non autosufficienza;<\/p>\n<p>\u00a8\u00a0Prestazioni odontoiatriche (le stessa della Dental Card);<\/p>\n<p>\u00a8\u00a0Tre fasce di et\u00e0: 0-49, 50-70 e 71-80 (79 et\u00e0 max ingresso);<\/p>\n<p>\u00a8\u00a0PREVENGO BASE: Un check up gratuito a scelta tra cardiovascolare o oncologico;<\/p>\n<p>\u00a8\u00a0PREVENGO PLUS: Visite Specialistiche ed Accertamenti Diagnostici non legati ad Intervento Chirurgico.<\/p>\n<p>Questi i costi della Prevengo nelle due versioni:<\/p>\n<table width=\"392\">\n<tbody>\n<tr>\n<td width=\"120\">\n<p style=\"text-align: center\"><b>TIPO SUSSIDIO<\/b><\/p>\n<\/td>\n<td style=\"text-align: center\" width=\"99\"><b>0-49<\/b><\/td>\n<td style=\"text-align: center\" width=\"82\"><b>50-70<\/b><\/td>\n<td style=\"text-align: center\" width=\"91\"><b>71-80<\/b><\/td>\n<\/tr>\n<tr>\n<td width=\"120\">\n<p style=\"text-align: center\"><b>BASE<\/b><\/p>\n<\/td>\n<td style=\"text-align: center\" width=\"99\"><b>\u20ac200<\/b><\/td>\n<td style=\"text-align: center\" width=\"82\"><b>\u20ac350<\/b><\/td>\n<td width=\"91\">\n<p style=\"text-align: center\"><b>\u20ac800<\/b><\/p>\n<\/td>\n<\/tr>\n<tr>\n<td style=\"text-align: center\" width=\"120\"><b>PLUS<\/b><\/td>\n<td style=\"text-align: center\" width=\"99\"><b>\u20ac450<\/b><\/td>\n<td style=\"text-align: center\" width=\"82\"><b>\u20ac700<\/b><\/td>\n<td width=\"91\">\n<p style=\"text-align: center\"><b>\u20ac1.600<\/b><\/p>\n<\/td>\n<\/tr>\n<\/tbody>\n<\/table>\n<p>&nbsp;<\/p>\n<p><i>A questi importi va aggiunta la <\/i><i>quota associativa<\/i><i> pari a \u20ac20 per ogni socio<\/i><\/p>\n<p><b>La Prevengo copre gli interventi chirurgici di queste aree:<\/b><\/p>\n<table width=\"682\">\n<tbody>\n<tr>\n<td width=\"218\">Cardiochirurgia<\/td>\n<td width=\"246\">Chirurgia della mano<\/td>\n<td width=\"218\">Chirurgia pediatrica<\/td>\n<\/tr>\n<tr>\n<td width=\"218\">Chirurgia generale &#8211; Stomaco &#8211; Duodeno<\/td>\n<td width=\"246\">Chirurgia generale &#8211; Fegato e vie biliari<\/td>\n<td width=\"218\">Chirurgia generale &#8211; Intestino digiuno &#8211; Ileo &#8211; Colon &#8211; Retto &#8211; Ano<\/td>\n<\/tr>\n<tr>\n<td width=\"218\">Chirurgia oro &#8211; maxillo &#8211; facciale<\/td>\n<td width=\"246\">Chirurgia generale &#8211; Pancreas &#8211; Milza<\/td>\n<td width=\"218\">Chirurgia generale &#8211; esofago<\/td>\n<\/tr>\n<tr>\n<td width=\"218\">Chirurgia toraco &#8211; polmonare<\/td>\n<td width=\"246\">Chirurgia vascolare<\/td>\n<td width=\"218\">Ginecologia<\/td>\n<\/tr>\n<tr>\n<td width=\"218\">Neurochirurgia<\/td>\n<td width=\"246\">Chirurgia generale &#8211; collo<\/td>\n<td width=\"218\">Oculistica &#8211; orbita<\/td>\n<\/tr>\n<tr>\n<td width=\"218\">Urologia &#8211; Prostata<\/td>\n<td width=\"246\">Urologia &#8211; Uretere<\/td>\n<td width=\"218\">Urologia &#8211; Vescica<\/td>\n<\/tr>\n<tr>\n<td width=\"218\">Ortopedia e traumatologia &#8211; Interventi cruenti<\/td>\n<td width=\"246\">Otorinolatringoiatria &#8211; Laringe e ipofaringe<\/td>\n<td width=\"218\">Otorinolaringoiatria &#8211; Naso e seni paranasali<\/td>\n<\/tr>\n<tr>\n<td width=\"218\">Oculistica &#8211; Cornea<\/td>\n<td width=\"246\">Otorinolaringoiatria &#8211; Orecchio<\/td>\n<td width=\"218\">&nbsp;<\/td>\n<\/tr>\n<\/tbody>\n<\/table>\n<p>&nbsp;<\/p>\n<p><b>DENTAL CARD<\/b><\/p>\n<p>La Dental Card \u00e8 un prodotto che aiuta a prendersi cura dell\u2019igiene orale offrendo:<\/p>\n<ul>\n<li>Sette prestazioni gratuite (igiene orale, ortopanoramica, estrazione, raggi, etc.)<\/li>\n<li>Tutte le principali prestazioni odontoiatriche (90) a tariffe agevolate<\/li>\n<li>Accesso ad un network convenzionato (obbligatorio)<\/li>\n<li>Et\u00e0 massima di ingresso: 80 anni<\/li>\n<li>I costi del sussidio Dental Card \u00e8 di <b>\u20ac 80,00<\/b><\/li>\n<\/ul>\n<p>A questi importi va aggiunta la quota associativa pari ad \u20ac 20,00 per ogni socio.<\/p>\n<p>Per ulteriori informazioni ed adesioni gli interessati potranno contattare il Patronato ENAPA, sig. Rudy Donati (tel. 051\/783981; email: r.donati@confagricolturabologna.it).<\/p>\n<p>(R. Donati)<\/p>\n<p>&nbsp;<\/p>\n<p>&nbsp;<\/p>\n","protected":false},"excerpt":{"rendered":"<p>Per far fronte alla riduzione dei servizi della sanit\u00e0 pubblica ed offrire agli agricoltori ed ai cittadini una maggiore garanzia di assistenza sanitaria, \u00e8 stata costituita la \u201cNuova MUTUA FIMA\u201d, societ\u00e0 di mutuo soccorso promossa da Confagricoltura e dal Sindacato Nazionale Pensionati, che fornisce una serie di importanti tutele per la salute, l\u2019assistenza e la<\/p>\n","protected":false},"author":7,"featured_media":0,"comment_status":"open","ping_status":"open","sticky":false,"template":"","format":"standard","meta":{"wp_mapbox_gl_js_media":[],"footnotes":""},"categories":[29],"tags":[],"class_list":["post-543","post","type-post","status-publish","format-standard","hentry","category-archivio"],"yoast_head":"<!-- This site is optimized with the Yoast SEO plugin v26.8 - https:\/\/yoast.com\/product\/yoast-seo-wordpress\/ -->\n<title>MUTUA FIMA: nuovo fondo sanitario per gli agricoltori ed i cittadini. - Confagricoltura Bologna<\/title>\n<meta name=\"robots\" content=\"index, follow, max-snippet:-1, max-image-preview:large, max-video-preview:-1\" \/>\n<link rel=\"canonical\" href=\"https:\/\/www.confagricoltura.org\/bologna\/mutua-fima-fondo-sanitario-gli-agricoltori-ed-cittadini\/\" \/>\n<meta property=\"og:locale\" content=\"it_IT\" \/>\n<meta property=\"og:type\" content=\"article\" \/>\n<meta property=\"og:title\" content=\"MUTUA FIMA: nuovo fondo sanitario per gli agricoltori ed i cittadini. - Confagricoltura Bologna\" \/>\n<meta property=\"og:description\" content=\"Per far fronte alla riduzione dei servizi della sanit\u00e0 pubblica ed offrire agli agricoltori ed ai cittadini una maggiore garanzia di assistenza sanitaria, \u00e8 stata costituita la \u201cNuova MUTUA FIMA\u201d, societ\u00e0 di mutuo soccorso promossa da Confagricoltura e dal Sindacato Nazionale Pensionati, che fornisce una serie di importanti tutele per la salute, l\u2019assistenza e la\" \/>\n<meta property=\"og:url\" content=\"https:\/\/www.confagricoltura.org\/bologna\/mutua-fima-fondo-sanitario-gli-agricoltori-ed-cittadini\/\" \/>\n<meta property=\"og:site_name\" content=\"Confagricoltura Bologna\" \/>\n<meta property=\"article:published_time\" content=\"2016-04-12T08:35:29+00:00\" \/>\n<meta property=\"article:modified_time\" content=\"2021-03-11T12:26:34+00:00\" \/>\n<meta property=\"og:image\" content=\"http:\/\/www.confagricoltura.org\/bologna\/wp-content\/uploads\/sites\/4\/2016\/04\/Mutua-Fima.jpg\" \/>\n<meta name=\"author\" content=\"confagricolturabologna\" \/>\n<meta name=\"twitter:card\" content=\"summary_large_image\" \/>\n<meta name=\"twitter:label1\" content=\"Scritto da\" \/>\n\t<meta name=\"twitter:data1\" content=\"confagricolturabologna\" \/>\n\t<meta name=\"twitter:label2\" content=\"Tempo di lettura stimato\" \/>\n\t<meta name=\"twitter:data2\" content=\"3 minuti\" \/>\n<script type=\"application\/ld+json\" class=\"yoast-schema-graph\">{\"@context\":\"https:\/\/schema.org\",\"@graph\":[{\"@type\":\"Article\",\"@id\":\"https:\/\/www.confagricoltura.org\/bologna\/mutua-fima-fondo-sanitario-gli-agricoltori-ed-cittadini\/#article\",\"isPartOf\":{\"@id\":\"https:\/\/www.confagricoltura.org\/bologna\/mutua-fima-fondo-sanitario-gli-agricoltori-ed-cittadini\/\"},\"author\":{\"name\":\"confagricolturabologna\",\"@id\":\"https:\/\/www.confagricoltura.org\/bologna\/#\/schema\/person\/277baa2a725fb840103c5f8898746c7f\"},\"headline\":\"MUTUA FIMA: nuovo fondo sanitario per gli agricoltori ed i cittadini.\",\"datePublished\":\"2016-04-12T08:35:29+00:00\",\"dateModified\":\"2021-03-11T12:26:34+00:00\",\"mainEntityOfPage\":{\"@id\":\"https:\/\/www.confagricoltura.org\/bologna\/mutua-fima-fondo-sanitario-gli-agricoltori-ed-cittadini\/\"},\"wordCount\":646,\"commentCount\":0,\"image\":{\"@id\":\"https:\/\/www.confagricoltura.org\/bologna\/mutua-fima-fondo-sanitario-gli-agricoltori-ed-cittadini\/#primaryimage\"},\"thumbnailUrl\":\"http:\/\/www.confagricoltura.org\/bologna\/wp-content\/uploads\/sites\/4\/2016\/04\/Mutua-Fima.jpg\",\"articleSection\":[\"Archivio\"],\"inLanguage\":\"it-IT\"},{\"@type\":\"WebPage\",\"@id\":\"https:\/\/www.confagricoltura.org\/bologna\/mutua-fima-fondo-sanitario-gli-agricoltori-ed-cittadini\/\",\"url\":\"https:\/\/www.confagricoltura.org\/bologna\/mutua-fima-fondo-sanitario-gli-agricoltori-ed-cittadini\/\",\"name\":\"MUTUA FIMA: nuovo fondo sanitario per gli agricoltori ed i cittadini. - Confagricoltura Bologna\",\"isPartOf\":{\"@id\":\"https:\/\/www.confagricoltura.org\/bologna\/#website\"},\"primaryImageOfPage\":{\"@id\":\"https:\/\/www.confagricoltura.org\/bologna\/mutua-fima-fondo-sanitario-gli-agricoltori-ed-cittadini\/#primaryimage\"},\"image\":{\"@id\":\"https:\/\/www.confagricoltura.org\/bologna\/mutua-fima-fondo-sanitario-gli-agricoltori-ed-cittadini\/#primaryimage\"},\"thumbnailUrl\":\"http:\/\/www.confagricoltura.org\/bologna\/wp-content\/uploads\/sites\/4\/2016\/04\/Mutua-Fima.jpg\",\"datePublished\":\"2016-04-12T08:35:29+00:00\",\"dateModified\":\"2021-03-11T12:26:34+00:00\",\"author\":{\"@id\":\"https:\/\/www.confagricoltura.org\/bologna\/#\/schema\/person\/277baa2a725fb840103c5f8898746c7f\"},\"breadcrumb\":{\"@id\":\"https:\/\/www.confagricoltura.org\/bologna\/mutua-fima-fondo-sanitario-gli-agricoltori-ed-cittadini\/#breadcrumb\"},\"inLanguage\":\"it-IT\",\"potentialAction\":[{\"@type\":\"ReadAction\",\"target\":[\"https:\/\/www.confagricoltura.org\/bologna\/mutua-fima-fondo-sanitario-gli-agricoltori-ed-cittadini\/\"]}]},{\"@type\":\"ImageObject\",\"inLanguage\":\"it-IT\",\"@id\":\"https:\/\/www.confagricoltura.org\/bologna\/mutua-fima-fondo-sanitario-gli-agricoltori-ed-cittadini\/#primaryimage\",\"url\":\"http:\/\/www.confagricoltura.org\/bologna\/wp-content\/uploads\/sites\/4\/2016\/04\/Mutua-Fima.jpg\",\"contentUrl\":\"http:\/\/www.confagricoltura.org\/bologna\/wp-content\/uploads\/sites\/4\/2016\/04\/Mutua-Fima.jpg\"},{\"@type\":\"BreadcrumbList\",\"@id\":\"https:\/\/www.confagricoltura.org\/bologna\/mutua-fima-fondo-sanitario-gli-agricoltori-ed-cittadini\/#breadcrumb\",\"itemListElement\":[{\"@type\":\"ListItem\",\"position\":1,\"name\":\"Home\",\"item\":\"https:\/\/www.confagricoltura.org\/bologna\/\"},{\"@type\":\"ListItem\",\"position\":2,\"name\":\"MUTUA FIMA: nuovo fondo sanitario per gli agricoltori ed i cittadini.\"}]},{\"@type\":\"WebSite\",\"@id\":\"https:\/\/www.confagricoltura.org\/bologna\/#website\",\"url\":\"https:\/\/www.confagricoltura.org\/bologna\/\",\"name\":\"Confagricoltura Bologna\",\"description\":\"Dalla parte degli Agricoltori\",\"potentialAction\":[{\"@type\":\"SearchAction\",\"target\":{\"@type\":\"EntryPoint\",\"urlTemplate\":\"https:\/\/www.confagricoltura.org\/bologna\/?s={search_term_string}\"},\"query-input\":{\"@type\":\"PropertyValueSpecification\",\"valueRequired\":true,\"valueName\":\"search_term_string\"}}],\"inLanguage\":\"it-IT\"},{\"@type\":\"Person\",\"@id\":\"https:\/\/www.confagricoltura.org\/bologna\/#\/schema\/person\/277baa2a725fb840103c5f8898746c7f\",\"name\":\"confagricolturabologna\",\"image\":{\"@type\":\"ImageObject\",\"inLanguage\":\"it-IT\",\"@id\":\"https:\/\/www.confagricoltura.org\/bologna\/#\/schema\/person\/image\/\",\"url\":\"https:\/\/secure.gravatar.com\/avatar\/edd9a034f35ea6aeadaf9744d1135acc?s=96&d=mm&r=g\",\"contentUrl\":\"https:\/\/secure.gravatar.com\/avatar\/edd9a034f35ea6aeadaf9744d1135acc?s=96&d=mm&r=g\",\"caption\":\"confagricolturabologna\"},\"url\":\"https:\/\/www.confagricoltura.org\/bologna\/author\/confagricolturabologna\/\"}]}<\/script>\n<!-- \/ Yoast SEO plugin. -->","yoast_head_json":{"title":"MUTUA FIMA: nuovo fondo sanitario per gli agricoltori ed i cittadini. - Confagricoltura Bologna","robots":{"index":"index","follow":"follow","max-snippet":"max-snippet:-1","max-image-preview":"max-image-preview:large","max-video-preview":"max-video-preview:-1"},"canonical":"https:\/\/www.confagricoltura.org\/bologna\/mutua-fima-fondo-sanitario-gli-agricoltori-ed-cittadini\/","og_locale":"it_IT","og_type":"article","og_title":"MUTUA FIMA: nuovo fondo sanitario per gli agricoltori ed i cittadini. - Confagricoltura Bologna","og_description":"Per far fronte alla riduzione dei servizi della sanit\u00e0 pubblica ed offrire agli agricoltori ed ai cittadini una maggiore garanzia di assistenza sanitaria, \u00e8 stata costituita la \u201cNuova MUTUA FIMA\u201d, societ\u00e0 di mutuo soccorso promossa da Confagricoltura e dal Sindacato Nazionale Pensionati, che fornisce una serie di importanti tutele per la salute, l\u2019assistenza e la","og_url":"https:\/\/www.confagricoltura.org\/bologna\/mutua-fima-fondo-sanitario-gli-agricoltori-ed-cittadini\/","og_site_name":"Confagricoltura Bologna","article_published_time":"2016-04-12T08:35:29+00:00","article_modified_time":"2021-03-11T12:26:34+00:00","og_image":[{"url":"http:\/\/www.confagricoltura.org\/bologna\/wp-content\/uploads\/sites\/4\/2016\/04\/Mutua-Fima.jpg","type":"","width":"","height":""}],"author":"confagricolturabologna","twitter_card":"summary_large_image","twitter_misc":{"Scritto da":"confagricolturabologna","Tempo di lettura stimato":"3 minuti"},"schema":{"@context":"https:\/\/schema.org","@graph":[{"@type":"Article","@id":"https:\/\/www.confagricoltura.org\/bologna\/mutua-fima-fondo-sanitario-gli-agricoltori-ed-cittadini\/#article","isPartOf":{"@id":"https:\/\/www.confagricoltura.org\/bologna\/mutua-fima-fondo-sanitario-gli-agricoltori-ed-cittadini\/"},"author":{"name":"confagricolturabologna","@id":"https:\/\/www.confagricoltura.org\/bologna\/#\/schema\/person\/277baa2a725fb840103c5f8898746c7f"},"headline":"MUTUA FIMA: nuovo fondo sanitario per gli agricoltori ed i cittadini.","datePublished":"2016-04-12T08:35:29+00:00","dateModified":"2021-03-11T12:26:34+00:00","mainEntityOfPage":{"@id":"https:\/\/www.confagricoltura.org\/bologna\/mutua-fima-fondo-sanitario-gli-agricoltori-ed-cittadini\/"},"wordCount":646,"commentCount":0,"image":{"@id":"https:\/\/www.confagricoltura.org\/bologna\/mutua-fima-fondo-sanitario-gli-agricoltori-ed-cittadini\/#primaryimage"},"thumbnailUrl":"http:\/\/www.confagricoltura.org\/bologna\/wp-content\/uploads\/sites\/4\/2016\/04\/Mutua-Fima.jpg","articleSection":["Archivio"],"inLanguage":"it-IT"},{"@type":"WebPage","@id":"https:\/\/www.confagricoltura.org\/bologna\/mutua-fima-fondo-sanitario-gli-agricoltori-ed-cittadini\/","url":"https:\/\/www.confagricoltura.org\/bologna\/mutua-fima-fondo-sanitario-gli-agricoltori-ed-cittadini\/","name":"MUTUA FIMA: nuovo fondo sanitario per gli agricoltori ed i cittadini. - Confagricoltura Bologna","isPartOf":{"@id":"https:\/\/www.confagricoltura.org\/bologna\/#website"},"primaryImageOfPage":{"@id":"https:\/\/www.confagricoltura.org\/bologna\/mutua-fima-fondo-sanitario-gli-agricoltori-ed-cittadini\/#primaryimage"},"image":{"@id":"https:\/\/www.confagricoltura.org\/bologna\/mutua-fima-fondo-sanitario-gli-agricoltori-ed-cittadini\/#primaryimage"},"thumbnailUrl":"http:\/\/www.confagricoltura.org\/bologna\/wp-content\/uploads\/sites\/4\/2016\/04\/Mutua-Fima.jpg","datePublished":"2016-04-12T08:35:29+00:00","dateModified":"2021-03-11T12:26:34+00:00","author":{"@id":"https:\/\/www.confagricoltura.org\/bologna\/#\/schema\/person\/277baa2a725fb840103c5f8898746c7f"},"breadcrumb":{"@id":"https:\/\/www.confagricoltura.org\/bologna\/mutua-fima-fondo-sanitario-gli-agricoltori-ed-cittadini\/#breadcrumb"},"inLanguage":"it-IT","potentialAction":[{"@type":"ReadAction","target":["https:\/\/www.confagricoltura.org\/bologna\/mutua-fima-fondo-sanitario-gli-agricoltori-ed-cittadini\/"]}]},{"@type":"ImageObject","inLanguage":"it-IT","@id":"https:\/\/www.confagricoltura.org\/bologna\/mutua-fima-fondo-sanitario-gli-agricoltori-ed-cittadini\/#primaryimage","url":"http:\/\/www.confagricoltura.org\/bologna\/wp-content\/uploads\/sites\/4\/2016\/04\/Mutua-Fima.jpg","contentUrl":"http:\/\/www.confagricoltura.org\/bologna\/wp-content\/uploads\/sites\/4\/2016\/04\/Mutua-Fima.jpg"},{"@type":"BreadcrumbList","@id":"https:\/\/www.confagricoltura.org\/bologna\/mutua-fima-fondo-sanitario-gli-agricoltori-ed-cittadini\/#breadcrumb","itemListElement":[{"@type":"ListItem","position":1,"name":"Home","item":"https:\/\/www.confagricoltura.org\/bologna\/"},{"@type":"ListItem","position":2,"name":"MUTUA FIMA: nuovo fondo sanitario per gli agricoltori ed i cittadini."}]},{"@type":"WebSite","@id":"https:\/\/www.confagricoltura.org\/bologna\/#website","url":"https:\/\/www.confagricoltura.org\/bologna\/","name":"Confagricoltura Bologna","description":"Dalla parte degli Agricoltori","potentialAction":[{"@type":"SearchAction","target":{"@type":"EntryPoint","urlTemplate":"https:\/\/www.confagricoltura.org\/bologna\/?s={search_term_string}"},"query-input":{"@type":"PropertyValueSpecification","valueRequired":true,"valueName":"search_term_string"}}],"inLanguage":"it-IT"},{"@type":"Person","@id":"https:\/\/www.confagricoltura.org\/bologna\/#\/schema\/person\/277baa2a725fb840103c5f8898746c7f","name":"confagricolturabologna","image":{"@type":"ImageObject","inLanguage":"it-IT","@id":"https:\/\/www.confagricoltura.org\/bologna\/#\/schema\/person\/image\/","url":"https:\/\/secure.gravatar.com\/avatar\/edd9a034f35ea6aeadaf9744d1135acc?s=96&d=mm&r=g","contentUrl":"https:\/\/secure.gravatar.com\/avatar\/edd9a034f35ea6aeadaf9744d1135acc?s=96&d=mm&r=g","caption":"confagricolturabologna"},"url":"https:\/\/www.confagricoltura.org\/bologna\/author\/confagricolturabologna\/"}]}},"_links":{"self":[{"href":"https:\/\/www.confagricoltura.org\/bologna\/wp-json\/wp\/v2\/posts\/543","targetHints":{"allow":["GET"]}}],"collection":[{"href":"https:\/\/www.confagricoltura.org\/bologna\/wp-json\/wp\/v2\/posts"}],"about":[{"href":"https:\/\/www.confagricoltura.org\/bologna\/wp-json\/wp\/v2\/types\/post"}],"author":[{"embeddable":true,"href":"https:\/\/www.confagricoltura.org\/bologna\/wp-json\/wp\/v2\/users\/7"}],"replies":[{"embeddable":true,"href":"https:\/\/www.confagricoltura.org\/bologna\/wp-json\/wp\/v2\/comments?post=543"}],"version-history":[{"count":1,"href":"https:\/\/www.confagricoltura.org\/bologna\/wp-json\/wp\/v2\/posts\/543\/revisions"}],"predecessor-version":[{"id":5045,"href":"https:\/\/www.confagricoltura.org\/bologna\/wp-json\/wp\/v2\/posts\/543\/revisions\/5045"}],"wp:attachment":[{"href":"https:\/\/www.confagricoltura.org\/bologna\/wp-json\/wp\/v2\/media?parent=543"}],"wp:term":[{"taxonomy":"category","embeddable":true,"href":"https:\/\/www.confagricoltura.org\/bologna\/wp-json\/wp\/v2\/categories?post=543"},{"taxonomy":"post_tag","embeddable":true,"href":"https:\/\/www.confagricoltura.org\/bologna\/wp-json\/wp\/v2\/tags?post=543"}],"curies":[{"name":"wp","href":"https:\/\/api.w.org\/{rel}","templated":true}]}}