{"id":4252,"date":"2021-02-15T09:05:22","date_gmt":"2021-02-15T08:05:22","guid":{"rendered":"http:\/\/www.confagricoltura.org\/bologna\/?p=4252"},"modified":"2021-03-19T10:34:05","modified_gmt":"2021-03-19T09:34:05","slug":"aliquote-contributive-i-n-p-s-per-lanno-2021","status":"publish","type":"post","link":"https:\/\/www.confagricoltura.org\/bologna\/aliquote-contributive-i-n-p-s-per-lanno-2021\/","title":{"rendered":"Aliquote contributive I.N.P.S. per l\u2019anno 2021."},"content":{"rendered":"<p>Pubblichiamo, come ogni anno, le tabelle relative alle aliquote contributive I.N.P.S. in vigore nel settore agricolo, per l\u2019anno 2021, per i lavoratori dipendenti e per i collaboratori coordinati e continuativi (ed assimilati), di aziende agricole.<\/p>\n<p>&nbsp;<\/p>\n<p>Lavoratori dipendenti<\/p>\n<h5><b><i>Aumenti di aliquota Fondi pensione (FPLD)<\/i><\/b><\/h5>\n<p>Completato il percorso di allineamento dell\u2019aliquota pensionistica dovuta dai datori di lavoro per gli operai agricoli a quella dovuta per la generalit\u00e0 dei dipendenti, cos\u00ec come per la quota a carico dei lavoratori dipendente, per l\u2019anno 2021.<\/p>\n<p>Rimane ancora da applicare l\u2019aumento annuo dello 0,20% del contributo FPLD a carico dei datori di lavoro agricolo tradizionali, in quanto non \u00e8 ancora stata raggiunta l\u2019aliquota contributiva in vigore per gli altri settori produttivi<\/p>\n<p>&nbsp;<\/p>\n<p><b><i>TFR ai fondi pensione &#8211; Esoneri compensativi<\/i><\/b><\/p>\n<p>L\u2019art. 1, c. 764, della legge n. 296\/2006 prevede per i lavoratori i quali conferiscano il TFR ai fondi pensionistici integrativi e\/o al fondo I.N.P.S. l\u2019esonero dal contributo, pari allo 0,20; se il conferimento del TFR \u00e8, invece, parziale l\u2019esonero \u00e8 direttamente proporzionale. La norma non si applica per gli operai agricoli a tempo determinato e per gli impiegati, quadri e dirigenti agricoli. Dal gennaio 2008 la norma prevede ancora l\u2019esonero dal versamento dei contributi sociali nella misura che si \u00e8, poi, stabilizzata al 2014 ed \u00e8 pari a 0,28%. Tale esonero sui contributi si applica sulla contribuzione per assegni familiari e, in caso di incapienza, su quelli per maternit\u00e0 e disoccupazione o su altre contribuzioni per il finanziamento delle prestazioni temporanee.<\/p>\n<p>&nbsp;<\/p>\n<p><b><i>Decontribuzione delle erogazioni stabilite da contratti di 2\u00b0 livello<\/i><\/b><\/p>\n<p>L\u2019art. 4, commi 28-29 della legge n. 92\/2012 (cd. Riforma Fornero) ha reso definitivo il regime di sgravio contributivo previsto dall\u2019art. 1, commi 67 e 68, della legge n. 247\/2007 relativo alle erogazioni previste dalla contrattazione collettiva di secondo livello (aziendale e territoriale) a titolo di premio di produttivit\u00e0. La misura non \u00e8, peraltro, oggi applicabile per mancanza del rifinanziamento del fondo (dal 2015). In particolari ipotesi \u00e8 comunque applicabile l\u2019art. 55 della legge n. 96\/2017, che prevede &#8211; per le erogazioni aziendali di premi di produttivit\u00e0 stabilite con contratti depositati alla ITL competente (in via telematica) &#8211; la riduzione di venti punti percentuali dell\u2019aliquota IVS a carico del datore di lavoro ed la esenzione piena della quota contributiva a carico dl lavoratore sulle erogazioni legate alla produttivit\u00e0 che coinvolgano \u201cpariteticamente i lavoratori nell\u2019organizzazione del lavoro!! I benefici contributivi si applicano ai premi erogati in virt\u00f9 di contratti collettivi sottoscritta dal 24 aprile 2017 e si applicano alle erogazioni premiali non superiori a 800 euro annui.<\/p>\n<p>Sul punto si vedano le circolari Agenzia delle Entrate n. 5\/E\/2018 e circolare I.N.P.S. n. 104\/2018 (ed in specie per il settore agricolo, il punto 5).<\/p>\n<p>&nbsp;<\/p>\n<p><b><i>Contribuzione per il finanziamento della NASPI<\/i><\/b><\/p>\n<p>Premesso che nel settore agricolo sono esclusi dall\u2019ambito di applicazione della NASPI sia gli operai agricoli a tempo determinato che quelli a tempo indeterminato, applicandosi ancora le previgenti norme in materia di disoccupazione agricola, \u00e8 opportuno ricordare le principali regole poste al riguarda dal Jobs Act.<\/p>\n<p><i>Contributo ordinario<\/i><\/p>\n<p>Il finanziamento della NASPI avviene attraverso il contributo in precedenza previsto per il finanziamento della disoccupazione non agricola, l\u2019aliquota \u00e8 d\u2019ordinario pari all\u20191,61% (di cui 0,30 destinato al finanziamento della formazione continua).<\/p>\n<p>Nel settore agricolo, quindi, la regola si applica solo per gli impiegati, quadri e dirigenti agricoli: per tali figure \u00e8 perci\u00f2 dovuta, dedotte le riduzioni di legge, la contribuzione dello 0,67 per cento gi\u00e0 destinata al finanziamento della disoccupazione (di cui 0,30 destinato al finanziamento della formazione continua).<\/p>\n<p><i>Contributo addizionale<\/i><\/p>\n<p>Per i rapporti a tempo determinato si applica un contributo addizionale, a carico del datore di lavoro, pari all\u20191,4 per cento della retribuzione imponibile. Il contributo, per alcune tipologie di rapporto di lavoro (assunti a termine in sostituzione, stagionali, ecc. \u2026) non \u00e8 dovuto.<\/p>\n<p><i>Contributo aggiuntivo in caso di licenziamento <\/i><\/p>\n<p>Contrariamente ai settori economici diversi dall\u2019agricoltura, nel settore primario non \u00e8 dovuto nemmeno il contributo aggiuntivo (pari al 41% del massimale mensile NASPI per ogni anno di anzianit\u00e0 negli ultimi tre anni) previsto per le interruzioni dei rapporti di lavoro diverse dalle dimissioni o dal recesso del lavoratore, ivi incluso il recesso del datore di lavoro al termine del periodo di formazione nell\u2019apprendistato. La NASPI e la contribuzione innanzi citate sono quindi applicabili come gi\u00e0 detto unicamente agli impiegati, quadri e dirigenti dell\u2019agricoltura.<\/p>\n<p>&nbsp;<\/p>\n<p><b><i>Contribuzione per la formazione continua<\/i><\/b><\/p>\n<p>L\u2019art. 1 della legge n. 247\/2007 (commi da 62 a 64) ha introdotto anche per gli operai agricoli il contributo dello 0,30% di cui alla legge n. 845\/1978 per il finanziamento delle iniziative di formazione continua. Nel settore \u00e8 attivo il Fondo Paritetico Interprofessionale Nazionale per la Formazione Continua in Agricoltura (FOR.AGRI).<\/p>\n<p>&nbsp;<\/p>\n<p><b><i>Contribuzione al Fondo di integrazione salariale INPS <\/i><\/b><\/p>\n<p>Il settore agricolo non rientra tra i settori produttivi interessati al Fondo residuale I.N.P.S. in quanto l\u2019agricoltura \u00e8 interessata dalla applicazione della speciale normativa per l&#8217;integrazione salariale agricola (CISOA), che riconosce le relative prestazioni sia in favore di operai che dei soggetti aventi qualifica impiegatizia. Ci\u00f2 \u00e8 stato confermato dal Ministero del Lavoro (nota n. 10593 del 13\/05\/2016), che ha chiarito peraltro come anche i datori di lavoro agricolo con qualifica di coltivatore diretto sono esclusi dall\u2019obbligo di contribuzione al Fondo di integrazione salariale, i dipendenti beneficiano, infatti, della cassa integrazione salari operai agricoli (CISOA) di cui alla legge n. 457\/72, ancorch\u00e9 esonerati dall\u2019obbligo di versare all\u2019INPS la contribuzione prevista.<\/p>\n<p>&nbsp;<\/p>\n<p><b><i>Cooperative agricole \u2013 legge 240\/1984 \u2013 CIGO<\/i><\/b><\/p>\n<p>Relativamente alla cassa integrazione ordinaria, come si ricorder\u00e0, il c.d. Jobs Act ha riformato l\u2019istituto; la misura del contributo ordinario passa al 1,70% (per le aziende fino a 50 dipendenti) ed al 2% (per le aziende con pi\u00f9 di 50 dipendenti).<\/p>\n<p>&nbsp;<\/p>\n<p><b><i>Riduzione contribuzione INAIL <\/i><\/b><\/p>\n<p>L\u2019art. 1, comma 128, della legge 28 dicembre 2013, n. 147, stabilisce la riduzione della contribuzione antinfortunistica. La riduzione contributiva riguarda i &#8220;premi e contributi dovuti per l&#8217;assicurazione contro gli infortuni sul lavoro e le malattie professionali&#8221; e ci\u00f2 tenendo conto dell\u2019andamento infortunistico aziendale.<\/p>\n<p>Il taglio delle contribuzioni INAIL si fonda sui seguenti elementi:<\/p>\n<ul>\n<li>riguarda \u201cpremi e contributi dovuti per l\u2019assicurazione contro gli infortuni sul lavoro e le malattie professionali\u201d;<\/li>\n<li>tiene conto dell\u2019andamento infortunistico aziendale;<\/li>\n<li>prevede modalit\u00e0 di applicazione della riduzione a favore delle imprese che abbiano iniziato l\u2019attivit\u00e0 da non oltre un biennio;<\/li>\n<\/ul>\n<ul>\n<li>opera per singola gestione assicurativa INAIL, tenendo conto dell\u2019andamento economico, finanziario e attuariale registrato da ciascuna di esse e garantendo il relativo equilibrio assicurativo.<\/li>\n<li>Il tutto \u00e8, comunque, differito o in attesa dei provvedimenti attuativi; per quanto riguarda il settore agricolo, per l\u2019anno 2021, \u00e8 prevista la riduzione del 16,36%, come sancito dall\u2019I.N.A.I.L. con determinazione C.d.A. del 29\/09\/2020, n. 179.<\/li>\n<\/ul>\n<p><b><i>\u00a0<\/i><\/b><\/p>\n<p><b><i>Zone svantaggiate e montane, agevolazioni<\/i><\/b><\/p>\n<p>Confermate per il 2021 le precedenti agevolazioni: \u00b7 <b>75% <\/b>nei territori montani particolarmente svantaggiati (cosiddette zone montane); \u00b7 <b>68%<\/b> nelle zone agricole svantaggiate, comprese le aree dell\u2019obiettivo 1, regolamento (CE) n. 1260\/1999 e le regioni Abruzzo, Molise e Basilicata (cosiddette zone svantaggiate).<\/p>\n<p><b>COLLABORATORI COORDINATI E CONTINUATIVI \u2013 Gestione separata INPS<\/b><\/p>\n<p>Per l\u2019anno 2021 le aliquote contributive valide ai fini del calcolo pensionistico della gestione separata sono fissate nel: 33% per li iscritti alla gestione separata che non siano assicurati anche presso altre forme pensionistiche obbligatorie; 25% per i lavoratori autonomi titolari di partita IVA che non siano assicurati anche presso altre forma pensionistiche obbligatorie; 24% per tutti gli altri iscritti alla gestione separata e cio\u00e8 per i soggetti assicurati anche presso altre forme pensionistiche obbligatori e per quelli gi\u00e0 titolari di pensione, nonch\u00e9 nel 33% per il lavoro occasionale ex art. 54 bis della legge n. 96\/2017.<\/p>\n<p>Con decorrenza dal 1\u00b0 luglio 2017 per finanziare l\u2019indennit\u00e0 di disoccupazione per alcuni soggetti, ascrivibili alla predetta gestione dei collaboratori coordinati e continuativi (DIS \u2013 COLL) \u00e8 dovuto un contributo aggiuntivo pari allo 0,51%. Confermato anche il riparto (2\/3 committenza, 1\/3 collaboratore). La legge di bilancio 2021 ha previsto un aumento, in via sperimentale, per i soggetti privi di altra tutela previdenziale obbligatoria e titolari di partita IVA e per tre anni, pari allo 0,26% (per il 2021) e pari allo 0,51 per gli anni successivi (in relazione al nuovo istituto denominato ISCRO acronimo di indennit\u00e0 straordinaria di continuit\u00e0 reddituale ed operativa) .<\/p>\n<p>&nbsp;<\/p>\n<p><b>ASSOCIATI IN PARTECIPAZIONE<\/b><\/p>\n<p>Le norme contributive innanzi viste per i Co.Co.Co. sono applicate anche agli associati in partecipazione con conferimento di lavoro che, ai sensi dell\u2019art. 43 della legge n. 326\/2003, come noto, sono tenuti all\u2019iscrizione, sin dal 1\u00b0 gennaio 2004, nella gestione separata (ex art. 2, c. 26, legge n. 335\/95). Pertanto, anche per tale categoria di soggetti le aliquote contributive pensionistiche per l\u2019anno 2021 sono quelle in vigore per i collaboratori indicate nel paragrafo precedente. A differenza dei collaboratori, per gli associati in partecipazione, con conferimento di lavoro, la ripartizione dell\u2019onere contributivo viene confermata nel 55% a carico dell\u2019associante e nel 45% a carico dell\u2019associato. Si ricorda che con il d.lgs. n. 81\/2015 (Jobs Act) \u00e8 stata vietata la stipula di nuovi contratti di associazione in partecipazione con apporto di lavoro a decorrere dal 15 giugno 2015.<\/p>\n<p><b>\u00a0<\/b><\/p>\n<p><b>1) Operai<\/b><\/p>\n<h5 style=\"text-align: center\">Operai agricoli e florovivaisti<\/h5>\n<h5 style=\"text-align: center\"><b>di aziende agricole tradizionali<\/b><\/h5>\n<h5 style=\"text-align: center\">aliquote contributive in vigore nel 2021<\/h5>\n<p><img loading=\"lazy\" decoding=\"async\" class=\"size-full wp-image-4253 img-responsive aligncenter\" src=\"http:\/\/www.confagricoltura.org\/bologna\/wp-content\/uploads\/sites\/4\/2021\/02\/Tabella-1.jpg\" alt=\"\" width=\"824\" height=\"143\" \/><\/p>\n<p style=\"text-align: center\"><b>Operai agricoli e florovivaisti<\/b><\/p>\n<p style=\"text-align: center\"><b>di aziende agricole con processi produttivi di tipo industriale<\/b><\/p>\n<p style=\"text-align: center\">aliquote contributive in vigore nel 2021<\/p>\n<p>&nbsp;<\/p>\n<p><img loading=\"lazy\" decoding=\"async\" class=\"size-full wp-image-4254 img-responsive aligncenter\" src=\"http:\/\/www.confagricoltura.org\/bologna\/wp-content\/uploads\/sites\/4\/2021\/02\/Tabella-2.jpg\" alt=\"\" width=\"851\" height=\"135\" \/><\/p>\n<p>&nbsp;<\/p>\n<p style=\"text-align: center\"><b>Operai agricoli e florovivaisti<\/b><\/p>\n<p style=\"text-align: center\"><b>di aziende diretto coltivatrici<\/b><\/p>\n<p style=\"text-align: center\">aliquote contributive in vigore nel 2021<\/p>\n<p>&nbsp;<\/p>\n<p><img loading=\"lazy\" decoding=\"async\" class=\"size-full wp-image-4255 img-responsive aligncenter\" src=\"http:\/\/www.confagricoltura.org\/bologna\/wp-content\/uploads\/sites\/4\/2021\/02\/Tabella-3.jpg\" alt=\"\" width=\"864\" height=\"136\" \/><\/p>\n<p>&nbsp;<\/p>\n<p><b>2) Impiegati<\/b><\/p>\n<p style=\"text-align: center\"><b>impiegati agricoli<\/b><\/p>\n<p style=\"text-align: center\">aliquote contributive in vigore nel 2021<\/p>\n<p style=\"text-align: center\"><b>contributi i.n.p.s<\/b><\/p>\n<p><img loading=\"lazy\" decoding=\"async\" class=\"size-full wp-image-4256 img-responsive aligncenter\" src=\"http:\/\/www.confagricoltura.org\/bologna\/wp-content\/uploads\/sites\/4\/2021\/02\/Tabella-4.jpg\" alt=\"\" width=\"891\" height=\"154\" \/><\/p>\n<p style=\"text-align: center\"><b>contributi e.n.p.a.i.a.<\/b><\/p>\n<p><img loading=\"lazy\" decoding=\"async\" class=\"size-full wp-image-4257 img-responsive aligncenter\" src=\"http:\/\/www.confagricoltura.org\/bologna\/wp-content\/uploads\/sites\/4\/2021\/02\/Tabella-5.jpg\" alt=\"\" width=\"880\" height=\"146\" \/><\/p>\n<p>&nbsp;<\/p>\n<p><b>3) Dirigenti<\/b><\/p>\n<p style=\"text-align: center\"><b>dirigenti agricoli<\/b><\/p>\n<p style=\"text-align: center\">aliquote contributive in vigore nel 2021<\/p>\n<p style=\"text-align: center\"><b>contributi i.n.p.s<\/b><\/p>\n<p><img loading=\"lazy\" decoding=\"async\" class=\"size-full wp-image-4258 img-responsive aligncenter\" src=\"http:\/\/www.confagricoltura.org\/bologna\/wp-content\/uploads\/sites\/4\/2021\/02\/Tabella-6.jpg\" alt=\"\" width=\"885\" height=\"143\" \/><\/p>\n<p style=\"text-align: center\"><b>contributi e.n.p.a.i.a.<\/b><\/p>\n<p>&nbsp;<\/p>\n<p><img loading=\"lazy\" decoding=\"async\" class=\"size-full wp-image-4259 img-responsive aligncenter\" src=\"http:\/\/www.confagricoltura.org\/bologna\/wp-content\/uploads\/sites\/4\/2021\/02\/Tabella-7.jpg\" alt=\"\" width=\"885\" height=\"139\" \/><\/p>\n<p><b>\u00a0<\/b><\/p>\n<p><b>4) Riepilogo aliquote contributive nel 2021per tipo azienda<\/b><\/p>\n<p>&nbsp;<\/p>\n<p><img loading=\"lazy\" decoding=\"async\" class=\"alignnone size-full wp-image-4260 img-responsive\" src=\"http:\/\/www.confagricoltura.org\/bologna\/wp-content\/uploads\/sites\/4\/2021\/02\/Tabella-8.jpg\" alt=\"\" width=\"930\" height=\"325\" \/><\/p>\n<p><img loading=\"lazy\" decoding=\"async\" class=\"alignnone size-full wp-image-4261 img-responsive\" src=\"http:\/\/www.confagricoltura.org\/bologna\/wp-content\/uploads\/sites\/4\/2021\/02\/Tabella-9.jpg\" alt=\"\" width=\"946\" height=\"292\" \/><\/p>\n<p><img loading=\"lazy\" decoding=\"async\" class=\"alignnone size-full wp-image-4262 img-responsive\" src=\"http:\/\/www.confagricoltura.org\/bologna\/wp-content\/uploads\/sites\/4\/2021\/02\/Tabella-10.jpg\" alt=\"\" width=\"947\" height=\"300\" \/><\/p>\n<p><b>\u00a0\u00a0 5) Co.Co.Co<\/b><\/p>\n<p><img loading=\"lazy\" decoding=\"async\" class=\"alignnone size-full wp-image-4263 img-responsive\" src=\"http:\/\/www.confagricoltura.org\/bologna\/wp-content\/uploads\/sites\/4\/2021\/02\/Tabella-11.jpg\" alt=\"\" width=\"830\" height=\"647\" \/><img loading=\"lazy\" decoding=\"async\" class=\"alignnone size-full wp-image-4264 img-responsive\" src=\"http:\/\/www.confagricoltura.org\/bologna\/wp-content\/uploads\/sites\/4\/2021\/02\/Tabella-12.jpg\" alt=\"\" width=\"805\" height=\"518\" \/><\/p>\n<p>(M. Mazzanti)<\/p>\n<p>&nbsp;<\/p>\n<p>&nbsp;<\/p>\n<p>&nbsp;<\/p>\n<p>&nbsp;<\/p>\n<p>&nbsp;<\/p>\n<p>&nbsp;<\/p>\n<p>&nbsp;<\/p>\n","protected":false},"excerpt":{"rendered":"<p>Pubblichiamo, come ogni anno, le tabelle relative alle aliquote contributive I.N.P.S. in vigore nel settore agricolo, per l\u2019anno 2021, per i lavoratori dipendenti e per i collaboratori coordinati e continuativi (ed assimilati), di aziende agricole. &nbsp; Lavoratori dipendenti Aumenti di aliquota Fondi pensione (FPLD) Completato il percorso di allineamento dell\u2019aliquota pensionistica dovuta dai datori di<\/p>\n","protected":false},"author":7,"featured_media":0,"comment_status":"open","ping_status":"open","sticky":false,"template":"","format":"standard","meta":{"wp_mapbox_gl_js_media":[],"footnotes":""},"categories":[29,37],"tags":[],"class_list":["post-4252","post","type-post","status-publish","format-standard","hentry","category-archivio","category-informative-per-associati"],"yoast_head":"<!-- This site is optimized with the Yoast SEO plugin v26.8 - https:\/\/yoast.com\/product\/yoast-seo-wordpress\/ -->\n<title>Aliquote contributive I.N.P.S. per l\u2019anno 2021. - Confagricoltura Bologna<\/title>\n<meta name=\"robots\" content=\"index, follow, max-snippet:-1, max-image-preview:large, max-video-preview:-1\" \/>\n<link rel=\"canonical\" href=\"https:\/\/www.confagricoltura.org\/bologna\/aliquote-contributive-i-n-p-s-per-lanno-2021\/\" \/>\n<meta property=\"og:locale\" content=\"it_IT\" \/>\n<meta property=\"og:type\" content=\"article\" \/>\n<meta property=\"og:title\" content=\"Aliquote contributive I.N.P.S. per l\u2019anno 2021. - Confagricoltura Bologna\" \/>\n<meta property=\"og:description\" content=\"Pubblichiamo, come ogni anno, le tabelle relative alle aliquote contributive I.N.P.S. in vigore nel settore agricolo, per l\u2019anno 2021, per i lavoratori dipendenti e per i collaboratori coordinati e continuativi (ed assimilati), di aziende agricole. &nbsp; Lavoratori dipendenti Aumenti di aliquota Fondi pensione (FPLD) Completato il percorso di allineamento dell\u2019aliquota pensionistica dovuta dai datori di\" \/>\n<meta property=\"og:url\" content=\"https:\/\/www.confagricoltura.org\/bologna\/aliquote-contributive-i-n-p-s-per-lanno-2021\/\" \/>\n<meta property=\"og:site_name\" content=\"Confagricoltura Bologna\" \/>\n<meta property=\"article:published_time\" content=\"2021-02-15T08:05:22+00:00\" \/>\n<meta property=\"article:modified_time\" content=\"2021-03-19T09:34:05+00:00\" \/>\n<meta property=\"og:image\" content=\"http:\/\/www.confagricoltura.org\/bologna\/wp-content\/uploads\/sites\/4\/2021\/02\/Tabella-1.jpg\" \/>\n<meta name=\"author\" content=\"confagricolturabologna\" \/>\n<meta name=\"twitter:card\" content=\"summary_large_image\" \/>\n<meta name=\"twitter:label1\" content=\"Scritto da\" \/>\n\t<meta name=\"twitter:data1\" content=\"confagricolturabologna\" \/>\n\t<meta name=\"twitter:label2\" content=\"Tempo di lettura stimato\" \/>\n\t<meta name=\"twitter:data2\" content=\"8 minuti\" \/>\n<script type=\"application\/ld+json\" class=\"yoast-schema-graph\">{\"@context\":\"https:\/\/schema.org\",\"@graph\":[{\"@type\":\"Article\",\"@id\":\"https:\/\/www.confagricoltura.org\/bologna\/aliquote-contributive-i-n-p-s-per-lanno-2021\/#article\",\"isPartOf\":{\"@id\":\"https:\/\/www.confagricoltura.org\/bologna\/aliquote-contributive-i-n-p-s-per-lanno-2021\/\"},\"author\":{\"name\":\"confagricolturabologna\",\"@id\":\"https:\/\/www.confagricoltura.org\/bologna\/#\/schema\/person\/277baa2a725fb840103c5f8898746c7f\"},\"headline\":\"Aliquote contributive I.N.P.S. per l\u2019anno 2021.\",\"datePublished\":\"2021-02-15T08:05:22+00:00\",\"dateModified\":\"2021-03-19T09:34:05+00:00\",\"mainEntityOfPage\":{\"@id\":\"https:\/\/www.confagricoltura.org\/bologna\/aliquote-contributive-i-n-p-s-per-lanno-2021\/\"},\"wordCount\":1572,\"commentCount\":0,\"image\":{\"@id\":\"https:\/\/www.confagricoltura.org\/bologna\/aliquote-contributive-i-n-p-s-per-lanno-2021\/#primaryimage\"},\"thumbnailUrl\":\"http:\/\/www.confagricoltura.org\/bologna\/wp-content\/uploads\/sites\/4\/2021\/02\/Tabella-1.jpg\",\"articleSection\":[\"Archivio\",\"Informative per Associati\"],\"inLanguage\":\"it-IT\"},{\"@type\":\"WebPage\",\"@id\":\"https:\/\/www.confagricoltura.org\/bologna\/aliquote-contributive-i-n-p-s-per-lanno-2021\/\",\"url\":\"https:\/\/www.confagricoltura.org\/bologna\/aliquote-contributive-i-n-p-s-per-lanno-2021\/\",\"name\":\"Aliquote contributive I.N.P.S. per l\u2019anno 2021. - Confagricoltura Bologna\",\"isPartOf\":{\"@id\":\"https:\/\/www.confagricoltura.org\/bologna\/#website\"},\"primaryImageOfPage\":{\"@id\":\"https:\/\/www.confagricoltura.org\/bologna\/aliquote-contributive-i-n-p-s-per-lanno-2021\/#primaryimage\"},\"image\":{\"@id\":\"https:\/\/www.confagricoltura.org\/bologna\/aliquote-contributive-i-n-p-s-per-lanno-2021\/#primaryimage\"},\"thumbnailUrl\":\"http:\/\/www.confagricoltura.org\/bologna\/wp-content\/uploads\/sites\/4\/2021\/02\/Tabella-1.jpg\",\"datePublished\":\"2021-02-15T08:05:22+00:00\",\"dateModified\":\"2021-03-19T09:34:05+00:00\",\"author\":{\"@id\":\"https:\/\/www.confagricoltura.org\/bologna\/#\/schema\/person\/277baa2a725fb840103c5f8898746c7f\"},\"breadcrumb\":{\"@id\":\"https:\/\/www.confagricoltura.org\/bologna\/aliquote-contributive-i-n-p-s-per-lanno-2021\/#breadcrumb\"},\"inLanguage\":\"it-IT\",\"potentialAction\":[{\"@type\":\"ReadAction\",\"target\":[\"https:\/\/www.confagricoltura.org\/bologna\/aliquote-contributive-i-n-p-s-per-lanno-2021\/\"]}]},{\"@type\":\"ImageObject\",\"inLanguage\":\"it-IT\",\"@id\":\"https:\/\/www.confagricoltura.org\/bologna\/aliquote-contributive-i-n-p-s-per-lanno-2021\/#primaryimage\",\"url\":\"http:\/\/www.confagricoltura.org\/bologna\/wp-content\/uploads\/sites\/4\/2021\/02\/Tabella-1.jpg\",\"contentUrl\":\"http:\/\/www.confagricoltura.org\/bologna\/wp-content\/uploads\/sites\/4\/2021\/02\/Tabella-1.jpg\"},{\"@type\":\"BreadcrumbList\",\"@id\":\"https:\/\/www.confagricoltura.org\/bologna\/aliquote-contributive-i-n-p-s-per-lanno-2021\/#breadcrumb\",\"itemListElement\":[{\"@type\":\"ListItem\",\"position\":1,\"name\":\"Home\",\"item\":\"https:\/\/www.confagricoltura.org\/bologna\/\"},{\"@type\":\"ListItem\",\"position\":2,\"name\":\"Aliquote contributive I.N.P.S. per l\u2019anno 2021.\"}]},{\"@type\":\"WebSite\",\"@id\":\"https:\/\/www.confagricoltura.org\/bologna\/#website\",\"url\":\"https:\/\/www.confagricoltura.org\/bologna\/\",\"name\":\"Confagricoltura Bologna\",\"description\":\"Dalla parte degli Agricoltori\",\"potentialAction\":[{\"@type\":\"SearchAction\",\"target\":{\"@type\":\"EntryPoint\",\"urlTemplate\":\"https:\/\/www.confagricoltura.org\/bologna\/?s={search_term_string}\"},\"query-input\":{\"@type\":\"PropertyValueSpecification\",\"valueRequired\":true,\"valueName\":\"search_term_string\"}}],\"inLanguage\":\"it-IT\"},{\"@type\":\"Person\",\"@id\":\"https:\/\/www.confagricoltura.org\/bologna\/#\/schema\/person\/277baa2a725fb840103c5f8898746c7f\",\"name\":\"confagricolturabologna\",\"image\":{\"@type\":\"ImageObject\",\"inLanguage\":\"it-IT\",\"@id\":\"https:\/\/www.confagricoltura.org\/bologna\/#\/schema\/person\/image\/\",\"url\":\"https:\/\/secure.gravatar.com\/avatar\/edd9a034f35ea6aeadaf9744d1135acc?s=96&d=mm&r=g\",\"contentUrl\":\"https:\/\/secure.gravatar.com\/avatar\/edd9a034f35ea6aeadaf9744d1135acc?s=96&d=mm&r=g\",\"caption\":\"confagricolturabologna\"},\"url\":\"https:\/\/www.confagricoltura.org\/bologna\/author\/confagricolturabologna\/\"}]}<\/script>\n<!-- \/ Yoast SEO plugin. -->","yoast_head_json":{"title":"Aliquote contributive I.N.P.S. per l\u2019anno 2021. - Confagricoltura Bologna","robots":{"index":"index","follow":"follow","max-snippet":"max-snippet:-1","max-image-preview":"max-image-preview:large","max-video-preview":"max-video-preview:-1"},"canonical":"https:\/\/www.confagricoltura.org\/bologna\/aliquote-contributive-i-n-p-s-per-lanno-2021\/","og_locale":"it_IT","og_type":"article","og_title":"Aliquote contributive I.N.P.S. per l\u2019anno 2021. - Confagricoltura Bologna","og_description":"Pubblichiamo, come ogni anno, le tabelle relative alle aliquote contributive I.N.P.S. in vigore nel settore agricolo, per l\u2019anno 2021, per i lavoratori dipendenti e per i collaboratori coordinati e continuativi (ed assimilati), di aziende agricole. &nbsp; Lavoratori dipendenti Aumenti di aliquota Fondi pensione (FPLD) Completato il percorso di allineamento dell\u2019aliquota pensionistica dovuta dai datori di","og_url":"https:\/\/www.confagricoltura.org\/bologna\/aliquote-contributive-i-n-p-s-per-lanno-2021\/","og_site_name":"Confagricoltura Bologna","article_published_time":"2021-02-15T08:05:22+00:00","article_modified_time":"2021-03-19T09:34:05+00:00","og_image":[{"url":"http:\/\/www.confagricoltura.org\/bologna\/wp-content\/uploads\/sites\/4\/2021\/02\/Tabella-1.jpg","type":"","width":"","height":""}],"author":"confagricolturabologna","twitter_card":"summary_large_image","twitter_misc":{"Scritto da":"confagricolturabologna","Tempo di lettura stimato":"8 minuti"},"schema":{"@context":"https:\/\/schema.org","@graph":[{"@type":"Article","@id":"https:\/\/www.confagricoltura.org\/bologna\/aliquote-contributive-i-n-p-s-per-lanno-2021\/#article","isPartOf":{"@id":"https:\/\/www.confagricoltura.org\/bologna\/aliquote-contributive-i-n-p-s-per-lanno-2021\/"},"author":{"name":"confagricolturabologna","@id":"https:\/\/www.confagricoltura.org\/bologna\/#\/schema\/person\/277baa2a725fb840103c5f8898746c7f"},"headline":"Aliquote contributive I.N.P.S. per l\u2019anno 2021.","datePublished":"2021-02-15T08:05:22+00:00","dateModified":"2021-03-19T09:34:05+00:00","mainEntityOfPage":{"@id":"https:\/\/www.confagricoltura.org\/bologna\/aliquote-contributive-i-n-p-s-per-lanno-2021\/"},"wordCount":1572,"commentCount":0,"image":{"@id":"https:\/\/www.confagricoltura.org\/bologna\/aliquote-contributive-i-n-p-s-per-lanno-2021\/#primaryimage"},"thumbnailUrl":"http:\/\/www.confagricoltura.org\/bologna\/wp-content\/uploads\/sites\/4\/2021\/02\/Tabella-1.jpg","articleSection":["Archivio","Informative per Associati"],"inLanguage":"it-IT"},{"@type":"WebPage","@id":"https:\/\/www.confagricoltura.org\/bologna\/aliquote-contributive-i-n-p-s-per-lanno-2021\/","url":"https:\/\/www.confagricoltura.org\/bologna\/aliquote-contributive-i-n-p-s-per-lanno-2021\/","name":"Aliquote contributive I.N.P.S. per l\u2019anno 2021. - Confagricoltura Bologna","isPartOf":{"@id":"https:\/\/www.confagricoltura.org\/bologna\/#website"},"primaryImageOfPage":{"@id":"https:\/\/www.confagricoltura.org\/bologna\/aliquote-contributive-i-n-p-s-per-lanno-2021\/#primaryimage"},"image":{"@id":"https:\/\/www.confagricoltura.org\/bologna\/aliquote-contributive-i-n-p-s-per-lanno-2021\/#primaryimage"},"thumbnailUrl":"http:\/\/www.confagricoltura.org\/bologna\/wp-content\/uploads\/sites\/4\/2021\/02\/Tabella-1.jpg","datePublished":"2021-02-15T08:05:22+00:00","dateModified":"2021-03-19T09:34:05+00:00","author":{"@id":"https:\/\/www.confagricoltura.org\/bologna\/#\/schema\/person\/277baa2a725fb840103c5f8898746c7f"},"breadcrumb":{"@id":"https:\/\/www.confagricoltura.org\/bologna\/aliquote-contributive-i-n-p-s-per-lanno-2021\/#breadcrumb"},"inLanguage":"it-IT","potentialAction":[{"@type":"ReadAction","target":["https:\/\/www.confagricoltura.org\/bologna\/aliquote-contributive-i-n-p-s-per-lanno-2021\/"]}]},{"@type":"ImageObject","inLanguage":"it-IT","@id":"https:\/\/www.confagricoltura.org\/bologna\/aliquote-contributive-i-n-p-s-per-lanno-2021\/#primaryimage","url":"http:\/\/www.confagricoltura.org\/bologna\/wp-content\/uploads\/sites\/4\/2021\/02\/Tabella-1.jpg","contentUrl":"http:\/\/www.confagricoltura.org\/bologna\/wp-content\/uploads\/sites\/4\/2021\/02\/Tabella-1.jpg"},{"@type":"BreadcrumbList","@id":"https:\/\/www.confagricoltura.org\/bologna\/aliquote-contributive-i-n-p-s-per-lanno-2021\/#breadcrumb","itemListElement":[{"@type":"ListItem","position":1,"name":"Home","item":"https:\/\/www.confagricoltura.org\/bologna\/"},{"@type":"ListItem","position":2,"name":"Aliquote contributive I.N.P.S. per l\u2019anno 2021."}]},{"@type":"WebSite","@id":"https:\/\/www.confagricoltura.org\/bologna\/#website","url":"https:\/\/www.confagricoltura.org\/bologna\/","name":"Confagricoltura Bologna","description":"Dalla parte degli Agricoltori","potentialAction":[{"@type":"SearchAction","target":{"@type":"EntryPoint","urlTemplate":"https:\/\/www.confagricoltura.org\/bologna\/?s={search_term_string}"},"query-input":{"@type":"PropertyValueSpecification","valueRequired":true,"valueName":"search_term_string"}}],"inLanguage":"it-IT"},{"@type":"Person","@id":"https:\/\/www.confagricoltura.org\/bologna\/#\/schema\/person\/277baa2a725fb840103c5f8898746c7f","name":"confagricolturabologna","image":{"@type":"ImageObject","inLanguage":"it-IT","@id":"https:\/\/www.confagricoltura.org\/bologna\/#\/schema\/person\/image\/","url":"https:\/\/secure.gravatar.com\/avatar\/edd9a034f35ea6aeadaf9744d1135acc?s=96&d=mm&r=g","contentUrl":"https:\/\/secure.gravatar.com\/avatar\/edd9a034f35ea6aeadaf9744d1135acc?s=96&d=mm&r=g","caption":"confagricolturabologna"},"url":"https:\/\/www.confagricoltura.org\/bologna\/author\/confagricolturabologna\/"}]}},"_links":{"self":[{"href":"https:\/\/www.confagricoltura.org\/bologna\/wp-json\/wp\/v2\/posts\/4252","targetHints":{"allow":["GET"]}}],"collection":[{"href":"https:\/\/www.confagricoltura.org\/bologna\/wp-json\/wp\/v2\/posts"}],"about":[{"href":"https:\/\/www.confagricoltura.org\/bologna\/wp-json\/wp\/v2\/types\/post"}],"author":[{"embeddable":true,"href":"https:\/\/www.confagricoltura.org\/bologna\/wp-json\/wp\/v2\/users\/7"}],"replies":[{"embeddable":true,"href":"https:\/\/www.confagricoltura.org\/bologna\/wp-json\/wp\/v2\/comments?post=4252"}],"version-history":[{"count":1,"href":"https:\/\/www.confagricoltura.org\/bologna\/wp-json\/wp\/v2\/posts\/4252\/revisions"}],"predecessor-version":[{"id":4274,"href":"https:\/\/www.confagricoltura.org\/bologna\/wp-json\/wp\/v2\/posts\/4252\/revisions\/4274"}],"wp:attachment":[{"href":"https:\/\/www.confagricoltura.org\/bologna\/wp-json\/wp\/v2\/media?parent=4252"}],"wp:term":[{"taxonomy":"category","embeddable":true,"href":"https:\/\/www.confagricoltura.org\/bologna\/wp-json\/wp\/v2\/categories?post=4252"},{"taxonomy":"post_tag","embeddable":true,"href":"https:\/\/www.confagricoltura.org\/bologna\/wp-json\/wp\/v2\/tags?post=4252"}],"curies":[{"name":"wp","href":"https:\/\/api.w.org\/{rel}","templated":true}]}}