{"id":4211,"date":"2021-02-01T08:29:05","date_gmt":"2021-02-01T07:29:05","guid":{"rendered":"http:\/\/www.confagricoltura.org\/bologna\/?p=4211"},"modified":"2021-03-11T13:24:53","modified_gmt":"2021-03-11T12:24:53","slug":"patronato-enapa-legge-di-bilancio-2021-novita-previdenziali-ed-assistenziali-prime-indicazioni","status":"publish","type":"post","link":"https:\/\/www.confagricoltura.org\/bologna\/patronato-enapa-legge-di-bilancio-2021-novita-previdenziali-ed-assistenziali-prime-indicazioni\/","title":{"rendered":"Patronato Enapa: LEGGE DI BILANCIO 2021-Novit\u00e0 previdenziali ed assistenziali &#8211; Prime indicazioni."},"content":{"rendered":"<p><img loading=\"lazy\" decoding=\"async\" class=\"wp-image-4184 img-responsive aligncenter\" src=\"http:\/\/www.confagricoltura.org\/bologna\/wp-content\/uploads\/sites\/4\/2021\/01\/Legge-di-Bilancio-2019.jpg\" alt=\"\" width=\"329\" height=\"176\" \/><\/p>\n<p>&nbsp;<\/p>\n<p>La Legge n. 178\/2020 \u00e8 entrata in vigore dal 1\u00b0 gennaio 2021, i di seguito si fornisce una sintesi delle disposizioni di natura previdenziale ed assistenziali pi\u00f9 significative:<\/p>\n<p><b><i>PROROGA OPZIONE DONNA<\/i><\/b><\/p>\n<p>Viene prorogata la c.d. opzione donna, ovvero il pensionamento anticipato delle donne che abbiano maturato i requisiti richiesti entro il 31 dicembre 2020.<\/p>\n<p>Com\u2019\u00e8 noto la misura \u00e8 rivolta alle lavoratrici che hanno maturato un\u2019anzianit\u00e0 contributiva pari o superiore a 35 anni ed un\u2019et\u00e0 anagrafica pari o superiore:<\/p>\n<ul>\n<li>a 58 anni (per le lavoratrici dipendenti)<\/li>\n<li>a 59 anni (per le lavoratrici autonome).<\/li>\n<\/ul>\n<p>&nbsp;<\/p>\n<p>Si ricorda che i requisiti anagrafici non sono adeguati agli incrementi della speranza di vita, mentre trova applicazione le c.d. finestre per la decorrenza del trattamento pensionistico.<\/p>\n<p>&nbsp;<\/p>\n<p>Le finestre sono pari a :<\/p>\n<p>&#8211; 12 mesi per le lavoratrici dipendenti,<\/p>\n<p>&#8211; 18 mesi per le lavoratrici autonome.<\/p>\n<p>&nbsp;<\/p>\n<p><b><i>PROROGA APE SOCIALE<\/i><\/b><\/p>\n<p>Viene prorogata al 31 dicembre 2021 la sperimentazione della c.d. APE Sociale, a favore di quei soggetti che rientrano in specifiche categorie( disoccupati, titolari di Invalidit\u00e0 civile Handicap o che assistono familiari conviventi con handicap grave, addetti ad attivit\u00e0 gravose) <i>.<\/i><\/p>\n<p>L\u2019Ape Sociale permette di fruire del particolare trattamento se i soggetti maturano tra il 1\u00b0 gennaio 2021 ed il 31 dicembre 2021 l\u2019et\u00e0 anagrafica di 63 anni e 30 anni di contributi (36 per i lavoratori gravosi).<\/p>\n<p>I soggetti che possono usufruire della prestazione possono presentare domanda entro il <b><i>31 marzo 2021<\/i><\/b> ovvero entro il <b><i>15 luglio 2021. <\/i><\/b>Le domande presentate successivamente a tale data (e comunque non oltre il 30 novembre 2021) sono prese in considerazione soltanto nel caso in cui ci siano le risorse finanziarie.<\/p>\n<p><b><i>\u00a0<\/i><\/b><\/p>\n<p><b><i>ASSEGNO DI NATALITA\u2019 \u2013 BONUS BEB\u00c8<\/i><\/b><\/p>\n<p>Il beneficio \u00e8 rinnovato per ogni figlio nato o adottato dal 1\u00b0 gennaio 2021 al 31 dicembre 2021 ed \u00e8 riconosciuto per 12 mesi dalla nascita o adozione\/affidamento e il suo importo varia in base al valore dell\u2019ISEE.<\/p>\n<p>&nbsp;<\/p>\n<p><b><i>CONGEDO PATERNITA\u2019<\/i><\/b><\/p>\n<p>Viene prorogato al 2021 il congedo obbligatorio di paternit\u00e0 passando dai 7 giorni per l\u2019anno 2020 a <b>10 giorni per il 2021<\/b>, da usufruire entro i 5 mesi dalla nascita del figlio.<\/p>\n<p>&nbsp;<\/p>\n<p><b><i>SOSTEGNO ALLE MAMME CON FIGLI DISABILI<\/i><\/b><\/p>\n<p>Viene riconosciuto un contributo mensile, fino ad un massimo di 500 euro netti, in favore delle madri disoccupate o monoreddito, che fanno parte di nuclei familiari monoparentali, con figli disabili a carico.<\/p>\n<p>Per il riconoscimento del suddetto contributo, la disabilit\u00e0 deve essere riconosciuta in misura non inferiore al 60 per cento.<\/p>\n<p><b>\u00a0<\/b><\/p>\n<p>La definizione dei criteri di individuazione dei destinatari del predetto contributo, nonch\u00e9 delle modalit\u00e0 di presentazione delle relative domande e di erogazione, \u00e8 demandata ad un prossimo apposito decreto del Ministro del lavoro e delle politiche sociali.<\/p>\n<p>(R. Donati)<\/p>\n<p>&nbsp;<\/p>\n","protected":false},"excerpt":{"rendered":"<p>&nbsp; La Legge n. 178\/2020 \u00e8 entrata in vigore dal 1\u00b0 gennaio 2021, i di seguito si fornisce una sintesi delle disposizioni di natura previdenziale ed assistenziali pi\u00f9 significative: PROROGA OPZIONE DONNA Viene prorogata la c.d. opzione donna, ovvero il pensionamento anticipato delle donne che abbiano maturato i requisiti richiesti entro il 31 dicembre 2020.<\/p>\n","protected":false},"author":7,"featured_media":0,"comment_status":"open","ping_status":"open","sticky":false,"template":"","format":"standard","meta":{"wp_mapbox_gl_js_media":[],"footnotes":""},"categories":[29],"tags":[],"class_list":["post-4211","post","type-post","status-publish","format-standard","hentry","category-archivio"],"yoast_head":"<!-- This site is optimized with the Yoast SEO plugin v26.8 - https:\/\/yoast.com\/product\/yoast-seo-wordpress\/ -->\n<title>Patronato Enapa: LEGGE DI BILANCIO 2021-Novit\u00e0 previdenziali ed assistenziali - Prime indicazioni. - Confagricoltura Bologna<\/title>\n<meta name=\"robots\" content=\"index, follow, max-snippet:-1, max-image-preview:large, max-video-preview:-1\" \/>\n<link rel=\"canonical\" href=\"https:\/\/www.confagricoltura.org\/bologna\/patronato-enapa-legge-di-bilancio-2021-novita-previdenziali-ed-assistenziali-prime-indicazioni\/\" \/>\n<meta property=\"og:locale\" content=\"it_IT\" \/>\n<meta property=\"og:type\" content=\"article\" \/>\n<meta property=\"og:title\" content=\"Patronato Enapa: LEGGE DI BILANCIO 2021-Novit\u00e0 previdenziali ed assistenziali - Prime indicazioni. - Confagricoltura Bologna\" \/>\n<meta property=\"og:description\" content=\"&nbsp; La Legge n. 178\/2020 \u00e8 entrata in vigore dal 1\u00b0 gennaio 2021, i di seguito si fornisce una sintesi delle disposizioni di natura previdenziale ed assistenziali pi\u00f9 significative: PROROGA OPZIONE DONNA Viene prorogata la c.d. opzione donna, ovvero il pensionamento anticipato delle donne che abbiano maturato i requisiti richiesti entro il 31 dicembre 2020.\" \/>\n<meta property=\"og:url\" content=\"https:\/\/www.confagricoltura.org\/bologna\/patronato-enapa-legge-di-bilancio-2021-novita-previdenziali-ed-assistenziali-prime-indicazioni\/\" \/>\n<meta property=\"og:site_name\" content=\"Confagricoltura Bologna\" \/>\n<meta property=\"article:published_time\" content=\"2021-02-01T07:29:05+00:00\" \/>\n<meta property=\"article:modified_time\" content=\"2021-03-11T12:24:53+00:00\" \/>\n<meta property=\"og:image\" content=\"http:\/\/www.confagricoltura.org\/bologna\/wp-content\/uploads\/sites\/4\/2021\/01\/Legge-di-Bilancio-2019.jpg\" \/>\n<meta name=\"author\" content=\"confagricolturabologna\" \/>\n<meta name=\"twitter:card\" content=\"summary_large_image\" \/>\n<meta name=\"twitter:label1\" content=\"Scritto da\" \/>\n\t<meta name=\"twitter:data1\" content=\"confagricolturabologna\" \/>\n\t<meta name=\"twitter:label2\" content=\"Tempo di lettura stimato\" \/>\n\t<meta name=\"twitter:data2\" content=\"2 minuti\" \/>\n<script type=\"application\/ld+json\" class=\"yoast-schema-graph\">{\"@context\":\"https:\/\/schema.org\",\"@graph\":[{\"@type\":\"Article\",\"@id\":\"https:\/\/www.confagricoltura.org\/bologna\/patronato-enapa-legge-di-bilancio-2021-novita-previdenziali-ed-assistenziali-prime-indicazioni\/#article\",\"isPartOf\":{\"@id\":\"https:\/\/www.confagricoltura.org\/bologna\/patronato-enapa-legge-di-bilancio-2021-novita-previdenziali-ed-assistenziali-prime-indicazioni\/\"},\"author\":{\"name\":\"confagricolturabologna\",\"@id\":\"https:\/\/www.confagricoltura.org\/bologna\/#\/schema\/person\/277baa2a725fb840103c5f8898746c7f\"},\"headline\":\"Patronato Enapa: LEGGE DI BILANCIO 2021-Novit\u00e0 previdenziali ed assistenziali &#8211; Prime indicazioni.\",\"datePublished\":\"2021-02-01T07:29:05+00:00\",\"dateModified\":\"2021-03-11T12:24:53+00:00\",\"mainEntityOfPage\":{\"@id\":\"https:\/\/www.confagricoltura.org\/bologna\/patronato-enapa-legge-di-bilancio-2021-novita-previdenziali-ed-assistenziali-prime-indicazioni\/\"},\"wordCount\":428,\"commentCount\":0,\"image\":{\"@id\":\"https:\/\/www.confagricoltura.org\/bologna\/patronato-enapa-legge-di-bilancio-2021-novita-previdenziali-ed-assistenziali-prime-indicazioni\/#primaryimage\"},\"thumbnailUrl\":\"http:\/\/www.confagricoltura.org\/bologna\/wp-content\/uploads\/sites\/4\/2021\/01\/Legge-di-Bilancio-2019.jpg\",\"articleSection\":[\"Archivio\"],\"inLanguage\":\"it-IT\"},{\"@type\":\"WebPage\",\"@id\":\"https:\/\/www.confagricoltura.org\/bologna\/patronato-enapa-legge-di-bilancio-2021-novita-previdenziali-ed-assistenziali-prime-indicazioni\/\",\"url\":\"https:\/\/www.confagricoltura.org\/bologna\/patronato-enapa-legge-di-bilancio-2021-novita-previdenziali-ed-assistenziali-prime-indicazioni\/\",\"name\":\"Patronato Enapa: LEGGE DI BILANCIO 2021-Novit\u00e0 previdenziali ed assistenziali - Prime indicazioni. - Confagricoltura Bologna\",\"isPartOf\":{\"@id\":\"https:\/\/www.confagricoltura.org\/bologna\/#website\"},\"primaryImageOfPage\":{\"@id\":\"https:\/\/www.confagricoltura.org\/bologna\/patronato-enapa-legge-di-bilancio-2021-novita-previdenziali-ed-assistenziali-prime-indicazioni\/#primaryimage\"},\"image\":{\"@id\":\"https:\/\/www.confagricoltura.org\/bologna\/patronato-enapa-legge-di-bilancio-2021-novita-previdenziali-ed-assistenziali-prime-indicazioni\/#primaryimage\"},\"thumbnailUrl\":\"http:\/\/www.confagricoltura.org\/bologna\/wp-content\/uploads\/sites\/4\/2021\/01\/Legge-di-Bilancio-2019.jpg\",\"datePublished\":\"2021-02-01T07:29:05+00:00\",\"dateModified\":\"2021-03-11T12:24:53+00:00\",\"author\":{\"@id\":\"https:\/\/www.confagricoltura.org\/bologna\/#\/schema\/person\/277baa2a725fb840103c5f8898746c7f\"},\"breadcrumb\":{\"@id\":\"https:\/\/www.confagricoltura.org\/bologna\/patronato-enapa-legge-di-bilancio-2021-novita-previdenziali-ed-assistenziali-prime-indicazioni\/#breadcrumb\"},\"inLanguage\":\"it-IT\",\"potentialAction\":[{\"@type\":\"ReadAction\",\"target\":[\"https:\/\/www.confagricoltura.org\/bologna\/patronato-enapa-legge-di-bilancio-2021-novita-previdenziali-ed-assistenziali-prime-indicazioni\/\"]}]},{\"@type\":\"ImageObject\",\"inLanguage\":\"it-IT\",\"@id\":\"https:\/\/www.confagricoltura.org\/bologna\/patronato-enapa-legge-di-bilancio-2021-novita-previdenziali-ed-assistenziali-prime-indicazioni\/#primaryimage\",\"url\":\"http:\/\/www.confagricoltura.org\/bologna\/wp-content\/uploads\/sites\/4\/2021\/01\/Legge-di-Bilancio-2019.jpg\",\"contentUrl\":\"http:\/\/www.confagricoltura.org\/bologna\/wp-content\/uploads\/sites\/4\/2021\/01\/Legge-di-Bilancio-2019.jpg\"},{\"@type\":\"BreadcrumbList\",\"@id\":\"https:\/\/www.confagricoltura.org\/bologna\/patronato-enapa-legge-di-bilancio-2021-novita-previdenziali-ed-assistenziali-prime-indicazioni\/#breadcrumb\",\"itemListElement\":[{\"@type\":\"ListItem\",\"position\":1,\"name\":\"Home\",\"item\":\"https:\/\/www.confagricoltura.org\/bologna\/\"},{\"@type\":\"ListItem\",\"position\":2,\"name\":\"Patronato Enapa: LEGGE DI BILANCIO 2021-Novit\u00e0 previdenziali ed assistenziali &#8211; Prime indicazioni.\"}]},{\"@type\":\"WebSite\",\"@id\":\"https:\/\/www.confagricoltura.org\/bologna\/#website\",\"url\":\"https:\/\/www.confagricoltura.org\/bologna\/\",\"name\":\"Confagricoltura Bologna\",\"description\":\"Dalla parte degli Agricoltori\",\"potentialAction\":[{\"@type\":\"SearchAction\",\"target\":{\"@type\":\"EntryPoint\",\"urlTemplate\":\"https:\/\/www.confagricoltura.org\/bologna\/?s={search_term_string}\"},\"query-input\":{\"@type\":\"PropertyValueSpecification\",\"valueRequired\":true,\"valueName\":\"search_term_string\"}}],\"inLanguage\":\"it-IT\"},{\"@type\":\"Person\",\"@id\":\"https:\/\/www.confagricoltura.org\/bologna\/#\/schema\/person\/277baa2a725fb840103c5f8898746c7f\",\"name\":\"confagricolturabologna\",\"image\":{\"@type\":\"ImageObject\",\"inLanguage\":\"it-IT\",\"@id\":\"https:\/\/www.confagricoltura.org\/bologna\/#\/schema\/person\/image\/\",\"url\":\"https:\/\/secure.gravatar.com\/avatar\/edd9a034f35ea6aeadaf9744d1135acc?s=96&d=mm&r=g\",\"contentUrl\":\"https:\/\/secure.gravatar.com\/avatar\/edd9a034f35ea6aeadaf9744d1135acc?s=96&d=mm&r=g\",\"caption\":\"confagricolturabologna\"},\"url\":\"https:\/\/www.confagricoltura.org\/bologna\/author\/confagricolturabologna\/\"}]}<\/script>\n<!-- \/ Yoast SEO plugin. -->","yoast_head_json":{"title":"Patronato Enapa: LEGGE DI BILANCIO 2021-Novit\u00e0 previdenziali ed assistenziali - Prime indicazioni. - Confagricoltura Bologna","robots":{"index":"index","follow":"follow","max-snippet":"max-snippet:-1","max-image-preview":"max-image-preview:large","max-video-preview":"max-video-preview:-1"},"canonical":"https:\/\/www.confagricoltura.org\/bologna\/patronato-enapa-legge-di-bilancio-2021-novita-previdenziali-ed-assistenziali-prime-indicazioni\/","og_locale":"it_IT","og_type":"article","og_title":"Patronato Enapa: LEGGE DI BILANCIO 2021-Novit\u00e0 previdenziali ed assistenziali - Prime indicazioni. - Confagricoltura Bologna","og_description":"&nbsp; La Legge n. 178\/2020 \u00e8 entrata in vigore dal 1\u00b0 gennaio 2021, i di seguito si fornisce una sintesi delle disposizioni di natura previdenziale ed assistenziali pi\u00f9 significative: PROROGA OPZIONE DONNA Viene prorogata la c.d. opzione donna, ovvero il pensionamento anticipato delle donne che abbiano maturato i requisiti richiesti entro il 31 dicembre 2020.","og_url":"https:\/\/www.confagricoltura.org\/bologna\/patronato-enapa-legge-di-bilancio-2021-novita-previdenziali-ed-assistenziali-prime-indicazioni\/","og_site_name":"Confagricoltura Bologna","article_published_time":"2021-02-01T07:29:05+00:00","article_modified_time":"2021-03-11T12:24:53+00:00","og_image":[{"url":"http:\/\/www.confagricoltura.org\/bologna\/wp-content\/uploads\/sites\/4\/2021\/01\/Legge-di-Bilancio-2019.jpg","type":"","width":"","height":""}],"author":"confagricolturabologna","twitter_card":"summary_large_image","twitter_misc":{"Scritto da":"confagricolturabologna","Tempo di lettura stimato":"2 minuti"},"schema":{"@context":"https:\/\/schema.org","@graph":[{"@type":"Article","@id":"https:\/\/www.confagricoltura.org\/bologna\/patronato-enapa-legge-di-bilancio-2021-novita-previdenziali-ed-assistenziali-prime-indicazioni\/#article","isPartOf":{"@id":"https:\/\/www.confagricoltura.org\/bologna\/patronato-enapa-legge-di-bilancio-2021-novita-previdenziali-ed-assistenziali-prime-indicazioni\/"},"author":{"name":"confagricolturabologna","@id":"https:\/\/www.confagricoltura.org\/bologna\/#\/schema\/person\/277baa2a725fb840103c5f8898746c7f"},"headline":"Patronato Enapa: LEGGE DI BILANCIO 2021-Novit\u00e0 previdenziali ed assistenziali &#8211; Prime indicazioni.","datePublished":"2021-02-01T07:29:05+00:00","dateModified":"2021-03-11T12:24:53+00:00","mainEntityOfPage":{"@id":"https:\/\/www.confagricoltura.org\/bologna\/patronato-enapa-legge-di-bilancio-2021-novita-previdenziali-ed-assistenziali-prime-indicazioni\/"},"wordCount":428,"commentCount":0,"image":{"@id":"https:\/\/www.confagricoltura.org\/bologna\/patronato-enapa-legge-di-bilancio-2021-novita-previdenziali-ed-assistenziali-prime-indicazioni\/#primaryimage"},"thumbnailUrl":"http:\/\/www.confagricoltura.org\/bologna\/wp-content\/uploads\/sites\/4\/2021\/01\/Legge-di-Bilancio-2019.jpg","articleSection":["Archivio"],"inLanguage":"it-IT"},{"@type":"WebPage","@id":"https:\/\/www.confagricoltura.org\/bologna\/patronato-enapa-legge-di-bilancio-2021-novita-previdenziali-ed-assistenziali-prime-indicazioni\/","url":"https:\/\/www.confagricoltura.org\/bologna\/patronato-enapa-legge-di-bilancio-2021-novita-previdenziali-ed-assistenziali-prime-indicazioni\/","name":"Patronato Enapa: LEGGE DI BILANCIO 2021-Novit\u00e0 previdenziali ed assistenziali - Prime indicazioni. - Confagricoltura Bologna","isPartOf":{"@id":"https:\/\/www.confagricoltura.org\/bologna\/#website"},"primaryImageOfPage":{"@id":"https:\/\/www.confagricoltura.org\/bologna\/patronato-enapa-legge-di-bilancio-2021-novita-previdenziali-ed-assistenziali-prime-indicazioni\/#primaryimage"},"image":{"@id":"https:\/\/www.confagricoltura.org\/bologna\/patronato-enapa-legge-di-bilancio-2021-novita-previdenziali-ed-assistenziali-prime-indicazioni\/#primaryimage"},"thumbnailUrl":"http:\/\/www.confagricoltura.org\/bologna\/wp-content\/uploads\/sites\/4\/2021\/01\/Legge-di-Bilancio-2019.jpg","datePublished":"2021-02-01T07:29:05+00:00","dateModified":"2021-03-11T12:24:53+00:00","author":{"@id":"https:\/\/www.confagricoltura.org\/bologna\/#\/schema\/person\/277baa2a725fb840103c5f8898746c7f"},"breadcrumb":{"@id":"https:\/\/www.confagricoltura.org\/bologna\/patronato-enapa-legge-di-bilancio-2021-novita-previdenziali-ed-assistenziali-prime-indicazioni\/#breadcrumb"},"inLanguage":"it-IT","potentialAction":[{"@type":"ReadAction","target":["https:\/\/www.confagricoltura.org\/bologna\/patronato-enapa-legge-di-bilancio-2021-novita-previdenziali-ed-assistenziali-prime-indicazioni\/"]}]},{"@type":"ImageObject","inLanguage":"it-IT","@id":"https:\/\/www.confagricoltura.org\/bologna\/patronato-enapa-legge-di-bilancio-2021-novita-previdenziali-ed-assistenziali-prime-indicazioni\/#primaryimage","url":"http:\/\/www.confagricoltura.org\/bologna\/wp-content\/uploads\/sites\/4\/2021\/01\/Legge-di-Bilancio-2019.jpg","contentUrl":"http:\/\/www.confagricoltura.org\/bologna\/wp-content\/uploads\/sites\/4\/2021\/01\/Legge-di-Bilancio-2019.jpg"},{"@type":"BreadcrumbList","@id":"https:\/\/www.confagricoltura.org\/bologna\/patronato-enapa-legge-di-bilancio-2021-novita-previdenziali-ed-assistenziali-prime-indicazioni\/#breadcrumb","itemListElement":[{"@type":"ListItem","position":1,"name":"Home","item":"https:\/\/www.confagricoltura.org\/bologna\/"},{"@type":"ListItem","position":2,"name":"Patronato Enapa: LEGGE DI BILANCIO 2021-Novit\u00e0 previdenziali ed assistenziali &#8211; Prime indicazioni."}]},{"@type":"WebSite","@id":"https:\/\/www.confagricoltura.org\/bologna\/#website","url":"https:\/\/www.confagricoltura.org\/bologna\/","name":"Confagricoltura Bologna","description":"Dalla parte degli Agricoltori","potentialAction":[{"@type":"SearchAction","target":{"@type":"EntryPoint","urlTemplate":"https:\/\/www.confagricoltura.org\/bologna\/?s={search_term_string}"},"query-input":{"@type":"PropertyValueSpecification","valueRequired":true,"valueName":"search_term_string"}}],"inLanguage":"it-IT"},{"@type":"Person","@id":"https:\/\/www.confagricoltura.org\/bologna\/#\/schema\/person\/277baa2a725fb840103c5f8898746c7f","name":"confagricolturabologna","image":{"@type":"ImageObject","inLanguage":"it-IT","@id":"https:\/\/www.confagricoltura.org\/bologna\/#\/schema\/person\/image\/","url":"https:\/\/secure.gravatar.com\/avatar\/edd9a034f35ea6aeadaf9744d1135acc?s=96&d=mm&r=g","contentUrl":"https:\/\/secure.gravatar.com\/avatar\/edd9a034f35ea6aeadaf9744d1135acc?s=96&d=mm&r=g","caption":"confagricolturabologna"},"url":"https:\/\/www.confagricoltura.org\/bologna\/author\/confagricolturabologna\/"}]}},"_links":{"self":[{"href":"https:\/\/www.confagricoltura.org\/bologna\/wp-json\/wp\/v2\/posts\/4211","targetHints":{"allow":["GET"]}}],"collection":[{"href":"https:\/\/www.confagricoltura.org\/bologna\/wp-json\/wp\/v2\/posts"}],"about":[{"href":"https:\/\/www.confagricoltura.org\/bologna\/wp-json\/wp\/v2\/types\/post"}],"author":[{"embeddable":true,"href":"https:\/\/www.confagricoltura.org\/bologna\/wp-json\/wp\/v2\/users\/7"}],"replies":[{"embeddable":true,"href":"https:\/\/www.confagricoltura.org\/bologna\/wp-json\/wp\/v2\/comments?post=4211"}],"version-history":[{"count":1,"href":"https:\/\/www.confagricoltura.org\/bologna\/wp-json\/wp\/v2\/posts\/4211\/revisions"}],"predecessor-version":[{"id":4283,"href":"https:\/\/www.confagricoltura.org\/bologna\/wp-json\/wp\/v2\/posts\/4211\/revisions\/4283"}],"wp:attachment":[{"href":"https:\/\/www.confagricoltura.org\/bologna\/wp-json\/wp\/v2\/media?parent=4211"}],"wp:term":[{"taxonomy":"category","embeddable":true,"href":"https:\/\/www.confagricoltura.org\/bologna\/wp-json\/wp\/v2\/categories?post=4211"},{"taxonomy":"post_tag","embeddable":true,"href":"https:\/\/www.confagricoltura.org\/bologna\/wp-json\/wp\/v2\/tags?post=4211"}],"curies":[{"name":"wp","href":"https:\/\/api.w.org\/{rel}","templated":true}]}}