{"id":3946,"date":"2020-09-29T14:51:04","date_gmt":"2020-09-29T12:51:04","guid":{"rendered":"http:\/\/www.confagricoltura.org\/bologna\/?p=3946"},"modified":"2021-03-11T13:24:54","modified_gmt":"2021-03-11T12:24:54","slug":"circolare-inps-n-101-2020-regolarizzazione-lavoratori-nel-settore-agricolo-adempimenti-previdenziali","status":"publish","type":"post","link":"https:\/\/www.confagricoltura.org\/bologna\/circolare-inps-n-101-2020-regolarizzazione-lavoratori-nel-settore-agricolo-adempimenti-previdenziali\/","title":{"rendered":"Circolare Inps n. 101\/2020 &#8211; Regolarizzazione lavoratori nel settore agricolo &#8211; Adempimenti previdenziali"},"content":{"rendered":"<p>L\u2019INPS, con circolare n. 101 del giorno 11 settembre ultimo scorso, ha fornito istruzioni operative in merito agli adempimenti &#8211; sia di ordine dichiarativo che di natura contributiva \u2013 posti a carico delle aziende agricole (e dei datori di lavoro familiare) in relazione alla presentazione della domanda di emersione dei rapporti di lavoro irregolare sulla base dalla legislazione emergenziale (decreto rilancio) emessa nel recente passato e promossa dal ministro Bellanova (art. 103, D.L. n. 34\/2020 convertito in Legge n. 77\/2020) limitatamente per i casi di \u201cnuova\u201d instaurazione di rapporti lavorativi.<\/p>\n<p>&nbsp;<\/p>\n<p>Le aziende agricole in merito alle prestazioni di lavoro rese dal regolarizzando, in attesa dell\u2019esito procedurale della pratica di emersione, dovranno corrispondere la contribuzione INPS come appresso:<\/p>\n<ul>\n<li>per le domande presentate dal datore allo Sportello unico per l\u2019immigrazione allo scopo di instaurare un rapporto di lavoro con cittadini extracomunitari i contributi sono dovuti dalla data di inizio del rapporto di lavoro,<\/li>\n<li>per le pratiche relative alla dichiarazione sussistenza del rapporto di lavoro con cittadini italiani o di Stati dell\u2019Unione europea, devono essere pagati all\u2019Istituto i contributi dal 19 maggio 2020.<\/li>\n<\/ul>\n<p>&nbsp;<\/p>\n<p>Dal punto di vista procedurale ed operativo, la circolare INPS prevede, relativamente alle posizioni interessanti lavoratori agricoli con qualifica operaia l\u2019onere datoriale di procedere con l\u2019apertura di una Denuncia Aziendale (D.A.) e quindi di una specifica posizione contributiva temporanea, esclusivamente dedicata ai lavoratori dipendenti indicati della istanza di regolarizzazione nell\u2019ambito della predetta procedura di emersione.<\/p>\n<p>&nbsp;<\/p>\n<p>Ci\u00f2 dovr\u00e0 essere anche per le aziende agricole gi\u00e0 segnalate all\u2019INPS come datori di lavoro agricolo e quindi in possesso di una regolare posizione contributiva; in tale ipotesi la posizione speciale dedicata si dovr\u00e0 usare per il tempo necessario e fino alla conclusione dell\u2019iter procedurale di regolarizzazione (in lavorazione vuoi in sede di Sportello Unico o di INPS).<\/p>\n<p>&nbsp;<\/p>\n<p>La circolare prevede, ai fini del pagamento delle contribuzioni CAU, la seguente articolazione temporale:<\/p>\n<p>&nbsp;<\/p>\n<ul>\n<li>Entro il termine del 10 ottobre l\u2019azienda dovr\u00e0 presentare, con modalit\u00e0 telematiche, la predetta specifica e nuova DA &#8211; Denuncia Aziendale, per l\u2019apertura della nuova posizione contributiva, indicando il campo \u201cProcedura di emersione\u201d; tale posizione contributiva, propria della procedura di emersione, verr\u00e0 contraddistinta da un codice di autorizzazione \u201c5W\u201d corrispondente a <i>\u201cPosizione contributiva riferita a rapporti di lavoro oggetto di istanza di emersione ai sensi dell\u2019articolo 103 del D.L. n. 34\/2020\u201d<\/i>;<\/li>\n<li>entro 30 giorni dalla comunicazione da parte dell\u2019INPS circa la approvazione della D.A. innanzi precitata e specifica per l\u2019emersione &#8211; oppure, se successivi, entro i termini soliti di presentazione (ultimo giorno del mese successivo a quello di riferimento del periodo retributivo) &#8211; il datore di lavoro agricolo ha l\u2019onere di presentare il modello di denuncia contributiva mensile Uniemens\/Posagri per tutti i periodi di lavoro effettuati;<\/li>\n<li>successivamente (alla prima occasione utile) l\u2019INPS proceder\u00e0 alla consueta tariffazione della contribuzione CAU dovuta dall\u2019azienda agricola;<\/li>\n<li>al termine dell\u2019iter procedurale di emersione (ex art. 103 D.L. n. 34\/2020) l\u2019azienda agricola datrice di lavoro dovr\u00e0 infine procedere alla cancellazione della nuova posizione contributiva dedicata alla regolarizzazione.<\/li>\n<\/ul>\n<p>&nbsp;<\/p>\n<p>In relazione alla ulteriore prevista regolarizzazione, con sanatoria, di rapporti gi\u00e0 sussistenti ancorch\u00e9 irregolari, operata dal datore di lavoro, viene precisato che le istruzioni relative agli obblighi contributivi dei datori di lavoro saranno oggetto di altra emananda circolare INPS.<\/p>\n<p>(M. Mazzanti)<\/p>\n<p>&nbsp;<\/p>\n<p>&nbsp;<\/p>\n<p>&nbsp;<\/p>\n","protected":false},"excerpt":{"rendered":"<p>L\u2019INPS, con circolare n. 101 del giorno 11 settembre ultimo scorso, ha fornito istruzioni operative in merito agli adempimenti &#8211; sia di ordine dichiarativo che di natura contributiva \u2013 posti a carico delle aziende agricole (e dei datori di lavoro familiare) in relazione alla presentazione della domanda di emersione dei rapporti di lavoro irregolare sulla<\/p>\n","protected":false},"author":7,"featured_media":0,"comment_status":"open","ping_status":"open","sticky":false,"template":"","format":"standard","meta":{"wp_mapbox_gl_js_media":[],"footnotes":""},"categories":[29],"tags":[],"class_list":["post-3946","post","type-post","status-publish","format-standard","hentry","category-archivio"],"yoast_head":"<!-- This site is optimized with the Yoast SEO plugin v26.8 - https:\/\/yoast.com\/product\/yoast-seo-wordpress\/ -->\n<title>Circolare Inps n. 101\/2020 - Regolarizzazione lavoratori nel settore agricolo - Adempimenti previdenziali - Confagricoltura Bologna<\/title>\n<meta name=\"robots\" content=\"index, follow, max-snippet:-1, max-image-preview:large, max-video-preview:-1\" \/>\n<link rel=\"canonical\" href=\"https:\/\/www.confagricoltura.org\/bologna\/circolare-inps-n-101-2020-regolarizzazione-lavoratori-nel-settore-agricolo-adempimenti-previdenziali\/\" \/>\n<meta property=\"og:locale\" content=\"it_IT\" \/>\n<meta property=\"og:type\" content=\"article\" \/>\n<meta property=\"og:title\" content=\"Circolare Inps n. 101\/2020 - Regolarizzazione lavoratori nel settore agricolo - Adempimenti previdenziali - Confagricoltura Bologna\" \/>\n<meta property=\"og:description\" content=\"L\u2019INPS, con circolare n. 101 del giorno 11 settembre ultimo scorso, ha fornito istruzioni operative in merito agli adempimenti &#8211; sia di ordine dichiarativo che di natura contributiva \u2013 posti a carico delle aziende agricole (e dei datori di lavoro familiare) in relazione alla presentazione della domanda di emersione dei rapporti di lavoro irregolare sulla\" \/>\n<meta property=\"og:url\" content=\"https:\/\/www.confagricoltura.org\/bologna\/circolare-inps-n-101-2020-regolarizzazione-lavoratori-nel-settore-agricolo-adempimenti-previdenziali\/\" \/>\n<meta property=\"og:site_name\" content=\"Confagricoltura Bologna\" \/>\n<meta property=\"article:published_time\" content=\"2020-09-29T12:51:04+00:00\" \/>\n<meta property=\"article:modified_time\" content=\"2021-03-11T12:24:54+00:00\" \/>\n<meta name=\"author\" content=\"confagricolturabologna\" \/>\n<meta name=\"twitter:card\" content=\"summary_large_image\" \/>\n<meta name=\"twitter:label1\" content=\"Scritto da\" \/>\n\t<meta name=\"twitter:data1\" content=\"confagricolturabologna\" \/>\n\t<meta name=\"twitter:label2\" content=\"Tempo di lettura stimato\" \/>\n\t<meta name=\"twitter:data2\" content=\"3 minuti\" \/>\n<script type=\"application\/ld+json\" class=\"yoast-schema-graph\">{\"@context\":\"https:\/\/schema.org\",\"@graph\":[{\"@type\":\"Article\",\"@id\":\"https:\/\/www.confagricoltura.org\/bologna\/circolare-inps-n-101-2020-regolarizzazione-lavoratori-nel-settore-agricolo-adempimenti-previdenziali\/#article\",\"isPartOf\":{\"@id\":\"https:\/\/www.confagricoltura.org\/bologna\/circolare-inps-n-101-2020-regolarizzazione-lavoratori-nel-settore-agricolo-adempimenti-previdenziali\/\"},\"author\":{\"name\":\"confagricolturabologna\",\"@id\":\"https:\/\/www.confagricoltura.org\/bologna\/#\/schema\/person\/277baa2a725fb840103c5f8898746c7f\"},\"headline\":\"Circolare Inps n. 101\/2020 &#8211; Regolarizzazione lavoratori nel settore agricolo &#8211; Adempimenti previdenziali\",\"datePublished\":\"2020-09-29T12:51:04+00:00\",\"dateModified\":\"2021-03-11T12:24:54+00:00\",\"mainEntityOfPage\":{\"@id\":\"https:\/\/www.confagricoltura.org\/bologna\/circolare-inps-n-101-2020-regolarizzazione-lavoratori-nel-settore-agricolo-adempimenti-previdenziali\/\"},\"wordCount\":562,\"commentCount\":0,\"articleSection\":[\"Archivio\"],\"inLanguage\":\"it-IT\"},{\"@type\":\"WebPage\",\"@id\":\"https:\/\/www.confagricoltura.org\/bologna\/circolare-inps-n-101-2020-regolarizzazione-lavoratori-nel-settore-agricolo-adempimenti-previdenziali\/\",\"url\":\"https:\/\/www.confagricoltura.org\/bologna\/circolare-inps-n-101-2020-regolarizzazione-lavoratori-nel-settore-agricolo-adempimenti-previdenziali\/\",\"name\":\"Circolare Inps n. 101\/2020 - Regolarizzazione lavoratori nel settore agricolo - Adempimenti previdenziali - Confagricoltura Bologna\",\"isPartOf\":{\"@id\":\"https:\/\/www.confagricoltura.org\/bologna\/#website\"},\"datePublished\":\"2020-09-29T12:51:04+00:00\",\"dateModified\":\"2021-03-11T12:24:54+00:00\",\"author\":{\"@id\":\"https:\/\/www.confagricoltura.org\/bologna\/#\/schema\/person\/277baa2a725fb840103c5f8898746c7f\"},\"breadcrumb\":{\"@id\":\"https:\/\/www.confagricoltura.org\/bologna\/circolare-inps-n-101-2020-regolarizzazione-lavoratori-nel-settore-agricolo-adempimenti-previdenziali\/#breadcrumb\"},\"inLanguage\":\"it-IT\",\"potentialAction\":[{\"@type\":\"ReadAction\",\"target\":[\"https:\/\/www.confagricoltura.org\/bologna\/circolare-inps-n-101-2020-regolarizzazione-lavoratori-nel-settore-agricolo-adempimenti-previdenziali\/\"]}]},{\"@type\":\"BreadcrumbList\",\"@id\":\"https:\/\/www.confagricoltura.org\/bologna\/circolare-inps-n-101-2020-regolarizzazione-lavoratori-nel-settore-agricolo-adempimenti-previdenziali\/#breadcrumb\",\"itemListElement\":[{\"@type\":\"ListItem\",\"position\":1,\"name\":\"Home\",\"item\":\"https:\/\/www.confagricoltura.org\/bologna\/\"},{\"@type\":\"ListItem\",\"position\":2,\"name\":\"Circolare Inps n. 101\/2020 &#8211; Regolarizzazione lavoratori nel settore agricolo &#8211; Adempimenti previdenziali\"}]},{\"@type\":\"WebSite\",\"@id\":\"https:\/\/www.confagricoltura.org\/bologna\/#website\",\"url\":\"https:\/\/www.confagricoltura.org\/bologna\/\",\"name\":\"Confagricoltura Bologna\",\"description\":\"Dalla parte degli Agricoltori\",\"potentialAction\":[{\"@type\":\"SearchAction\",\"target\":{\"@type\":\"EntryPoint\",\"urlTemplate\":\"https:\/\/www.confagricoltura.org\/bologna\/?s={search_term_string}\"},\"query-input\":{\"@type\":\"PropertyValueSpecification\",\"valueRequired\":true,\"valueName\":\"search_term_string\"}}],\"inLanguage\":\"it-IT\"},{\"@type\":\"Person\",\"@id\":\"https:\/\/www.confagricoltura.org\/bologna\/#\/schema\/person\/277baa2a725fb840103c5f8898746c7f\",\"name\":\"confagricolturabologna\",\"image\":{\"@type\":\"ImageObject\",\"inLanguage\":\"it-IT\",\"@id\":\"https:\/\/www.confagricoltura.org\/bologna\/#\/schema\/person\/image\/\",\"url\":\"https:\/\/secure.gravatar.com\/avatar\/edd9a034f35ea6aeadaf9744d1135acc?s=96&d=mm&r=g\",\"contentUrl\":\"https:\/\/secure.gravatar.com\/avatar\/edd9a034f35ea6aeadaf9744d1135acc?s=96&d=mm&r=g\",\"caption\":\"confagricolturabologna\"},\"url\":\"https:\/\/www.confagricoltura.org\/bologna\/author\/confagricolturabologna\/\"}]}<\/script>\n<!-- \/ Yoast SEO plugin. -->","yoast_head_json":{"title":"Circolare Inps n. 101\/2020 - Regolarizzazione lavoratori nel settore agricolo - Adempimenti previdenziali - Confagricoltura Bologna","robots":{"index":"index","follow":"follow","max-snippet":"max-snippet:-1","max-image-preview":"max-image-preview:large","max-video-preview":"max-video-preview:-1"},"canonical":"https:\/\/www.confagricoltura.org\/bologna\/circolare-inps-n-101-2020-regolarizzazione-lavoratori-nel-settore-agricolo-adempimenti-previdenziali\/","og_locale":"it_IT","og_type":"article","og_title":"Circolare Inps n. 101\/2020 - Regolarizzazione lavoratori nel settore agricolo - Adempimenti previdenziali - Confagricoltura Bologna","og_description":"L\u2019INPS, con circolare n. 101 del giorno 11 settembre ultimo scorso, ha fornito istruzioni operative in merito agli adempimenti &#8211; sia di ordine dichiarativo che di natura contributiva \u2013 posti a carico delle aziende agricole (e dei datori di lavoro familiare) in relazione alla presentazione della domanda di emersione dei rapporti di lavoro irregolare sulla","og_url":"https:\/\/www.confagricoltura.org\/bologna\/circolare-inps-n-101-2020-regolarizzazione-lavoratori-nel-settore-agricolo-adempimenti-previdenziali\/","og_site_name":"Confagricoltura Bologna","article_published_time":"2020-09-29T12:51:04+00:00","article_modified_time":"2021-03-11T12:24:54+00:00","author":"confagricolturabologna","twitter_card":"summary_large_image","twitter_misc":{"Scritto da":"confagricolturabologna","Tempo di lettura stimato":"3 minuti"},"schema":{"@context":"https:\/\/schema.org","@graph":[{"@type":"Article","@id":"https:\/\/www.confagricoltura.org\/bologna\/circolare-inps-n-101-2020-regolarizzazione-lavoratori-nel-settore-agricolo-adempimenti-previdenziali\/#article","isPartOf":{"@id":"https:\/\/www.confagricoltura.org\/bologna\/circolare-inps-n-101-2020-regolarizzazione-lavoratori-nel-settore-agricolo-adempimenti-previdenziali\/"},"author":{"name":"confagricolturabologna","@id":"https:\/\/www.confagricoltura.org\/bologna\/#\/schema\/person\/277baa2a725fb840103c5f8898746c7f"},"headline":"Circolare Inps n. 101\/2020 &#8211; Regolarizzazione lavoratori nel settore agricolo &#8211; Adempimenti previdenziali","datePublished":"2020-09-29T12:51:04+00:00","dateModified":"2021-03-11T12:24:54+00:00","mainEntityOfPage":{"@id":"https:\/\/www.confagricoltura.org\/bologna\/circolare-inps-n-101-2020-regolarizzazione-lavoratori-nel-settore-agricolo-adempimenti-previdenziali\/"},"wordCount":562,"commentCount":0,"articleSection":["Archivio"],"inLanguage":"it-IT"},{"@type":"WebPage","@id":"https:\/\/www.confagricoltura.org\/bologna\/circolare-inps-n-101-2020-regolarizzazione-lavoratori-nel-settore-agricolo-adempimenti-previdenziali\/","url":"https:\/\/www.confagricoltura.org\/bologna\/circolare-inps-n-101-2020-regolarizzazione-lavoratori-nel-settore-agricolo-adempimenti-previdenziali\/","name":"Circolare Inps n. 101\/2020 - Regolarizzazione lavoratori nel settore agricolo - Adempimenti previdenziali - Confagricoltura Bologna","isPartOf":{"@id":"https:\/\/www.confagricoltura.org\/bologna\/#website"},"datePublished":"2020-09-29T12:51:04+00:00","dateModified":"2021-03-11T12:24:54+00:00","author":{"@id":"https:\/\/www.confagricoltura.org\/bologna\/#\/schema\/person\/277baa2a725fb840103c5f8898746c7f"},"breadcrumb":{"@id":"https:\/\/www.confagricoltura.org\/bologna\/circolare-inps-n-101-2020-regolarizzazione-lavoratori-nel-settore-agricolo-adempimenti-previdenziali\/#breadcrumb"},"inLanguage":"it-IT","potentialAction":[{"@type":"ReadAction","target":["https:\/\/www.confagricoltura.org\/bologna\/circolare-inps-n-101-2020-regolarizzazione-lavoratori-nel-settore-agricolo-adempimenti-previdenziali\/"]}]},{"@type":"BreadcrumbList","@id":"https:\/\/www.confagricoltura.org\/bologna\/circolare-inps-n-101-2020-regolarizzazione-lavoratori-nel-settore-agricolo-adempimenti-previdenziali\/#breadcrumb","itemListElement":[{"@type":"ListItem","position":1,"name":"Home","item":"https:\/\/www.confagricoltura.org\/bologna\/"},{"@type":"ListItem","position":2,"name":"Circolare Inps n. 101\/2020 &#8211; Regolarizzazione lavoratori nel settore agricolo &#8211; Adempimenti previdenziali"}]},{"@type":"WebSite","@id":"https:\/\/www.confagricoltura.org\/bologna\/#website","url":"https:\/\/www.confagricoltura.org\/bologna\/","name":"Confagricoltura Bologna","description":"Dalla parte degli Agricoltori","potentialAction":[{"@type":"SearchAction","target":{"@type":"EntryPoint","urlTemplate":"https:\/\/www.confagricoltura.org\/bologna\/?s={search_term_string}"},"query-input":{"@type":"PropertyValueSpecification","valueRequired":true,"valueName":"search_term_string"}}],"inLanguage":"it-IT"},{"@type":"Person","@id":"https:\/\/www.confagricoltura.org\/bologna\/#\/schema\/person\/277baa2a725fb840103c5f8898746c7f","name":"confagricolturabologna","image":{"@type":"ImageObject","inLanguage":"it-IT","@id":"https:\/\/www.confagricoltura.org\/bologna\/#\/schema\/person\/image\/","url":"https:\/\/secure.gravatar.com\/avatar\/edd9a034f35ea6aeadaf9744d1135acc?s=96&d=mm&r=g","contentUrl":"https:\/\/secure.gravatar.com\/avatar\/edd9a034f35ea6aeadaf9744d1135acc?s=96&d=mm&r=g","caption":"confagricolturabologna"},"url":"https:\/\/www.confagricoltura.org\/bologna\/author\/confagricolturabologna\/"}]}},"_links":{"self":[{"href":"https:\/\/www.confagricoltura.org\/bologna\/wp-json\/wp\/v2\/posts\/3946","targetHints":{"allow":["GET"]}}],"collection":[{"href":"https:\/\/www.confagricoltura.org\/bologna\/wp-json\/wp\/v2\/posts"}],"about":[{"href":"https:\/\/www.confagricoltura.org\/bologna\/wp-json\/wp\/v2\/types\/post"}],"author":[{"embeddable":true,"href":"https:\/\/www.confagricoltura.org\/bologna\/wp-json\/wp\/v2\/users\/7"}],"replies":[{"embeddable":true,"href":"https:\/\/www.confagricoltura.org\/bologna\/wp-json\/wp\/v2\/comments?post=3946"}],"version-history":[{"count":1,"href":"https:\/\/www.confagricoltura.org\/bologna\/wp-json\/wp\/v2\/posts\/3946\/revisions"}],"predecessor-version":[{"id":4329,"href":"https:\/\/www.confagricoltura.org\/bologna\/wp-json\/wp\/v2\/posts\/3946\/revisions\/4329"}],"wp:attachment":[{"href":"https:\/\/www.confagricoltura.org\/bologna\/wp-json\/wp\/v2\/media?parent=3946"}],"wp:term":[{"taxonomy":"category","embeddable":true,"href":"https:\/\/www.confagricoltura.org\/bologna\/wp-json\/wp\/v2\/categories?post=3946"},{"taxonomy":"post_tag","embeddable":true,"href":"https:\/\/www.confagricoltura.org\/bologna\/wp-json\/wp\/v2\/tags?post=3946"}],"curies":[{"name":"wp","href":"https:\/\/api.w.org\/{rel}","templated":true}]}}