{"id":3863,"date":"2020-07-15T09:07:14","date_gmt":"2020-07-15T07:07:14","guid":{"rendered":"http:\/\/www.confagricoltura.org\/bologna\/?p=3863"},"modified":"2021-03-11T13:24:54","modified_gmt":"2021-03-11T12:24:54","slug":"contributi-agricoli-le-aliquote-per-il-2020","status":"publish","type":"post","link":"https:\/\/www.confagricoltura.org\/bologna\/contributi-agricoli-le-aliquote-per-il-2020\/","title":{"rendered":"Contributi agricoli \u2013 Le aliquote per il 2020."},"content":{"rendered":"<p><b>\u00a0<\/b><\/p>\n<p>Con circolare n\u00b0 82 del 08\/07\/2020, la Direzione Centrale Entrate dell\u2019INPS ha pubblicato le tabelle contributive per i coltivatori diretti, coloni, mezzadri e imprenditori agricoli professionali per l\u2019anno 2020.<\/p>\n<p><b>\u00a0<\/b><\/p>\n<p><b>Contribuzione IVS<\/b>.<\/p>\n<p>Il calcolo dei contributi I.V.S., dovuti dai lavoratori autonomi dell\u2019agricoltura, come noto, si basa sulla classificazione delle aziende nelle quattro fasce di reddito convenzionale.<\/p>\n<p>&nbsp;<\/p>\n<p>Ciascuna azienda \u00e8 inclusa annualmente nella fascia di reddito convenzionale corrispondente al reddito agrario dei terreni condotti e\/o a quello determinato dall\u2019allevamento degli animali. La contribuzione INPS dovuta \u00e8 determinata sulla base del reddito medio convenzionale, stabilito annualmente con Decreto del Ministero del Lavoro e delle Politiche Sociali. Tale reddito medio, per l\u2019anno 2020, \u00e8 fissato in <b>Euro<\/b> <b>59,45<\/b>. L\u2019aliquota INPS da applicare \u00e8, per tutte le zone e fasce, pari al 24%. L\u2019importo del contributo addizionale IVS \u00e8 pari ad \u20ac <b>0,68 <\/b>a giornata e per n\u00b0 156 giornate annue.<\/p>\n<p><b>\u00a0<\/b><\/p>\n<p><b>Contribuzione di maternit\u00e0.<\/b><\/p>\n<p>Per il 2020 il contributo annuo di maternit\u00e0 (indennit\u00e0 giornaliera di gravidanza o puerperio) \u00e8 invariato e stabilito nella misura di \u20ac 7,49.<\/p>\n<p>&nbsp;<\/p>\n<p><b>Contribuzione INAIL.<\/b><\/p>\n<p>Il contributo, dovuto per l\u2019assicurazione contro gli infortuni sul lavoro e le malattie professionali dai coltivatori diretti, mezzadri e coloni, per l\u2019anno 2020, resta fissato nella misura capitaria annua di:<\/p>\n<ul>\n<li>\u20ac 768,50 (per le zone normali)<\/li>\n<li>\u20ac 532,18 (per i territori montani e le zone svantaggiate).<\/li>\n<\/ul>\n<p>Con determinazione dell\u2019INAIL (n. 290\/2019) \u00e8 stata fissata la riduzione dei contributi infortunistici nella misura del 15,29%; la predetta riduzione si applica agli elenchi di aziende individuate e trasmesse dall\u2019INAIL. Tale riduzione non riguarda le figure I.A.P. poich\u00e9 non soggette alla assicurazione INAIL.<\/p>\n<p><b>\u00a0<\/b><\/p>\n<p><b>Modalit\u00e0 di pagamento.<\/b><\/p>\n<p>La riscossione dei contributi INPS come \u00e8 noto non avviene pi\u00f9 tramite l&#8217;invio da parte dell\u2019INPS della relativa modulistica; gli interessati dovranno viceversa trarre quanto occorrente dal sito dell\u2019Istituto (<a href=\"http:\/\/www.inps.it\/\">www.inps.it<\/a>); in specie il titolare del nucleo coltivatore diretto\/coloni mezzadri e l\u2019imprenditore agricolo professionale in possesso di P.I.N. potranno stampare dal proprio cassetto previdenziale la delega di pagamento F24, accedendo ai servizi on-line a disposizione per l\u2019utenza del \u201cCassetto Previdenziale Autonomi Agricoli\u201d, selezionando la voce \u2018Modelli F24 \u2013 Lavoratori Autonomi Agricoli\u2019. I termini di scadenza delle 4 rate previste per il pagamento sono il 16 luglio 2020, il 16 settembre 2020, il 16 novembre 2020 e il 18 gennaio 2021.<\/p>\n<p>&nbsp;<\/p>\n<p>Gli imprenditori agricoli professionali (IAP) sono tenuti unicamente al pagamento dei contributi per l\u2019assicurazione contro l\u2019invalidit\u00e0, la vecchiaia ed i superstiti e al pagamento dei contributi per gravidanza e puerperio, con esclusione della quota annua per l\u2019assicurazione INAIL.<\/p>\n<p>Pubblichiamo le tavole riassuntive.<\/p>\n<p>&nbsp;<\/p>\n<p>&nbsp;<\/p>\n<p><img loading=\"lazy\" decoding=\"async\" class=\"alignnone size-full wp-image-3864 img-responsive\" src=\"http:\/\/www.confagricoltura.org\/bologna\/wp-content\/uploads\/sites\/4\/2020\/07\/1.jpg\" alt=\"\" width=\"1197\" height=\"415\" \/><\/p>\n<p>&nbsp;<\/p>\n<p><img loading=\"lazy\" decoding=\"async\" class=\"alignnone size-full wp-image-3865 img-responsive\" src=\"http:\/\/www.confagricoltura.org\/bologna\/wp-content\/uploads\/sites\/4\/2020\/07\/2.jpg\" alt=\"\" width=\"1216\" height=\"394\" \/><\/p>\n<p>&nbsp;<\/p>\n<p>&nbsp;<\/p>\n<p><img loading=\"lazy\" decoding=\"async\" class=\"alignnone size-full wp-image-3866 img-responsive\" src=\"http:\/\/www.confagricoltura.org\/bologna\/wp-content\/uploads\/sites\/4\/2020\/07\/3.jpg\" alt=\"\" width=\"1226\" height=\"400\" \/><\/p>\n<p><img loading=\"lazy\" decoding=\"async\" class=\"alignnone size-full wp-image-3867 img-responsive\" src=\"http:\/\/www.confagricoltura.org\/bologna\/wp-content\/uploads\/sites\/4\/2020\/07\/4.jpg\" alt=\"\" width=\"1212\" height=\"446\" \/><\/p>\n<p>&nbsp;<\/p>\n<p>&nbsp;<\/p>\n<p>&nbsp;<\/p>\n<p><img loading=\"lazy\" decoding=\"async\" class=\"alignnone size-full wp-image-3868 img-responsive\" src=\"http:\/\/www.confagricoltura.org\/bologna\/wp-content\/uploads\/sites\/4\/2020\/07\/5.jpg\" alt=\"\" width=\"1271\" height=\"875\" \/><\/p>\n<p>(M. Mazzanti)<\/p>\n<p>&nbsp;<\/p>\n<p>&nbsp;<\/p>\n<p>&nbsp;<\/p>\n<p>&nbsp;<\/p>\n<p>&nbsp;<\/p>\n<p>&nbsp;<\/p>\n<p>&nbsp;<\/p>\n<p>&nbsp;<\/p>\n<p>&nbsp;<\/p>\n<p>&nbsp;<\/p>\n<p>&nbsp;<\/p>\n<p>&nbsp;<\/p>\n<p>&nbsp;<\/p>\n<p>&nbsp;<\/p>\n<p>&nbsp;<\/p>\n<p>&nbsp;<\/p>\n<p>&nbsp;<\/p>\n<p>&nbsp;<\/p>\n<p>&nbsp;<\/p>\n<p>&nbsp;<\/p>\n<p>&nbsp;<\/p>\n<p>&nbsp;<\/p>\n","protected":false},"excerpt":{"rendered":"<p>\u00a0 Con circolare n\u00b0 82 del 08\/07\/2020, la Direzione Centrale Entrate dell\u2019INPS ha pubblicato le tabelle contributive per i coltivatori diretti, coloni, mezzadri e imprenditori agricoli professionali per l\u2019anno 2020. \u00a0 Contribuzione IVS. Il calcolo dei contributi I.V.S., dovuti dai lavoratori autonomi dell\u2019agricoltura, come noto, si basa sulla classificazione delle aziende nelle quattro fasce di<\/p>\n","protected":false},"author":7,"featured_media":0,"comment_status":"open","ping_status":"open","sticky":false,"template":"","format":"standard","meta":{"wp_mapbox_gl_js_media":[],"footnotes":""},"categories":[29],"tags":[],"class_list":["post-3863","post","type-post","status-publish","format-standard","hentry","category-archivio"],"yoast_head":"<!-- This site is optimized with the Yoast SEO plugin v26.8 - https:\/\/yoast.com\/product\/yoast-seo-wordpress\/ -->\n<title>Contributi agricoli \u2013 Le aliquote per il 2020. - Confagricoltura Bologna<\/title>\n<meta name=\"robots\" content=\"index, follow, max-snippet:-1, max-image-preview:large, max-video-preview:-1\" \/>\n<link rel=\"canonical\" href=\"https:\/\/www.confagricoltura.org\/bologna\/contributi-agricoli-le-aliquote-per-il-2020\/\" \/>\n<meta property=\"og:locale\" content=\"it_IT\" \/>\n<meta property=\"og:type\" content=\"article\" \/>\n<meta property=\"og:title\" content=\"Contributi agricoli \u2013 Le aliquote per il 2020. - Confagricoltura Bologna\" \/>\n<meta property=\"og:description\" content=\"\u00a0 Con circolare n\u00b0 82 del 08\/07\/2020, la Direzione Centrale Entrate dell\u2019INPS ha pubblicato le tabelle contributive per i coltivatori diretti, coloni, mezzadri e imprenditori agricoli professionali per l\u2019anno 2020. \u00a0 Contribuzione IVS. Il calcolo dei contributi I.V.S., dovuti dai lavoratori autonomi dell\u2019agricoltura, come noto, si basa sulla classificazione delle aziende nelle quattro fasce di\" \/>\n<meta property=\"og:url\" content=\"https:\/\/www.confagricoltura.org\/bologna\/contributi-agricoli-le-aliquote-per-il-2020\/\" \/>\n<meta property=\"og:site_name\" content=\"Confagricoltura Bologna\" \/>\n<meta property=\"article:published_time\" content=\"2020-07-15T07:07:14+00:00\" \/>\n<meta property=\"article:modified_time\" content=\"2021-03-11T12:24:54+00:00\" \/>\n<meta property=\"og:image\" content=\"http:\/\/www.confagricoltura.org\/bologna\/wp-content\/uploads\/sites\/4\/2020\/07\/1.jpg\" \/>\n<meta name=\"author\" content=\"confagricolturabologna\" \/>\n<meta name=\"twitter:card\" content=\"summary_large_image\" \/>\n<meta name=\"twitter:label1\" content=\"Scritto da\" \/>\n\t<meta name=\"twitter:data1\" content=\"confagricolturabologna\" \/>\n\t<meta name=\"twitter:label2\" content=\"Tempo di lettura stimato\" \/>\n\t<meta name=\"twitter:data2\" content=\"2 minuti\" \/>\n<script type=\"application\/ld+json\" class=\"yoast-schema-graph\">{\"@context\":\"https:\/\/schema.org\",\"@graph\":[{\"@type\":\"Article\",\"@id\":\"https:\/\/www.confagricoltura.org\/bologna\/contributi-agricoli-le-aliquote-per-il-2020\/#article\",\"isPartOf\":{\"@id\":\"https:\/\/www.confagricoltura.org\/bologna\/contributi-agricoli-le-aliquote-per-il-2020\/\"},\"author\":{\"name\":\"confagricolturabologna\",\"@id\":\"https:\/\/www.confagricoltura.org\/bologna\/#\/schema\/person\/277baa2a725fb840103c5f8898746c7f\"},\"headline\":\"Contributi agricoli \u2013 Le aliquote per il 2020.\",\"datePublished\":\"2020-07-15T07:07:14+00:00\",\"dateModified\":\"2021-03-11T12:24:54+00:00\",\"mainEntityOfPage\":{\"@id\":\"https:\/\/www.confagricoltura.org\/bologna\/contributi-agricoli-le-aliquote-per-il-2020\/\"},\"wordCount\":450,\"commentCount\":0,\"image\":{\"@id\":\"https:\/\/www.confagricoltura.org\/bologna\/contributi-agricoli-le-aliquote-per-il-2020\/#primaryimage\"},\"thumbnailUrl\":\"http:\/\/www.confagricoltura.org\/bologna\/wp-content\/uploads\/sites\/4\/2020\/07\/1.jpg\",\"articleSection\":[\"Archivio\"],\"inLanguage\":\"it-IT\"},{\"@type\":\"WebPage\",\"@id\":\"https:\/\/www.confagricoltura.org\/bologna\/contributi-agricoli-le-aliquote-per-il-2020\/\",\"url\":\"https:\/\/www.confagricoltura.org\/bologna\/contributi-agricoli-le-aliquote-per-il-2020\/\",\"name\":\"Contributi agricoli \u2013 Le aliquote per il 2020. - Confagricoltura Bologna\",\"isPartOf\":{\"@id\":\"https:\/\/www.confagricoltura.org\/bologna\/#website\"},\"primaryImageOfPage\":{\"@id\":\"https:\/\/www.confagricoltura.org\/bologna\/contributi-agricoli-le-aliquote-per-il-2020\/#primaryimage\"},\"image\":{\"@id\":\"https:\/\/www.confagricoltura.org\/bologna\/contributi-agricoli-le-aliquote-per-il-2020\/#primaryimage\"},\"thumbnailUrl\":\"http:\/\/www.confagricoltura.org\/bologna\/wp-content\/uploads\/sites\/4\/2020\/07\/1.jpg\",\"datePublished\":\"2020-07-15T07:07:14+00:00\",\"dateModified\":\"2021-03-11T12:24:54+00:00\",\"author\":{\"@id\":\"https:\/\/www.confagricoltura.org\/bologna\/#\/schema\/person\/277baa2a725fb840103c5f8898746c7f\"},\"breadcrumb\":{\"@id\":\"https:\/\/www.confagricoltura.org\/bologna\/contributi-agricoli-le-aliquote-per-il-2020\/#breadcrumb\"},\"inLanguage\":\"it-IT\",\"potentialAction\":[{\"@type\":\"ReadAction\",\"target\":[\"https:\/\/www.confagricoltura.org\/bologna\/contributi-agricoli-le-aliquote-per-il-2020\/\"]}]},{\"@type\":\"ImageObject\",\"inLanguage\":\"it-IT\",\"@id\":\"https:\/\/www.confagricoltura.org\/bologna\/contributi-agricoli-le-aliquote-per-il-2020\/#primaryimage\",\"url\":\"http:\/\/www.confagricoltura.org\/bologna\/wp-content\/uploads\/sites\/4\/2020\/07\/1.jpg\",\"contentUrl\":\"http:\/\/www.confagricoltura.org\/bologna\/wp-content\/uploads\/sites\/4\/2020\/07\/1.jpg\"},{\"@type\":\"BreadcrumbList\",\"@id\":\"https:\/\/www.confagricoltura.org\/bologna\/contributi-agricoli-le-aliquote-per-il-2020\/#breadcrumb\",\"itemListElement\":[{\"@type\":\"ListItem\",\"position\":1,\"name\":\"Home\",\"item\":\"https:\/\/www.confagricoltura.org\/bologna\/\"},{\"@type\":\"ListItem\",\"position\":2,\"name\":\"Contributi agricoli \u2013 Le aliquote per il 2020.\"}]},{\"@type\":\"WebSite\",\"@id\":\"https:\/\/www.confagricoltura.org\/bologna\/#website\",\"url\":\"https:\/\/www.confagricoltura.org\/bologna\/\",\"name\":\"Confagricoltura Bologna\",\"description\":\"Dalla parte degli Agricoltori\",\"potentialAction\":[{\"@type\":\"SearchAction\",\"target\":{\"@type\":\"EntryPoint\",\"urlTemplate\":\"https:\/\/www.confagricoltura.org\/bologna\/?s={search_term_string}\"},\"query-input\":{\"@type\":\"PropertyValueSpecification\",\"valueRequired\":true,\"valueName\":\"search_term_string\"}}],\"inLanguage\":\"it-IT\"},{\"@type\":\"Person\",\"@id\":\"https:\/\/www.confagricoltura.org\/bologna\/#\/schema\/person\/277baa2a725fb840103c5f8898746c7f\",\"name\":\"confagricolturabologna\",\"image\":{\"@type\":\"ImageObject\",\"inLanguage\":\"it-IT\",\"@id\":\"https:\/\/www.confagricoltura.org\/bologna\/#\/schema\/person\/image\/\",\"url\":\"https:\/\/secure.gravatar.com\/avatar\/edd9a034f35ea6aeadaf9744d1135acc?s=96&d=mm&r=g\",\"contentUrl\":\"https:\/\/secure.gravatar.com\/avatar\/edd9a034f35ea6aeadaf9744d1135acc?s=96&d=mm&r=g\",\"caption\":\"confagricolturabologna\"},\"url\":\"https:\/\/www.confagricoltura.org\/bologna\/author\/confagricolturabologna\/\"}]}<\/script>\n<!-- \/ Yoast SEO plugin. -->","yoast_head_json":{"title":"Contributi agricoli \u2013 Le aliquote per il 2020. - Confagricoltura Bologna","robots":{"index":"index","follow":"follow","max-snippet":"max-snippet:-1","max-image-preview":"max-image-preview:large","max-video-preview":"max-video-preview:-1"},"canonical":"https:\/\/www.confagricoltura.org\/bologna\/contributi-agricoli-le-aliquote-per-il-2020\/","og_locale":"it_IT","og_type":"article","og_title":"Contributi agricoli \u2013 Le aliquote per il 2020. - Confagricoltura Bologna","og_description":"\u00a0 Con circolare n\u00b0 82 del 08\/07\/2020, la Direzione Centrale Entrate dell\u2019INPS ha pubblicato le tabelle contributive per i coltivatori diretti, coloni, mezzadri e imprenditori agricoli professionali per l\u2019anno 2020. \u00a0 Contribuzione IVS. Il calcolo dei contributi I.V.S., dovuti dai lavoratori autonomi dell\u2019agricoltura, come noto, si basa sulla classificazione delle aziende nelle quattro fasce di","og_url":"https:\/\/www.confagricoltura.org\/bologna\/contributi-agricoli-le-aliquote-per-il-2020\/","og_site_name":"Confagricoltura Bologna","article_published_time":"2020-07-15T07:07:14+00:00","article_modified_time":"2021-03-11T12:24:54+00:00","og_image":[{"url":"http:\/\/www.confagricoltura.org\/bologna\/wp-content\/uploads\/sites\/4\/2020\/07\/1.jpg","type":"","width":"","height":""}],"author":"confagricolturabologna","twitter_card":"summary_large_image","twitter_misc":{"Scritto da":"confagricolturabologna","Tempo di lettura stimato":"2 minuti"},"schema":{"@context":"https:\/\/schema.org","@graph":[{"@type":"Article","@id":"https:\/\/www.confagricoltura.org\/bologna\/contributi-agricoli-le-aliquote-per-il-2020\/#article","isPartOf":{"@id":"https:\/\/www.confagricoltura.org\/bologna\/contributi-agricoli-le-aliquote-per-il-2020\/"},"author":{"name":"confagricolturabologna","@id":"https:\/\/www.confagricoltura.org\/bologna\/#\/schema\/person\/277baa2a725fb840103c5f8898746c7f"},"headline":"Contributi agricoli \u2013 Le aliquote per il 2020.","datePublished":"2020-07-15T07:07:14+00:00","dateModified":"2021-03-11T12:24:54+00:00","mainEntityOfPage":{"@id":"https:\/\/www.confagricoltura.org\/bologna\/contributi-agricoli-le-aliquote-per-il-2020\/"},"wordCount":450,"commentCount":0,"image":{"@id":"https:\/\/www.confagricoltura.org\/bologna\/contributi-agricoli-le-aliquote-per-il-2020\/#primaryimage"},"thumbnailUrl":"http:\/\/www.confagricoltura.org\/bologna\/wp-content\/uploads\/sites\/4\/2020\/07\/1.jpg","articleSection":["Archivio"],"inLanguage":"it-IT"},{"@type":"WebPage","@id":"https:\/\/www.confagricoltura.org\/bologna\/contributi-agricoli-le-aliquote-per-il-2020\/","url":"https:\/\/www.confagricoltura.org\/bologna\/contributi-agricoli-le-aliquote-per-il-2020\/","name":"Contributi agricoli \u2013 Le aliquote per il 2020. - Confagricoltura Bologna","isPartOf":{"@id":"https:\/\/www.confagricoltura.org\/bologna\/#website"},"primaryImageOfPage":{"@id":"https:\/\/www.confagricoltura.org\/bologna\/contributi-agricoli-le-aliquote-per-il-2020\/#primaryimage"},"image":{"@id":"https:\/\/www.confagricoltura.org\/bologna\/contributi-agricoli-le-aliquote-per-il-2020\/#primaryimage"},"thumbnailUrl":"http:\/\/www.confagricoltura.org\/bologna\/wp-content\/uploads\/sites\/4\/2020\/07\/1.jpg","datePublished":"2020-07-15T07:07:14+00:00","dateModified":"2021-03-11T12:24:54+00:00","author":{"@id":"https:\/\/www.confagricoltura.org\/bologna\/#\/schema\/person\/277baa2a725fb840103c5f8898746c7f"},"breadcrumb":{"@id":"https:\/\/www.confagricoltura.org\/bologna\/contributi-agricoli-le-aliquote-per-il-2020\/#breadcrumb"},"inLanguage":"it-IT","potentialAction":[{"@type":"ReadAction","target":["https:\/\/www.confagricoltura.org\/bologna\/contributi-agricoli-le-aliquote-per-il-2020\/"]}]},{"@type":"ImageObject","inLanguage":"it-IT","@id":"https:\/\/www.confagricoltura.org\/bologna\/contributi-agricoli-le-aliquote-per-il-2020\/#primaryimage","url":"http:\/\/www.confagricoltura.org\/bologna\/wp-content\/uploads\/sites\/4\/2020\/07\/1.jpg","contentUrl":"http:\/\/www.confagricoltura.org\/bologna\/wp-content\/uploads\/sites\/4\/2020\/07\/1.jpg"},{"@type":"BreadcrumbList","@id":"https:\/\/www.confagricoltura.org\/bologna\/contributi-agricoli-le-aliquote-per-il-2020\/#breadcrumb","itemListElement":[{"@type":"ListItem","position":1,"name":"Home","item":"https:\/\/www.confagricoltura.org\/bologna\/"},{"@type":"ListItem","position":2,"name":"Contributi agricoli \u2013 Le aliquote per il 2020."}]},{"@type":"WebSite","@id":"https:\/\/www.confagricoltura.org\/bologna\/#website","url":"https:\/\/www.confagricoltura.org\/bologna\/","name":"Confagricoltura Bologna","description":"Dalla parte degli Agricoltori","potentialAction":[{"@type":"SearchAction","target":{"@type":"EntryPoint","urlTemplate":"https:\/\/www.confagricoltura.org\/bologna\/?s={search_term_string}"},"query-input":{"@type":"PropertyValueSpecification","valueRequired":true,"valueName":"search_term_string"}}],"inLanguage":"it-IT"},{"@type":"Person","@id":"https:\/\/www.confagricoltura.org\/bologna\/#\/schema\/person\/277baa2a725fb840103c5f8898746c7f","name":"confagricolturabologna","image":{"@type":"ImageObject","inLanguage":"it-IT","@id":"https:\/\/www.confagricoltura.org\/bologna\/#\/schema\/person\/image\/","url":"https:\/\/secure.gravatar.com\/avatar\/edd9a034f35ea6aeadaf9744d1135acc?s=96&d=mm&r=g","contentUrl":"https:\/\/secure.gravatar.com\/avatar\/edd9a034f35ea6aeadaf9744d1135acc?s=96&d=mm&r=g","caption":"confagricolturabologna"},"url":"https:\/\/www.confagricoltura.org\/bologna\/author\/confagricolturabologna\/"}]}},"_links":{"self":[{"href":"https:\/\/www.confagricoltura.org\/bologna\/wp-json\/wp\/v2\/posts\/3863","targetHints":{"allow":["GET"]}}],"collection":[{"href":"https:\/\/www.confagricoltura.org\/bologna\/wp-json\/wp\/v2\/posts"}],"about":[{"href":"https:\/\/www.confagricoltura.org\/bologna\/wp-json\/wp\/v2\/types\/post"}],"author":[{"embeddable":true,"href":"https:\/\/www.confagricoltura.org\/bologna\/wp-json\/wp\/v2\/users\/7"}],"replies":[{"embeddable":true,"href":"https:\/\/www.confagricoltura.org\/bologna\/wp-json\/wp\/v2\/comments?post=3863"}],"version-history":[{"count":1,"href":"https:\/\/www.confagricoltura.org\/bologna\/wp-json\/wp\/v2\/posts\/3863\/revisions"}],"predecessor-version":[{"id":4349,"href":"https:\/\/www.confagricoltura.org\/bologna\/wp-json\/wp\/v2\/posts\/3863\/revisions\/4349"}],"wp:attachment":[{"href":"https:\/\/www.confagricoltura.org\/bologna\/wp-json\/wp\/v2\/media?parent=3863"}],"wp:term":[{"taxonomy":"category","embeddable":true,"href":"https:\/\/www.confagricoltura.org\/bologna\/wp-json\/wp\/v2\/categories?post=3863"},{"taxonomy":"post_tag","embeddable":true,"href":"https:\/\/www.confagricoltura.org\/bologna\/wp-json\/wp\/v2\/tags?post=3863"}],"curies":[{"name":"wp","href":"https:\/\/api.w.org\/{rel}","templated":true}]}}