{"id":3859,"date":"2020-07-15T09:03:35","date_gmt":"2020-07-15T07:03:35","guid":{"rendered":"http:\/\/www.confagricoltura.org\/bologna\/?p=3859"},"modified":"2021-03-11T13:24:54","modified_gmt":"2021-03-11T12:24:54","slug":"inail-bando-isi-2020-in-agricoltura","status":"publish","type":"post","link":"https:\/\/www.confagricoltura.org\/bologna\/inail-bando-isi-2020-in-agricoltura\/","title":{"rendered":"INAIL: BANDO ISI 2020 in AGRICOLTURA."},"content":{"rendered":"<p><img loading=\"lazy\" decoding=\"async\" class=\"wp-image-2994 img-responsive aligncenter\" src=\"http:\/\/www.confagricoltura.org\/bologna\/wp-content\/uploads\/sites\/4\/2019\/08\/INAIL.jpg\" alt=\"\" width=\"451\" height=\"195\" \/><\/p>\n<p>&nbsp;<\/p>\n<p>Pubblicato, sulla Gazzetta Ufficiale (G.U. n. 168 del 6 luglio 2020), l\u2019Avviso pubblico <b>ISI Agricoltura 2019-2020<\/b>, concernete \u201c<i>Incentivi alle imprese per la realizzazione di interventi in materia di salute e sicurezza sul lavoro<\/i>\u201d; pubblicati anche sul sito istituzionale INAIL gli Avvisi regionali\/provinciali.<\/p>\n<p>&nbsp;<\/p>\n<p>Il termine per l\u2019invio delle domande \u00e8 previsto <b>dal 15 luglio 2020<\/b><b> fino al 25 settembre 2020<\/b>.<\/p>\n<p>&nbsp;<\/p>\n<p>Il finanziamento previsto dal Bando agricolo in commento ammonta a complessivi 65 milioni di euro ed \u00e8 risultante dalla sommatoria delle risorse finanziarie previste per il 2019 e 2020, unitamente alle risorse residuate dai periodi precedenti e gi\u00e0 dedotti i 20 milioni di euro come previsto dalla legge 19 dicembre 2019 n. 157. Lo stanziamento supera la limitazione comunitaria relativa al de minimis.<\/p>\n<p>&nbsp;<\/p>\n<p>L\u2019intervento si pone l\u2019obiettivo di Incentivare l\u2019acquisto o il noleggio con patto di acquisto di trattori agricoli o forestali o di macchine agricole e forestali caratterizzate da soluzioni innovative per l\u2019abbattimento delle emissioni inquinanti, la riduzione del livello di rumorosit\u00e0 o del rischio infortunistico o di quello derivante dallo svolgimento di operazioni manuali, nonch\u00e9 il miglioramento del rendimento e della sostenibilit\u00e0 globali delle microimprese e le piccole imprese operanti nel settore della produzione primaria dei prodotti agricoli.<\/p>\n<p>&nbsp;<\/p>\n<p>Il Bando prevede la allocazione di interventi con ripartizioni regionali su due assi di finanziamento:<\/p>\n<ul>\n<li>53 milioni di euro riservato alla generalit\u00e0 delle imprese agricole;<\/li>\n<li>12 milioni di euro riservato agli imprenditori giovani agricoltori, organizzati anche in forma societaria.<\/li>\n<\/ul>\n<p>&nbsp;<\/p>\n<p>Il Bando contempla un intervento finanziario, in conto capitale, per un massimo di \u20ac 60 mila ed un minimo di \u20ac 1000, valutato e calcolato sulle spese ammissibili, sostenute dall\u2019azienda e dalla stessa documentate, al netto dell\u2019IVA nella percentuale del:<\/p>\n<ul>\n<li>40% per l\u2019asse dedicato alla generalit\u00e0 delle imprese agricole;<\/li>\n<li>50% per l\u2019asse dedicato agli imprenditori giovani agricoltori.<\/li>\n<\/ul>\n<p>&nbsp;<\/p>\n<p>Il bando ISI Agricolo 2019-2020 si qualifica per alcune specificit\u00e0:<\/p>\n<ul>\n<li>le aziende possono presentare una sola domanda in una sola Regione o Provincia autonoma e per un solo Asse di finanziamento;<\/li>\n<li>previsto un meccanismo di redistribuzione;<\/li>\n<li>l\u2019azienda agricola dovr\u00e0 inoltrare il progetto riferito all\u2019attivit\u00e0 agricola primaria quale attivit\u00e0 principale svolta dall&#8217;impresa;<\/li>\n<li>i finanziamenti ISI possono essere cumulati con altri aiuti di stato solo se il cumulo rimane nei limiti dell\u2019aiuto (40% delle spese ammissibili per l\u2019asse che riguarda la generalit\u00e0 delle imprese agricole, 50% delle spese ammissibili per l\u2019asse relativo ai giovani agricoltori);<\/li>\n<li>possibile, salvo verifica dell\u2019amministrazione, il cumulo tra benefici finanziari e fiscali.<\/li>\n<\/ul>\n<p>&nbsp;<\/p>\n<p>L\u2019azienda (solo se interessata ad un rapporto assicurativo gestito dall\u2019INPS Agricoltura) potr\u00e0 richiedere il finanziamento per l\u2019acquisto (o il noleggio con patto di acquisto) di trattori agricoli o forestali e\/o di macchine agricole o forestali; ammesse anche le spese tecniche sopportate per la redazione della perizia asseverata; le spese ammissibili sono calcolate, al netto dell\u2019IVA, con riferimento al preventivo presentato a corredo della domanda e, comunque, nei limiti dell\u201980% del prezzo di listino di ciascun trattore o macchina. Il bando \u00e8 corredato di note esplicative concernenti le spese ammissibili finanziabili in totale, i parametri e i punteggi attribuiti ai progetti per il raggiungimento della soglia di ammissibilit\u00e0, pari a 120 punti, le tipologie di intervento ammissibili a finanziamento, la documentazione per le varie fasi della procedura (conferma, completamento della domanda, rendicontazione finale) Come di consueto le domande per l\u2019accesso al Bando sono redatte in modalit\u00e0 telematica sul sito internet <a href=\"http:\/\/www.inail.it\/\">www.inail.it<\/a> (prevista una fase di accesso, una fase di invio, una fase di conferma della domanda) andranno poi inviate, sempre on line, le documentazioni previste.<\/p>\n<p>&nbsp;<\/p>\n<p>Gli interessati potranno verificare, sul sito istituzionale INAIL, i tempi ed i modi dell\u2019inoltro della domanda e dell\u2019esito procedurale della stessa. Maggiori dettagli sono rinvenibili utilizzando il link<\/p>\n<p><a href=\"https:\/\/www.inail.it\/cs\/internet\/attivita\/prevenzione-e-sicurezza\/agevolazioni-e-finanziamenti\/incentivi-alle-imprese\/bando-isi-agricoltura-2019-2020.html?id1=6443148939030#anchor\">https:\/\/www.inail.it\/cs\/internet\/attivita\/prevenzione-e-sicurezza\/agevolazioni-e-finanziamenti\/incentivi-alle-imprese\/bando-isi-agricoltura-2019-2020.html?id1=6443148939030#anchor<\/a><\/p>\n<p>(M. Mazzanti)<\/p>\n<p>&nbsp;<\/p>\n","protected":false},"excerpt":{"rendered":"<p>&nbsp; Pubblicato, sulla Gazzetta Ufficiale (G.U. n. 168 del 6 luglio 2020), l\u2019Avviso pubblico ISI Agricoltura 2019-2020, concernete \u201cIncentivi alle imprese per la realizzazione di interventi in materia di salute e sicurezza sul lavoro\u201d; pubblicati anche sul sito istituzionale INAIL gli Avvisi regionali\/provinciali. &nbsp; Il termine per l\u2019invio delle domande \u00e8 previsto dal 15 luglio<\/p>\n","protected":false},"author":7,"featured_media":0,"comment_status":"open","ping_status":"open","sticky":false,"template":"","format":"standard","meta":{"wp_mapbox_gl_js_media":[],"footnotes":""},"categories":[29],"tags":[],"class_list":["post-3859","post","type-post","status-publish","format-standard","hentry","category-archivio"],"yoast_head":"<!-- This site is optimized with the Yoast SEO plugin v26.8 - https:\/\/yoast.com\/product\/yoast-seo-wordpress\/ -->\n<title>INAIL: BANDO ISI 2020 in AGRICOLTURA. - Confagricoltura Bologna<\/title>\n<meta name=\"robots\" content=\"index, follow, max-snippet:-1, max-image-preview:large, max-video-preview:-1\" \/>\n<link rel=\"canonical\" href=\"https:\/\/www.confagricoltura.org\/bologna\/inail-bando-isi-2020-in-agricoltura\/\" \/>\n<meta property=\"og:locale\" content=\"it_IT\" \/>\n<meta property=\"og:type\" content=\"article\" \/>\n<meta property=\"og:title\" content=\"INAIL: BANDO ISI 2020 in AGRICOLTURA. - Confagricoltura Bologna\" \/>\n<meta property=\"og:description\" content=\"&nbsp; Pubblicato, sulla Gazzetta Ufficiale (G.U. n. 168 del 6 luglio 2020), l\u2019Avviso pubblico ISI Agricoltura 2019-2020, concernete \u201cIncentivi alle imprese per la realizzazione di interventi in materia di salute e sicurezza sul lavoro\u201d; pubblicati anche sul sito istituzionale INAIL gli Avvisi regionali\/provinciali. &nbsp; Il termine per l\u2019invio delle domande \u00e8 previsto dal 15 luglio\" \/>\n<meta property=\"og:url\" content=\"https:\/\/www.confagricoltura.org\/bologna\/inail-bando-isi-2020-in-agricoltura\/\" \/>\n<meta property=\"og:site_name\" content=\"Confagricoltura Bologna\" \/>\n<meta property=\"article:published_time\" content=\"2020-07-15T07:03:35+00:00\" \/>\n<meta property=\"article:modified_time\" content=\"2021-03-11T12:24:54+00:00\" \/>\n<meta property=\"og:image\" content=\"http:\/\/www.confagricoltura.org\/bologna\/wp-content\/uploads\/sites\/4\/2019\/08\/INAIL.jpg\" \/>\n<meta name=\"author\" content=\"confagricolturabologna\" \/>\n<meta name=\"twitter:card\" content=\"summary_large_image\" \/>\n<meta name=\"twitter:label1\" content=\"Scritto da\" \/>\n\t<meta name=\"twitter:data1\" content=\"confagricolturabologna\" \/>\n\t<meta name=\"twitter:label2\" content=\"Tempo di lettura stimato\" \/>\n\t<meta name=\"twitter:data2\" content=\"3 minuti\" \/>\n<script type=\"application\/ld+json\" class=\"yoast-schema-graph\">{\"@context\":\"https:\/\/schema.org\",\"@graph\":[{\"@type\":\"Article\",\"@id\":\"https:\/\/www.confagricoltura.org\/bologna\/inail-bando-isi-2020-in-agricoltura\/#article\",\"isPartOf\":{\"@id\":\"https:\/\/www.confagricoltura.org\/bologna\/inail-bando-isi-2020-in-agricoltura\/\"},\"author\":{\"name\":\"confagricolturabologna\",\"@id\":\"https:\/\/www.confagricoltura.org\/bologna\/#\/schema\/person\/277baa2a725fb840103c5f8898746c7f\"},\"headline\":\"INAIL: BANDO ISI 2020 in AGRICOLTURA.\",\"datePublished\":\"2020-07-15T07:03:35+00:00\",\"dateModified\":\"2021-03-11T12:24:54+00:00\",\"mainEntityOfPage\":{\"@id\":\"https:\/\/www.confagricoltura.org\/bologna\/inail-bando-isi-2020-in-agricoltura\/\"},\"wordCount\":634,\"commentCount\":0,\"image\":{\"@id\":\"https:\/\/www.confagricoltura.org\/bologna\/inail-bando-isi-2020-in-agricoltura\/#primaryimage\"},\"thumbnailUrl\":\"http:\/\/www.confagricoltura.org\/bologna\/wp-content\/uploads\/sites\/4\/2019\/08\/INAIL.jpg\",\"articleSection\":[\"Archivio\"],\"inLanguage\":\"it-IT\"},{\"@type\":\"WebPage\",\"@id\":\"https:\/\/www.confagricoltura.org\/bologna\/inail-bando-isi-2020-in-agricoltura\/\",\"url\":\"https:\/\/www.confagricoltura.org\/bologna\/inail-bando-isi-2020-in-agricoltura\/\",\"name\":\"INAIL: BANDO ISI 2020 in AGRICOLTURA. - Confagricoltura Bologna\",\"isPartOf\":{\"@id\":\"https:\/\/www.confagricoltura.org\/bologna\/#website\"},\"primaryImageOfPage\":{\"@id\":\"https:\/\/www.confagricoltura.org\/bologna\/inail-bando-isi-2020-in-agricoltura\/#primaryimage\"},\"image\":{\"@id\":\"https:\/\/www.confagricoltura.org\/bologna\/inail-bando-isi-2020-in-agricoltura\/#primaryimage\"},\"thumbnailUrl\":\"http:\/\/www.confagricoltura.org\/bologna\/wp-content\/uploads\/sites\/4\/2019\/08\/INAIL.jpg\",\"datePublished\":\"2020-07-15T07:03:35+00:00\",\"dateModified\":\"2021-03-11T12:24:54+00:00\",\"author\":{\"@id\":\"https:\/\/www.confagricoltura.org\/bologna\/#\/schema\/person\/277baa2a725fb840103c5f8898746c7f\"},\"breadcrumb\":{\"@id\":\"https:\/\/www.confagricoltura.org\/bologna\/inail-bando-isi-2020-in-agricoltura\/#breadcrumb\"},\"inLanguage\":\"it-IT\",\"potentialAction\":[{\"@type\":\"ReadAction\",\"target\":[\"https:\/\/www.confagricoltura.org\/bologna\/inail-bando-isi-2020-in-agricoltura\/\"]}]},{\"@type\":\"ImageObject\",\"inLanguage\":\"it-IT\",\"@id\":\"https:\/\/www.confagricoltura.org\/bologna\/inail-bando-isi-2020-in-agricoltura\/#primaryimage\",\"url\":\"http:\/\/www.confagricoltura.org\/bologna\/wp-content\/uploads\/sites\/4\/2019\/08\/INAIL.jpg\",\"contentUrl\":\"http:\/\/www.confagricoltura.org\/bologna\/wp-content\/uploads\/sites\/4\/2019\/08\/INAIL.jpg\"},{\"@type\":\"BreadcrumbList\",\"@id\":\"https:\/\/www.confagricoltura.org\/bologna\/inail-bando-isi-2020-in-agricoltura\/#breadcrumb\",\"itemListElement\":[{\"@type\":\"ListItem\",\"position\":1,\"name\":\"Home\",\"item\":\"https:\/\/www.confagricoltura.org\/bologna\/\"},{\"@type\":\"ListItem\",\"position\":2,\"name\":\"INAIL: BANDO ISI 2020 in AGRICOLTURA.\"}]},{\"@type\":\"WebSite\",\"@id\":\"https:\/\/www.confagricoltura.org\/bologna\/#website\",\"url\":\"https:\/\/www.confagricoltura.org\/bologna\/\",\"name\":\"Confagricoltura Bologna\",\"description\":\"Dalla parte degli Agricoltori\",\"potentialAction\":[{\"@type\":\"SearchAction\",\"target\":{\"@type\":\"EntryPoint\",\"urlTemplate\":\"https:\/\/www.confagricoltura.org\/bologna\/?s={search_term_string}\"},\"query-input\":{\"@type\":\"PropertyValueSpecification\",\"valueRequired\":true,\"valueName\":\"search_term_string\"}}],\"inLanguage\":\"it-IT\"},{\"@type\":\"Person\",\"@id\":\"https:\/\/www.confagricoltura.org\/bologna\/#\/schema\/person\/277baa2a725fb840103c5f8898746c7f\",\"name\":\"confagricolturabologna\",\"image\":{\"@type\":\"ImageObject\",\"inLanguage\":\"it-IT\",\"@id\":\"https:\/\/www.confagricoltura.org\/bologna\/#\/schema\/person\/image\/\",\"url\":\"https:\/\/secure.gravatar.com\/avatar\/edd9a034f35ea6aeadaf9744d1135acc?s=96&d=mm&r=g\",\"contentUrl\":\"https:\/\/secure.gravatar.com\/avatar\/edd9a034f35ea6aeadaf9744d1135acc?s=96&d=mm&r=g\",\"caption\":\"confagricolturabologna\"},\"url\":\"https:\/\/www.confagricoltura.org\/bologna\/author\/confagricolturabologna\/\"}]}<\/script>\n<!-- \/ Yoast SEO plugin. -->","yoast_head_json":{"title":"INAIL: BANDO ISI 2020 in AGRICOLTURA. - Confagricoltura Bologna","robots":{"index":"index","follow":"follow","max-snippet":"max-snippet:-1","max-image-preview":"max-image-preview:large","max-video-preview":"max-video-preview:-1"},"canonical":"https:\/\/www.confagricoltura.org\/bologna\/inail-bando-isi-2020-in-agricoltura\/","og_locale":"it_IT","og_type":"article","og_title":"INAIL: BANDO ISI 2020 in AGRICOLTURA. - Confagricoltura Bologna","og_description":"&nbsp; Pubblicato, sulla Gazzetta Ufficiale (G.U. n. 168 del 6 luglio 2020), l\u2019Avviso pubblico ISI Agricoltura 2019-2020, concernete \u201cIncentivi alle imprese per la realizzazione di interventi in materia di salute e sicurezza sul lavoro\u201d; pubblicati anche sul sito istituzionale INAIL gli Avvisi regionali\/provinciali. &nbsp; Il termine per l\u2019invio delle domande \u00e8 previsto dal 15 luglio","og_url":"https:\/\/www.confagricoltura.org\/bologna\/inail-bando-isi-2020-in-agricoltura\/","og_site_name":"Confagricoltura Bologna","article_published_time":"2020-07-15T07:03:35+00:00","article_modified_time":"2021-03-11T12:24:54+00:00","og_image":[{"url":"http:\/\/www.confagricoltura.org\/bologna\/wp-content\/uploads\/sites\/4\/2019\/08\/INAIL.jpg","type":"","width":"","height":""}],"author":"confagricolturabologna","twitter_card":"summary_large_image","twitter_misc":{"Scritto da":"confagricolturabologna","Tempo di lettura stimato":"3 minuti"},"schema":{"@context":"https:\/\/schema.org","@graph":[{"@type":"Article","@id":"https:\/\/www.confagricoltura.org\/bologna\/inail-bando-isi-2020-in-agricoltura\/#article","isPartOf":{"@id":"https:\/\/www.confagricoltura.org\/bologna\/inail-bando-isi-2020-in-agricoltura\/"},"author":{"name":"confagricolturabologna","@id":"https:\/\/www.confagricoltura.org\/bologna\/#\/schema\/person\/277baa2a725fb840103c5f8898746c7f"},"headline":"INAIL: BANDO ISI 2020 in AGRICOLTURA.","datePublished":"2020-07-15T07:03:35+00:00","dateModified":"2021-03-11T12:24:54+00:00","mainEntityOfPage":{"@id":"https:\/\/www.confagricoltura.org\/bologna\/inail-bando-isi-2020-in-agricoltura\/"},"wordCount":634,"commentCount":0,"image":{"@id":"https:\/\/www.confagricoltura.org\/bologna\/inail-bando-isi-2020-in-agricoltura\/#primaryimage"},"thumbnailUrl":"http:\/\/www.confagricoltura.org\/bologna\/wp-content\/uploads\/sites\/4\/2019\/08\/INAIL.jpg","articleSection":["Archivio"],"inLanguage":"it-IT"},{"@type":"WebPage","@id":"https:\/\/www.confagricoltura.org\/bologna\/inail-bando-isi-2020-in-agricoltura\/","url":"https:\/\/www.confagricoltura.org\/bologna\/inail-bando-isi-2020-in-agricoltura\/","name":"INAIL: BANDO ISI 2020 in AGRICOLTURA. - Confagricoltura Bologna","isPartOf":{"@id":"https:\/\/www.confagricoltura.org\/bologna\/#website"},"primaryImageOfPage":{"@id":"https:\/\/www.confagricoltura.org\/bologna\/inail-bando-isi-2020-in-agricoltura\/#primaryimage"},"image":{"@id":"https:\/\/www.confagricoltura.org\/bologna\/inail-bando-isi-2020-in-agricoltura\/#primaryimage"},"thumbnailUrl":"http:\/\/www.confagricoltura.org\/bologna\/wp-content\/uploads\/sites\/4\/2019\/08\/INAIL.jpg","datePublished":"2020-07-15T07:03:35+00:00","dateModified":"2021-03-11T12:24:54+00:00","author":{"@id":"https:\/\/www.confagricoltura.org\/bologna\/#\/schema\/person\/277baa2a725fb840103c5f8898746c7f"},"breadcrumb":{"@id":"https:\/\/www.confagricoltura.org\/bologna\/inail-bando-isi-2020-in-agricoltura\/#breadcrumb"},"inLanguage":"it-IT","potentialAction":[{"@type":"ReadAction","target":["https:\/\/www.confagricoltura.org\/bologna\/inail-bando-isi-2020-in-agricoltura\/"]}]},{"@type":"ImageObject","inLanguage":"it-IT","@id":"https:\/\/www.confagricoltura.org\/bologna\/inail-bando-isi-2020-in-agricoltura\/#primaryimage","url":"http:\/\/www.confagricoltura.org\/bologna\/wp-content\/uploads\/sites\/4\/2019\/08\/INAIL.jpg","contentUrl":"http:\/\/www.confagricoltura.org\/bologna\/wp-content\/uploads\/sites\/4\/2019\/08\/INAIL.jpg"},{"@type":"BreadcrumbList","@id":"https:\/\/www.confagricoltura.org\/bologna\/inail-bando-isi-2020-in-agricoltura\/#breadcrumb","itemListElement":[{"@type":"ListItem","position":1,"name":"Home","item":"https:\/\/www.confagricoltura.org\/bologna\/"},{"@type":"ListItem","position":2,"name":"INAIL: BANDO ISI 2020 in AGRICOLTURA."}]},{"@type":"WebSite","@id":"https:\/\/www.confagricoltura.org\/bologna\/#website","url":"https:\/\/www.confagricoltura.org\/bologna\/","name":"Confagricoltura Bologna","description":"Dalla parte degli Agricoltori","potentialAction":[{"@type":"SearchAction","target":{"@type":"EntryPoint","urlTemplate":"https:\/\/www.confagricoltura.org\/bologna\/?s={search_term_string}"},"query-input":{"@type":"PropertyValueSpecification","valueRequired":true,"valueName":"search_term_string"}}],"inLanguage":"it-IT"},{"@type":"Person","@id":"https:\/\/www.confagricoltura.org\/bologna\/#\/schema\/person\/277baa2a725fb840103c5f8898746c7f","name":"confagricolturabologna","image":{"@type":"ImageObject","inLanguage":"it-IT","@id":"https:\/\/www.confagricoltura.org\/bologna\/#\/schema\/person\/image\/","url":"https:\/\/secure.gravatar.com\/avatar\/edd9a034f35ea6aeadaf9744d1135acc?s=96&d=mm&r=g","contentUrl":"https:\/\/secure.gravatar.com\/avatar\/edd9a034f35ea6aeadaf9744d1135acc?s=96&d=mm&r=g","caption":"confagricolturabologna"},"url":"https:\/\/www.confagricoltura.org\/bologna\/author\/confagricolturabologna\/"}]}},"_links":{"self":[{"href":"https:\/\/www.confagricoltura.org\/bologna\/wp-json\/wp\/v2\/posts\/3859","targetHints":{"allow":["GET"]}}],"collection":[{"href":"https:\/\/www.confagricoltura.org\/bologna\/wp-json\/wp\/v2\/posts"}],"about":[{"href":"https:\/\/www.confagricoltura.org\/bologna\/wp-json\/wp\/v2\/types\/post"}],"author":[{"embeddable":true,"href":"https:\/\/www.confagricoltura.org\/bologna\/wp-json\/wp\/v2\/users\/7"}],"replies":[{"embeddable":true,"href":"https:\/\/www.confagricoltura.org\/bologna\/wp-json\/wp\/v2\/comments?post=3859"}],"version-history":[{"count":1,"href":"https:\/\/www.confagricoltura.org\/bologna\/wp-json\/wp\/v2\/posts\/3859\/revisions"}],"predecessor-version":[{"id":4351,"href":"https:\/\/www.confagricoltura.org\/bologna\/wp-json\/wp\/v2\/posts\/3859\/revisions\/4351"}],"wp:attachment":[{"href":"https:\/\/www.confagricoltura.org\/bologna\/wp-json\/wp\/v2\/media?parent=3859"}],"wp:term":[{"taxonomy":"category","embeddable":true,"href":"https:\/\/www.confagricoltura.org\/bologna\/wp-json\/wp\/v2\/categories?post=3859"},{"taxonomy":"post_tag","embeddable":true,"href":"https:\/\/www.confagricoltura.org\/bologna\/wp-json\/wp\/v2\/tags?post=3859"}],"curies":[{"name":"wp","href":"https:\/\/api.w.org\/{rel}","templated":true}]}}