{"id":3649,"date":"2020-04-16T09:10:15","date_gmt":"2020-04-16T07:10:15","guid":{"rendered":"http:\/\/www.confagricoltura.org\/bologna\/?p=3649"},"modified":"2021-03-11T13:24:55","modified_gmt":"2021-03-11T12:24:55","slug":"misura-13-indennita-a-favore-delle-zone-soggette-a-vincoli-naturali-tipo-di-operazione-13-1-01","status":"publish","type":"post","link":"https:\/\/www.confagricoltura.org\/bologna\/misura-13-indennita-a-favore-delle-zone-soggette-a-vincoli-naturali-tipo-di-operazione-13-1-01\/","title":{"rendered":"Misura 13 Indennit\u00e0 a favore delle zone soggette a vincoli naturali &#8211; Tipo di operazione 13.1.01."},"content":{"rendered":"<p><b>\u00a0<\/b><\/p>\n<p>Con delibera del 16 marzo \u00e8 stato approvato il bando per l\u2019attivazione dell\u2019operazione 13.1.01, \u201cPagamenti compensativi per le zone montane\u201d.<\/p>\n<p>Possono beneficiare delle indennit\u00e0 gli agricoltori in attivit\u00e0 che conducono superfici agricole nelle zone montane svolgendo su di esse un\u2019attivit\u00e0 agricola che comprende:<\/p>\n<ol>\n<li><b><i> <\/i><\/b><i>la produzione, l&#8217;allevamento o la coltivazione di prodotti agricoli, \u2026.<\/i><\/li>\n<li><b><i> <\/i><\/b><i>il mantenimento di una superficie agricola in uno stato che la rende idonea al pascolo o alla coltivazione <\/i><\/li>\n<\/ol>\n<p><b><i>iii. <\/i><\/b><i>lo svolgimento di un&#8217;attivit\u00e0 minima, definita dagli Stati membri, sulle superfici agricole mantenute naturalmente in uno stato idoneo al pascolo o alla coltivazione.<\/i><\/p>\n<p>&nbsp;<\/p>\n<p>Per accedere al regime di sostegno \u00e8 necessario possedere i seguenti requisiti:<\/p>\n<ol>\n<li>a) essere agricoltore\/imprenditore agricolo \u201cattivo\u201d;<\/li>\n<li>b) condurre terreni agricoli in zona montana;<\/li>\n<li>c) essere beneficiari, per ogni annualit\u00e0 di pagamento delle indennit\u00e0, di importi non inferiori a complessivi \u20ac<\/li>\n<\/ol>\n<p>I primi due requisiti devono essere mantenuti per l\u2019intera durata del periodo di riferimento, corrispondente all\u2019anno 2020 (dal 1\/1\/2020 al 31\/12\/2020).<\/p>\n<p>&nbsp;<\/p>\n<p>Gli agricoltori che chiedono di riconoscere pagamenti per superfici \u201cpascolo con tara\u201d si impegnano a praticare con animali propri l\u2019attivit\u00e0 di pascolamento e a mantenere il rapporto UBA\/superficie foraggera aziendale superiore o uguale a 0,2 Uba\/Ha, oltre al numero delle UBA allevate in azienda superiore o uguale a 2.<\/p>\n<p>&nbsp;<\/p>\n<p><b>Non sono computate<\/b> per il pagamento delle indennit\u00e0 le <b>particelle impegnate in ritiri dalla produzione in riferimento a Misure \u201cagro-climatico-ambientali\u201d e \u201cagroambientali\u201d del P.S.R. 2014-2020 e di precedenti Programmi di Sviluppo Rurale ed i terreni lasciati a riposo<\/b>.<\/p>\n<p>Le superfici dichiarate \u201cpascolate\u201d non sono computabili per i <b>pagamenti se per tempi e modalit\u00e0 di svolgimento l\u2019attivit\u00e0 non \u00e8 riconducibile almeno a \u201cattivit\u00e0 minima, <\/b>praticata attraverso il pascolo o lo<\/p>\n<p>sfalcio.<\/p>\n<p>&nbsp;<\/p>\n<p>Le superfici per cui l\u2019attivit\u00e0 agricola consiste nell\u2019attivit\u00e0 di pascolamento saranno riconosciute ammissibili, purch\u00e9 effettivamente pascolate, solo alle aziende che gestiscono allevamenti censiti in BDN con la tipologia \u201call\u2019aperto o estensivo\u201d per le categorie di animali bovini, ovicaprini ed equini o equidi.<\/p>\n<p>&nbsp;<\/p>\n<p>Nei prati permanenti non pascolati, \u00e8 possibile riconoscere solo <b>l\u2019attivit\u00e0 agricola di sfalcio con <\/b> <b>asportazione del prodotto<\/b>, e non quella di trinciatura\/triturazione del cotico con rilascio sul terreno dei residui. Per essere riconosciuta, l\u2019attivit\u00e0 di sfalcio, come ogni altra attivit\u00e0 agricola, deve essere svolta nell\u2019anno di riferimento della richiesta di indennit\u00e0.<\/p>\n<p>&nbsp;<\/p>\n<p>Il pascolamento di terzi non \u00e8 riconosciuto quale assolvimento dell\u2019impegno.<\/p>\n<p>&nbsp;<\/p>\n<p>L\u2019importo unitario delle indennit\u00e0, per ogni annualit\u00e0 e per ettaro di superficie agricola condotta nelle zone montane \u00e8 pari a Euro <b>125 <\/b>(per ettaro).<\/p>\n<p>Per le superfici indicate come \u201ccastagneti da mensa\u201d, devono per struttura e fisionomia corrispondere alla definizione di castagneto da frutto, inoltre a decorrere dalla campagna 2019, le superfici coltivate a castagno da mensa che non risultano classificate tali sono ammissibili previa richiesta fornendo la documentazione giustificativa.<\/p>\n<p>Le <b>domande <\/b>valenza di <b>domande di pagamento <\/b>e la scadenza per la presentazione \u00e8 pertanto fissata al giorno <b>15 maggio 2020<\/b>.<\/p>\n<p>&nbsp;<\/p>\n<p>La corresponsione del premio avviene secondo i seguenti criteri:<\/p>\n<ul>\n<li>per aziende con superficie a premio inferiore o uguale a 20 Ha, erogazione del 100% del sostegno\/ha di SAU previsto;<\/li>\n<li>per aziende con superficie a premio superiore a 20 ha e inferiore o uguale a 30 ha, il sostegno\/ha previsto \u00e8 ridotto del 20% per la superficie eleggibile a pagamento eccedente i 20 ha;<\/li>\n<li>per aziende con superficie a premio superiore a 30 ha il sostegno\/ha previsto, per la superficie eleggibile a pagamento eccedente i 20 ha e fino a 30 ha \u00e8 ridotto del 20% e per quella eccedente i 30 ha \u00e8 ridotto del 30%;<\/li>\n<\/ul>\n<p><b>\u00a0<\/b><\/p>\n<p>Il sostegno non \u00e8 erogato per superfici eccedenti i 50 ha.<\/p>\n<p><b>Ricordiamo che la perdita dei requisiti di accesso<\/b> determina la decadenza dalla concessione del sostegno e, se erogato, la restituzione delle somme percepite con interessi.<\/p>\n<p>&nbsp;<\/p>\n<p>In caso di cessione totale dei terreni dichiarati in una domanda di indennit\u00e0, qualora non avvenga il subentro, salvo documentati casi di forza maggiore e circostanze eccezionali, si configura un inadempimento essenziale che comporta in capo al beneficiario la decadenza della concessione e, se erogate, la restituzione delle indennit\u00e0 percepite con interessi.<\/p>\n<p>&nbsp;<\/p>\n<p><b>La cessione parziale di particelle richieste a pagamento prima della scadenza del periodo di impegno non consente il subentro<\/b> e si configura una difformit\u00e0 dichiarativa rispetto alla domanda, con conseguente applicazione delle riduzioni ed esclusioni.<\/p>\n<p>(A. Caprara)<\/p>\n<p>&nbsp;<\/p>\n","protected":false},"excerpt":{"rendered":"<p>\u00a0 Con delibera del 16 marzo \u00e8 stato approvato il bando per l\u2019attivazione dell\u2019operazione 13.1.01, \u201cPagamenti compensativi per le zone montane\u201d. Possono beneficiare delle indennit\u00e0 gli agricoltori in attivit\u00e0 che conducono superfici agricole nelle zone montane svolgendo su di esse un\u2019attivit\u00e0 agricola che comprende: la produzione, l&#8217;allevamento o la coltivazione di prodotti agricoli, \u2026. il<\/p>\n","protected":false},"author":7,"featured_media":0,"comment_status":"open","ping_status":"open","sticky":false,"template":"","format":"standard","meta":{"wp_mapbox_gl_js_media":[],"footnotes":""},"categories":[29],"tags":[],"class_list":["post-3649","post","type-post","status-publish","format-standard","hentry","category-archivio"],"yoast_head":"<!-- This site is optimized with the Yoast SEO plugin v26.8 - https:\/\/yoast.com\/product\/yoast-seo-wordpress\/ -->\n<title>Misura 13 Indennit\u00e0 a favore delle zone soggette a vincoli naturali - Tipo di operazione 13.1.01. - Confagricoltura Bologna<\/title>\n<meta name=\"robots\" content=\"index, follow, max-snippet:-1, max-image-preview:large, max-video-preview:-1\" \/>\n<link rel=\"canonical\" href=\"https:\/\/www.confagricoltura.org\/bologna\/misura-13-indennita-a-favore-delle-zone-soggette-a-vincoli-naturali-tipo-di-operazione-13-1-01\/\" \/>\n<meta property=\"og:locale\" content=\"it_IT\" \/>\n<meta property=\"og:type\" content=\"article\" \/>\n<meta property=\"og:title\" content=\"Misura 13 Indennit\u00e0 a favore delle zone soggette a vincoli naturali - Tipo di operazione 13.1.01. - Confagricoltura Bologna\" \/>\n<meta property=\"og:description\" content=\"\u00a0 Con delibera del 16 marzo \u00e8 stato approvato il bando per l\u2019attivazione dell\u2019operazione 13.1.01, \u201cPagamenti compensativi per le zone montane\u201d. Possono beneficiare delle indennit\u00e0 gli agricoltori in attivit\u00e0 che conducono superfici agricole nelle zone montane svolgendo su di esse un\u2019attivit\u00e0 agricola che comprende: la produzione, l&#8217;allevamento o la coltivazione di prodotti agricoli, \u2026. il\" \/>\n<meta property=\"og:url\" content=\"https:\/\/www.confagricoltura.org\/bologna\/misura-13-indennita-a-favore-delle-zone-soggette-a-vincoli-naturali-tipo-di-operazione-13-1-01\/\" \/>\n<meta property=\"og:site_name\" content=\"Confagricoltura Bologna\" \/>\n<meta property=\"article:published_time\" content=\"2020-04-16T07:10:15+00:00\" \/>\n<meta property=\"article:modified_time\" content=\"2021-03-11T12:24:55+00:00\" \/>\n<meta name=\"author\" content=\"confagricolturabologna\" \/>\n<meta name=\"twitter:card\" content=\"summary_large_image\" \/>\n<meta name=\"twitter:label1\" content=\"Scritto da\" \/>\n\t<meta name=\"twitter:data1\" content=\"confagricolturabologna\" \/>\n\t<meta name=\"twitter:label2\" content=\"Tempo di lettura stimato\" \/>\n\t<meta name=\"twitter:data2\" content=\"3 minuti\" \/>\n<script type=\"application\/ld+json\" class=\"yoast-schema-graph\">{\"@context\":\"https:\/\/schema.org\",\"@graph\":[{\"@type\":\"Article\",\"@id\":\"https:\/\/www.confagricoltura.org\/bologna\/misura-13-indennita-a-favore-delle-zone-soggette-a-vincoli-naturali-tipo-di-operazione-13-1-01\/#article\",\"isPartOf\":{\"@id\":\"https:\/\/www.confagricoltura.org\/bologna\/misura-13-indennita-a-favore-delle-zone-soggette-a-vincoli-naturali-tipo-di-operazione-13-1-01\/\"},\"author\":{\"name\":\"confagricolturabologna\",\"@id\":\"https:\/\/www.confagricoltura.org\/bologna\/#\/schema\/person\/277baa2a725fb840103c5f8898746c7f\"},\"headline\":\"Misura 13 Indennit\u00e0 a favore delle zone soggette a vincoli naturali &#8211; Tipo di operazione 13.1.01.\",\"datePublished\":\"2020-04-16T07:10:15+00:00\",\"dateModified\":\"2021-03-11T12:24:55+00:00\",\"mainEntityOfPage\":{\"@id\":\"https:\/\/www.confagricoltura.org\/bologna\/misura-13-indennita-a-favore-delle-zone-soggette-a-vincoli-naturali-tipo-di-operazione-13-1-01\/\"},\"wordCount\":715,\"commentCount\":0,\"articleSection\":[\"Archivio\"],\"inLanguage\":\"it-IT\"},{\"@type\":\"WebPage\",\"@id\":\"https:\/\/www.confagricoltura.org\/bologna\/misura-13-indennita-a-favore-delle-zone-soggette-a-vincoli-naturali-tipo-di-operazione-13-1-01\/\",\"url\":\"https:\/\/www.confagricoltura.org\/bologna\/misura-13-indennita-a-favore-delle-zone-soggette-a-vincoli-naturali-tipo-di-operazione-13-1-01\/\",\"name\":\"Misura 13 Indennit\u00e0 a favore delle zone soggette a vincoli naturali - Tipo di operazione 13.1.01. - Confagricoltura Bologna\",\"isPartOf\":{\"@id\":\"https:\/\/www.confagricoltura.org\/bologna\/#website\"},\"datePublished\":\"2020-04-16T07:10:15+00:00\",\"dateModified\":\"2021-03-11T12:24:55+00:00\",\"author\":{\"@id\":\"https:\/\/www.confagricoltura.org\/bologna\/#\/schema\/person\/277baa2a725fb840103c5f8898746c7f\"},\"breadcrumb\":{\"@id\":\"https:\/\/www.confagricoltura.org\/bologna\/misura-13-indennita-a-favore-delle-zone-soggette-a-vincoli-naturali-tipo-di-operazione-13-1-01\/#breadcrumb\"},\"inLanguage\":\"it-IT\",\"potentialAction\":[{\"@type\":\"ReadAction\",\"target\":[\"https:\/\/www.confagricoltura.org\/bologna\/misura-13-indennita-a-favore-delle-zone-soggette-a-vincoli-naturali-tipo-di-operazione-13-1-01\/\"]}]},{\"@type\":\"BreadcrumbList\",\"@id\":\"https:\/\/www.confagricoltura.org\/bologna\/misura-13-indennita-a-favore-delle-zone-soggette-a-vincoli-naturali-tipo-di-operazione-13-1-01\/#breadcrumb\",\"itemListElement\":[{\"@type\":\"ListItem\",\"position\":1,\"name\":\"Home\",\"item\":\"https:\/\/www.confagricoltura.org\/bologna\/\"},{\"@type\":\"ListItem\",\"position\":2,\"name\":\"Misura 13 Indennit\u00e0 a favore delle zone soggette a vincoli naturali &#8211; Tipo di operazione 13.1.01.\"}]},{\"@type\":\"WebSite\",\"@id\":\"https:\/\/www.confagricoltura.org\/bologna\/#website\",\"url\":\"https:\/\/www.confagricoltura.org\/bologna\/\",\"name\":\"Confagricoltura Bologna\",\"description\":\"Dalla parte degli Agricoltori\",\"potentialAction\":[{\"@type\":\"SearchAction\",\"target\":{\"@type\":\"EntryPoint\",\"urlTemplate\":\"https:\/\/www.confagricoltura.org\/bologna\/?s={search_term_string}\"},\"query-input\":{\"@type\":\"PropertyValueSpecification\",\"valueRequired\":true,\"valueName\":\"search_term_string\"}}],\"inLanguage\":\"it-IT\"},{\"@type\":\"Person\",\"@id\":\"https:\/\/www.confagricoltura.org\/bologna\/#\/schema\/person\/277baa2a725fb840103c5f8898746c7f\",\"name\":\"confagricolturabologna\",\"image\":{\"@type\":\"ImageObject\",\"inLanguage\":\"it-IT\",\"@id\":\"https:\/\/www.confagricoltura.org\/bologna\/#\/schema\/person\/image\/\",\"url\":\"https:\/\/secure.gravatar.com\/avatar\/edd9a034f35ea6aeadaf9744d1135acc?s=96&d=mm&r=g\",\"contentUrl\":\"https:\/\/secure.gravatar.com\/avatar\/edd9a034f35ea6aeadaf9744d1135acc?s=96&d=mm&r=g\",\"caption\":\"confagricolturabologna\"},\"url\":\"https:\/\/www.confagricoltura.org\/bologna\/author\/confagricolturabologna\/\"}]}<\/script>\n<!-- \/ Yoast SEO plugin. -->","yoast_head_json":{"title":"Misura 13 Indennit\u00e0 a favore delle zone soggette a vincoli naturali - Tipo di operazione 13.1.01. - Confagricoltura Bologna","robots":{"index":"index","follow":"follow","max-snippet":"max-snippet:-1","max-image-preview":"max-image-preview:large","max-video-preview":"max-video-preview:-1"},"canonical":"https:\/\/www.confagricoltura.org\/bologna\/misura-13-indennita-a-favore-delle-zone-soggette-a-vincoli-naturali-tipo-di-operazione-13-1-01\/","og_locale":"it_IT","og_type":"article","og_title":"Misura 13 Indennit\u00e0 a favore delle zone soggette a vincoli naturali - Tipo di operazione 13.1.01. - Confagricoltura Bologna","og_description":"\u00a0 Con delibera del 16 marzo \u00e8 stato approvato il bando per l\u2019attivazione dell\u2019operazione 13.1.01, \u201cPagamenti compensativi per le zone montane\u201d. Possono beneficiare delle indennit\u00e0 gli agricoltori in attivit\u00e0 che conducono superfici agricole nelle zone montane svolgendo su di esse un\u2019attivit\u00e0 agricola che comprende: la produzione, l&#8217;allevamento o la coltivazione di prodotti agricoli, \u2026. il","og_url":"https:\/\/www.confagricoltura.org\/bologna\/misura-13-indennita-a-favore-delle-zone-soggette-a-vincoli-naturali-tipo-di-operazione-13-1-01\/","og_site_name":"Confagricoltura Bologna","article_published_time":"2020-04-16T07:10:15+00:00","article_modified_time":"2021-03-11T12:24:55+00:00","author":"confagricolturabologna","twitter_card":"summary_large_image","twitter_misc":{"Scritto da":"confagricolturabologna","Tempo di lettura stimato":"3 minuti"},"schema":{"@context":"https:\/\/schema.org","@graph":[{"@type":"Article","@id":"https:\/\/www.confagricoltura.org\/bologna\/misura-13-indennita-a-favore-delle-zone-soggette-a-vincoli-naturali-tipo-di-operazione-13-1-01\/#article","isPartOf":{"@id":"https:\/\/www.confagricoltura.org\/bologna\/misura-13-indennita-a-favore-delle-zone-soggette-a-vincoli-naturali-tipo-di-operazione-13-1-01\/"},"author":{"name":"confagricolturabologna","@id":"https:\/\/www.confagricoltura.org\/bologna\/#\/schema\/person\/277baa2a725fb840103c5f8898746c7f"},"headline":"Misura 13 Indennit\u00e0 a favore delle zone soggette a vincoli naturali &#8211; Tipo di operazione 13.1.01.","datePublished":"2020-04-16T07:10:15+00:00","dateModified":"2021-03-11T12:24:55+00:00","mainEntityOfPage":{"@id":"https:\/\/www.confagricoltura.org\/bologna\/misura-13-indennita-a-favore-delle-zone-soggette-a-vincoli-naturali-tipo-di-operazione-13-1-01\/"},"wordCount":715,"commentCount":0,"articleSection":["Archivio"],"inLanguage":"it-IT"},{"@type":"WebPage","@id":"https:\/\/www.confagricoltura.org\/bologna\/misura-13-indennita-a-favore-delle-zone-soggette-a-vincoli-naturali-tipo-di-operazione-13-1-01\/","url":"https:\/\/www.confagricoltura.org\/bologna\/misura-13-indennita-a-favore-delle-zone-soggette-a-vincoli-naturali-tipo-di-operazione-13-1-01\/","name":"Misura 13 Indennit\u00e0 a favore delle zone soggette a vincoli naturali - Tipo di operazione 13.1.01. - Confagricoltura Bologna","isPartOf":{"@id":"https:\/\/www.confagricoltura.org\/bologna\/#website"},"datePublished":"2020-04-16T07:10:15+00:00","dateModified":"2021-03-11T12:24:55+00:00","author":{"@id":"https:\/\/www.confagricoltura.org\/bologna\/#\/schema\/person\/277baa2a725fb840103c5f8898746c7f"},"breadcrumb":{"@id":"https:\/\/www.confagricoltura.org\/bologna\/misura-13-indennita-a-favore-delle-zone-soggette-a-vincoli-naturali-tipo-di-operazione-13-1-01\/#breadcrumb"},"inLanguage":"it-IT","potentialAction":[{"@type":"ReadAction","target":["https:\/\/www.confagricoltura.org\/bologna\/misura-13-indennita-a-favore-delle-zone-soggette-a-vincoli-naturali-tipo-di-operazione-13-1-01\/"]}]},{"@type":"BreadcrumbList","@id":"https:\/\/www.confagricoltura.org\/bologna\/misura-13-indennita-a-favore-delle-zone-soggette-a-vincoli-naturali-tipo-di-operazione-13-1-01\/#breadcrumb","itemListElement":[{"@type":"ListItem","position":1,"name":"Home","item":"https:\/\/www.confagricoltura.org\/bologna\/"},{"@type":"ListItem","position":2,"name":"Misura 13 Indennit\u00e0 a favore delle zone soggette a vincoli naturali &#8211; Tipo di operazione 13.1.01."}]},{"@type":"WebSite","@id":"https:\/\/www.confagricoltura.org\/bologna\/#website","url":"https:\/\/www.confagricoltura.org\/bologna\/","name":"Confagricoltura Bologna","description":"Dalla parte degli Agricoltori","potentialAction":[{"@type":"SearchAction","target":{"@type":"EntryPoint","urlTemplate":"https:\/\/www.confagricoltura.org\/bologna\/?s={search_term_string}"},"query-input":{"@type":"PropertyValueSpecification","valueRequired":true,"valueName":"search_term_string"}}],"inLanguage":"it-IT"},{"@type":"Person","@id":"https:\/\/www.confagricoltura.org\/bologna\/#\/schema\/person\/277baa2a725fb840103c5f8898746c7f","name":"confagricolturabologna","image":{"@type":"ImageObject","inLanguage":"it-IT","@id":"https:\/\/www.confagricoltura.org\/bologna\/#\/schema\/person\/image\/","url":"https:\/\/secure.gravatar.com\/avatar\/edd9a034f35ea6aeadaf9744d1135acc?s=96&d=mm&r=g","contentUrl":"https:\/\/secure.gravatar.com\/avatar\/edd9a034f35ea6aeadaf9744d1135acc?s=96&d=mm&r=g","caption":"confagricolturabologna"},"url":"https:\/\/www.confagricoltura.org\/bologna\/author\/confagricolturabologna\/"}]}},"_links":{"self":[{"href":"https:\/\/www.confagricoltura.org\/bologna\/wp-json\/wp\/v2\/posts\/3649","targetHints":{"allow":["GET"]}}],"collection":[{"href":"https:\/\/www.confagricoltura.org\/bologna\/wp-json\/wp\/v2\/posts"}],"about":[{"href":"https:\/\/www.confagricoltura.org\/bologna\/wp-json\/wp\/v2\/types\/post"}],"author":[{"embeddable":true,"href":"https:\/\/www.confagricoltura.org\/bologna\/wp-json\/wp\/v2\/users\/7"}],"replies":[{"embeddable":true,"href":"https:\/\/www.confagricoltura.org\/bologna\/wp-json\/wp\/v2\/comments?post=3649"}],"version-history":[{"count":1,"href":"https:\/\/www.confagricoltura.org\/bologna\/wp-json\/wp\/v2\/posts\/3649\/revisions"}],"predecessor-version":[{"id":4380,"href":"https:\/\/www.confagricoltura.org\/bologna\/wp-json\/wp\/v2\/posts\/3649\/revisions\/4380"}],"wp:attachment":[{"href":"https:\/\/www.confagricoltura.org\/bologna\/wp-json\/wp\/v2\/media?parent=3649"}],"wp:term":[{"taxonomy":"category","embeddable":true,"href":"https:\/\/www.confagricoltura.org\/bologna\/wp-json\/wp\/v2\/categories?post=3649"},{"taxonomy":"post_tag","embeddable":true,"href":"https:\/\/www.confagricoltura.org\/bologna\/wp-json\/wp\/v2\/tags?post=3649"}],"curies":[{"name":"wp","href":"https:\/\/api.w.org\/{rel}","templated":true}]}}